{"id":206,"date":"2011-09-13T03:06:00","date_gmt":"2011-09-13T03:06:00","guid":{"rendered":"https:\/\/tremdavale.org\/?p=206"},"modified":"2025-10-10T11:57:00","modified_gmt":"2025-10-10T11:57:00","slug":"museu-e-memoria-o-trem-da-vale-na-semana-nacional-de-museus","status":"publish","type":"post","link":"https:\/\/tremdavale.org\/pt\/museu-e-memoria-o-trem-da-vale-na-semana-nacional-de-museus\/","title":{"rendered":"Museu e mem\u00f3ria: O Trem da Vale na Semana Nacional de Museus"},"content":{"rendered":"<p><img loading=\"lazy\" decoding=\"async\" class=\"size-medium\" title=\"cartaz9semana1\" src=\"\/wp-content\/uploads\/cartaz9semana1-215x300.jpg\" alt=\"9\u00aa Semana de Museus - Participe junto do Trem da Vale\" width=\"215\" height=\"300\"><\/p>\n<p>9\u00aa Semana de Museus &#8211; Participe junto do Trem da Vale<\/p>\n<p>&nbsp;<\/p>\n<p>Celebrando o dia internacional dos museus (18 de maio), o IBRAM promove a Semana Nacional de Museus, evento que acontece anualmente e est\u00e1 na sua nona edi\u00e7\u00e3o. Acontece entre os dias 16 e 22 de maio, coordenando a\u00e7\u00f5es voltadas para o tema \u201cmuseu e mem\u00f3ria\u201d, promovidas por institui\u00e7\u00f5es museol\u00f3gicas de todo o pa\u00eds.<\/p>\n<p>Al\u00e9m de museus, participam tamb\u00e9m da Semana&nbsp;arquivos, bibliotecas, casas de cultura, redes sociais, galerias, entre outros aparatos culturais destinados \u00e0 preserva\u00e7\u00e3o da mem\u00f3ria.<\/p>\n<p>Em 2011, participam do evento <strong>1.006<\/strong> institui\u00e7\u00f5es, que promover\u00e3o cerca de <strong>3.080<\/strong> eventos em mais de 500 cidades de todo o pa\u00eds. Dados que refor\u00e7am a capacidade de mobiliza\u00e7\u00e3o e de atua\u00e7\u00e3o do campo museal brasileiro frente a temas da contemporaneidade que se apresentam.<\/p>\n<p><em>O Trem da Vale participa da Semana Nacional de Museus com a seguinte programa\u00e7\u00e3o:<\/em><\/p>\n<p style=\"text-align: center;\"><span style=\"color: #008080;\"><strong>[Esta\u00e7\u00e3o de Ouro Preto]<\/strong><\/span><\/p>\n<p style=\"text-align: right;\">\u2022 16\/05\/2011 a 17\/05\/2011 &#8211; <span style=\"color: #008080;\"><em>08h30 \u00e0 11h30<\/em><\/span><\/p>\n<p><span style=\"color: #008080;\">OFICINA<\/span> &#8211; Confec\u00e7\u00e3o de uma colcha de retalhos que ilustre temas dos caminhos do trem. Seu objetivo \u00e9 permitir reflex\u00f5es sobre a diferen\u00e7a e import\u00e2ncia do patrim\u00f4nio cultural, material e imaterial da regi\u00e3o.<\/p>\n<p style=\"text-align: right;\">\u2022 18\/05\/2011 &#8211; <span style=\"color: #008080;\"><em>09h a 11h \/ 14h a 16h<\/em><\/span><\/p>\n<p><span style=\"color: #008080;\">A\u00c7\u00c3O EDUCATIVA<\/span> &#8211; A\u00e7\u00f5es de incentivo \u00e0 forma\u00e7\u00e3o de leitores e de divulga\u00e7\u00e3o dos patrim\u00f4nios liter\u00e1rios, atrav\u00e9s de pr\u00e1ticas de leitura, escrita e ilustra\u00e7\u00e3o. Com relatos orais de moradores sobre os assuntos tratados.<\/p>\n<p style=\"text-align: center;\"><strong><span style=\"color: #008080;\">[Esta\u00e7\u00f5es de Ouro Preto e Mariana]<\/span><\/strong><\/p>\n<p style=\"text-align: right;\">\u2022 19\/05\/2011 &#8211; <em><span style=\"color: #008080;\">08h45 \u00e0s 12h15 \/ 11h15 \u00e0s 14h45 \/ 13h45 \u00e0s 17h15<\/span><\/em><\/p>\n<p><span style=\"color: #008080;\">VISITA GUIADA<\/span> &#8211; Circuito Integrado de Educa\u00e7\u00e3o Patrimonial para os alunos da Rede P\u00fablica de Ensino da regi\u00e3o, visando \u00e0 integra\u00e7\u00e3o das comunidades locais, levando alunos de Ouro Preto para Mariana e vice-versa.<\/p>\n<p style=\"text-align: center;\"><span style=\"color: #008080;\"><strong>[Tenda Cultural de Ouro Preto]<\/strong><\/span><\/p>\n<p style=\"text-align: right;\"><span style=\"color: #008080;\"><span style=\"color: #888888;\"><span style=\"color: #000000;\">21\/05\/2011<\/span> &#8211;<\/span> <em>15h<\/em><\/span><\/p>\n<p><span style=\"color: #008080;\">A\u00c7\u00c3O EDUCATIVA<\/span> <span style=\"color: #888888;\">&#8211; <span style=\"color: #000000;\">Realiza\u00e7\u00e3o de sess\u00f5es de contos liter\u00e1rios que buscam resgatar a pr\u00e1tica da oralidade. A Sess\u00e3o de Contos \u201cMem\u00f3ria\u201d visa resgatar as mem\u00f3rias da inf\u00e2ncia \u201cde outros tempos\u201d.<\/span><\/span><\/p>\n<p style=\"text-align: center;\"><span style=\"color: #008080;\"><strong>[Trem tur\u00edstico Ouro Preto &#8211; Mariana]<\/strong><\/span><\/p>\n<p style=\"text-align: right;\">21\/05\/2011 &#8211; <span style=\"color: #008080;\">09h30 \u00e0 15h30<\/span><\/p>\n<p><span style=\"color: #000000;\"><span style=\"color: #008080;\">SARAU<\/span><span style=\"color: #888888;\">&#8211; <span style=\"color: #000000;\">Compreende a distribui\u00e7\u00e3o e declama\u00e7\u00e3o de poesias durante a viagem de Trem \u201cOuro Preto X Mariana\u201d al\u00e9m da realiza\u00e7\u00e3o de interven\u00e7\u00f5es musicais e c\u00eanicas nos vag\u00f5es, durante a viagem.<\/span><\/span><\/span><\/p>\n<p style=\"text-align: center;\"><span style=\"color: #008080;\"><strong>[Esta\u00e7\u00e3o de Mariana]<\/strong><\/span><\/p>\n<p style=\"text-align: right;\"><span style=\"color: #008080;\"><span style=\"color: #000000;\">22\/05\/201<\/span>1 &#8211; 16h30<\/span><\/p>\n<p><span style=\"color: #008080;\">SARAU<\/span> &#8211; Intitulado \u201cMem\u00f3rias inventadas\u201d, se destina a promover um espa\u00e7o de cultura&nbsp; que estimule a leitura e a aprecia\u00e7\u00e3o musical, al\u00e9m de contribuir com a divulga\u00e7\u00e3o das atividades das bibliotecas.<\/p>\n<p>&nbsp;<\/p>\n","protected":false},"excerpt":{"rendered":"<p>9\u00aa Semana de Museus &#8211; Participe junto do Trem da Vale &nbsp; Celebrando o dia internacional dos museus (18 de maio), o IBRAM promove a Semana Nacional de Museus, evento que acontece anualmente e est\u00e1 na sua nona edi\u00e7\u00e3o. Acontece entre os dias 16 e 22 de maio, coordenando a\u00e7\u00f5es &hellip;<\/p>\n","protected":false},"author":1,"featured_media":466,"comment_status":"open","ping_status":"closed","sticky":false,"template":"","format":"standard","meta":{"footnotes":""},"categories":[2],"tags":[],"class_list":["post-206","post","type-post","status-publish","format-standard","has-post-thumbnail","hentry","category-destaques-home"],"yoast_head":"<!-- This site is optimized with the Yoast SEO plugin v26.1.1 - https:\/\/yoast.com\/wordpress\/plugins\/seo\/ -->\n<title>Museu e mem\u00f3ria: O Trem da Vale na Semana Nacional de Museus &#8212; Trem da Vale<\/title>\n<meta name=\"robots\" content=\"index, follow, max-snippet:-1, max-image-preview:large, max-video-preview:-1\" \/>\n<link rel=\"canonical\" href=\"https:\/\/tremdavale.org\/pt\/museu-e-memoria-o-trem-da-vale-na-semana-nacional-de-museus\/\" \/>\n<meta property=\"og:locale\" content=\"pt_PT\" \/>\n<meta property=\"og:type\" content=\"article\" \/>\n<meta property=\"og:title\" content=\"Museu e mem\u00f3ria: O Trem da Vale na Semana Nacional de Museus &#8212; Trem da Vale\" \/>\n<meta property=\"og:description\" content=\"9\u00aa Semana de Museus &#8211; Participe junto do Trem da Vale &nbsp; Celebrando o dia internacional dos museus (18 de maio), o IBRAM promove a Semana Nacional de Museus, evento que acontece anualmente e est\u00e1 na sua nona edi\u00e7\u00e3o. Acontece entre os dias 16 e 22 de maio, coordenando a\u00e7\u00f5es &hellip;\" \/>\n<meta property=\"og:url\" content=\"https:\/\/tremdavale.org\/pt\/museu-e-memoria-o-trem-da-vale-na-semana-nacional-de-museus\/\" \/>\n<meta property=\"og:site_name\" content=\"Trem da Vale\" \/>\n<meta property=\"article:published_time\" content=\"2011-09-13T03:06:00+00:00\" \/>\n<meta property=\"article:modified_time\" content=\"2025-10-10T11:57:00+00:00\" \/>\n<meta property=\"og:image\" content=\"https:\/\/tremdavale.org\/wp-content\/uploads\/cartaz9semana1-215x300.jpg\" \/>\n\t<meta property=\"og:image:width\" content=\"215\" \/>\n\t<meta property=\"og:image:height\" content=\"300\" \/>\n\t<meta property=\"og:image:type\" content=\"image\/jpeg\" \/>\n<meta name=\"author\" content=\"admin\" \/>\n<meta name=\"twitter:card\" content=\"summary_large_image\" \/>\n<meta name=\"twitter:label1\" content=\"Escrito por\" \/>\n\t<meta name=\"twitter:data1\" content=\"admin\" \/>\n\t<meta name=\"twitter:label2\" content=\"Tempo estimado de leitura\" \/>\n\t<meta name=\"twitter:data2\" content=\"2 minutos\" \/>\n<script type=\"application\/ld+json\" class=\"yoast-schema-graph\">{\"@context\":\"https:\/\/schema.org\",\"@graph\":[{\"@type\":\"WebPage\",\"@id\":\"https:\/\/tremdavale.org\/pt\/museu-e-memoria-o-trem-da-vale-na-semana-nacional-de-museus\/\",\"url\":\"https:\/\/tremdavale.org\/pt\/museu-e-memoria-o-trem-da-vale-na-semana-nacional-de-museus\/\",\"name\":\"Museu e mem\u00f3ria: O Trem da Vale na Semana Nacional de Museus &#8212; Trem da Vale\",\"isPartOf\":{\"@id\":\"https:\/\/tremdavale.org\/pt\/#website\"},\"primaryImageOfPage\":{\"@id\":\"https:\/\/tremdavale.org\/pt\/museu-e-memoria-o-trem-da-vale-na-semana-nacional-de-museus\/#primaryimage\"},\"image\":{\"@id\":\"https:\/\/tremdavale.org\/pt\/museu-e-memoria-o-trem-da-vale-na-semana-nacional-de-museus\/#primaryimage\"},\"thumbnailUrl\":\"https:\/\/tremdavale.org\/wp-content\/uploads\/cartaz9semana1-215x300.jpg\",\"datePublished\":\"2011-09-13T03:06:00+00:00\",\"dateModified\":\"2025-10-10T11:57:00+00:00\",\"author\":{\"@id\":\"https:\/\/tremdavale.org\/pt\/#\/schema\/person\/50912137d47426d31329f246d02eaeca\"},\"breadcrumb\":{\"@id\":\"https:\/\/tremdavale.org\/pt\/museu-e-memoria-o-trem-da-vale-na-semana-nacional-de-museus\/#breadcrumb\"},\"inLanguage\":\"pt-PT\",\"potentialAction\":[{\"@type\":\"ReadAction\",\"target\":[\"https:\/\/tremdavale.org\/pt\/museu-e-memoria-o-trem-da-vale-na-semana-nacional-de-museus\/\"]}]},{\"@type\":\"ImageObject\",\"inLanguage\":\"pt-PT\",\"@id\":\"https:\/\/tremdavale.org\/pt\/museu-e-memoria-o-trem-da-vale-na-semana-nacional-de-museus\/#primaryimage\",\"url\":\"https:\/\/tremdavale.org\/wp-content\/uploads\/cartaz9semana1-215x300.jpg\",\"contentUrl\":\"https:\/\/tremdavale.org\/wp-content\/uploads\/cartaz9semana1-215x300.jpg\",\"width\":215,\"height\":300},{\"@type\":\"BreadcrumbList\",\"@id\":\"https:\/\/tremdavale.org\/pt\/museu-e-memoria-o-trem-da-vale-na-semana-nacional-de-museus\/#breadcrumb\",\"itemListElement\":[{\"@type\":\"ListItem\",\"position\":1,\"name\":\"In\u00edcio\",\"item\":\"https:\/\/tremdavale.org\/pt\/\"},{\"@type\":\"ListItem\",\"position\":2,\"name\":\"Museu e mem\u00f3ria: O Trem da Vale na Semana Nacional de Museus\"}]},{\"@type\":\"WebSite\",\"@id\":\"https:\/\/tremdavale.org\/pt\/#website\",\"url\":\"https:\/\/tremdavale.org\/pt\/\",\"name\":\"Trem da Vale\",\"description\":\"Programa de Educa\u00e7\u00e3o Patrimonial\",\"potentialAction\":[{\"@type\":\"SearchAction\",\"target\":{\"@type\":\"EntryPoint\",\"urlTemplate\":\"https:\/\/tremdavale.org\/pt\/?s={search_term_string}\"},\"query-input\":{\"@type\":\"PropertyValueSpecification\",\"valueRequired\":true,\"valueName\":\"search_term_string\"}}],\"inLanguage\":\"pt-PT\"},{\"@type\":\"Person\",\"@id\":\"https:\/\/tremdavale.org\/pt\/#\/schema\/person\/50912137d47426d31329f246d02eaeca\",\"name\":\"admin\",\"image\":{\"@type\":\"ImageObject\",\"inLanguage\":\"pt-PT\",\"@id\":\"https:\/\/tremdavale.org\/pt\/#\/schema\/person\/image\/\",\"url\":\"https:\/\/secure.gravatar.com\/avatar\/b3564f0fda6ea47959fe96a4217203e79a167568a37409758659bc3ba443b452?s=96&d=mm&r=g\",\"contentUrl\":\"https:\/\/secure.gravatar.com\/avatar\/b3564f0fda6ea47959fe96a4217203e79a167568a37409758659bc3ba443b452?s=96&d=mm&r=g\",\"caption\":\"admin\"},\"sameAs\":[\"https:\/\/tremdavale.org\"],\"url\":\"https:\/\/tremdavale.org\/pt\/author\/admin\/\"}]}<\/script>\n<!-- \/ Yoast SEO plugin. -->","yoast_head_json":{"title":"Museu e mem\u00f3ria: O Trem da Vale na Semana Nacional de Museus &#8212; Trem da Vale","robots":{"index":"index","follow":"follow","max-snippet":"max-snippet:-1","max-image-preview":"max-image-preview:large","max-video-preview":"max-video-preview:-1"},"canonical":"https:\/\/tremdavale.org\/pt\/museu-e-memoria-o-trem-da-vale-na-semana-nacional-de-museus\/","og_locale":"pt_PT","og_type":"article","og_title":"Museu e mem\u00f3ria: O Trem da Vale na Semana Nacional de Museus &#8212; Trem da Vale","og_description":"9\u00aa Semana de Museus &#8211; Participe junto do Trem da Vale &nbsp; Celebrando o dia internacional dos museus (18 de maio), o IBRAM promove a Semana Nacional de Museus, evento que acontece anualmente e est\u00e1 na sua nona edi\u00e7\u00e3o. Acontece entre os dias 16 e 22 de maio, coordenando a\u00e7\u00f5es &hellip;","og_url":"https:\/\/tremdavale.org\/pt\/museu-e-memoria-o-trem-da-vale-na-semana-nacional-de-museus\/","og_site_name":"Trem da Vale","article_published_time":"2011-09-13T03:06:00+00:00","article_modified_time":"2025-10-10T11:57:00+00:00","og_image":[{"width":215,"height":300,"url":"https:\/\/tremdavale.org\/wp-content\/uploads\/cartaz9semana1-215x300.jpg","type":"image\/jpeg"}],"author":"admin","twitter_card":"summary_large_image","twitter_misc":{"Escrito por":"admin","Tempo estimado de leitura":"2 minutos"},"schema":{"@context":"https:\/\/schema.org","@graph":[{"@type":"WebPage","@id":"https:\/\/tremdavale.org\/pt\/museu-e-memoria-o-trem-da-vale-na-semana-nacional-de-museus\/","url":"https:\/\/tremdavale.org\/pt\/museu-e-memoria-o-trem-da-vale-na-semana-nacional-de-museus\/","name":"Museu e mem\u00f3ria: O Trem da Vale na Semana Nacional de Museus &#8212; Trem da Vale","isPartOf":{"@id":"https:\/\/tremdavale.org\/pt\/#website"},"primaryImageOfPage":{"@id":"https:\/\/tremdavale.org\/pt\/museu-e-memoria-o-trem-da-vale-na-semana-nacional-de-museus\/#primaryimage"},"image":{"@id":"https:\/\/tremdavale.org\/pt\/museu-e-memoria-o-trem-da-vale-na-semana-nacional-de-museus\/#primaryimage"},"thumbnailUrl":"https:\/\/tremdavale.org\/wp-content\/uploads\/cartaz9semana1-215x300.jpg","datePublished":"2011-09-13T03:06:00+00:00","dateModified":"2025-10-10T11:57:00+00:00","author":{"@id":"https:\/\/tremdavale.org\/pt\/#\/schema\/person\/50912137d47426d31329f246d02eaeca"},"breadcrumb":{"@id":"https:\/\/tremdavale.org\/pt\/museu-e-memoria-o-trem-da-vale-na-semana-nacional-de-museus\/#breadcrumb"},"inLanguage":"pt-PT","potentialAction":[{"@type":"ReadAction","target":["https:\/\/tremdavale.org\/pt\/museu-e-memoria-o-trem-da-vale-na-semana-nacional-de-museus\/"]}]},{"@type":"ImageObject","inLanguage":"pt-PT","@id":"https:\/\/tremdavale.org\/pt\/museu-e-memoria-o-trem-da-vale-na-semana-nacional-de-museus\/#primaryimage","url":"https:\/\/tremdavale.org\/wp-content\/uploads\/cartaz9semana1-215x300.jpg","contentUrl":"https:\/\/tremdavale.org\/wp-content\/uploads\/cartaz9semana1-215x300.jpg","width":215,"height":300},{"@type":"BreadcrumbList","@id":"https:\/\/tremdavale.org\/pt\/museu-e-memoria-o-trem-da-vale-na-semana-nacional-de-museus\/#breadcrumb","itemListElement":[{"@type":"ListItem","position":1,"name":"In\u00edcio","item":"https:\/\/tremdavale.org\/pt\/"},{"@type":"ListItem","position":2,"name":"Museu e mem\u00f3ria: O Trem da Vale na Semana Nacional de Museus"}]},{"@type":"WebSite","@id":"https:\/\/tremdavale.org\/pt\/#website","url":"https:\/\/tremdavale.org\/pt\/","name":"Trem da Vale","description":"Programa de Educa\u00e7\u00e3o Patrimonial","potentialAction":[{"@type":"SearchAction","target":{"@type":"EntryPoint","urlTemplate":"https:\/\/tremdavale.org\/pt\/?s={search_term_string}"},"query-input":{"@type":"PropertyValueSpecification","valueRequired":true,"valueName":"search_term_string"}}],"inLanguage":"pt-PT"},{"@type":"Person","@id":"https:\/\/tremdavale.org\/pt\/#\/schema\/person\/50912137d47426d31329f246d02eaeca","name":"admin","image":{"@type":"ImageObject","inLanguage":"pt-PT","@id":"https:\/\/tremdavale.org\/pt\/#\/schema\/person\/image\/","url":"https:\/\/secure.gravatar.com\/avatar\/b3564f0fda6ea47959fe96a4217203e79a167568a37409758659bc3ba443b452?s=96&d=mm&r=g","contentUrl":"https:\/\/secure.gravatar.com\/avatar\/b3564f0fda6ea47959fe96a4217203e79a167568a37409758659bc3ba443b452?s=96&d=mm&r=g","caption":"admin"},"sameAs":["https:\/\/tremdavale.org"],"url":"https:\/\/tremdavale.org\/pt\/author\/admin\/"}]}},"_links":{"self":[{"href":"https:\/\/tremdavale.org\/pt\/wp-json\/wp\/v2\/posts\/206","targetHints":{"allow":["GET"]}}],"collection":[{"href":"https:\/\/tremdavale.org\/pt\/wp-json\/wp\/v2\/posts"}],"about":[{"href":"https:\/\/tremdavale.org\/pt\/wp-json\/wp\/v2\/types\/post"}],"author":[{"embeddable":true,"href":"https:\/\/tremdavale.org\/pt\/wp-json\/wp\/v2\/users\/1"}],"replies":[{"embeddable":true,"href":"https:\/\/tremdavale.org\/pt\/wp-json\/wp\/v2\/comments?post=206"}],"version-history":[{"count":0,"href":"https:\/\/tremdavale.org\/pt\/wp-json\/wp\/v2\/posts\/206\/revisions"}],"wp:featuredmedia":[{"embeddable":true,"href":"https:\/\/tremdavale.org\/pt\/wp-json\/wp\/v2\/media\/466"}],"wp:attachment":[{"href":"https:\/\/tremdavale.org\/pt\/wp-json\/wp\/v2\/media?parent=206"}],"wp:term":[{"taxonomy":"category","embeddable":true,"href":"https:\/\/tremdavale.org\/pt\/wp-json\/wp\/v2\/categories?post=206"},{"taxonomy":"post_tag","embeddable":true,"href":"https:\/\/tremdavale.org\/pt\/wp-json\/wp\/v2\/tags?post=206"}],"curies":[{"name":"wp","href":"https:\/\/api.w.org\/{rel}","templated":true}]}}