{"id":207,"date":"2013-08-25T05:17:00","date_gmt":"2013-08-25T05:17:00","guid":{"rendered":"https:\/\/tremdavale.org\/?p=207"},"modified":"2025-10-10T11:57:00","modified_gmt":"2025-10-10T11:57:00","slug":"musica-anima-estacoes-no-aniversario-do-trem-da-vale","status":"publish","type":"post","link":"https:\/\/tremdavale.org\/pt\/musica-anima-estacoes-no-aniversario-do-trem-da-vale\/","title":{"rendered":"M\u00fasica anima esta\u00e7\u00f5es no anivers\u00e1rio do Trem da Vale"},"content":{"rendered":"<p>No dia 05 de maio, anivers\u00e1rio de seis anos do Programa de Educa\u00e7\u00e3o Patrimonial Trem da Vale, foram realizadas apresenta\u00e7\u00f5es musicais nas Esta\u00e7\u00f5es de Ouro Preto e Mariana e mais uma edi\u00e7\u00e3o do \u201cPoesia nos Trilhos\u201d que acontece dentro dos vag\u00f5es durante o passeio. Dessa vez, os passageiros do trem das 10h de Ouro Preto \u00e0 Mariana, puderam apreciar cl\u00e1ssicos do samba e choro e can\u00e7\u00f5es consagradas como \u201cO Trenzinho do Caipira\u201d de Villa-Lobos, interpretadas pelo grupo <strong><em>\u201cCh\u00e1 de Caboclo Regional\u201d<\/em><\/strong> <em><\/em>formado por m\u00fasicos da regi\u00e3o.<\/p>\n<p style=\"text-align: center;\" align=\"center\"><img decoding=\"async\" class=\"aligncenter size-full\" title=\"05-05-12_poesia_nos_trilhos_-_cha_de_caboclo_regional_-_gustavo_nunes_285429\" src=\"\/wp-content\/uploads\/05-05-12_poesia_nos_trilhos_-_cha_de_caboclo_regional_-_gustavo_nunes_285429.jpg\" alt=\"05-05-12_poesia_nos_trilhos_-_cha_de_caboclo_regional_-_gustavo_nunes_285429\"><\/p>\n<p>Na chegada do trem, \u00e0s 11h na esta\u00e7\u00e3o de Mariana, o concerto ficou por conta da <strong>\u201cSociedade Musical S\u00e3o Vicente de Paula\u201d<\/strong> regida pelo 1\u00ba maestro Adilson de Oliveira e o 2\u00ba maestro Wesley Proc\u00f3pio com mais de 20 integrantes. No repert\u00f3rio, sucessos como \u201cA Luz de Tieta\u201d de Caetano Veloso.<\/p>\n<p>Na Esta\u00e7\u00e3o de Ouro Preto, a <strong>\u201cSociedade Musical Senhor Bom Jesus de Matozinhos\u201d,<\/strong> regida pelo <span>Maestro Odilon Vilas Boas,<\/span> executou belos cl\u00e1ssicos como \u201cSaudades de Ouro Preto\u201d de Anten\u00f3genes Silva na parte da tarde.<\/p>\n<p align=\"center\"><img decoding=\"async\" class=\"aligncenter size-full\" title=\"05-05-12_apresentacao_de_banda_soc_mus_s_vicente_de_paula_-_gustavo_n_28329\" src=\"\/wp-content\/uploads\/05-05-12_apresentacao_de_banda_soc_mus_s_vicente_de_paula_-_gustavo_n_28329.jpg\" alt=\"05-05-12_apresentacao_de_banda_soc_mus_s_vicente_de_paula_-_gustavo_n_28329\"><\/p>\n<p>&nbsp;<\/p>\n","protected":false},"excerpt":{"rendered":"<p>No dia 05 de maio, anivers\u00e1rio de seis anos do Programa de Educa\u00e7\u00e3o Patrimonial Trem da Vale, foram realizadas apresenta\u00e7\u00f5es musicais nas Esta\u00e7\u00f5es de Ouro Preto e Mariana e mais uma edi\u00e7\u00e3o do \u201cPoesia nos Trilhos\u201d que acontece dentro dos vag\u00f5es durante o passeio. Dessa vez, os passageiros do trem &hellip;<\/p>\n","protected":false},"author":1,"featured_media":467,"comment_status":"open","ping_status":"closed","sticky":false,"template":"","format":"standard","meta":{"footnotes":""},"categories":[3],"tags":[],"class_list":["post-207","post","type-post","status-publish","format-standard","has-post-thumbnail","hentry","category-noticias"],"yoast_head":"<!-- This site is optimized with the Yoast SEO plugin v26.1.1 - https:\/\/yoast.com\/wordpress\/plugins\/seo\/ -->\n<title>M\u00fasica anima esta\u00e7\u00f5es no anivers\u00e1rio do Trem da Vale &#8212; Trem da Vale<\/title>\n<meta name=\"robots\" content=\"index, follow, max-snippet:-1, max-image-preview:large, max-video-preview:-1\" \/>\n<link rel=\"canonical\" href=\"https:\/\/tremdavale.org\/pt\/musica-anima-estacoes-no-aniversario-do-trem-da-vale\/\" \/>\n<meta property=\"og:locale\" content=\"pt_PT\" \/>\n<meta property=\"og:type\" content=\"article\" \/>\n<meta property=\"og:title\" content=\"M\u00fasica anima esta\u00e7\u00f5es no anivers\u00e1rio do Trem da Vale &#8212; Trem da Vale\" \/>\n<meta property=\"og:description\" content=\"No dia 05 de maio, anivers\u00e1rio de seis anos do Programa de Educa\u00e7\u00e3o Patrimonial Trem da Vale, foram realizadas apresenta\u00e7\u00f5es musicais nas Esta\u00e7\u00f5es de Ouro Preto e Mariana e mais uma edi\u00e7\u00e3o do \u201cPoesia nos Trilhos\u201d que acontece dentro dos vag\u00f5es durante o passeio. Dessa vez, os passageiros do trem &hellip;\" \/>\n<meta property=\"og:url\" content=\"https:\/\/tremdavale.org\/pt\/musica-anima-estacoes-no-aniversario-do-trem-da-vale\/\" \/>\n<meta property=\"og:site_name\" content=\"Trem da Vale\" \/>\n<meta property=\"article:published_time\" content=\"2013-08-25T05:17:00+00:00\" \/>\n<meta property=\"article:modified_time\" content=\"2025-10-10T11:57:00+00:00\" \/>\n<meta property=\"og:image\" content=\"https:\/\/tremdavale.org\/wp-content\/uploads\/05-05-12_poesia_nos_trilhos_-_cha_de_caboclo_regional_-_gustavo_nunes_285429.jpg\" \/>\n\t<meta property=\"og:image:width\" content=\"1024\" \/>\n\t<meta property=\"og:image:height\" content=\"768\" \/>\n\t<meta property=\"og:image:type\" content=\"image\/jpeg\" \/>\n<meta name=\"author\" content=\"admin\" \/>\n<meta name=\"twitter:card\" content=\"summary_large_image\" \/>\n<meta name=\"twitter:label1\" content=\"Escrito por\" \/>\n\t<meta name=\"twitter:data1\" content=\"admin\" \/>\n\t<meta name=\"twitter:label2\" content=\"Tempo estimado de leitura\" \/>\n\t<meta name=\"twitter:data2\" content=\"1 minuto\" \/>\n<script type=\"application\/ld+json\" class=\"yoast-schema-graph\">{\"@context\":\"https:\/\/schema.org\",\"@graph\":[{\"@type\":\"WebPage\",\"@id\":\"https:\/\/tremdavale.org\/pt\/musica-anima-estacoes-no-aniversario-do-trem-da-vale\/\",\"url\":\"https:\/\/tremdavale.org\/pt\/musica-anima-estacoes-no-aniversario-do-trem-da-vale\/\",\"name\":\"M\u00fasica anima esta\u00e7\u00f5es no anivers\u00e1rio do Trem da Vale &#8212; Trem da Vale\",\"isPartOf\":{\"@id\":\"https:\/\/tremdavale.org\/pt\/#website\"},\"primaryImageOfPage\":{\"@id\":\"https:\/\/tremdavale.org\/pt\/musica-anima-estacoes-no-aniversario-do-trem-da-vale\/#primaryimage\"},\"image\":{\"@id\":\"https:\/\/tremdavale.org\/pt\/musica-anima-estacoes-no-aniversario-do-trem-da-vale\/#primaryimage\"},\"thumbnailUrl\":\"https:\/\/tremdavale.org\/wp-content\/uploads\/05-05-12_poesia_nos_trilhos_-_cha_de_caboclo_regional_-_gustavo_nunes_285429.jpg\",\"datePublished\":\"2013-08-25T05:17:00+00:00\",\"dateModified\":\"2025-10-10T11:57:00+00:00\",\"author\":{\"@id\":\"https:\/\/tremdavale.org\/pt\/#\/schema\/person\/50912137d47426d31329f246d02eaeca\"},\"breadcrumb\":{\"@id\":\"https:\/\/tremdavale.org\/pt\/musica-anima-estacoes-no-aniversario-do-trem-da-vale\/#breadcrumb\"},\"inLanguage\":\"pt-PT\",\"potentialAction\":[{\"@type\":\"ReadAction\",\"target\":[\"https:\/\/tremdavale.org\/pt\/musica-anima-estacoes-no-aniversario-do-trem-da-vale\/\"]}]},{\"@type\":\"ImageObject\",\"inLanguage\":\"pt-PT\",\"@id\":\"https:\/\/tremdavale.org\/pt\/musica-anima-estacoes-no-aniversario-do-trem-da-vale\/#primaryimage\",\"url\":\"https:\/\/tremdavale.org\/wp-content\/uploads\/05-05-12_poesia_nos_trilhos_-_cha_de_caboclo_regional_-_gustavo_nunes_285429.jpg\",\"contentUrl\":\"https:\/\/tremdavale.org\/wp-content\/uploads\/05-05-12_poesia_nos_trilhos_-_cha_de_caboclo_regional_-_gustavo_nunes_285429.jpg\",\"width\":4320,\"height\":3240},{\"@type\":\"BreadcrumbList\",\"@id\":\"https:\/\/tremdavale.org\/pt\/musica-anima-estacoes-no-aniversario-do-trem-da-vale\/#breadcrumb\",\"itemListElement\":[{\"@type\":\"ListItem\",\"position\":1,\"name\":\"In\u00edcio\",\"item\":\"https:\/\/tremdavale.org\/pt\/\"},{\"@type\":\"ListItem\",\"position\":2,\"name\":\"M\u00fasica anima esta\u00e7\u00f5es no anivers\u00e1rio do Trem da Vale\"}]},{\"@type\":\"WebSite\",\"@id\":\"https:\/\/tremdavale.org\/pt\/#website\",\"url\":\"https:\/\/tremdavale.org\/pt\/\",\"name\":\"Trem da Vale\",\"description\":\"Programa de Educa\u00e7\u00e3o Patrimonial\",\"potentialAction\":[{\"@type\":\"SearchAction\",\"target\":{\"@type\":\"EntryPoint\",\"urlTemplate\":\"https:\/\/tremdavale.org\/pt\/?s={search_term_string}\"},\"query-input\":{\"@type\":\"PropertyValueSpecification\",\"valueRequired\":true,\"valueName\":\"search_term_string\"}}],\"inLanguage\":\"pt-PT\"},{\"@type\":\"Person\",\"@id\":\"https:\/\/tremdavale.org\/pt\/#\/schema\/person\/50912137d47426d31329f246d02eaeca\",\"name\":\"admin\",\"image\":{\"@type\":\"ImageObject\",\"inLanguage\":\"pt-PT\",\"@id\":\"https:\/\/tremdavale.org\/pt\/#\/schema\/person\/image\/\",\"url\":\"https:\/\/secure.gravatar.com\/avatar\/b3564f0fda6ea47959fe96a4217203e79a167568a37409758659bc3ba443b452?s=96&d=mm&r=g\",\"contentUrl\":\"https:\/\/secure.gravatar.com\/avatar\/b3564f0fda6ea47959fe96a4217203e79a167568a37409758659bc3ba443b452?s=96&d=mm&r=g\",\"caption\":\"admin\"},\"sameAs\":[\"https:\/\/tremdavale.org\"],\"url\":\"https:\/\/tremdavale.org\/pt\/author\/admin\/\"}]}<\/script>\n<!-- \/ Yoast SEO plugin. -->","yoast_head_json":{"title":"M\u00fasica anima esta\u00e7\u00f5es no anivers\u00e1rio do Trem da Vale &#8212; Trem da Vale","robots":{"index":"index","follow":"follow","max-snippet":"max-snippet:-1","max-image-preview":"max-image-preview:large","max-video-preview":"max-video-preview:-1"},"canonical":"https:\/\/tremdavale.org\/pt\/musica-anima-estacoes-no-aniversario-do-trem-da-vale\/","og_locale":"pt_PT","og_type":"article","og_title":"M\u00fasica anima esta\u00e7\u00f5es no anivers\u00e1rio do Trem da Vale &#8212; Trem da Vale","og_description":"No dia 05 de maio, anivers\u00e1rio de seis anos do Programa de Educa\u00e7\u00e3o Patrimonial Trem da Vale, foram realizadas apresenta\u00e7\u00f5es musicais nas Esta\u00e7\u00f5es de Ouro Preto e Mariana e mais uma edi\u00e7\u00e3o do \u201cPoesia nos Trilhos\u201d que acontece dentro dos vag\u00f5es durante o passeio. Dessa vez, os passageiros do trem &hellip;","og_url":"https:\/\/tremdavale.org\/pt\/musica-anima-estacoes-no-aniversario-do-trem-da-vale\/","og_site_name":"Trem da Vale","article_published_time":"2013-08-25T05:17:00+00:00","article_modified_time":"2025-10-10T11:57:00+00:00","og_image":[{"url":"https:\/\/tremdavale.org\/wp-content\/uploads\/05-05-12_poesia_nos_trilhos_-_cha_de_caboclo_regional_-_gustavo_nunes_285429.jpg","width":1024,"height":768,"type":"image\/jpeg"}],"author":"admin","twitter_card":"summary_large_image","twitter_misc":{"Escrito por":"admin","Tempo estimado de leitura":"1 minuto"},"schema":{"@context":"https:\/\/schema.org","@graph":[{"@type":"WebPage","@id":"https:\/\/tremdavale.org\/pt\/musica-anima-estacoes-no-aniversario-do-trem-da-vale\/","url":"https:\/\/tremdavale.org\/pt\/musica-anima-estacoes-no-aniversario-do-trem-da-vale\/","name":"M\u00fasica anima esta\u00e7\u00f5es no anivers\u00e1rio do Trem da Vale &#8212; Trem da Vale","isPartOf":{"@id":"https:\/\/tremdavale.org\/pt\/#website"},"primaryImageOfPage":{"@id":"https:\/\/tremdavale.org\/pt\/musica-anima-estacoes-no-aniversario-do-trem-da-vale\/#primaryimage"},"image":{"@id":"https:\/\/tremdavale.org\/pt\/musica-anima-estacoes-no-aniversario-do-trem-da-vale\/#primaryimage"},"thumbnailUrl":"https:\/\/tremdavale.org\/wp-content\/uploads\/05-05-12_poesia_nos_trilhos_-_cha_de_caboclo_regional_-_gustavo_nunes_285429.jpg","datePublished":"2013-08-25T05:17:00+00:00","dateModified":"2025-10-10T11:57:00+00:00","author":{"@id":"https:\/\/tremdavale.org\/pt\/#\/schema\/person\/50912137d47426d31329f246d02eaeca"},"breadcrumb":{"@id":"https:\/\/tremdavale.org\/pt\/musica-anima-estacoes-no-aniversario-do-trem-da-vale\/#breadcrumb"},"inLanguage":"pt-PT","potentialAction":[{"@type":"ReadAction","target":["https:\/\/tremdavale.org\/pt\/musica-anima-estacoes-no-aniversario-do-trem-da-vale\/"]}]},{"@type":"ImageObject","inLanguage":"pt-PT","@id":"https:\/\/tremdavale.org\/pt\/musica-anima-estacoes-no-aniversario-do-trem-da-vale\/#primaryimage","url":"https:\/\/tremdavale.org\/wp-content\/uploads\/05-05-12_poesia_nos_trilhos_-_cha_de_caboclo_regional_-_gustavo_nunes_285429.jpg","contentUrl":"https:\/\/tremdavale.org\/wp-content\/uploads\/05-05-12_poesia_nos_trilhos_-_cha_de_caboclo_regional_-_gustavo_nunes_285429.jpg","width":4320,"height":3240},{"@type":"BreadcrumbList","@id":"https:\/\/tremdavale.org\/pt\/musica-anima-estacoes-no-aniversario-do-trem-da-vale\/#breadcrumb","itemListElement":[{"@type":"ListItem","position":1,"name":"In\u00edcio","item":"https:\/\/tremdavale.org\/pt\/"},{"@type":"ListItem","position":2,"name":"M\u00fasica anima esta\u00e7\u00f5es no anivers\u00e1rio do Trem da Vale"}]},{"@type":"WebSite","@id":"https:\/\/tremdavale.org\/pt\/#website","url":"https:\/\/tremdavale.org\/pt\/","name":"Trem da Vale","description":"Programa de Educa\u00e7\u00e3o Patrimonial","potentialAction":[{"@type":"SearchAction","target":{"@type":"EntryPoint","urlTemplate":"https:\/\/tremdavale.org\/pt\/?s={search_term_string}"},"query-input":{"@type":"PropertyValueSpecification","valueRequired":true,"valueName":"search_term_string"}}],"inLanguage":"pt-PT"},{"@type":"Person","@id":"https:\/\/tremdavale.org\/pt\/#\/schema\/person\/50912137d47426d31329f246d02eaeca","name":"admin","image":{"@type":"ImageObject","inLanguage":"pt-PT","@id":"https:\/\/tremdavale.org\/pt\/#\/schema\/person\/image\/","url":"https:\/\/secure.gravatar.com\/avatar\/b3564f0fda6ea47959fe96a4217203e79a167568a37409758659bc3ba443b452?s=96&d=mm&r=g","contentUrl":"https:\/\/secure.gravatar.com\/avatar\/b3564f0fda6ea47959fe96a4217203e79a167568a37409758659bc3ba443b452?s=96&d=mm&r=g","caption":"admin"},"sameAs":["https:\/\/tremdavale.org"],"url":"https:\/\/tremdavale.org\/pt\/author\/admin\/"}]}},"_links":{"self":[{"href":"https:\/\/tremdavale.org\/pt\/wp-json\/wp\/v2\/posts\/207","targetHints":{"allow":["GET"]}}],"collection":[{"href":"https:\/\/tremdavale.org\/pt\/wp-json\/wp\/v2\/posts"}],"about":[{"href":"https:\/\/tremdavale.org\/pt\/wp-json\/wp\/v2\/types\/post"}],"author":[{"embeddable":true,"href":"https:\/\/tremdavale.org\/pt\/wp-json\/wp\/v2\/users\/1"}],"replies":[{"embeddable":true,"href":"https:\/\/tremdavale.org\/pt\/wp-json\/wp\/v2\/comments?post=207"}],"version-history":[{"count":0,"href":"https:\/\/tremdavale.org\/pt\/wp-json\/wp\/v2\/posts\/207\/revisions"}],"wp:featuredmedia":[{"embeddable":true,"href":"https:\/\/tremdavale.org\/pt\/wp-json\/wp\/v2\/media\/467"}],"wp:attachment":[{"href":"https:\/\/tremdavale.org\/pt\/wp-json\/wp\/v2\/media?parent=207"}],"wp:term":[{"taxonomy":"category","embeddable":true,"href":"https:\/\/tremdavale.org\/pt\/wp-json\/wp\/v2\/categories?post=207"},{"taxonomy":"post_tag","embeddable":true,"href":"https:\/\/tremdavale.org\/pt\/wp-json\/wp\/v2\/tags?post=207"}],"curies":[{"name":"wp","href":"https:\/\/api.w.org\/{rel}","templated":true}]}}