{"id":208,"date":"2011-09-10T09:45:00","date_gmt":"2011-09-10T09:45:00","guid":{"rendered":"https:\/\/tremdavale.org\/?p=208"},"modified":"2025-10-10T11:57:00","modified_gmt":"2025-10-10T11:57:00","slug":"musica-na-estacao","status":"publish","type":"post","link":"https:\/\/tremdavale.org\/pt\/musica-na-estacao\/","title":{"rendered":"M\u00fasica na Esta\u00e7\u00e3o!"},"content":{"rendered":"<p>Em parceria com a Secretaria de Cultura de Mariana, o Trem da Vale oferece, no pr\u00f3ximo s\u00e1bado, <strong>4 de junho<\/strong>, das <strong>10h30 \u00e0s 12h<\/strong>, <strong>M\u00fasica na Esta\u00e7\u00e3o<\/strong> de Mariana. A Banda a se apresentar ser\u00e1 a <strong>Sociedade Musical S\u00e3o Vicente de Paulo.<\/strong><\/p>\n<p>&nbsp;<\/p>\n<p><img loading=\"lazy\" decoding=\"async\" class=\"size-medium\" title=\"4008106298_8e19d47862\" src=\"\/wp-content\/uploads\/4008106298_8e19d47862-300x205.jpg\" alt=\"Foto: Ronaldo P\u00e9ret\" width=\"300\" height=\"205\"><\/p>\n<p>Foto: Ronald P\u00e9ret<\/p>\n<p>&nbsp;<\/p>\n<p><strong>Sobre o grupo<\/strong><\/p>\n<p>Precedida pela Escola de Forma\u00e7\u00e3o Musical e fundada no dia 9 de abril&nbsp; de 2002, a <strong>Sociedade Musical S\u00e3o Vicente de Paulo<\/strong> atualmente possui 45 m\u00fasicos &#8211; em sua maioria jovens e adolescentes, contando tamb\u00e9m com representantes de outras gera\u00e7\u00f5es. A Sociedade busca realizar seu objetivo de forma\u00e7\u00e3o musical para crian\u00e7as e jovens, colocando a m\u00fasica como artif\u00edcio contra os v\u00edcios que cercam boa parte da juventude. A Sociedade Musical S\u00e3o Vicente de Paulo \u00e9 regida pelo maestro Gelson Roberto.<\/p>\n<p>&nbsp;<\/p>\n","protected":false},"excerpt":{"rendered":"<p>Em parceria com a Secretaria de Cultura de Mariana, o Trem da Vale oferece, no pr\u00f3ximo s\u00e1bado, 4 de junho, das 10h30 \u00e0s 12h, M\u00fasica na Esta\u00e7\u00e3o de Mariana. A Banda a se apresentar ser\u00e1 a Sociedade Musical S\u00e3o Vicente de Paulo. &nbsp; Foto: Ronald P\u00e9ret &nbsp; Sobre o grupo &hellip;<\/p>\n","protected":false},"author":1,"featured_media":468,"comment_status":"open","ping_status":"closed","sticky":false,"template":"","format":"standard","meta":{"footnotes":""},"categories":[2],"tags":[],"class_list":["post-208","post","type-post","status-publish","format-standard","has-post-thumbnail","hentry","category-destaques-home"],"yoast_head":"<!-- This site is optimized with the Yoast SEO plugin v26.1.1 - https:\/\/yoast.com\/wordpress\/plugins\/seo\/ -->\n<title>M\u00fasica na Esta\u00e7\u00e3o! &#8212; Trem da Vale<\/title>\n<meta name=\"robots\" content=\"index, follow, max-snippet:-1, max-image-preview:large, max-video-preview:-1\" \/>\n<link rel=\"canonical\" href=\"https:\/\/tremdavale.org\/pt\/musica-na-estacao\/\" \/>\n<meta property=\"og:locale\" content=\"pt_PT\" \/>\n<meta property=\"og:type\" content=\"article\" \/>\n<meta property=\"og:title\" content=\"M\u00fasica na Esta\u00e7\u00e3o! &#8212; Trem da Vale\" \/>\n<meta property=\"og:description\" content=\"Em parceria com a Secretaria de Cultura de Mariana, o Trem da Vale oferece, no pr\u00f3ximo s\u00e1bado, 4 de junho, das 10h30 \u00e0s 12h, M\u00fasica na Esta\u00e7\u00e3o de Mariana. A Banda a se apresentar ser\u00e1 a Sociedade Musical S\u00e3o Vicente de Paulo. &nbsp; Foto: Ronald P\u00e9ret &nbsp; Sobre o grupo &hellip;\" \/>\n<meta property=\"og:url\" content=\"https:\/\/tremdavale.org\/pt\/musica-na-estacao\/\" \/>\n<meta property=\"og:site_name\" content=\"Trem da Vale\" \/>\n<meta property=\"article:published_time\" content=\"2011-09-10T09:45:00+00:00\" \/>\n<meta property=\"article:modified_time\" content=\"2025-10-10T11:57:00+00:00\" \/>\n<meta property=\"og:image\" content=\"https:\/\/tremdavale.org\/wp-content\/uploads\/4008106298_8e19d47862-300x205.jpg\" \/>\n\t<meta property=\"og:image:width\" content=\"300\" \/>\n\t<meta property=\"og:image:height\" content=\"205\" \/>\n\t<meta property=\"og:image:type\" content=\"image\/jpeg\" \/>\n<meta name=\"author\" content=\"admin\" \/>\n<meta name=\"twitter:card\" content=\"summary_large_image\" \/>\n<meta name=\"twitter:label1\" content=\"Escrito por\" \/>\n\t<meta name=\"twitter:data1\" content=\"admin\" \/>\n\t<meta name=\"twitter:label2\" content=\"Tempo estimado de leitura\" \/>\n\t<meta name=\"twitter:data2\" content=\"1 minuto\" \/>\n<script type=\"application\/ld+json\" class=\"yoast-schema-graph\">{\"@context\":\"https:\/\/schema.org\",\"@graph\":[{\"@type\":\"WebPage\",\"@id\":\"https:\/\/tremdavale.org\/pt\/musica-na-estacao\/\",\"url\":\"https:\/\/tremdavale.org\/pt\/musica-na-estacao\/\",\"name\":\"M\u00fasica na Esta\u00e7\u00e3o! &#8212; Trem da Vale\",\"isPartOf\":{\"@id\":\"https:\/\/tremdavale.org\/pt\/#website\"},\"primaryImageOfPage\":{\"@id\":\"https:\/\/tremdavale.org\/pt\/musica-na-estacao\/#primaryimage\"},\"image\":{\"@id\":\"https:\/\/tremdavale.org\/pt\/musica-na-estacao\/#primaryimage\"},\"thumbnailUrl\":\"https:\/\/tremdavale.org\/wp-content\/uploads\/4008106298_8e19d47862-300x205.jpg\",\"datePublished\":\"2011-09-10T09:45:00+00:00\",\"dateModified\":\"2025-10-10T11:57:00+00:00\",\"author\":{\"@id\":\"https:\/\/tremdavale.org\/pt\/#\/schema\/person\/50912137d47426d31329f246d02eaeca\"},\"breadcrumb\":{\"@id\":\"https:\/\/tremdavale.org\/pt\/musica-na-estacao\/#breadcrumb\"},\"inLanguage\":\"pt-PT\",\"potentialAction\":[{\"@type\":\"ReadAction\",\"target\":[\"https:\/\/tremdavale.org\/pt\/musica-na-estacao\/\"]}]},{\"@type\":\"ImageObject\",\"inLanguage\":\"pt-PT\",\"@id\":\"https:\/\/tremdavale.org\/pt\/musica-na-estacao\/#primaryimage\",\"url\":\"https:\/\/tremdavale.org\/wp-content\/uploads\/4008106298_8e19d47862-300x205.jpg\",\"contentUrl\":\"https:\/\/tremdavale.org\/wp-content\/uploads\/4008106298_8e19d47862-300x205.jpg\",\"width\":300,\"height\":205},{\"@type\":\"BreadcrumbList\",\"@id\":\"https:\/\/tremdavale.org\/pt\/musica-na-estacao\/#breadcrumb\",\"itemListElement\":[{\"@type\":\"ListItem\",\"position\":1,\"name\":\"In\u00edcio\",\"item\":\"https:\/\/tremdavale.org\/pt\/\"},{\"@type\":\"ListItem\",\"position\":2,\"name\":\"M\u00fasica na Esta\u00e7\u00e3o!\"}]},{\"@type\":\"WebSite\",\"@id\":\"https:\/\/tremdavale.org\/pt\/#website\",\"url\":\"https:\/\/tremdavale.org\/pt\/\",\"name\":\"Trem da Vale\",\"description\":\"Programa de Educa\u00e7\u00e3o Patrimonial\",\"potentialAction\":[{\"@type\":\"SearchAction\",\"target\":{\"@type\":\"EntryPoint\",\"urlTemplate\":\"https:\/\/tremdavale.org\/pt\/?s={search_term_string}\"},\"query-input\":{\"@type\":\"PropertyValueSpecification\",\"valueRequired\":true,\"valueName\":\"search_term_string\"}}],\"inLanguage\":\"pt-PT\"},{\"@type\":\"Person\",\"@id\":\"https:\/\/tremdavale.org\/pt\/#\/schema\/person\/50912137d47426d31329f246d02eaeca\",\"name\":\"admin\",\"image\":{\"@type\":\"ImageObject\",\"inLanguage\":\"pt-PT\",\"@id\":\"https:\/\/tremdavale.org\/pt\/#\/schema\/person\/image\/\",\"url\":\"https:\/\/secure.gravatar.com\/avatar\/b3564f0fda6ea47959fe96a4217203e79a167568a37409758659bc3ba443b452?s=96&d=mm&r=g\",\"contentUrl\":\"https:\/\/secure.gravatar.com\/avatar\/b3564f0fda6ea47959fe96a4217203e79a167568a37409758659bc3ba443b452?s=96&d=mm&r=g\",\"caption\":\"admin\"},\"sameAs\":[\"https:\/\/tremdavale.org\"],\"url\":\"https:\/\/tremdavale.org\/pt\/author\/admin\/\"}]}<\/script>\n<!-- \/ Yoast SEO plugin. -->","yoast_head_json":{"title":"M\u00fasica na Esta\u00e7\u00e3o! &#8212; Trem da Vale","robots":{"index":"index","follow":"follow","max-snippet":"max-snippet:-1","max-image-preview":"max-image-preview:large","max-video-preview":"max-video-preview:-1"},"canonical":"https:\/\/tremdavale.org\/pt\/musica-na-estacao\/","og_locale":"pt_PT","og_type":"article","og_title":"M\u00fasica na Esta\u00e7\u00e3o! &#8212; Trem da Vale","og_description":"Em parceria com a Secretaria de Cultura de Mariana, o Trem da Vale oferece, no pr\u00f3ximo s\u00e1bado, 4 de junho, das 10h30 \u00e0s 12h, M\u00fasica na Esta\u00e7\u00e3o de Mariana. A Banda a se apresentar ser\u00e1 a Sociedade Musical S\u00e3o Vicente de Paulo. &nbsp; Foto: Ronald P\u00e9ret &nbsp; Sobre o grupo &hellip;","og_url":"https:\/\/tremdavale.org\/pt\/musica-na-estacao\/","og_site_name":"Trem da Vale","article_published_time":"2011-09-10T09:45:00+00:00","article_modified_time":"2025-10-10T11:57:00+00:00","og_image":[{"width":300,"height":205,"url":"https:\/\/tremdavale.org\/wp-content\/uploads\/4008106298_8e19d47862-300x205.jpg","type":"image\/jpeg"}],"author":"admin","twitter_card":"summary_large_image","twitter_misc":{"Escrito por":"admin","Tempo estimado de leitura":"1 minuto"},"schema":{"@context":"https:\/\/schema.org","@graph":[{"@type":"WebPage","@id":"https:\/\/tremdavale.org\/pt\/musica-na-estacao\/","url":"https:\/\/tremdavale.org\/pt\/musica-na-estacao\/","name":"M\u00fasica na Esta\u00e7\u00e3o! &#8212; Trem da Vale","isPartOf":{"@id":"https:\/\/tremdavale.org\/pt\/#website"},"primaryImageOfPage":{"@id":"https:\/\/tremdavale.org\/pt\/musica-na-estacao\/#primaryimage"},"image":{"@id":"https:\/\/tremdavale.org\/pt\/musica-na-estacao\/#primaryimage"},"thumbnailUrl":"https:\/\/tremdavale.org\/wp-content\/uploads\/4008106298_8e19d47862-300x205.jpg","datePublished":"2011-09-10T09:45:00+00:00","dateModified":"2025-10-10T11:57:00+00:00","author":{"@id":"https:\/\/tremdavale.org\/pt\/#\/schema\/person\/50912137d47426d31329f246d02eaeca"},"breadcrumb":{"@id":"https:\/\/tremdavale.org\/pt\/musica-na-estacao\/#breadcrumb"},"inLanguage":"pt-PT","potentialAction":[{"@type":"ReadAction","target":["https:\/\/tremdavale.org\/pt\/musica-na-estacao\/"]}]},{"@type":"ImageObject","inLanguage":"pt-PT","@id":"https:\/\/tremdavale.org\/pt\/musica-na-estacao\/#primaryimage","url":"https:\/\/tremdavale.org\/wp-content\/uploads\/4008106298_8e19d47862-300x205.jpg","contentUrl":"https:\/\/tremdavale.org\/wp-content\/uploads\/4008106298_8e19d47862-300x205.jpg","width":300,"height":205},{"@type":"BreadcrumbList","@id":"https:\/\/tremdavale.org\/pt\/musica-na-estacao\/#breadcrumb","itemListElement":[{"@type":"ListItem","position":1,"name":"In\u00edcio","item":"https:\/\/tremdavale.org\/pt\/"},{"@type":"ListItem","position":2,"name":"M\u00fasica na Esta\u00e7\u00e3o!"}]},{"@type":"WebSite","@id":"https:\/\/tremdavale.org\/pt\/#website","url":"https:\/\/tremdavale.org\/pt\/","name":"Trem da Vale","description":"Programa de Educa\u00e7\u00e3o Patrimonial","potentialAction":[{"@type":"SearchAction","target":{"@type":"EntryPoint","urlTemplate":"https:\/\/tremdavale.org\/pt\/?s={search_term_string}"},"query-input":{"@type":"PropertyValueSpecification","valueRequired":true,"valueName":"search_term_string"}}],"inLanguage":"pt-PT"},{"@type":"Person","@id":"https:\/\/tremdavale.org\/pt\/#\/schema\/person\/50912137d47426d31329f246d02eaeca","name":"admin","image":{"@type":"ImageObject","inLanguage":"pt-PT","@id":"https:\/\/tremdavale.org\/pt\/#\/schema\/person\/image\/","url":"https:\/\/secure.gravatar.com\/avatar\/b3564f0fda6ea47959fe96a4217203e79a167568a37409758659bc3ba443b452?s=96&d=mm&r=g","contentUrl":"https:\/\/secure.gravatar.com\/avatar\/b3564f0fda6ea47959fe96a4217203e79a167568a37409758659bc3ba443b452?s=96&d=mm&r=g","caption":"admin"},"sameAs":["https:\/\/tremdavale.org"],"url":"https:\/\/tremdavale.org\/pt\/author\/admin\/"}]}},"_links":{"self":[{"href":"https:\/\/tremdavale.org\/pt\/wp-json\/wp\/v2\/posts\/208","targetHints":{"allow":["GET"]}}],"collection":[{"href":"https:\/\/tremdavale.org\/pt\/wp-json\/wp\/v2\/posts"}],"about":[{"href":"https:\/\/tremdavale.org\/pt\/wp-json\/wp\/v2\/types\/post"}],"author":[{"embeddable":true,"href":"https:\/\/tremdavale.org\/pt\/wp-json\/wp\/v2\/users\/1"}],"replies":[{"embeddable":true,"href":"https:\/\/tremdavale.org\/pt\/wp-json\/wp\/v2\/comments?post=208"}],"version-history":[{"count":0,"href":"https:\/\/tremdavale.org\/pt\/wp-json\/wp\/v2\/posts\/208\/revisions"}],"wp:featuredmedia":[{"embeddable":true,"href":"https:\/\/tremdavale.org\/pt\/wp-json\/wp\/v2\/media\/468"}],"wp:attachment":[{"href":"https:\/\/tremdavale.org\/pt\/wp-json\/wp\/v2\/media?parent=208"}],"wp:term":[{"taxonomy":"category","embeddable":true,"href":"https:\/\/tremdavale.org\/pt\/wp-json\/wp\/v2\/categories?post=208"},{"taxonomy":"post_tag","embeddable":true,"href":"https:\/\/tremdavale.org\/pt\/wp-json\/wp\/v2\/tags?post=208"}],"curies":[{"name":"wp","href":"https:\/\/api.w.org\/{rel}","templated":true}]}}