{"id":209,"date":"2011-09-11T21:46:00","date_gmt":"2011-09-11T21:46:00","guid":{"rendered":"https:\/\/tremdavale.org\/?p=209"},"modified":"2025-10-10T11:57:00","modified_gmt":"2025-10-10T11:57:00","slug":"musica-na-estacao-2","status":"publish","type":"post","link":"https:\/\/tremdavale.org\/pt\/musica-na-estacao-2\/","title":{"rendered":"M\u00fasica na Esta\u00e7\u00e3o!"},"content":{"rendered":"<p>Convidamos a todos para, no pr\u00f3ximo s\u00e1bado, dia 02 de julho,&nbsp; prestigiar o evento \u201cM\u00fasica na Esta\u00e7\u00e3o\u201d, a partir das 10h30min, na Esta\u00e7\u00e3o de Mariana &#8211; dessa vez, com a participa\u00e7\u00e3o da <strong>Sociedade Musical S\u00e3o Sebasti\u00e3o<\/strong>, de Passagem de Mariana.<\/p>\n<p style=\"text-align: center;\"><em><img loading=\"lazy\" decoding=\"async\" class=\"size-full aligncenter\" title=\"banda-sao-sebastiao-antiga11\" src=\"\/wp-content\/uploads\/banda-sao-sebastiao-antiga11.jpg\" alt=\"banda-sao-sebastiao-antiga11\" width=\"300\" height=\"200\"><\/em><\/p>\n<p><em><\/em><\/p>\n<p><em>Sobre a Sociedade Musical S\u00e3o Sebasti\u00e3o:<\/em><\/p>\n<p><em>Fundada no distrito de Passagem de Mariana, comemorou no dia 20 de janeiro de 2010, 100 anos de sua cria\u00e7\u00e3o, al\u00e9m de comemorar os 30 anos de reg\u00eancia do maestro <strong>Daltro de Paula Novaes<\/strong> e os 70 anos do m\u00fasico <strong>Firmino Assun\u00e7\u00e3o<\/strong> como professor da Corpora\u00e7\u00e3o. A Sociedade Musical S\u00e3o Sebasti\u00e3o tem como presidente <strong>Amauri Moreira dos Santos<\/strong>, exercendo seu segundo mandato.<\/em><\/p>\n<p><em>A Banda S\u00e3o Sebasti\u00e3o tem suas ra\u00edzes na comunidade oper\u00e1ria de Passagem de Mariana, que de 1910 \u00e0 d\u00e9cada de 30, chamou-se Banda Oper\u00e1ria, tendo sua hist\u00f3ria ligada ao trabalho na Mina de Ouro, \u00e0 atua\u00e7\u00e3o sindicalista da Junta Beneficente e \u00e0 busca de alternativas de bases s\u00f3cio-culturais e recreativas no distrito. Pela Banda S\u00e3o Sebasti\u00e3o passaram m\u00fasicos de renome e compositores de marchas, dobrados e hinos que contribu\u00edram para manter a tradi\u00e7\u00e3o do \u201cceleiro de m\u00fasicos\u201d, como se referem os atuais membros da corpora\u00e7\u00e3o.<\/em><\/p>\n<p><em>A sede da Sociedade Musical S\u00e3o Sebasti\u00e3o fica na Pra\u00e7a Capit\u00e3o Jos\u00e9 In\u00e1cio, 44, em Passagem de Mariana.<\/em><\/p>\n<p>&nbsp;<\/p>\n","protected":false},"excerpt":{"rendered":"<p>Convidamos a todos para, no pr\u00f3ximo s\u00e1bado, dia 02 de julho,&nbsp; prestigiar o evento \u201cM\u00fasica na Esta\u00e7\u00e3o\u201d, a partir das 10h30min, na Esta\u00e7\u00e3o de Mariana &#8211; dessa vez, com a participa\u00e7\u00e3o da Sociedade Musical S\u00e3o Sebasti\u00e3o, de Passagem de Mariana. Sobre a Sociedade Musical S\u00e3o Sebasti\u00e3o: Fundada no distrito de &hellip;<\/p>\n","protected":false},"author":1,"featured_media":469,"comment_status":"open","ping_status":"closed","sticky":false,"template":"","format":"standard","meta":{"footnotes":""},"categories":[2],"tags":[],"class_list":["post-209","post","type-post","status-publish","format-standard","has-post-thumbnail","hentry","category-destaques-home"],"yoast_head":"<!-- This site is optimized with the Yoast SEO plugin v26.1.1 - https:\/\/yoast.com\/wordpress\/plugins\/seo\/ -->\n<title>M\u00fasica na Esta\u00e7\u00e3o! &#8212; Trem da Vale<\/title>\n<meta name=\"robots\" content=\"index, follow, max-snippet:-1, max-image-preview:large, max-video-preview:-1\" \/>\n<link rel=\"canonical\" href=\"https:\/\/tremdavale.org\/pt\/musica-na-estacao-2\/\" \/>\n<meta property=\"og:locale\" content=\"pt_PT\" \/>\n<meta property=\"og:type\" content=\"article\" \/>\n<meta property=\"og:title\" content=\"M\u00fasica na Esta\u00e7\u00e3o! &#8212; Trem da Vale\" \/>\n<meta property=\"og:description\" content=\"Convidamos a todos para, no pr\u00f3ximo s\u00e1bado, dia 02 de julho,&nbsp; prestigiar o evento \u201cM\u00fasica na Esta\u00e7\u00e3o\u201d, a partir das 10h30min, na Esta\u00e7\u00e3o de Mariana &#8211; dessa vez, com a participa\u00e7\u00e3o da Sociedade Musical S\u00e3o Sebasti\u00e3o, de Passagem de Mariana. Sobre a Sociedade Musical S\u00e3o Sebasti\u00e3o: Fundada no distrito de &hellip;\" \/>\n<meta property=\"og:url\" content=\"https:\/\/tremdavale.org\/pt\/musica-na-estacao-2\/\" \/>\n<meta property=\"og:site_name\" content=\"Trem da Vale\" \/>\n<meta property=\"article:published_time\" content=\"2011-09-11T21:46:00+00:00\" \/>\n<meta property=\"article:modified_time\" content=\"2025-10-10T11:57:00+00:00\" \/>\n<meta property=\"og:image\" content=\"https:\/\/tremdavale.org\/wp-content\/uploads\/banda-sao-sebastiao-antiga11.jpg\" \/>\n\t<meta property=\"og:image:width\" content=\"300\" \/>\n\t<meta property=\"og:image:height\" content=\"200\" \/>\n\t<meta property=\"og:image:type\" content=\"image\/jpeg\" \/>\n<meta name=\"author\" content=\"admin\" \/>\n<meta name=\"twitter:card\" content=\"summary_large_image\" \/>\n<meta name=\"twitter:label1\" content=\"Escrito por\" \/>\n\t<meta name=\"twitter:data1\" content=\"admin\" \/>\n\t<meta name=\"twitter:label2\" content=\"Tempo estimado de leitura\" \/>\n\t<meta name=\"twitter:data2\" content=\"1 minuto\" \/>\n<script type=\"application\/ld+json\" class=\"yoast-schema-graph\">{\"@context\":\"https:\/\/schema.org\",\"@graph\":[{\"@type\":\"WebPage\",\"@id\":\"https:\/\/tremdavale.org\/pt\/musica-na-estacao-2\/\",\"url\":\"https:\/\/tremdavale.org\/pt\/musica-na-estacao-2\/\",\"name\":\"M\u00fasica na Esta\u00e7\u00e3o! &#8212; Trem da Vale\",\"isPartOf\":{\"@id\":\"https:\/\/tremdavale.org\/pt\/#website\"},\"primaryImageOfPage\":{\"@id\":\"https:\/\/tremdavale.org\/pt\/musica-na-estacao-2\/#primaryimage\"},\"image\":{\"@id\":\"https:\/\/tremdavale.org\/pt\/musica-na-estacao-2\/#primaryimage\"},\"thumbnailUrl\":\"https:\/\/tremdavale.org\/wp-content\/uploads\/banda-sao-sebastiao-antiga11.jpg\",\"datePublished\":\"2011-09-11T21:46:00+00:00\",\"dateModified\":\"2025-10-10T11:57:00+00:00\",\"author\":{\"@id\":\"https:\/\/tremdavale.org\/pt\/#\/schema\/person\/50912137d47426d31329f246d02eaeca\"},\"breadcrumb\":{\"@id\":\"https:\/\/tremdavale.org\/pt\/musica-na-estacao-2\/#breadcrumb\"},\"inLanguage\":\"pt-PT\",\"potentialAction\":[{\"@type\":\"ReadAction\",\"target\":[\"https:\/\/tremdavale.org\/pt\/musica-na-estacao-2\/\"]}]},{\"@type\":\"ImageObject\",\"inLanguage\":\"pt-PT\",\"@id\":\"https:\/\/tremdavale.org\/pt\/musica-na-estacao-2\/#primaryimage\",\"url\":\"https:\/\/tremdavale.org\/wp-content\/uploads\/banda-sao-sebastiao-antiga11.jpg\",\"contentUrl\":\"https:\/\/tremdavale.org\/wp-content\/uploads\/banda-sao-sebastiao-antiga11.jpg\",\"width\":300,\"height\":200},{\"@type\":\"BreadcrumbList\",\"@id\":\"https:\/\/tremdavale.org\/pt\/musica-na-estacao-2\/#breadcrumb\",\"itemListElement\":[{\"@type\":\"ListItem\",\"position\":1,\"name\":\"In\u00edcio\",\"item\":\"https:\/\/tremdavale.org\/pt\/\"},{\"@type\":\"ListItem\",\"position\":2,\"name\":\"M\u00fasica na Esta\u00e7\u00e3o!\"}]},{\"@type\":\"WebSite\",\"@id\":\"https:\/\/tremdavale.org\/pt\/#website\",\"url\":\"https:\/\/tremdavale.org\/pt\/\",\"name\":\"Trem da Vale\",\"description\":\"Programa de Educa\u00e7\u00e3o Patrimonial\",\"potentialAction\":[{\"@type\":\"SearchAction\",\"target\":{\"@type\":\"EntryPoint\",\"urlTemplate\":\"https:\/\/tremdavale.org\/pt\/?s={search_term_string}\"},\"query-input\":{\"@type\":\"PropertyValueSpecification\",\"valueRequired\":true,\"valueName\":\"search_term_string\"}}],\"inLanguage\":\"pt-PT\"},{\"@type\":\"Person\",\"@id\":\"https:\/\/tremdavale.org\/pt\/#\/schema\/person\/50912137d47426d31329f246d02eaeca\",\"name\":\"admin\",\"image\":{\"@type\":\"ImageObject\",\"inLanguage\":\"pt-PT\",\"@id\":\"https:\/\/tremdavale.org\/pt\/#\/schema\/person\/image\/\",\"url\":\"https:\/\/secure.gravatar.com\/avatar\/b3564f0fda6ea47959fe96a4217203e79a167568a37409758659bc3ba443b452?s=96&d=mm&r=g\",\"contentUrl\":\"https:\/\/secure.gravatar.com\/avatar\/b3564f0fda6ea47959fe96a4217203e79a167568a37409758659bc3ba443b452?s=96&d=mm&r=g\",\"caption\":\"admin\"},\"sameAs\":[\"https:\/\/tremdavale.org\"],\"url\":\"https:\/\/tremdavale.org\/pt\/author\/admin\/\"}]}<\/script>\n<!-- \/ Yoast SEO plugin. -->","yoast_head_json":{"title":"M\u00fasica na Esta\u00e7\u00e3o! &#8212; Trem da Vale","robots":{"index":"index","follow":"follow","max-snippet":"max-snippet:-1","max-image-preview":"max-image-preview:large","max-video-preview":"max-video-preview:-1"},"canonical":"https:\/\/tremdavale.org\/pt\/musica-na-estacao-2\/","og_locale":"pt_PT","og_type":"article","og_title":"M\u00fasica na Esta\u00e7\u00e3o! &#8212; Trem da Vale","og_description":"Convidamos a todos para, no pr\u00f3ximo s\u00e1bado, dia 02 de julho,&nbsp; prestigiar o evento \u201cM\u00fasica na Esta\u00e7\u00e3o\u201d, a partir das 10h30min, na Esta\u00e7\u00e3o de Mariana &#8211; dessa vez, com a participa\u00e7\u00e3o da Sociedade Musical S\u00e3o Sebasti\u00e3o, de Passagem de Mariana. Sobre a Sociedade Musical S\u00e3o Sebasti\u00e3o: Fundada no distrito de &hellip;","og_url":"https:\/\/tremdavale.org\/pt\/musica-na-estacao-2\/","og_site_name":"Trem da Vale","article_published_time":"2011-09-11T21:46:00+00:00","article_modified_time":"2025-10-10T11:57:00+00:00","og_image":[{"width":300,"height":200,"url":"https:\/\/tremdavale.org\/wp-content\/uploads\/banda-sao-sebastiao-antiga11.jpg","type":"image\/jpeg"}],"author":"admin","twitter_card":"summary_large_image","twitter_misc":{"Escrito por":"admin","Tempo estimado de leitura":"1 minuto"},"schema":{"@context":"https:\/\/schema.org","@graph":[{"@type":"WebPage","@id":"https:\/\/tremdavale.org\/pt\/musica-na-estacao-2\/","url":"https:\/\/tremdavale.org\/pt\/musica-na-estacao-2\/","name":"M\u00fasica na Esta\u00e7\u00e3o! &#8212; Trem da Vale","isPartOf":{"@id":"https:\/\/tremdavale.org\/pt\/#website"},"primaryImageOfPage":{"@id":"https:\/\/tremdavale.org\/pt\/musica-na-estacao-2\/#primaryimage"},"image":{"@id":"https:\/\/tremdavale.org\/pt\/musica-na-estacao-2\/#primaryimage"},"thumbnailUrl":"https:\/\/tremdavale.org\/wp-content\/uploads\/banda-sao-sebastiao-antiga11.jpg","datePublished":"2011-09-11T21:46:00+00:00","dateModified":"2025-10-10T11:57:00+00:00","author":{"@id":"https:\/\/tremdavale.org\/pt\/#\/schema\/person\/50912137d47426d31329f246d02eaeca"},"breadcrumb":{"@id":"https:\/\/tremdavale.org\/pt\/musica-na-estacao-2\/#breadcrumb"},"inLanguage":"pt-PT","potentialAction":[{"@type":"ReadAction","target":["https:\/\/tremdavale.org\/pt\/musica-na-estacao-2\/"]}]},{"@type":"ImageObject","inLanguage":"pt-PT","@id":"https:\/\/tremdavale.org\/pt\/musica-na-estacao-2\/#primaryimage","url":"https:\/\/tremdavale.org\/wp-content\/uploads\/banda-sao-sebastiao-antiga11.jpg","contentUrl":"https:\/\/tremdavale.org\/wp-content\/uploads\/banda-sao-sebastiao-antiga11.jpg","width":300,"height":200},{"@type":"BreadcrumbList","@id":"https:\/\/tremdavale.org\/pt\/musica-na-estacao-2\/#breadcrumb","itemListElement":[{"@type":"ListItem","position":1,"name":"In\u00edcio","item":"https:\/\/tremdavale.org\/pt\/"},{"@type":"ListItem","position":2,"name":"M\u00fasica na Esta\u00e7\u00e3o!"}]},{"@type":"WebSite","@id":"https:\/\/tremdavale.org\/pt\/#website","url":"https:\/\/tremdavale.org\/pt\/","name":"Trem da Vale","description":"Programa de Educa\u00e7\u00e3o Patrimonial","potentialAction":[{"@type":"SearchAction","target":{"@type":"EntryPoint","urlTemplate":"https:\/\/tremdavale.org\/pt\/?s={search_term_string}"},"query-input":{"@type":"PropertyValueSpecification","valueRequired":true,"valueName":"search_term_string"}}],"inLanguage":"pt-PT"},{"@type":"Person","@id":"https:\/\/tremdavale.org\/pt\/#\/schema\/person\/50912137d47426d31329f246d02eaeca","name":"admin","image":{"@type":"ImageObject","inLanguage":"pt-PT","@id":"https:\/\/tremdavale.org\/pt\/#\/schema\/person\/image\/","url":"https:\/\/secure.gravatar.com\/avatar\/b3564f0fda6ea47959fe96a4217203e79a167568a37409758659bc3ba443b452?s=96&d=mm&r=g","contentUrl":"https:\/\/secure.gravatar.com\/avatar\/b3564f0fda6ea47959fe96a4217203e79a167568a37409758659bc3ba443b452?s=96&d=mm&r=g","caption":"admin"},"sameAs":["https:\/\/tremdavale.org"],"url":"https:\/\/tremdavale.org\/pt\/author\/admin\/"}]}},"_links":{"self":[{"href":"https:\/\/tremdavale.org\/pt\/wp-json\/wp\/v2\/posts\/209","targetHints":{"allow":["GET"]}}],"collection":[{"href":"https:\/\/tremdavale.org\/pt\/wp-json\/wp\/v2\/posts"}],"about":[{"href":"https:\/\/tremdavale.org\/pt\/wp-json\/wp\/v2\/types\/post"}],"author":[{"embeddable":true,"href":"https:\/\/tremdavale.org\/pt\/wp-json\/wp\/v2\/users\/1"}],"replies":[{"embeddable":true,"href":"https:\/\/tremdavale.org\/pt\/wp-json\/wp\/v2\/comments?post=209"}],"version-history":[{"count":0,"href":"https:\/\/tremdavale.org\/pt\/wp-json\/wp\/v2\/posts\/209\/revisions"}],"wp:featuredmedia":[{"embeddable":true,"href":"https:\/\/tremdavale.org\/pt\/wp-json\/wp\/v2\/media\/469"}],"wp:attachment":[{"href":"https:\/\/tremdavale.org\/pt\/wp-json\/wp\/v2\/media?parent=209"}],"wp:term":[{"taxonomy":"category","embeddable":true,"href":"https:\/\/tremdavale.org\/pt\/wp-json\/wp\/v2\/categories?post=209"},{"taxonomy":"post_tag","embeddable":true,"href":"https:\/\/tremdavale.org\/pt\/wp-json\/wp\/v2\/tags?post=209"}],"curies":[{"name":"wp","href":"https:\/\/api.w.org\/{rel}","templated":true}]}}