{"id":210,"date":"2011-09-12T01:16:00","date_gmt":"2011-09-12T01:16:00","guid":{"rendered":"https:\/\/tremdavale.org\/?p=210"},"modified":"2025-10-10T11:57:00","modified_gmt":"2025-10-10T11:57:00","slug":"natal-nas-estacoes","status":"publish","type":"post","link":"https:\/\/tremdavale.org\/pt\/natal-nas-estacoes\/","title":{"rendered":"Natal nas Esta\u00e7\u00f5es"},"content":{"rendered":"<p><img loading=\"lazy\" decoding=\"async\" class=\"size-medium\" src=\"\/wp-content\/uploads\/imagem-natal-nas-estacoes2-300x181.jpg\" alt=\"Convite Natal nas Esta\u00e7\u00f5es\" width=\"300\" height=\"181\"><\/p>\n<p>Convite Natal nas Esta\u00e7\u00f5es<\/p>\n<p>&nbsp;<\/p>\n<p style=\"text-align: justify;\">O Programa de Educa\u00e7\u00e3o Patrimonial Trem da Vale tem a satisfa\u00e7\u00e3o de convid\u00e1-lo(a) para o Natal nas Esta\u00e7\u00f5es, que ser\u00e1 realizado no per\u00edodo de 03 a 19 de dezembro de 2010, nas Esta\u00e7\u00f5es Ferrovi\u00e1rias de Mariana e de Ouro Preto.<!--more--><\/p>\n<p><strong>Confira a Programa\u00e7\u00e3o:<\/strong><\/p>\n<p>&nbsp;<\/p>\n<p><strong><span style=\"text-decoration: underline;\"><em>01\/12 &#8211; QUARTA-FEIRA<\/em><\/span><\/strong><\/p>\n<p><span><strong>10h<\/strong><\/span> <span>&#8211; Coral de Libras da APAE.<\/span><\/p>\n<p><span>Em Ouro Preto, na Tenda Cultural.<\/span><\/p>\n<p><span><strong><em><\/em><\/strong><\/span><\/p>\n<p>&nbsp;<\/p>\n<p><span><strong><em><span style=\"text-decoration: underline;\">03\/12 &#8211; SEXTA-FEIRA<\/span><\/em><\/strong><\/span><\/p>\n<p><span><strong>9h<\/strong><\/span> <span>&#8211; Coral de Flautas do Projeto Sorria.<\/span><\/p>\n<p><span>Em Ouro Preto, na Plataforma da Esta\u00e7\u00e3o.<\/span><\/p>\n<p><span><strong>9h30<\/strong><\/span> <span>&#8211; Sess\u00e3o de Contos Natalinos com<\/span><\/p>\n<p><span>a Trupe Maria Farinha.<\/span><\/p>\n<p><span>Em Ouro Preto, na Tenda Cultural.<\/span><\/p>\n<p><span><strong>14h30<\/strong><\/span> <span>&#8211; Sess\u00e3o de Contos Natalinos<\/span><\/p>\n<p><span>com a Trupe Maria Farinha<\/span><\/p>\n<p><span>Em Mariana, na Biblioteca da Esta\u00e7\u00e3o.<\/span><\/p>\n<p><span><strong><em><\/em><\/strong><\/span><\/p>\n<p>&nbsp;<\/p>\n<p><span><strong><em><span style=\"text-decoration: underline;\">04\/12 &#8211; S\u00c1BADO<\/span><\/em><\/strong><\/span><\/p>\n<p><span><strong>11h<\/strong><\/span> <span>&#8211; Coral Recriavida.<\/span><\/p>\n<p><span>Em Mariana, na Plataforma da Esta\u00e7\u00e3o.<\/span><\/p>\n<p><span><strong>14h30<\/strong><\/span> <span>&#8211; Coral Renascer.<\/span><\/p>\n<p><span>Em Ouro Preto, na Plataforma da Esta\u00e7\u00e3o.<\/span><\/p>\n<p><span><strong><em><\/em><\/strong><\/span><\/p>\n<p>&nbsp;<\/p>\n<p><span><strong><em><span style=\"text-decoration: underline;\">11\/12 &#8211; S\u00c1BADO<\/span><\/em><\/strong><\/span><\/p>\n<p><span><strong>11h<\/strong><\/span> <span>&#8211; Grupo Instrumental Camerata.<\/span><\/p>\n<p><span>Em Mariana, na Plataforma da Esta\u00e7\u00e3o.<\/span><\/p>\n<p><span><strong><em><\/em><\/strong><\/span><\/p>\n<p>&nbsp;<\/p>\n<p><span><strong><em><span style=\"text-decoration: underline;\">12\/12 &#8211; DOMINGO<\/span><\/em><\/strong><\/span><\/p>\n<p><span><strong>11h<\/strong><\/span> <span>&#8211; Coral Silvinha Ara\u00fajo.<\/span><\/p>\n<p><span>Em Mariana, na Plataforma da Esta\u00e7\u00e3o.<\/span><\/p>\n<p><span><strong>14h<\/strong><\/span> <span>&#8211; Hora do Conto Especial de Natal<\/span><\/p>\n<p><span>\u2013 \u201cO Expresso Polar\u201d \u2013 Grupo de<\/span><\/p>\n<p><span>Teatro Reciclinove.<\/span><\/p>\n<p><span>Em Mariana, na Biblioteca da Esta\u00e7\u00e3o.<\/span><\/p>\n<p>&nbsp;<\/p>\n<p><span><strong><em><span style=\"text-decoration: underline;\">17\/12 &#8211; SEXTA-FEIRA<\/span><\/em><\/strong><\/span><\/p>\n<p><span><strong>9h<\/strong><\/span> <span>&#8211; Coral Pequeno Pr\u00edncipe (E. M.<\/span><\/p>\n<p><span>Prof. H\u00e9lio Homem de Faria).<\/span><\/p>\n<p><span>Em Ouro Preto, na Plataforma da Esta\u00e7\u00e3o.<\/span><\/p>\n<p><span><strong>10h<\/strong><\/span> <span>&#8211; M\u00fasica e Poesia nos Trilhos.<\/span><\/p>\n<p><span>No Trem Tur\u00edstico das 10h (Ouro Preto x<\/span><\/p>\n<p><span>Mariana).<\/span><\/p>\n<p><span><strong><em><\/em><\/strong><\/span><\/p>\n<p>&nbsp;<\/p>\n<p><span><strong><em><span style=\"text-decoration: underline;\">18\/12 &#8211; S\u00c1BADO<\/span><\/em><\/strong><\/span><\/p>\n<p><span><strong>9h<\/strong><\/span> <span>&#8211; Pastorinhas do Padre Faria.<\/span><\/p>\n<p><span>Em Ouro Preto, na Plataforma da Esta\u00e7\u00e3o<\/span><\/p>\n<p><span>e no Coreto.<\/span><\/p>\n<p><span><strong><em><\/em><\/strong><\/span><\/p>\n<p>&nbsp;<\/p>\n<p><span><strong><em><span style=\"text-decoration: underline;\">19\/12 &#8211; DOMINGO<\/span><\/em><\/strong><\/span><\/p>\n<p><span><strong>10h<\/strong><\/span> <span>&#8211; M\u00fasica e Poesia nos Trilhos.<\/span><\/p>\n<p><span>No Trem Tur\u00edstico das 10h (Ouro Preto x<\/span><\/p>\n<p><span>Mariana).<\/span><\/p>\n<p>&nbsp;<\/p>\n<p>Convide sua Fam\u00edlia e amigos e participe!<\/p>\n<p>&nbsp;<\/p>\n","protected":false},"excerpt":{"rendered":"<p>Convite Natal nas Esta\u00e7\u00f5es &nbsp; O Programa de Educa\u00e7\u00e3o Patrimonial Trem da Vale tem a satisfa\u00e7\u00e3o de convid\u00e1-lo(a) para o Natal nas Esta\u00e7\u00f5es, que ser\u00e1 realizado no per\u00edodo de 03 a 19 de dezembro de 2010, nas Esta\u00e7\u00f5es Ferrovi\u00e1rias de Mariana e de Ouro Preto.<\/p>\n","protected":false},"author":1,"featured_media":470,"comment_status":"open","ping_status":"closed","sticky":false,"template":"","format":"standard","meta":{"footnotes":""},"categories":[2],"tags":[],"class_list":["post-210","post","type-post","status-publish","format-standard","has-post-thumbnail","hentry","category-destaques-home"],"yoast_head":"<!-- This site is optimized with the Yoast SEO plugin v26.1.1 - https:\/\/yoast.com\/wordpress\/plugins\/seo\/ -->\n<title>Natal nas Esta\u00e7\u00f5es &#8212; Trem da Vale<\/title>\n<meta name=\"robots\" content=\"index, follow, max-snippet:-1, max-image-preview:large, max-video-preview:-1\" \/>\n<link rel=\"canonical\" href=\"https:\/\/tremdavale.org\/pt\/natal-nas-estacoes\/\" \/>\n<meta property=\"og:locale\" content=\"pt_PT\" \/>\n<meta property=\"og:type\" content=\"article\" \/>\n<meta property=\"og:title\" content=\"Natal nas Esta\u00e7\u00f5es &#8212; Trem da Vale\" \/>\n<meta property=\"og:description\" content=\"Convite Natal nas Esta\u00e7\u00f5es &nbsp; O Programa de Educa\u00e7\u00e3o Patrimonial Trem da Vale tem a satisfa\u00e7\u00e3o de convid\u00e1-lo(a) para o Natal nas Esta\u00e7\u00f5es, que ser\u00e1 realizado no per\u00edodo de 03 a 19 de dezembro de 2010, nas Esta\u00e7\u00f5es Ferrovi\u00e1rias de Mariana e de Ouro Preto.\" \/>\n<meta property=\"og:url\" content=\"https:\/\/tremdavale.org\/pt\/natal-nas-estacoes\/\" \/>\n<meta property=\"og:site_name\" content=\"Trem da Vale\" \/>\n<meta property=\"article:published_time\" content=\"2011-09-12T01:16:00+00:00\" \/>\n<meta property=\"article:modified_time\" content=\"2025-10-10T11:57:00+00:00\" \/>\n<meta property=\"og:image\" content=\"https:\/\/tremdavale.org\/wp-content\/uploads\/imagem-natal-nas-estacoes2-300x181.jpg\" \/>\n\t<meta property=\"og:image:width\" content=\"300\" \/>\n\t<meta property=\"og:image:height\" content=\"181\" \/>\n\t<meta property=\"og:image:type\" content=\"image\/jpeg\" \/>\n<meta name=\"author\" content=\"admin\" \/>\n<meta name=\"twitter:card\" content=\"summary_large_image\" \/>\n<meta name=\"twitter:label1\" content=\"Escrito por\" \/>\n\t<meta name=\"twitter:data1\" content=\"admin\" \/>\n\t<meta name=\"twitter:label2\" content=\"Tempo estimado de leitura\" \/>\n\t<meta name=\"twitter:data2\" content=\"2 minutos\" \/>\n<script type=\"application\/ld+json\" class=\"yoast-schema-graph\">{\"@context\":\"https:\/\/schema.org\",\"@graph\":[{\"@type\":\"WebPage\",\"@id\":\"https:\/\/tremdavale.org\/pt\/natal-nas-estacoes\/\",\"url\":\"https:\/\/tremdavale.org\/pt\/natal-nas-estacoes\/\",\"name\":\"Natal nas Esta\u00e7\u00f5es &#8212; Trem da Vale\",\"isPartOf\":{\"@id\":\"https:\/\/tremdavale.org\/pt\/#website\"},\"primaryImageOfPage\":{\"@id\":\"https:\/\/tremdavale.org\/pt\/natal-nas-estacoes\/#primaryimage\"},\"image\":{\"@id\":\"https:\/\/tremdavale.org\/pt\/natal-nas-estacoes\/#primaryimage\"},\"thumbnailUrl\":\"https:\/\/tremdavale.org\/wp-content\/uploads\/imagem-natal-nas-estacoes2-300x181.jpg\",\"datePublished\":\"2011-09-12T01:16:00+00:00\",\"dateModified\":\"2025-10-10T11:57:00+00:00\",\"author\":{\"@id\":\"https:\/\/tremdavale.org\/pt\/#\/schema\/person\/50912137d47426d31329f246d02eaeca\"},\"breadcrumb\":{\"@id\":\"https:\/\/tremdavale.org\/pt\/natal-nas-estacoes\/#breadcrumb\"},\"inLanguage\":\"pt-PT\",\"potentialAction\":[{\"@type\":\"ReadAction\",\"target\":[\"https:\/\/tremdavale.org\/pt\/natal-nas-estacoes\/\"]}]},{\"@type\":\"ImageObject\",\"inLanguage\":\"pt-PT\",\"@id\":\"https:\/\/tremdavale.org\/pt\/natal-nas-estacoes\/#primaryimage\",\"url\":\"https:\/\/tremdavale.org\/wp-content\/uploads\/imagem-natal-nas-estacoes2-300x181.jpg\",\"contentUrl\":\"https:\/\/tremdavale.org\/wp-content\/uploads\/imagem-natal-nas-estacoes2-300x181.jpg\",\"width\":300,\"height\":181},{\"@type\":\"BreadcrumbList\",\"@id\":\"https:\/\/tremdavale.org\/pt\/natal-nas-estacoes\/#breadcrumb\",\"itemListElement\":[{\"@type\":\"ListItem\",\"position\":1,\"name\":\"In\u00edcio\",\"item\":\"https:\/\/tremdavale.org\/pt\/\"},{\"@type\":\"ListItem\",\"position\":2,\"name\":\"Natal nas Esta\u00e7\u00f5es\"}]},{\"@type\":\"WebSite\",\"@id\":\"https:\/\/tremdavale.org\/pt\/#website\",\"url\":\"https:\/\/tremdavale.org\/pt\/\",\"name\":\"Trem da Vale\",\"description\":\"Programa de Educa\u00e7\u00e3o Patrimonial\",\"potentialAction\":[{\"@type\":\"SearchAction\",\"target\":{\"@type\":\"EntryPoint\",\"urlTemplate\":\"https:\/\/tremdavale.org\/pt\/?s={search_term_string}\"},\"query-input\":{\"@type\":\"PropertyValueSpecification\",\"valueRequired\":true,\"valueName\":\"search_term_string\"}}],\"inLanguage\":\"pt-PT\"},{\"@type\":\"Person\",\"@id\":\"https:\/\/tremdavale.org\/pt\/#\/schema\/person\/50912137d47426d31329f246d02eaeca\",\"name\":\"admin\",\"image\":{\"@type\":\"ImageObject\",\"inLanguage\":\"pt-PT\",\"@id\":\"https:\/\/tremdavale.org\/pt\/#\/schema\/person\/image\/\",\"url\":\"https:\/\/secure.gravatar.com\/avatar\/b3564f0fda6ea47959fe96a4217203e79a167568a37409758659bc3ba443b452?s=96&d=mm&r=g\",\"contentUrl\":\"https:\/\/secure.gravatar.com\/avatar\/b3564f0fda6ea47959fe96a4217203e79a167568a37409758659bc3ba443b452?s=96&d=mm&r=g\",\"caption\":\"admin\"},\"sameAs\":[\"https:\/\/tremdavale.org\"],\"url\":\"https:\/\/tremdavale.org\/pt\/author\/admin\/\"}]}<\/script>\n<!-- \/ Yoast SEO plugin. -->","yoast_head_json":{"title":"Natal nas Esta\u00e7\u00f5es &#8212; Trem da Vale","robots":{"index":"index","follow":"follow","max-snippet":"max-snippet:-1","max-image-preview":"max-image-preview:large","max-video-preview":"max-video-preview:-1"},"canonical":"https:\/\/tremdavale.org\/pt\/natal-nas-estacoes\/","og_locale":"pt_PT","og_type":"article","og_title":"Natal nas Esta\u00e7\u00f5es &#8212; Trem da Vale","og_description":"Convite Natal nas Esta\u00e7\u00f5es &nbsp; O Programa de Educa\u00e7\u00e3o Patrimonial Trem da Vale tem a satisfa\u00e7\u00e3o de convid\u00e1-lo(a) para o Natal nas Esta\u00e7\u00f5es, que ser\u00e1 realizado no per\u00edodo de 03 a 19 de dezembro de 2010, nas Esta\u00e7\u00f5es Ferrovi\u00e1rias de Mariana e de Ouro Preto.","og_url":"https:\/\/tremdavale.org\/pt\/natal-nas-estacoes\/","og_site_name":"Trem da Vale","article_published_time":"2011-09-12T01:16:00+00:00","article_modified_time":"2025-10-10T11:57:00+00:00","og_image":[{"width":300,"height":181,"url":"https:\/\/tremdavale.org\/wp-content\/uploads\/imagem-natal-nas-estacoes2-300x181.jpg","type":"image\/jpeg"}],"author":"admin","twitter_card":"summary_large_image","twitter_misc":{"Escrito por":"admin","Tempo estimado de leitura":"2 minutos"},"schema":{"@context":"https:\/\/schema.org","@graph":[{"@type":"WebPage","@id":"https:\/\/tremdavale.org\/pt\/natal-nas-estacoes\/","url":"https:\/\/tremdavale.org\/pt\/natal-nas-estacoes\/","name":"Natal nas Esta\u00e7\u00f5es &#8212; Trem da Vale","isPartOf":{"@id":"https:\/\/tremdavale.org\/pt\/#website"},"primaryImageOfPage":{"@id":"https:\/\/tremdavale.org\/pt\/natal-nas-estacoes\/#primaryimage"},"image":{"@id":"https:\/\/tremdavale.org\/pt\/natal-nas-estacoes\/#primaryimage"},"thumbnailUrl":"https:\/\/tremdavale.org\/wp-content\/uploads\/imagem-natal-nas-estacoes2-300x181.jpg","datePublished":"2011-09-12T01:16:00+00:00","dateModified":"2025-10-10T11:57:00+00:00","author":{"@id":"https:\/\/tremdavale.org\/pt\/#\/schema\/person\/50912137d47426d31329f246d02eaeca"},"breadcrumb":{"@id":"https:\/\/tremdavale.org\/pt\/natal-nas-estacoes\/#breadcrumb"},"inLanguage":"pt-PT","potentialAction":[{"@type":"ReadAction","target":["https:\/\/tremdavale.org\/pt\/natal-nas-estacoes\/"]}]},{"@type":"ImageObject","inLanguage":"pt-PT","@id":"https:\/\/tremdavale.org\/pt\/natal-nas-estacoes\/#primaryimage","url":"https:\/\/tremdavale.org\/wp-content\/uploads\/imagem-natal-nas-estacoes2-300x181.jpg","contentUrl":"https:\/\/tremdavale.org\/wp-content\/uploads\/imagem-natal-nas-estacoes2-300x181.jpg","width":300,"height":181},{"@type":"BreadcrumbList","@id":"https:\/\/tremdavale.org\/pt\/natal-nas-estacoes\/#breadcrumb","itemListElement":[{"@type":"ListItem","position":1,"name":"In\u00edcio","item":"https:\/\/tremdavale.org\/pt\/"},{"@type":"ListItem","position":2,"name":"Natal nas Esta\u00e7\u00f5es"}]},{"@type":"WebSite","@id":"https:\/\/tremdavale.org\/pt\/#website","url":"https:\/\/tremdavale.org\/pt\/","name":"Trem da Vale","description":"Programa de Educa\u00e7\u00e3o Patrimonial","potentialAction":[{"@type":"SearchAction","target":{"@type":"EntryPoint","urlTemplate":"https:\/\/tremdavale.org\/pt\/?s={search_term_string}"},"query-input":{"@type":"PropertyValueSpecification","valueRequired":true,"valueName":"search_term_string"}}],"inLanguage":"pt-PT"},{"@type":"Person","@id":"https:\/\/tremdavale.org\/pt\/#\/schema\/person\/50912137d47426d31329f246d02eaeca","name":"admin","image":{"@type":"ImageObject","inLanguage":"pt-PT","@id":"https:\/\/tremdavale.org\/pt\/#\/schema\/person\/image\/","url":"https:\/\/secure.gravatar.com\/avatar\/b3564f0fda6ea47959fe96a4217203e79a167568a37409758659bc3ba443b452?s=96&d=mm&r=g","contentUrl":"https:\/\/secure.gravatar.com\/avatar\/b3564f0fda6ea47959fe96a4217203e79a167568a37409758659bc3ba443b452?s=96&d=mm&r=g","caption":"admin"},"sameAs":["https:\/\/tremdavale.org"],"url":"https:\/\/tremdavale.org\/pt\/author\/admin\/"}]}},"_links":{"self":[{"href":"https:\/\/tremdavale.org\/pt\/wp-json\/wp\/v2\/posts\/210","targetHints":{"allow":["GET"]}}],"collection":[{"href":"https:\/\/tremdavale.org\/pt\/wp-json\/wp\/v2\/posts"}],"about":[{"href":"https:\/\/tremdavale.org\/pt\/wp-json\/wp\/v2\/types\/post"}],"author":[{"embeddable":true,"href":"https:\/\/tremdavale.org\/pt\/wp-json\/wp\/v2\/users\/1"}],"replies":[{"embeddable":true,"href":"https:\/\/tremdavale.org\/pt\/wp-json\/wp\/v2\/comments?post=210"}],"version-history":[{"count":0,"href":"https:\/\/tremdavale.org\/pt\/wp-json\/wp\/v2\/posts\/210\/revisions"}],"wp:featuredmedia":[{"embeddable":true,"href":"https:\/\/tremdavale.org\/pt\/wp-json\/wp\/v2\/media\/470"}],"wp:attachment":[{"href":"https:\/\/tremdavale.org\/pt\/wp-json\/wp\/v2\/media?parent=210"}],"wp:term":[{"taxonomy":"category","embeddable":true,"href":"https:\/\/tremdavale.org\/pt\/wp-json\/wp\/v2\/categories?post=210"},{"taxonomy":"post_tag","embeddable":true,"href":"https:\/\/tremdavale.org\/pt\/wp-json\/wp\/v2\/tags?post=210"}],"curies":[{"name":"wp","href":"https:\/\/api.w.org\/{rel}","templated":true}]}}