{"id":214,"date":"2013-08-25T05:12:00","date_gmt":"2013-08-25T05:12:00","guid":{"rendered":"https:\/\/tremdavale.org\/?p=214"},"modified":"2025-10-10T11:57:00","modified_gmt":"2025-10-10T11:57:00","slug":"nucleo-de-audiovisual-realiza-gravacao-da-videocabine-datas-comemorativas-dia-do-mestre-ataide","status":"publish","type":"post","link":"https:\/\/tremdavale.org\/pt\/nucleo-de-audiovisual-realiza-gravacao-da-videocabine-datas-comemorativas-dia-do-mestre-ataide\/","title":{"rendered":"N\u00facleo de Audiovisual realiza grava\u00e7\u00e3o da Videocabine \u201cDATAS COMEMORATIVAS \u2013 Dia do Mestre Ata\u00edde\u201d"},"content":{"rendered":"<p><img loading=\"lazy\" decoding=\"async\" class=\"size-medium\" title=\"01-vc-dia-mestre-atai_de-ma-marianne-191011\" src=\"\/wp-content\/uploads\/01-vc-dia-mestre-atai_de-ma-marianne-191011-300x199.jpg\" alt=\"A cabine de depoimentos do Vale Registrar sendo montada na Pra\u00e7a Gomes Freire, em Mariana. Foto: Marianne Fonseca \" width=\"300\" height=\"199\"><\/p>\n<p>A cabine de depoimentos do Vale Registrar sendo montada na Pra\u00e7a Gomes Freire, em Mariana. Foto: Marianne Fonseca<\/p>\n<p>&nbsp;<\/p>\n<p>Nos dias 19 e 21 de outubro de 2011 o N\u00facleo de Audiovisual do Vale Registrar realizou a grava\u00e7\u00e3o da Videocabine com o tema: \u201cDATAS COMEMORATIVAS &#8211; Dia do Mestre Ata\u00edde\u201d.<\/p>\n<p>A cabine de depoimentos foi montada na Pra\u00e7a Gomes Freire, no centro de Mariana. <a name=\"_GoBack\" id=\"_GoBack\"><\/a>A equipe do Vale Registrar realizou a grava\u00e7\u00e3o de depoimentos, pr\u00f3ximo ao coreto da pra\u00e7a, lugar de maior movimento, facilitando a visibilidade da videocabine. Durantes as grava\u00e7\u00f5es aconteceu o Cortejo Cultural do Festival Inconfidentes, onde alguns dos participantes prestaram depoimento.<\/p>\n<p>&nbsp;<\/p>\n<p><img loading=\"lazy\" decoding=\"async\" class=\"size-medium\" title=\"03-vc-dia-mestre-atai_de-ma-marianne-211011\" src=\"\/wp-content\/uploads\/03-vc-dia-mestre-atai_de-ma-marianne-211011-300x199.jpg\" alt=\"O depoente Leonardo Moyle Ba\u00eata, preenche o Termo de Autoriza\u00e7\u00e3o para uso de imagem, orientado por Cristiane Evangelista, da equipe do Apoio T\u00e9cnico-Administrativo do Vale Registrar, na Pra\u00e7a Gomes Freire, em Mariana. Foto: Marianne Fonseca \" width=\"300\" height=\"199\"><\/p>\n<p>O depoente Leonardo Moyle Ba\u00eata, preenche o Termo de Autoriza\u00e7\u00e3o para uso de imagem, orientado por Cristiane Evangelista, da equipe do Apoio T\u00e9cnico-Administrativo do Vale Registrar, na Pra\u00e7a Gomes Freire, em Mariana. Foto: Marianne Fonseca<\/p>\n<p>&nbsp;<\/p>\n<p>Dentre os 13 depoimentos gravados, destaca-se o do professor de Hist\u00f3ria da Arte da UFOP, Jos\u00e9 Arnaldo Co\u00ealho de Aguiar Lima: \u201c<em>Manoel da Costa Ata\u00edde \u00e9 considerado um dos mais importantes artistas pl\u00e1sticos trabalhando em Minas Gerais no s\u00e9culo XVIII. Compete em p\u00e9 de igualdade com v\u00e1rios daqueles que, naquele momento, tamb\u00e9m estavam trabalhando em Portugal, Espanha e no restante da Europa\u201d<\/em>.<\/p>\n<p>&nbsp;<\/p>\n<p><img loading=\"lazy\" decoding=\"async\" class=\"size-medium\" title=\"02-vc-dia-mestre-atai_de-ma-marianne-191011\" src=\"\/wp-content\/uploads\/02-vc-dia-mestre-atai_de-ma-marianne-191011-300x199.jpg\" alt=\"Marcello Nicolato, do N\u00facleo de Audiovisual do Vale Registrar, grava o depoimento de Margarete de Castro Amaral, fotografado por Wesley Maur\u00edcio do N\u00facleo Audiovisual, na Pra\u00e7a Gomes Freire, em Mariana. Foto: Marianne Fonseca \" width=\"300\" height=\"199\"><\/p>\n<p>Marcello Nicolato, do N\u00facleo de Audiovisual do Vale Registrar, grava o depoimento de Margarete de Castro Amaral, fotografado por Wesley Maur\u00edcio do N\u00facleo Audiovisual, na Pra\u00e7a Gomes Freire, em Mariana. Foto: Marianne Fonseca<\/p>\n<p>&nbsp;<\/p>\n","protected":false},"excerpt":{"rendered":"<p>A cabine de depoimentos do Vale Registrar sendo montada na Pra\u00e7a Gomes Freire, em Mariana. Foto: Marianne Fonseca &nbsp; Nos dias 19 e 21 de outubro de 2011 o N\u00facleo de Audiovisual do Vale Registrar realizou a grava\u00e7\u00e3o da Videocabine com o tema: \u201cDATAS COMEMORATIVAS &#8211; Dia do Mestre Ata\u00edde\u201d. &hellip;<\/p>\n","protected":false},"author":1,"featured_media":473,"comment_status":"open","ping_status":"closed","sticky":false,"template":"","format":"standard","meta":{"footnotes":""},"categories":[2],"tags":[],"class_list":["post-214","post","type-post","status-publish","format-standard","has-post-thumbnail","hentry","category-destaques-home"],"yoast_head":"<!-- This site is optimized with the Yoast SEO plugin v26.1.1 - https:\/\/yoast.com\/wordpress\/plugins\/seo\/ -->\n<title>N\u00facleo de Audiovisual realiza grava\u00e7\u00e3o da Videocabine \u201cDATAS COMEMORATIVAS \u2013 Dia do Mestre Ata\u00edde\u201d &#8212; Trem da Vale<\/title>\n<meta name=\"robots\" content=\"index, follow, max-snippet:-1, max-image-preview:large, max-video-preview:-1\" \/>\n<link rel=\"canonical\" href=\"https:\/\/tremdavale.org\/pt\/nucleo-de-audiovisual-realiza-gravacao-da-videocabine-datas-comemorativas-dia-do-mestre-ataide\/\" \/>\n<meta property=\"og:locale\" content=\"pt_PT\" \/>\n<meta property=\"og:type\" content=\"article\" \/>\n<meta property=\"og:title\" content=\"N\u00facleo de Audiovisual realiza grava\u00e7\u00e3o da Videocabine \u201cDATAS COMEMORATIVAS \u2013 Dia do Mestre Ata\u00edde\u201d &#8212; Trem da Vale\" \/>\n<meta property=\"og:description\" content=\"A cabine de depoimentos do Vale Registrar sendo montada na Pra\u00e7a Gomes Freire, em Mariana. Foto: Marianne Fonseca &nbsp; Nos dias 19 e 21 de outubro de 2011 o N\u00facleo de Audiovisual do Vale Registrar realizou a grava\u00e7\u00e3o da Videocabine com o tema: \u201cDATAS COMEMORATIVAS &#8211; Dia do Mestre Ata\u00edde\u201d. &hellip;\" \/>\n<meta property=\"og:url\" content=\"https:\/\/tremdavale.org\/pt\/nucleo-de-audiovisual-realiza-gravacao-da-videocabine-datas-comemorativas-dia-do-mestre-ataide\/\" \/>\n<meta property=\"og:site_name\" content=\"Trem da Vale\" \/>\n<meta property=\"article:published_time\" content=\"2013-08-25T05:12:00+00:00\" \/>\n<meta property=\"article:modified_time\" content=\"2025-10-10T11:57:00+00:00\" \/>\n<meta property=\"og:image\" content=\"https:\/\/tremdavale.org\/wp-content\/uploads\/01-vc-dia-mestre-atai_de-ma-marianne-191011-300x199.jpg\" \/>\n\t<meta property=\"og:image:width\" content=\"300\" \/>\n\t<meta property=\"og:image:height\" content=\"199\" \/>\n\t<meta property=\"og:image:type\" content=\"image\/jpeg\" \/>\n<meta name=\"author\" content=\"admin\" \/>\n<meta name=\"twitter:card\" content=\"summary_large_image\" \/>\n<meta name=\"twitter:label1\" content=\"Escrito por\" \/>\n\t<meta name=\"twitter:data1\" content=\"admin\" \/>\n\t<meta name=\"twitter:label2\" content=\"Tempo estimado de leitura\" \/>\n\t<meta name=\"twitter:data2\" content=\"1 minuto\" \/>\n<script type=\"application\/ld+json\" class=\"yoast-schema-graph\">{\"@context\":\"https:\/\/schema.org\",\"@graph\":[{\"@type\":\"WebPage\",\"@id\":\"https:\/\/tremdavale.org\/pt\/nucleo-de-audiovisual-realiza-gravacao-da-videocabine-datas-comemorativas-dia-do-mestre-ataide\/\",\"url\":\"https:\/\/tremdavale.org\/pt\/nucleo-de-audiovisual-realiza-gravacao-da-videocabine-datas-comemorativas-dia-do-mestre-ataide\/\",\"name\":\"N\u00facleo de Audiovisual realiza grava\u00e7\u00e3o da Videocabine \u201cDATAS COMEMORATIVAS \u2013 Dia do Mestre Ata\u00edde\u201d &#8212; Trem da Vale\",\"isPartOf\":{\"@id\":\"https:\/\/tremdavale.org\/pt\/#website\"},\"primaryImageOfPage\":{\"@id\":\"https:\/\/tremdavale.org\/pt\/nucleo-de-audiovisual-realiza-gravacao-da-videocabine-datas-comemorativas-dia-do-mestre-ataide\/#primaryimage\"},\"image\":{\"@id\":\"https:\/\/tremdavale.org\/pt\/nucleo-de-audiovisual-realiza-gravacao-da-videocabine-datas-comemorativas-dia-do-mestre-ataide\/#primaryimage\"},\"thumbnailUrl\":\"https:\/\/tremdavale.org\/wp-content\/uploads\/01-vc-dia-mestre-atai_de-ma-marianne-191011-300x199.jpg\",\"datePublished\":\"2013-08-25T05:12:00+00:00\",\"dateModified\":\"2025-10-10T11:57:00+00:00\",\"author\":{\"@id\":\"https:\/\/tremdavale.org\/pt\/#\/schema\/person\/50912137d47426d31329f246d02eaeca\"},\"breadcrumb\":{\"@id\":\"https:\/\/tremdavale.org\/pt\/nucleo-de-audiovisual-realiza-gravacao-da-videocabine-datas-comemorativas-dia-do-mestre-ataide\/#breadcrumb\"},\"inLanguage\":\"pt-PT\",\"potentialAction\":[{\"@type\":\"ReadAction\",\"target\":[\"https:\/\/tremdavale.org\/pt\/nucleo-de-audiovisual-realiza-gravacao-da-videocabine-datas-comemorativas-dia-do-mestre-ataide\/\"]}]},{\"@type\":\"ImageObject\",\"inLanguage\":\"pt-PT\",\"@id\":\"https:\/\/tremdavale.org\/pt\/nucleo-de-audiovisual-realiza-gravacao-da-videocabine-datas-comemorativas-dia-do-mestre-ataide\/#primaryimage\",\"url\":\"https:\/\/tremdavale.org\/wp-content\/uploads\/01-vc-dia-mestre-atai_de-ma-marianne-191011-300x199.jpg\",\"contentUrl\":\"https:\/\/tremdavale.org\/wp-content\/uploads\/01-vc-dia-mestre-atai_de-ma-marianne-191011-300x199.jpg\",\"width\":300,\"height\":199},{\"@type\":\"BreadcrumbList\",\"@id\":\"https:\/\/tremdavale.org\/pt\/nucleo-de-audiovisual-realiza-gravacao-da-videocabine-datas-comemorativas-dia-do-mestre-ataide\/#breadcrumb\",\"itemListElement\":[{\"@type\":\"ListItem\",\"position\":1,\"name\":\"In\u00edcio\",\"item\":\"https:\/\/tremdavale.org\/pt\/\"},{\"@type\":\"ListItem\",\"position\":2,\"name\":\"N\u00facleo de Audiovisual realiza grava\u00e7\u00e3o da Videocabine \u201cDATAS COMEMORATIVAS \u2013 Dia do Mestre Ata\u00edde\u201d\"}]},{\"@type\":\"WebSite\",\"@id\":\"https:\/\/tremdavale.org\/pt\/#website\",\"url\":\"https:\/\/tremdavale.org\/pt\/\",\"name\":\"Trem da Vale\",\"description\":\"Programa de Educa\u00e7\u00e3o Patrimonial\",\"potentialAction\":[{\"@type\":\"SearchAction\",\"target\":{\"@type\":\"EntryPoint\",\"urlTemplate\":\"https:\/\/tremdavale.org\/pt\/?s={search_term_string}\"},\"query-input\":{\"@type\":\"PropertyValueSpecification\",\"valueRequired\":true,\"valueName\":\"search_term_string\"}}],\"inLanguage\":\"pt-PT\"},{\"@type\":\"Person\",\"@id\":\"https:\/\/tremdavale.org\/pt\/#\/schema\/person\/50912137d47426d31329f246d02eaeca\",\"name\":\"admin\",\"image\":{\"@type\":\"ImageObject\",\"inLanguage\":\"pt-PT\",\"@id\":\"https:\/\/tremdavale.org\/pt\/#\/schema\/person\/image\/\",\"url\":\"https:\/\/secure.gravatar.com\/avatar\/b3564f0fda6ea47959fe96a4217203e79a167568a37409758659bc3ba443b452?s=96&d=mm&r=g\",\"contentUrl\":\"https:\/\/secure.gravatar.com\/avatar\/b3564f0fda6ea47959fe96a4217203e79a167568a37409758659bc3ba443b452?s=96&d=mm&r=g\",\"caption\":\"admin\"},\"sameAs\":[\"https:\/\/tremdavale.org\"],\"url\":\"https:\/\/tremdavale.org\/pt\/author\/admin\/\"}]}<\/script>\n<!-- \/ Yoast SEO plugin. -->","yoast_head_json":{"title":"N\u00facleo de Audiovisual realiza grava\u00e7\u00e3o da Videocabine \u201cDATAS COMEMORATIVAS \u2013 Dia do Mestre Ata\u00edde\u201d &#8212; Trem da Vale","robots":{"index":"index","follow":"follow","max-snippet":"max-snippet:-1","max-image-preview":"max-image-preview:large","max-video-preview":"max-video-preview:-1"},"canonical":"https:\/\/tremdavale.org\/pt\/nucleo-de-audiovisual-realiza-gravacao-da-videocabine-datas-comemorativas-dia-do-mestre-ataide\/","og_locale":"pt_PT","og_type":"article","og_title":"N\u00facleo de Audiovisual realiza grava\u00e7\u00e3o da Videocabine \u201cDATAS COMEMORATIVAS \u2013 Dia do Mestre Ata\u00edde\u201d &#8212; Trem da Vale","og_description":"A cabine de depoimentos do Vale Registrar sendo montada na Pra\u00e7a Gomes Freire, em Mariana. Foto: Marianne Fonseca &nbsp; Nos dias 19 e 21 de outubro de 2011 o N\u00facleo de Audiovisual do Vale Registrar realizou a grava\u00e7\u00e3o da Videocabine com o tema: \u201cDATAS COMEMORATIVAS &#8211; Dia do Mestre Ata\u00edde\u201d. &hellip;","og_url":"https:\/\/tremdavale.org\/pt\/nucleo-de-audiovisual-realiza-gravacao-da-videocabine-datas-comemorativas-dia-do-mestre-ataide\/","og_site_name":"Trem da Vale","article_published_time":"2013-08-25T05:12:00+00:00","article_modified_time":"2025-10-10T11:57:00+00:00","og_image":[{"width":300,"height":199,"url":"https:\/\/tremdavale.org\/wp-content\/uploads\/01-vc-dia-mestre-atai_de-ma-marianne-191011-300x199.jpg","type":"image\/jpeg"}],"author":"admin","twitter_card":"summary_large_image","twitter_misc":{"Escrito por":"admin","Tempo estimado de leitura":"1 minuto"},"schema":{"@context":"https:\/\/schema.org","@graph":[{"@type":"WebPage","@id":"https:\/\/tremdavale.org\/pt\/nucleo-de-audiovisual-realiza-gravacao-da-videocabine-datas-comemorativas-dia-do-mestre-ataide\/","url":"https:\/\/tremdavale.org\/pt\/nucleo-de-audiovisual-realiza-gravacao-da-videocabine-datas-comemorativas-dia-do-mestre-ataide\/","name":"N\u00facleo de Audiovisual realiza grava\u00e7\u00e3o da Videocabine \u201cDATAS COMEMORATIVAS \u2013 Dia do Mestre Ata\u00edde\u201d &#8212; Trem da Vale","isPartOf":{"@id":"https:\/\/tremdavale.org\/pt\/#website"},"primaryImageOfPage":{"@id":"https:\/\/tremdavale.org\/pt\/nucleo-de-audiovisual-realiza-gravacao-da-videocabine-datas-comemorativas-dia-do-mestre-ataide\/#primaryimage"},"image":{"@id":"https:\/\/tremdavale.org\/pt\/nucleo-de-audiovisual-realiza-gravacao-da-videocabine-datas-comemorativas-dia-do-mestre-ataide\/#primaryimage"},"thumbnailUrl":"https:\/\/tremdavale.org\/wp-content\/uploads\/01-vc-dia-mestre-atai_de-ma-marianne-191011-300x199.jpg","datePublished":"2013-08-25T05:12:00+00:00","dateModified":"2025-10-10T11:57:00+00:00","author":{"@id":"https:\/\/tremdavale.org\/pt\/#\/schema\/person\/50912137d47426d31329f246d02eaeca"},"breadcrumb":{"@id":"https:\/\/tremdavale.org\/pt\/nucleo-de-audiovisual-realiza-gravacao-da-videocabine-datas-comemorativas-dia-do-mestre-ataide\/#breadcrumb"},"inLanguage":"pt-PT","potentialAction":[{"@type":"ReadAction","target":["https:\/\/tremdavale.org\/pt\/nucleo-de-audiovisual-realiza-gravacao-da-videocabine-datas-comemorativas-dia-do-mestre-ataide\/"]}]},{"@type":"ImageObject","inLanguage":"pt-PT","@id":"https:\/\/tremdavale.org\/pt\/nucleo-de-audiovisual-realiza-gravacao-da-videocabine-datas-comemorativas-dia-do-mestre-ataide\/#primaryimage","url":"https:\/\/tremdavale.org\/wp-content\/uploads\/01-vc-dia-mestre-atai_de-ma-marianne-191011-300x199.jpg","contentUrl":"https:\/\/tremdavale.org\/wp-content\/uploads\/01-vc-dia-mestre-atai_de-ma-marianne-191011-300x199.jpg","width":300,"height":199},{"@type":"BreadcrumbList","@id":"https:\/\/tremdavale.org\/pt\/nucleo-de-audiovisual-realiza-gravacao-da-videocabine-datas-comemorativas-dia-do-mestre-ataide\/#breadcrumb","itemListElement":[{"@type":"ListItem","position":1,"name":"In\u00edcio","item":"https:\/\/tremdavale.org\/pt\/"},{"@type":"ListItem","position":2,"name":"N\u00facleo de Audiovisual realiza grava\u00e7\u00e3o da Videocabine \u201cDATAS COMEMORATIVAS \u2013 Dia do Mestre Ata\u00edde\u201d"}]},{"@type":"WebSite","@id":"https:\/\/tremdavale.org\/pt\/#website","url":"https:\/\/tremdavale.org\/pt\/","name":"Trem da Vale","description":"Programa de Educa\u00e7\u00e3o Patrimonial","potentialAction":[{"@type":"SearchAction","target":{"@type":"EntryPoint","urlTemplate":"https:\/\/tremdavale.org\/pt\/?s={search_term_string}"},"query-input":{"@type":"PropertyValueSpecification","valueRequired":true,"valueName":"search_term_string"}}],"inLanguage":"pt-PT"},{"@type":"Person","@id":"https:\/\/tremdavale.org\/pt\/#\/schema\/person\/50912137d47426d31329f246d02eaeca","name":"admin","image":{"@type":"ImageObject","inLanguage":"pt-PT","@id":"https:\/\/tremdavale.org\/pt\/#\/schema\/person\/image\/","url":"https:\/\/secure.gravatar.com\/avatar\/b3564f0fda6ea47959fe96a4217203e79a167568a37409758659bc3ba443b452?s=96&d=mm&r=g","contentUrl":"https:\/\/secure.gravatar.com\/avatar\/b3564f0fda6ea47959fe96a4217203e79a167568a37409758659bc3ba443b452?s=96&d=mm&r=g","caption":"admin"},"sameAs":["https:\/\/tremdavale.org"],"url":"https:\/\/tremdavale.org\/pt\/author\/admin\/"}]}},"_links":{"self":[{"href":"https:\/\/tremdavale.org\/pt\/wp-json\/wp\/v2\/posts\/214","targetHints":{"allow":["GET"]}}],"collection":[{"href":"https:\/\/tremdavale.org\/pt\/wp-json\/wp\/v2\/posts"}],"about":[{"href":"https:\/\/tremdavale.org\/pt\/wp-json\/wp\/v2\/types\/post"}],"author":[{"embeddable":true,"href":"https:\/\/tremdavale.org\/pt\/wp-json\/wp\/v2\/users\/1"}],"replies":[{"embeddable":true,"href":"https:\/\/tremdavale.org\/pt\/wp-json\/wp\/v2\/comments?post=214"}],"version-history":[{"count":0,"href":"https:\/\/tremdavale.org\/pt\/wp-json\/wp\/v2\/posts\/214\/revisions"}],"wp:featuredmedia":[{"embeddable":true,"href":"https:\/\/tremdavale.org\/pt\/wp-json\/wp\/v2\/media\/473"}],"wp:attachment":[{"href":"https:\/\/tremdavale.org\/pt\/wp-json\/wp\/v2\/media?parent=214"}],"wp:term":[{"taxonomy":"category","embeddable":true,"href":"https:\/\/tremdavale.org\/pt\/wp-json\/wp\/v2\/categories?post=214"},{"taxonomy":"post_tag","embeddable":true,"href":"https:\/\/tremdavale.org\/pt\/wp-json\/wp\/v2\/tags?post=214"}],"curies":[{"name":"wp","href":"https:\/\/api.w.org\/{rel}","templated":true}]}}