{"id":215,"date":"2013-08-25T05:12:00","date_gmt":"2013-08-25T05:12:00","guid":{"rendered":"https:\/\/tremdavale.org\/?p=215"},"modified":"2025-10-10T11:57:00","modified_gmt":"2025-10-10T11:57:00","slug":"nucleo-de-audiovisual-realiza-gravacao-da-videocabine-datas-comemorativas-dia-de-nossa-senhora-do-rosario-em-mariana","status":"publish","type":"post","link":"https:\/\/tremdavale.org\/pt\/nucleo-de-audiovisual-realiza-gravacao-da-videocabine-datas-comemorativas-dia-de-nossa-senhora-do-rosario-em-mariana\/","title":{"rendered":"N\u00facleo de Audiovisual realiza grava\u00e7\u00e3o da Videocabine \u201cDATAS COMEMORATIVAS \u2013 Dia de Nossa Senhora do Ros\u00e1rio\u201d em Mariana"},"content":{"rendered":"<p>No dia 08 de setembro de 2011, o N\u00facleo de Audiovisual do Vale Registrar realizou a grava\u00e7\u00e3o da Videocabine com o tema: \u201cDATAS COMEMORATIVAS &#8211; Dia de Nossa Senhora do Ros\u00e1rio\u201d.<\/p>\n<p>A cabine de depoimentos foi montada no adro da Igreja Nossa Senhora do Ros\u00e1rio dos Pretos, no bairro Ros\u00e1rio, em Mariana. A equipe do Vale Registrar iniciou a grava\u00e7\u00e3o dos depoimentos de alguns dos fi\u00e9is que chegavam para assistirem \u00e0 missa na igreja.<\/p>\n<p>&nbsp;<\/p>\n<p><img loading=\"lazy\" decoding=\"async\" class=\"size-medium\" title=\"01dia-de-ns-rosa_rio-ma\" src=\"\/wp-content\/uploads\/01dia-de-ns-rosa_rio-ma-199x300.jpg\" alt=\"Montagem da Videocabine por Marcello Nicolato, Cristiane Evangelista e Wesley Mauricio, no adro da Igreja Nossa Senhora do Ros\u00e1rio dos Pretos, em Mariana. Foto: Marianne Fonseca \" width=\"199\" height=\"300\"><\/p>\n<p>Montagem da Videocabine por Marcello Nicolato, Cristiane Evangelista e Wesley Mauricio, no adro da Igreja Nossa Senhora do Ros\u00e1rio dos Pretos, em Mariana. Foto: Marianne Fonseca<\/p>\n<p>&nbsp;<\/p>\n<p>Dos 10 depoimentos gravados, ressalta-se o da moradora de Mariana, Alet\u00e9ia do Carmo Patroc\u00ednio: \u201cPara os cat\u00f3licos que moram aqui essa data \u00e9 mais que especial e todos se re\u00fanem para estar celebrando; com certeza, porque, al\u00e9m da devo\u00e7\u00e3o de Nossa Senhora, \u00e9 ela quem batiza o bairro. Ent\u00e3o, a gente est\u00e1 sob o manto de Nossa Senhora do Ros\u00e1rio\u201d.<\/p>\n<p>&nbsp;<\/p>\n<p><img loading=\"lazy\" decoding=\"async\" class=\"size-medium\" title=\"02dia-de-ns-rosa_rio-ma\" src=\"\/wp-content\/uploads\/02dia-de-ns-rosa_rio-ma-300x199.jpg\" alt=\"Marcello Nicolato, do N\u00facleo de Audiovisual do Vale Registrar, grava o depoimento do senhor Oswaldo Raimundo da Silva, no adro da Igreja Nossa Senhora do Ros\u00e1rio dos Pretos, em Mariana. Foto: Marianne Fonseca \" width=\"300\" height=\"199\"><\/p>\n<p>Marcello Nicolato, do N\u00facleo de Audiovisual do Vale Registrar, grava o depoimento do senhor Oswaldo Raimundo da Silva, no adro da Igreja Nossa Senhora do Ros\u00e1rio dos Pretos, em Mariana. Foto: Marianne Fonseca<\/p>\n<p>&nbsp;<\/p>\n<p>No dia seguinte, em 09 de setembro, parte da equipe do n\u00facleo retornou ao bairro Ros\u00e1rio, para fazer o registro videogr\u00e1fico da prociss\u00e3o de Nossa Senhora do Ros\u00e1rio.<\/p>\n<p>&nbsp;<\/p>\n<p><img loading=\"lazy\" decoding=\"async\" class=\"size-medium\" title=\"03-vc-diansrarosa_rio-ma-marianne-081011\" src=\"\/wp-content\/uploads\/03-vc-diansrarosa_rio-ma-marianne-081011-300x199.jpg\" alt=\"Cristiane Evangelista preenche os dados pessoais do Termo de Autoriza\u00e7\u00e3o para uso de imagem da depoente Ana Maria de Lima Pinto, no adro da Igreja Nossa Senhora do Ros\u00e1rio dos Pretos, no bairro Ros\u00e1rio, em Mariana. Foto: Marianne Fonseca\" width=\"300\" height=\"199\"><\/p>\n<p>Cristiane Evangelista preenche os dados pessoais do Termo de Autoriza\u00e7\u00e3o para uso de imagem da depoente Ana Maria de Lima Pinto, no adro da Igreja Nossa Senhora do Ros\u00e1rio dos Pretos, no bairro Ros\u00e1rio, em Mariana. Foto: Marianne Fonseca<\/p>\n<p>&nbsp;<\/p>\n","protected":false},"excerpt":{"rendered":"<p>No dia 08 de setembro de 2011, o N\u00facleo de Audiovisual do Vale Registrar realizou a grava\u00e7\u00e3o da Videocabine com o tema: \u201cDATAS COMEMORATIVAS &#8211; Dia de Nossa Senhora do Ros\u00e1rio\u201d. A cabine de depoimentos foi montada no adro da Igreja Nossa Senhora do Ros\u00e1rio dos Pretos, no bairro Ros\u00e1rio, &hellip;<\/p>\n","protected":false},"author":1,"featured_media":474,"comment_status":"open","ping_status":"closed","sticky":false,"template":"","format":"standard","meta":{"footnotes":""},"categories":[3],"tags":[],"class_list":["post-215","post","type-post","status-publish","format-standard","has-post-thumbnail","hentry","category-noticias"],"yoast_head":"<!-- This site is optimized with the Yoast SEO plugin v26.1.1 - https:\/\/yoast.com\/wordpress\/plugins\/seo\/ -->\n<title>N\u00facleo de Audiovisual realiza grava\u00e7\u00e3o da Videocabine \u201cDATAS COMEMORATIVAS \u2013 Dia de Nossa Senhora do Ros\u00e1rio\u201d em Mariana &#8212; Trem da Vale<\/title>\n<meta name=\"robots\" content=\"index, follow, max-snippet:-1, max-image-preview:large, max-video-preview:-1\" \/>\n<link rel=\"canonical\" href=\"https:\/\/tremdavale.org\/pt\/nucleo-de-audiovisual-realiza-gravacao-da-videocabine-datas-comemorativas-dia-de-nossa-senhora-do-rosario-em-mariana\/\" \/>\n<meta property=\"og:locale\" content=\"pt_PT\" \/>\n<meta property=\"og:type\" content=\"article\" \/>\n<meta property=\"og:title\" content=\"N\u00facleo de Audiovisual realiza grava\u00e7\u00e3o da Videocabine \u201cDATAS COMEMORATIVAS \u2013 Dia de Nossa Senhora do Ros\u00e1rio\u201d em Mariana &#8212; Trem da Vale\" \/>\n<meta property=\"og:description\" content=\"No dia 08 de setembro de 2011, o N\u00facleo de Audiovisual do Vale Registrar realizou a grava\u00e7\u00e3o da Videocabine com o tema: \u201cDATAS COMEMORATIVAS &#8211; Dia de Nossa Senhora do Ros\u00e1rio\u201d. A cabine de depoimentos foi montada no adro da Igreja Nossa Senhora do Ros\u00e1rio dos Pretos, no bairro Ros\u00e1rio, &hellip;\" \/>\n<meta property=\"og:url\" content=\"https:\/\/tremdavale.org\/pt\/nucleo-de-audiovisual-realiza-gravacao-da-videocabine-datas-comemorativas-dia-de-nossa-senhora-do-rosario-em-mariana\/\" \/>\n<meta property=\"og:site_name\" content=\"Trem da Vale\" \/>\n<meta property=\"article:published_time\" content=\"2013-08-25T05:12:00+00:00\" \/>\n<meta property=\"article:modified_time\" content=\"2025-10-10T11:57:00+00:00\" \/>\n<meta property=\"og:image\" content=\"https:\/\/tremdavale.org\/wp-content\/uploads\/01dia-de-ns-rosa_rio-ma-199x300.jpg\" \/>\n\t<meta property=\"og:image:width\" content=\"199\" \/>\n\t<meta property=\"og:image:height\" content=\"300\" \/>\n\t<meta property=\"og:image:type\" content=\"image\/jpeg\" \/>\n<meta name=\"author\" content=\"admin\" \/>\n<meta name=\"twitter:card\" content=\"summary_large_image\" \/>\n<meta name=\"twitter:label1\" content=\"Escrito por\" \/>\n\t<meta name=\"twitter:data1\" content=\"admin\" \/>\n\t<meta name=\"twitter:label2\" content=\"Tempo estimado de leitura\" \/>\n\t<meta name=\"twitter:data2\" content=\"1 minuto\" \/>\n<script type=\"application\/ld+json\" class=\"yoast-schema-graph\">{\"@context\":\"https:\/\/schema.org\",\"@graph\":[{\"@type\":\"WebPage\",\"@id\":\"https:\/\/tremdavale.org\/pt\/nucleo-de-audiovisual-realiza-gravacao-da-videocabine-datas-comemorativas-dia-de-nossa-senhora-do-rosario-em-mariana\/\",\"url\":\"https:\/\/tremdavale.org\/pt\/nucleo-de-audiovisual-realiza-gravacao-da-videocabine-datas-comemorativas-dia-de-nossa-senhora-do-rosario-em-mariana\/\",\"name\":\"N\u00facleo de Audiovisual realiza grava\u00e7\u00e3o da Videocabine \u201cDATAS COMEMORATIVAS \u2013 Dia de Nossa Senhora do Ros\u00e1rio\u201d em Mariana &#8212; Trem da Vale\",\"isPartOf\":{\"@id\":\"https:\/\/tremdavale.org\/pt\/#website\"},\"primaryImageOfPage\":{\"@id\":\"https:\/\/tremdavale.org\/pt\/nucleo-de-audiovisual-realiza-gravacao-da-videocabine-datas-comemorativas-dia-de-nossa-senhora-do-rosario-em-mariana\/#primaryimage\"},\"image\":{\"@id\":\"https:\/\/tremdavale.org\/pt\/nucleo-de-audiovisual-realiza-gravacao-da-videocabine-datas-comemorativas-dia-de-nossa-senhora-do-rosario-em-mariana\/#primaryimage\"},\"thumbnailUrl\":\"https:\/\/tremdavale.org\/wp-content\/uploads\/01dia-de-ns-rosa_rio-ma-199x300.jpg\",\"datePublished\":\"2013-08-25T05:12:00+00:00\",\"dateModified\":\"2025-10-10T11:57:00+00:00\",\"author\":{\"@id\":\"https:\/\/tremdavale.org\/pt\/#\/schema\/person\/50912137d47426d31329f246d02eaeca\"},\"breadcrumb\":{\"@id\":\"https:\/\/tremdavale.org\/pt\/nucleo-de-audiovisual-realiza-gravacao-da-videocabine-datas-comemorativas-dia-de-nossa-senhora-do-rosario-em-mariana\/#breadcrumb\"},\"inLanguage\":\"pt-PT\",\"potentialAction\":[{\"@type\":\"ReadAction\",\"target\":[\"https:\/\/tremdavale.org\/pt\/nucleo-de-audiovisual-realiza-gravacao-da-videocabine-datas-comemorativas-dia-de-nossa-senhora-do-rosario-em-mariana\/\"]}]},{\"@type\":\"ImageObject\",\"inLanguage\":\"pt-PT\",\"@id\":\"https:\/\/tremdavale.org\/pt\/nucleo-de-audiovisual-realiza-gravacao-da-videocabine-datas-comemorativas-dia-de-nossa-senhora-do-rosario-em-mariana\/#primaryimage\",\"url\":\"https:\/\/tremdavale.org\/wp-content\/uploads\/01dia-de-ns-rosa_rio-ma-199x300.jpg\",\"contentUrl\":\"https:\/\/tremdavale.org\/wp-content\/uploads\/01dia-de-ns-rosa_rio-ma-199x300.jpg\",\"width\":199,\"height\":300},{\"@type\":\"BreadcrumbList\",\"@id\":\"https:\/\/tremdavale.org\/pt\/nucleo-de-audiovisual-realiza-gravacao-da-videocabine-datas-comemorativas-dia-de-nossa-senhora-do-rosario-em-mariana\/#breadcrumb\",\"itemListElement\":[{\"@type\":\"ListItem\",\"position\":1,\"name\":\"In\u00edcio\",\"item\":\"https:\/\/tremdavale.org\/pt\/\"},{\"@type\":\"ListItem\",\"position\":2,\"name\":\"N\u00facleo de Audiovisual realiza grava\u00e7\u00e3o da Videocabine \u201cDATAS COMEMORATIVAS \u2013 Dia de Nossa Senhora do Ros\u00e1rio\u201d em Mariana\"}]},{\"@type\":\"WebSite\",\"@id\":\"https:\/\/tremdavale.org\/pt\/#website\",\"url\":\"https:\/\/tremdavale.org\/pt\/\",\"name\":\"Trem da Vale\",\"description\":\"Programa de Educa\u00e7\u00e3o Patrimonial\",\"potentialAction\":[{\"@type\":\"SearchAction\",\"target\":{\"@type\":\"EntryPoint\",\"urlTemplate\":\"https:\/\/tremdavale.org\/pt\/?s={search_term_string}\"},\"query-input\":{\"@type\":\"PropertyValueSpecification\",\"valueRequired\":true,\"valueName\":\"search_term_string\"}}],\"inLanguage\":\"pt-PT\"},{\"@type\":\"Person\",\"@id\":\"https:\/\/tremdavale.org\/pt\/#\/schema\/person\/50912137d47426d31329f246d02eaeca\",\"name\":\"admin\",\"image\":{\"@type\":\"ImageObject\",\"inLanguage\":\"pt-PT\",\"@id\":\"https:\/\/tremdavale.org\/pt\/#\/schema\/person\/image\/\",\"url\":\"https:\/\/secure.gravatar.com\/avatar\/b3564f0fda6ea47959fe96a4217203e79a167568a37409758659bc3ba443b452?s=96&d=mm&r=g\",\"contentUrl\":\"https:\/\/secure.gravatar.com\/avatar\/b3564f0fda6ea47959fe96a4217203e79a167568a37409758659bc3ba443b452?s=96&d=mm&r=g\",\"caption\":\"admin\"},\"sameAs\":[\"https:\/\/tremdavale.org\"],\"url\":\"https:\/\/tremdavale.org\/pt\/author\/admin\/\"}]}<\/script>\n<!-- \/ Yoast SEO plugin. -->","yoast_head_json":{"title":"N\u00facleo de Audiovisual realiza grava\u00e7\u00e3o da Videocabine \u201cDATAS COMEMORATIVAS \u2013 Dia de Nossa Senhora do Ros\u00e1rio\u201d em Mariana &#8212; Trem da Vale","robots":{"index":"index","follow":"follow","max-snippet":"max-snippet:-1","max-image-preview":"max-image-preview:large","max-video-preview":"max-video-preview:-1"},"canonical":"https:\/\/tremdavale.org\/pt\/nucleo-de-audiovisual-realiza-gravacao-da-videocabine-datas-comemorativas-dia-de-nossa-senhora-do-rosario-em-mariana\/","og_locale":"pt_PT","og_type":"article","og_title":"N\u00facleo de Audiovisual realiza grava\u00e7\u00e3o da Videocabine \u201cDATAS COMEMORATIVAS \u2013 Dia de Nossa Senhora do Ros\u00e1rio\u201d em Mariana &#8212; Trem da Vale","og_description":"No dia 08 de setembro de 2011, o N\u00facleo de Audiovisual do Vale Registrar realizou a grava\u00e7\u00e3o da Videocabine com o tema: \u201cDATAS COMEMORATIVAS &#8211; Dia de Nossa Senhora do Ros\u00e1rio\u201d. A cabine de depoimentos foi montada no adro da Igreja Nossa Senhora do Ros\u00e1rio dos Pretos, no bairro Ros\u00e1rio, &hellip;","og_url":"https:\/\/tremdavale.org\/pt\/nucleo-de-audiovisual-realiza-gravacao-da-videocabine-datas-comemorativas-dia-de-nossa-senhora-do-rosario-em-mariana\/","og_site_name":"Trem da Vale","article_published_time":"2013-08-25T05:12:00+00:00","article_modified_time":"2025-10-10T11:57:00+00:00","og_image":[{"width":199,"height":300,"url":"https:\/\/tremdavale.org\/wp-content\/uploads\/01dia-de-ns-rosa_rio-ma-199x300.jpg","type":"image\/jpeg"}],"author":"admin","twitter_card":"summary_large_image","twitter_misc":{"Escrito por":"admin","Tempo estimado de leitura":"1 minuto"},"schema":{"@context":"https:\/\/schema.org","@graph":[{"@type":"WebPage","@id":"https:\/\/tremdavale.org\/pt\/nucleo-de-audiovisual-realiza-gravacao-da-videocabine-datas-comemorativas-dia-de-nossa-senhora-do-rosario-em-mariana\/","url":"https:\/\/tremdavale.org\/pt\/nucleo-de-audiovisual-realiza-gravacao-da-videocabine-datas-comemorativas-dia-de-nossa-senhora-do-rosario-em-mariana\/","name":"N\u00facleo de Audiovisual realiza grava\u00e7\u00e3o da Videocabine \u201cDATAS COMEMORATIVAS \u2013 Dia de Nossa Senhora do Ros\u00e1rio\u201d em Mariana &#8212; Trem da Vale","isPartOf":{"@id":"https:\/\/tremdavale.org\/pt\/#website"},"primaryImageOfPage":{"@id":"https:\/\/tremdavale.org\/pt\/nucleo-de-audiovisual-realiza-gravacao-da-videocabine-datas-comemorativas-dia-de-nossa-senhora-do-rosario-em-mariana\/#primaryimage"},"image":{"@id":"https:\/\/tremdavale.org\/pt\/nucleo-de-audiovisual-realiza-gravacao-da-videocabine-datas-comemorativas-dia-de-nossa-senhora-do-rosario-em-mariana\/#primaryimage"},"thumbnailUrl":"https:\/\/tremdavale.org\/wp-content\/uploads\/01dia-de-ns-rosa_rio-ma-199x300.jpg","datePublished":"2013-08-25T05:12:00+00:00","dateModified":"2025-10-10T11:57:00+00:00","author":{"@id":"https:\/\/tremdavale.org\/pt\/#\/schema\/person\/50912137d47426d31329f246d02eaeca"},"breadcrumb":{"@id":"https:\/\/tremdavale.org\/pt\/nucleo-de-audiovisual-realiza-gravacao-da-videocabine-datas-comemorativas-dia-de-nossa-senhora-do-rosario-em-mariana\/#breadcrumb"},"inLanguage":"pt-PT","potentialAction":[{"@type":"ReadAction","target":["https:\/\/tremdavale.org\/pt\/nucleo-de-audiovisual-realiza-gravacao-da-videocabine-datas-comemorativas-dia-de-nossa-senhora-do-rosario-em-mariana\/"]}]},{"@type":"ImageObject","inLanguage":"pt-PT","@id":"https:\/\/tremdavale.org\/pt\/nucleo-de-audiovisual-realiza-gravacao-da-videocabine-datas-comemorativas-dia-de-nossa-senhora-do-rosario-em-mariana\/#primaryimage","url":"https:\/\/tremdavale.org\/wp-content\/uploads\/01dia-de-ns-rosa_rio-ma-199x300.jpg","contentUrl":"https:\/\/tremdavale.org\/wp-content\/uploads\/01dia-de-ns-rosa_rio-ma-199x300.jpg","width":199,"height":300},{"@type":"BreadcrumbList","@id":"https:\/\/tremdavale.org\/pt\/nucleo-de-audiovisual-realiza-gravacao-da-videocabine-datas-comemorativas-dia-de-nossa-senhora-do-rosario-em-mariana\/#breadcrumb","itemListElement":[{"@type":"ListItem","position":1,"name":"In\u00edcio","item":"https:\/\/tremdavale.org\/pt\/"},{"@type":"ListItem","position":2,"name":"N\u00facleo de Audiovisual realiza grava\u00e7\u00e3o da Videocabine \u201cDATAS COMEMORATIVAS \u2013 Dia de Nossa Senhora do Ros\u00e1rio\u201d em Mariana"}]},{"@type":"WebSite","@id":"https:\/\/tremdavale.org\/pt\/#website","url":"https:\/\/tremdavale.org\/pt\/","name":"Trem da Vale","description":"Programa de Educa\u00e7\u00e3o Patrimonial","potentialAction":[{"@type":"SearchAction","target":{"@type":"EntryPoint","urlTemplate":"https:\/\/tremdavale.org\/pt\/?s={search_term_string}"},"query-input":{"@type":"PropertyValueSpecification","valueRequired":true,"valueName":"search_term_string"}}],"inLanguage":"pt-PT"},{"@type":"Person","@id":"https:\/\/tremdavale.org\/pt\/#\/schema\/person\/50912137d47426d31329f246d02eaeca","name":"admin","image":{"@type":"ImageObject","inLanguage":"pt-PT","@id":"https:\/\/tremdavale.org\/pt\/#\/schema\/person\/image\/","url":"https:\/\/secure.gravatar.com\/avatar\/b3564f0fda6ea47959fe96a4217203e79a167568a37409758659bc3ba443b452?s=96&d=mm&r=g","contentUrl":"https:\/\/secure.gravatar.com\/avatar\/b3564f0fda6ea47959fe96a4217203e79a167568a37409758659bc3ba443b452?s=96&d=mm&r=g","caption":"admin"},"sameAs":["https:\/\/tremdavale.org"],"url":"https:\/\/tremdavale.org\/pt\/author\/admin\/"}]}},"_links":{"self":[{"href":"https:\/\/tremdavale.org\/pt\/wp-json\/wp\/v2\/posts\/215","targetHints":{"allow":["GET"]}}],"collection":[{"href":"https:\/\/tremdavale.org\/pt\/wp-json\/wp\/v2\/posts"}],"about":[{"href":"https:\/\/tremdavale.org\/pt\/wp-json\/wp\/v2\/types\/post"}],"author":[{"embeddable":true,"href":"https:\/\/tremdavale.org\/pt\/wp-json\/wp\/v2\/users\/1"}],"replies":[{"embeddable":true,"href":"https:\/\/tremdavale.org\/pt\/wp-json\/wp\/v2\/comments?post=215"}],"version-history":[{"count":0,"href":"https:\/\/tremdavale.org\/pt\/wp-json\/wp\/v2\/posts\/215\/revisions"}],"wp:featuredmedia":[{"embeddable":true,"href":"https:\/\/tremdavale.org\/pt\/wp-json\/wp\/v2\/media\/474"}],"wp:attachment":[{"href":"https:\/\/tremdavale.org\/pt\/wp-json\/wp\/v2\/media?parent=215"}],"wp:term":[{"taxonomy":"category","embeddable":true,"href":"https:\/\/tremdavale.org\/pt\/wp-json\/wp\/v2\/categories?post=215"},{"taxonomy":"post_tag","embeddable":true,"href":"https:\/\/tremdavale.org\/pt\/wp-json\/wp\/v2\/tags?post=215"}],"curies":[{"name":"wp","href":"https:\/\/api.w.org\/{rel}","templated":true}]}}