{"id":217,"date":"2011-09-11T17:31:00","date_gmt":"2011-09-11T17:31:00","guid":{"rendered":"https:\/\/tremdavale.org\/?p=217"},"modified":"2025-10-10T11:57:00","modified_gmt":"2025-10-10T11:57:00","slug":"nucleo-de-audiovisual-realiza-gravacao-da-videocabine-datas-comemorativas-aniversario-de-ouro-preto","status":"publish","type":"post","link":"https:\/\/tremdavale.org\/pt\/nucleo-de-audiovisual-realiza-gravacao-da-videocabine-datas-comemorativas-aniversario-de-ouro-preto\/","title":{"rendered":"N\u00facleo de Audiovisual realiza grava\u00e7\u00e3o da Videocabine \u201cDATAS COMEMORATIVAS \u2013 Anivers\u00e1rio de Ouro Preto\u201d"},"content":{"rendered":"<p><img loading=\"lazy\" decoding=\"async\" class=\"size-medium\" title=\"01-videocabine-aniversario-de-ouro-preto\" src=\"\/wp-content\/uploads\/01-videocabine-aniversario-de-ouro-preto-300x199.jpg\" alt=\"Montagem da Videocabine por Marcello Nicolato e Wesley Mauricio, na Pra\u00e7a Tiradentes, em Ouro Preto. Foto: Marianne Fonseca \" width=\"300\" height=\"199\"><\/p>\n<p>Montagem da Videocabine por Marcello Nicolato e Wesley Mauricio, na Pra\u00e7a Tiradentes, em Ouro Preto. Foto: Marianne Fonseca<\/p>\n<p>&nbsp;<\/p>\n<p><span>O N\u00facleo de Audiovisual do Vale Registrar realizou, no dia 08 de julho de 2011, a grava\u00e7\u00e3o da Videocabine com o tema: \u201cDATAS COMEMORATIVAS \u2013 Anivers\u00e1rio de Ouro Preto\u201d. Neste dia, comemora-se a data da eleva\u00e7\u00e3o do primitivo arraial<\/span> <span>\u00e0 condi\u00e7\u00e3o de vila, quando houve em 1711 a cria\u00e7\u00e3o da C\u00e2mara Municipal; marco que caracterizou a funda\u00e7\u00e3o de Vila Rica, antiga denomina\u00e7\u00e3o da cidade que j\u00e1 foi a capital de Minas Gerais.<\/span><\/p>\n<p>A cabine de depoimentos foi estrategicamente montada no centro da Pra\u00e7a Tiradentes, em Ouro Preto, de forma a ser vista pelos turistas e moradores da cidade que por ali passavam, possibilitando assim o r\u00e1pido acesso dos convidados para grava\u00e7\u00e3o de seus testemunhos.<\/p>\n<p>&nbsp;<\/p>\n<p><img loading=\"lazy\" decoding=\"async\" class=\"size-medium\" title=\"03-videocabine-aniversario-de-ouro-preto\" src=\"\/wp-content\/uploads\/03-videocabine-aniversario-de-ouro-preto-300x199.jpg\" alt=\"Marcello Nicolato grava o depoimento da senhora Efig\u00eania dos Santos Gomes. Foto: Marianne Fonseca\" width=\"300\" height=\"199\"><\/p>\n<p>Marcello Nicolato grava o depoimento da senhora Efig\u00eania dos Santos Gomes. Foto: Marianne Fonseca<\/p>\n<p>&nbsp;<\/p>\n<p>Dentre os 16 depoimentos registrados, pode-se destacar o da moradora de Ouro Preto, Efig\u00eania dos Santos Gomes, conhecida como \u201cEfig\u00eania Carabina\u201d:&nbsp;<em>\u201cCada dia que passa eu me sinto mais emocionada por essa cidade, cada dia que passa eu me sinto mais ouropretana, mais fiel a terra em que nasci\u201d<\/em>. Ao demonstrar o amor que sente pela cidade, a depoente cantou o trecho de um hino de sua autoria:&nbsp;<em>\u201c\u2026Ouro Preto \u00e9 um sino a tocar numa prociss\u00e3o linda que saiu do Pilar. Ouro Preto \u00e9 um poema de amor que saiu da aquarela que o mestre pintou\u2026\u201d<\/em>.<\/p>\n<p><span>Ap\u00f3s a edi\u00e7\u00e3o das grava\u00e7\u00f5es feitas, a Videocabine \u201cDATAS COMEMORATIVAS\u201d ser\u00e1 exibida nos totens existentes nas Esta\u00e7\u00f5es de Ouro Preto e Mariana do Trem da Vale.<\/span><\/p>\n<p>&nbsp;<\/p>\n<p><img loading=\"lazy\" decoding=\"async\" class=\"size-medium\" title=\"02-videocabine-aniversario-de-ouro-preto\" src=\"\/wp-content\/uploads\/02-videocabine-aniversario-de-ouro-preto-300x199.jpg\" alt=\"Cristiane Evangelista, da equipe do Vale Registrar e o depoente Nilton Paiva de Morais. Foto: Marianne Fonseca\" width=\"300\" height=\"199\"><\/p>\n<p>Cristiane Evangelista, da equipe do Vale Registrar e o depoente Nilton Paiva de Morais. Foto: Marianne Fonseca<\/p>\n<p>&nbsp;<\/p>\n","protected":false},"excerpt":{"rendered":"<p>Montagem da Videocabine por Marcello Nicolato e Wesley Mauricio, na Pra\u00e7a Tiradentes, em Ouro Preto. Foto: Marianne Fonseca &nbsp; O N\u00facleo de Audiovisual do Vale Registrar realizou, no dia 08 de julho de 2011, a grava\u00e7\u00e3o da Videocabine com o tema: \u201cDATAS COMEMORATIVAS \u2013 Anivers\u00e1rio de Ouro Preto\u201d. Neste dia, &hellip;<\/p>\n","protected":false},"author":1,"featured_media":476,"comment_status":"open","ping_status":"closed","sticky":false,"template":"","format":"standard","meta":{"footnotes":""},"categories":[2],"tags":[],"class_list":["post-217","post","type-post","status-publish","format-standard","has-post-thumbnail","hentry","category-destaques-home"],"yoast_head":"<!-- This site is optimized with the Yoast SEO plugin v26.1.1 - https:\/\/yoast.com\/wordpress\/plugins\/seo\/ -->\n<title>N\u00facleo de Audiovisual realiza grava\u00e7\u00e3o da Videocabine \u201cDATAS COMEMORATIVAS \u2013 Anivers\u00e1rio de Ouro Preto\u201d &#8212; Trem da Vale<\/title>\n<meta name=\"robots\" content=\"index, follow, max-snippet:-1, max-image-preview:large, max-video-preview:-1\" \/>\n<link rel=\"canonical\" href=\"https:\/\/tremdavale.org\/pt\/nucleo-de-audiovisual-realiza-gravacao-da-videocabine-datas-comemorativas-aniversario-de-ouro-preto\/\" \/>\n<meta property=\"og:locale\" content=\"pt_PT\" \/>\n<meta property=\"og:type\" content=\"article\" \/>\n<meta property=\"og:title\" content=\"N\u00facleo de Audiovisual realiza grava\u00e7\u00e3o da Videocabine \u201cDATAS COMEMORATIVAS \u2013 Anivers\u00e1rio de Ouro Preto\u201d &#8212; Trem da Vale\" \/>\n<meta property=\"og:description\" content=\"Montagem da Videocabine por Marcello Nicolato e Wesley Mauricio, na Pra\u00e7a Tiradentes, em Ouro Preto. Foto: Marianne Fonseca &nbsp; O N\u00facleo de Audiovisual do Vale Registrar realizou, no dia 08 de julho de 2011, a grava\u00e7\u00e3o da Videocabine com o tema: \u201cDATAS COMEMORATIVAS \u2013 Anivers\u00e1rio de Ouro Preto\u201d. Neste dia, &hellip;\" \/>\n<meta property=\"og:url\" content=\"https:\/\/tremdavale.org\/pt\/nucleo-de-audiovisual-realiza-gravacao-da-videocabine-datas-comemorativas-aniversario-de-ouro-preto\/\" \/>\n<meta property=\"og:site_name\" content=\"Trem da Vale\" \/>\n<meta property=\"article:published_time\" content=\"2011-09-11T17:31:00+00:00\" \/>\n<meta property=\"article:modified_time\" content=\"2025-10-10T11:57:00+00:00\" \/>\n<meta property=\"og:image\" content=\"https:\/\/tremdavale.org\/wp-content\/uploads\/01-videocabine-aniversario-de-ouro-preto-300x199.jpg\" \/>\n\t<meta property=\"og:image:width\" content=\"300\" \/>\n\t<meta property=\"og:image:height\" content=\"199\" \/>\n\t<meta property=\"og:image:type\" content=\"image\/jpeg\" \/>\n<meta name=\"author\" content=\"admin\" \/>\n<meta name=\"twitter:card\" content=\"summary_large_image\" \/>\n<meta name=\"twitter:label1\" content=\"Escrito por\" \/>\n\t<meta name=\"twitter:data1\" content=\"admin\" \/>\n\t<meta name=\"twitter:label2\" content=\"Tempo estimado de leitura\" \/>\n\t<meta name=\"twitter:data2\" content=\"2 minutos\" \/>\n<script type=\"application\/ld+json\" class=\"yoast-schema-graph\">{\"@context\":\"https:\/\/schema.org\",\"@graph\":[{\"@type\":\"WebPage\",\"@id\":\"https:\/\/tremdavale.org\/pt\/nucleo-de-audiovisual-realiza-gravacao-da-videocabine-datas-comemorativas-aniversario-de-ouro-preto\/\",\"url\":\"https:\/\/tremdavale.org\/pt\/nucleo-de-audiovisual-realiza-gravacao-da-videocabine-datas-comemorativas-aniversario-de-ouro-preto\/\",\"name\":\"N\u00facleo de Audiovisual realiza grava\u00e7\u00e3o da Videocabine \u201cDATAS COMEMORATIVAS \u2013 Anivers\u00e1rio de Ouro Preto\u201d &#8212; Trem da Vale\",\"isPartOf\":{\"@id\":\"https:\/\/tremdavale.org\/pt\/#website\"},\"primaryImageOfPage\":{\"@id\":\"https:\/\/tremdavale.org\/pt\/nucleo-de-audiovisual-realiza-gravacao-da-videocabine-datas-comemorativas-aniversario-de-ouro-preto\/#primaryimage\"},\"image\":{\"@id\":\"https:\/\/tremdavale.org\/pt\/nucleo-de-audiovisual-realiza-gravacao-da-videocabine-datas-comemorativas-aniversario-de-ouro-preto\/#primaryimage\"},\"thumbnailUrl\":\"https:\/\/tremdavale.org\/wp-content\/uploads\/01-videocabine-aniversario-de-ouro-preto-300x199.jpg\",\"datePublished\":\"2011-09-11T17:31:00+00:00\",\"dateModified\":\"2025-10-10T11:57:00+00:00\",\"author\":{\"@id\":\"https:\/\/tremdavale.org\/pt\/#\/schema\/person\/50912137d47426d31329f246d02eaeca\"},\"breadcrumb\":{\"@id\":\"https:\/\/tremdavale.org\/pt\/nucleo-de-audiovisual-realiza-gravacao-da-videocabine-datas-comemorativas-aniversario-de-ouro-preto\/#breadcrumb\"},\"inLanguage\":\"pt-PT\",\"potentialAction\":[{\"@type\":\"ReadAction\",\"target\":[\"https:\/\/tremdavale.org\/pt\/nucleo-de-audiovisual-realiza-gravacao-da-videocabine-datas-comemorativas-aniversario-de-ouro-preto\/\"]}]},{\"@type\":\"ImageObject\",\"inLanguage\":\"pt-PT\",\"@id\":\"https:\/\/tremdavale.org\/pt\/nucleo-de-audiovisual-realiza-gravacao-da-videocabine-datas-comemorativas-aniversario-de-ouro-preto\/#primaryimage\",\"url\":\"https:\/\/tremdavale.org\/wp-content\/uploads\/01-videocabine-aniversario-de-ouro-preto-300x199.jpg\",\"contentUrl\":\"https:\/\/tremdavale.org\/wp-content\/uploads\/01-videocabine-aniversario-de-ouro-preto-300x199.jpg\",\"width\":300,\"height\":199},{\"@type\":\"BreadcrumbList\",\"@id\":\"https:\/\/tremdavale.org\/pt\/nucleo-de-audiovisual-realiza-gravacao-da-videocabine-datas-comemorativas-aniversario-de-ouro-preto\/#breadcrumb\",\"itemListElement\":[{\"@type\":\"ListItem\",\"position\":1,\"name\":\"In\u00edcio\",\"item\":\"https:\/\/tremdavale.org\/pt\/\"},{\"@type\":\"ListItem\",\"position\":2,\"name\":\"N\u00facleo de Audiovisual realiza grava\u00e7\u00e3o da Videocabine \u201cDATAS COMEMORATIVAS \u2013 Anivers\u00e1rio de Ouro Preto\u201d\"}]},{\"@type\":\"WebSite\",\"@id\":\"https:\/\/tremdavale.org\/pt\/#website\",\"url\":\"https:\/\/tremdavale.org\/pt\/\",\"name\":\"Trem da Vale\",\"description\":\"Programa de Educa\u00e7\u00e3o Patrimonial\",\"potentialAction\":[{\"@type\":\"SearchAction\",\"target\":{\"@type\":\"EntryPoint\",\"urlTemplate\":\"https:\/\/tremdavale.org\/pt\/?s={search_term_string}\"},\"query-input\":{\"@type\":\"PropertyValueSpecification\",\"valueRequired\":true,\"valueName\":\"search_term_string\"}}],\"inLanguage\":\"pt-PT\"},{\"@type\":\"Person\",\"@id\":\"https:\/\/tremdavale.org\/pt\/#\/schema\/person\/50912137d47426d31329f246d02eaeca\",\"name\":\"admin\",\"image\":{\"@type\":\"ImageObject\",\"inLanguage\":\"pt-PT\",\"@id\":\"https:\/\/tremdavale.org\/pt\/#\/schema\/person\/image\/\",\"url\":\"https:\/\/secure.gravatar.com\/avatar\/b3564f0fda6ea47959fe96a4217203e79a167568a37409758659bc3ba443b452?s=96&d=mm&r=g\",\"contentUrl\":\"https:\/\/secure.gravatar.com\/avatar\/b3564f0fda6ea47959fe96a4217203e79a167568a37409758659bc3ba443b452?s=96&d=mm&r=g\",\"caption\":\"admin\"},\"sameAs\":[\"https:\/\/tremdavale.org\"],\"url\":\"https:\/\/tremdavale.org\/pt\/author\/admin\/\"}]}<\/script>\n<!-- \/ Yoast SEO plugin. -->","yoast_head_json":{"title":"N\u00facleo de Audiovisual realiza grava\u00e7\u00e3o da Videocabine \u201cDATAS COMEMORATIVAS \u2013 Anivers\u00e1rio de Ouro Preto\u201d &#8212; Trem da Vale","robots":{"index":"index","follow":"follow","max-snippet":"max-snippet:-1","max-image-preview":"max-image-preview:large","max-video-preview":"max-video-preview:-1"},"canonical":"https:\/\/tremdavale.org\/pt\/nucleo-de-audiovisual-realiza-gravacao-da-videocabine-datas-comemorativas-aniversario-de-ouro-preto\/","og_locale":"pt_PT","og_type":"article","og_title":"N\u00facleo de Audiovisual realiza grava\u00e7\u00e3o da Videocabine \u201cDATAS COMEMORATIVAS \u2013 Anivers\u00e1rio de Ouro Preto\u201d &#8212; Trem da Vale","og_description":"Montagem da Videocabine por Marcello Nicolato e Wesley Mauricio, na Pra\u00e7a Tiradentes, em Ouro Preto. Foto: Marianne Fonseca &nbsp; O N\u00facleo de Audiovisual do Vale Registrar realizou, no dia 08 de julho de 2011, a grava\u00e7\u00e3o da Videocabine com o tema: \u201cDATAS COMEMORATIVAS \u2013 Anivers\u00e1rio de Ouro Preto\u201d. Neste dia, &hellip;","og_url":"https:\/\/tremdavale.org\/pt\/nucleo-de-audiovisual-realiza-gravacao-da-videocabine-datas-comemorativas-aniversario-de-ouro-preto\/","og_site_name":"Trem da Vale","article_published_time":"2011-09-11T17:31:00+00:00","article_modified_time":"2025-10-10T11:57:00+00:00","og_image":[{"width":300,"height":199,"url":"https:\/\/tremdavale.org\/wp-content\/uploads\/01-videocabine-aniversario-de-ouro-preto-300x199.jpg","type":"image\/jpeg"}],"author":"admin","twitter_card":"summary_large_image","twitter_misc":{"Escrito por":"admin","Tempo estimado de leitura":"2 minutos"},"schema":{"@context":"https:\/\/schema.org","@graph":[{"@type":"WebPage","@id":"https:\/\/tremdavale.org\/pt\/nucleo-de-audiovisual-realiza-gravacao-da-videocabine-datas-comemorativas-aniversario-de-ouro-preto\/","url":"https:\/\/tremdavale.org\/pt\/nucleo-de-audiovisual-realiza-gravacao-da-videocabine-datas-comemorativas-aniversario-de-ouro-preto\/","name":"N\u00facleo de Audiovisual realiza grava\u00e7\u00e3o da Videocabine \u201cDATAS COMEMORATIVAS \u2013 Anivers\u00e1rio de Ouro Preto\u201d &#8212; Trem da Vale","isPartOf":{"@id":"https:\/\/tremdavale.org\/pt\/#website"},"primaryImageOfPage":{"@id":"https:\/\/tremdavale.org\/pt\/nucleo-de-audiovisual-realiza-gravacao-da-videocabine-datas-comemorativas-aniversario-de-ouro-preto\/#primaryimage"},"image":{"@id":"https:\/\/tremdavale.org\/pt\/nucleo-de-audiovisual-realiza-gravacao-da-videocabine-datas-comemorativas-aniversario-de-ouro-preto\/#primaryimage"},"thumbnailUrl":"https:\/\/tremdavale.org\/wp-content\/uploads\/01-videocabine-aniversario-de-ouro-preto-300x199.jpg","datePublished":"2011-09-11T17:31:00+00:00","dateModified":"2025-10-10T11:57:00+00:00","author":{"@id":"https:\/\/tremdavale.org\/pt\/#\/schema\/person\/50912137d47426d31329f246d02eaeca"},"breadcrumb":{"@id":"https:\/\/tremdavale.org\/pt\/nucleo-de-audiovisual-realiza-gravacao-da-videocabine-datas-comemorativas-aniversario-de-ouro-preto\/#breadcrumb"},"inLanguage":"pt-PT","potentialAction":[{"@type":"ReadAction","target":["https:\/\/tremdavale.org\/pt\/nucleo-de-audiovisual-realiza-gravacao-da-videocabine-datas-comemorativas-aniversario-de-ouro-preto\/"]}]},{"@type":"ImageObject","inLanguage":"pt-PT","@id":"https:\/\/tremdavale.org\/pt\/nucleo-de-audiovisual-realiza-gravacao-da-videocabine-datas-comemorativas-aniversario-de-ouro-preto\/#primaryimage","url":"https:\/\/tremdavale.org\/wp-content\/uploads\/01-videocabine-aniversario-de-ouro-preto-300x199.jpg","contentUrl":"https:\/\/tremdavale.org\/wp-content\/uploads\/01-videocabine-aniversario-de-ouro-preto-300x199.jpg","width":300,"height":199},{"@type":"BreadcrumbList","@id":"https:\/\/tremdavale.org\/pt\/nucleo-de-audiovisual-realiza-gravacao-da-videocabine-datas-comemorativas-aniversario-de-ouro-preto\/#breadcrumb","itemListElement":[{"@type":"ListItem","position":1,"name":"In\u00edcio","item":"https:\/\/tremdavale.org\/pt\/"},{"@type":"ListItem","position":2,"name":"N\u00facleo de Audiovisual realiza grava\u00e7\u00e3o da Videocabine \u201cDATAS COMEMORATIVAS \u2013 Anivers\u00e1rio de Ouro Preto\u201d"}]},{"@type":"WebSite","@id":"https:\/\/tremdavale.org\/pt\/#website","url":"https:\/\/tremdavale.org\/pt\/","name":"Trem da Vale","description":"Programa de Educa\u00e7\u00e3o Patrimonial","potentialAction":[{"@type":"SearchAction","target":{"@type":"EntryPoint","urlTemplate":"https:\/\/tremdavale.org\/pt\/?s={search_term_string}"},"query-input":{"@type":"PropertyValueSpecification","valueRequired":true,"valueName":"search_term_string"}}],"inLanguage":"pt-PT"},{"@type":"Person","@id":"https:\/\/tremdavale.org\/pt\/#\/schema\/person\/50912137d47426d31329f246d02eaeca","name":"admin","image":{"@type":"ImageObject","inLanguage":"pt-PT","@id":"https:\/\/tremdavale.org\/pt\/#\/schema\/person\/image\/","url":"https:\/\/secure.gravatar.com\/avatar\/b3564f0fda6ea47959fe96a4217203e79a167568a37409758659bc3ba443b452?s=96&d=mm&r=g","contentUrl":"https:\/\/secure.gravatar.com\/avatar\/b3564f0fda6ea47959fe96a4217203e79a167568a37409758659bc3ba443b452?s=96&d=mm&r=g","caption":"admin"},"sameAs":["https:\/\/tremdavale.org"],"url":"https:\/\/tremdavale.org\/pt\/author\/admin\/"}]}},"_links":{"self":[{"href":"https:\/\/tremdavale.org\/pt\/wp-json\/wp\/v2\/posts\/217","targetHints":{"allow":["GET"]}}],"collection":[{"href":"https:\/\/tremdavale.org\/pt\/wp-json\/wp\/v2\/posts"}],"about":[{"href":"https:\/\/tremdavale.org\/pt\/wp-json\/wp\/v2\/types\/post"}],"author":[{"embeddable":true,"href":"https:\/\/tremdavale.org\/pt\/wp-json\/wp\/v2\/users\/1"}],"replies":[{"embeddable":true,"href":"https:\/\/tremdavale.org\/pt\/wp-json\/wp\/v2\/comments?post=217"}],"version-history":[{"count":0,"href":"https:\/\/tremdavale.org\/pt\/wp-json\/wp\/v2\/posts\/217\/revisions"}],"wp:featuredmedia":[{"embeddable":true,"href":"https:\/\/tremdavale.org\/pt\/wp-json\/wp\/v2\/media\/476"}],"wp:attachment":[{"href":"https:\/\/tremdavale.org\/pt\/wp-json\/wp\/v2\/media?parent=217"}],"wp:term":[{"taxonomy":"category","embeddable":true,"href":"https:\/\/tremdavale.org\/pt\/wp-json\/wp\/v2\/categories?post=217"},{"taxonomy":"post_tag","embeddable":true,"href":"https:\/\/tremdavale.org\/pt\/wp-json\/wp\/v2\/tags?post=217"}],"curies":[{"name":"wp","href":"https:\/\/api.w.org\/{rel}","templated":true}]}}