{"id":218,"date":"2013-08-25T04:49:00","date_gmt":"2013-08-25T04:49:00","guid":{"rendered":"https:\/\/tremdavale.org\/?p=218"},"modified":"2025-10-10T11:57:00","modified_gmt":"2025-10-10T11:57:00","slug":"nucleo-de-historia-oral-grava-entrevistas-com-alcindo-alves-filho-e-rita-cota","status":"publish","type":"post","link":"https:\/\/tremdavale.org\/pt\/nucleo-de-historia-oral-grava-entrevistas-com-alcindo-alves-filho-e-rita-cota\/","title":{"rendered":"N\u00facleo de Hist\u00f3ria Oral grava entrevistas com Alcindo Alves Filho e Rita Cota"},"content":{"rendered":"<p style=\"text-align: left;\">O N\u00facleo de Hist\u00f3ria Oral do Vale Registrar realizou, no dia 21 de maio, as \u00faltimas grava\u00e7\u00f5es de entrevistas tipologia Hist\u00f3ria Tem\u00e1tica Clubes Socioesportivos e Hist\u00f3ria de Vida, em Ouro Preto, referente \u00e0 prorroga\u00e7\u00e3o da s\u00e9tima fase do programa, correspondente a 2012.<\/p>\n<p><span>Alcindo Alves Filho nasceu em Bar\u00e3o de Cocais-MG, em 02 de outubro de 1949. Com 13 anos de idade, mudou-se para Ouro Preto para cursar o ginasial no Col\u00e9gio Arquidiocesano. Foi por essa \u00e9poca que Jos\u00e9 Ov\u00eddio Fortes tomou conhecimento que, nessa escola, havia um garoto que se destacava pela habilidade com a bola nos p\u00e9s. Apaixonado pelo Esporte Clube Tabajaras, Z\u00e9 Fortes n\u00e3o demorou para incluir no quadro de esportistas do clube, nosso entrevistado. Oriundo de uma fam\u00edlia de jogadores profissionais (seu pai e seu tio foram atletas do Clube Atl\u00e9tico Mineiro), Alcindo honrou a camisa tricolor do Tabajaras durante 15 anos. Nesse per\u00edodo, foi campe\u00e3o municipal em 1971, quando recebeu a faixa do t\u00edtulo pelas m\u00e3os da <em>Miss<\/em> Brasil, a passagense Eliane Guimar\u00e3es, e perdeu diversas partidas no campo da Barra: responsabilidade dos ju\u00edzes de Ouro Preto, que eram \u201cmuito ruins\u201d.<\/span><\/p>\n<p>&nbsp;<\/p>\n<p><img loading=\"lazy\" decoding=\"async\" class=\"size-medium\" title=\"01-alcindo-filho1\" src=\"\/wp-content\/uploads\/01-alcindo-filho1-300x199.jpg\" alt=\"01-alcindo-filho1\" width=\"300\" height=\"199\"><\/p>\n<p>O estagi\u00e1rio do N\u00facleo de Hist\u00f3ria Oral, Rodrigo Benevenuto, preenche a ficha de identifica\u00e7\u00e3o do entrevistado Alcindo Alves Filho, na plataforma da Esta\u00e7\u00e3o Ferrovi\u00e1ria de Ouro Preto. Foto: Rafael Bou\u00e7as<\/p>\n<p>&nbsp;<\/p>\n<p><img loading=\"lazy\" decoding=\"async\" class=\"size-medium\" title=\"02-alcindo-filho\" src=\"\/wp-content\/uploads\/02-alcindo-filho-300x199.jpg\" alt=\"02-alcindo-filho\" width=\"300\" height=\"199\"><\/p>\n<p>A equipe do Vale Registrar se prepara para o in\u00edcio da entrevista, na Sala de Hist\u00f3rias da Esta\u00e7\u00e3o Ferrovi\u00e1ria de Ouro Preto. Foto: Rafael Bou\u00e7as<\/p>\n<p>&nbsp;<\/p>\n<p><span>Rita Maria Moraes Cota, durante duas horas, relatou as experi\u00eancias vividas por uma ouro-pretana nascida em 04 de novembro de 1943. Durante a inf\u00e2ncia, participou de festividades religiosas, assistiu partidas de futebol no campo da Barra, estudou na Escola Municipal Alfredo Baeta, brincou de pegador e andou de bicicleta nas proximidades de sua casa, localizada na Rua Get\u00falio Vargas. Adolescente, expandiu seus horizontes. Cursou o Gin\u00e1sio e Magist\u00e9rio na Escola Normal Oficial de Ouro Preto, cantou no Coral do Maestro Ubirajara Cabral, dan\u00e7ou em bailes na Associa\u00e7\u00e3o Comercial, no Centro Acad\u00eamico da Escola de Farm\u00e1cia e n\u00e3o perdia uma sess\u00e3o do cinema \u00e0s sextas-feiras; dia reservado para os seriados. Ap\u00f3s formar, casou-se com Afonso Barros Cota, lecionou na Escola Estadual Dom Veloso e foi vice-diretora, por 22 anos, do Col\u00e9gio Arquidiocesano de Ouro Preto.<\/span><\/p>\n<p>&nbsp;<\/p>\n<p><img loading=\"lazy\" decoding=\"async\" class=\"size-medium\" title=\"01-rita-cota\" src=\"\/wp-content\/uploads\/01-rita-cota-300x199.jpg\" alt=\"01-rita-cota\" width=\"300\" height=\"199\"><\/p>\n<p>A entrevistada Rita Maria Moraes Cota e a equipe dos N\u00facleos de Hist\u00f3ria Oral e Audiovisual do Vale Registrar \u2013 Leonardo Penna (c\u00e2mera) e Eder Melo (entrevistador) \u2013 momentos antes de iniciar a grava\u00e7\u00e3o da entrevista de Hist\u00f3ria de Vida, na Sala de Hist\u00f3rias da Esta\u00e7\u00e3o Ferrovi\u00e1ria de Ouro Preto. Foto: Rafael Bou\u00e7as<\/p>\n<p>&nbsp;<\/p>\n<p><img loading=\"lazy\" decoding=\"async\" class=\"size-medium\" title=\"03-rita-cota\" src=\"\/wp-content\/uploads\/03-rita-cota-300x199.jpg\" alt=\"03-rita-cota\" width=\"300\" height=\"199\"><\/p>\n<p>A entrevistada Rita Maria Moraes Cota e a equipe do Vale Registrar: Rodrigo Benevenuto, Cristiane Evangelista, Eder Melo e Rafael Bou\u00e7as, na plataforma da Esta\u00e7\u00e3o Ferrovi\u00e1ria de Ouro Preto. Foto: Leonardo Penna<\/p>\n<p>&nbsp;<\/p>\n<p><span>As entrevistas agora entram em sua etapa de processamento: captura do \u00e1udio, transcri\u00e7\u00e3o, elabora\u00e7\u00e3o das notas de rodap\u00e9, confer\u00eancia de fidelidade, copidesque, reda\u00e7\u00e3o de resumos e edi\u00e7\u00e3o do v\u00eddeo. No final desta fase do programa de hist\u00f3ria oral, estas e as outras entrevistas que seguir\u00e3o, ser\u00e3o reunidas no acervo do Vale Registrar dispon\u00edvel para consultas e pesquisas na Biblioteca Infanto-Juvenil da Esta\u00e7\u00e3o de Mariana.<\/span><\/p>\n<p>&nbsp;<\/p>\n","protected":false},"excerpt":{"rendered":"<p>O N\u00facleo de Hist\u00f3ria Oral do Vale Registrar realizou, no dia 21 de maio, as \u00faltimas grava\u00e7\u00f5es de entrevistas tipologia Hist\u00f3ria Tem\u00e1tica Clubes Socioesportivos e Hist\u00f3ria de Vida, em Ouro Preto, referente \u00e0 prorroga\u00e7\u00e3o da s\u00e9tima fase do programa, correspondente a 2012. Alcindo Alves Filho nasceu em Bar\u00e3o de Cocais-MG, &hellip;<\/p>\n","protected":false},"author":1,"featured_media":477,"comment_status":"open","ping_status":"closed","sticky":false,"template":"","format":"standard","meta":{"footnotes":""},"categories":[3],"tags":[],"class_list":["post-218","post","type-post","status-publish","format-standard","has-post-thumbnail","hentry","category-noticias"],"yoast_head":"<!-- This site is optimized with the Yoast SEO plugin v26.1.1 - https:\/\/yoast.com\/wordpress\/plugins\/seo\/ -->\n<title>N\u00facleo de Hist\u00f3ria Oral grava entrevistas com Alcindo Alves Filho e Rita Cota &#8212; Trem da Vale<\/title>\n<meta name=\"robots\" content=\"index, follow, max-snippet:-1, max-image-preview:large, max-video-preview:-1\" \/>\n<link rel=\"canonical\" href=\"https:\/\/tremdavale.org\/pt\/nucleo-de-historia-oral-grava-entrevistas-com-alcindo-alves-filho-e-rita-cota\/\" \/>\n<meta property=\"og:locale\" content=\"pt_PT\" \/>\n<meta property=\"og:type\" content=\"article\" \/>\n<meta property=\"og:title\" content=\"N\u00facleo de Hist\u00f3ria Oral grava entrevistas com Alcindo Alves Filho e Rita Cota &#8212; Trem da Vale\" \/>\n<meta property=\"og:description\" content=\"O N\u00facleo de Hist\u00f3ria Oral do Vale Registrar realizou, no dia 21 de maio, as \u00faltimas grava\u00e7\u00f5es de entrevistas tipologia Hist\u00f3ria Tem\u00e1tica Clubes Socioesportivos e Hist\u00f3ria de Vida, em Ouro Preto, referente \u00e0 prorroga\u00e7\u00e3o da s\u00e9tima fase do programa, correspondente a 2012. Alcindo Alves Filho nasceu em Bar\u00e3o de Cocais-MG, &hellip;\" \/>\n<meta property=\"og:url\" content=\"https:\/\/tremdavale.org\/pt\/nucleo-de-historia-oral-grava-entrevistas-com-alcindo-alves-filho-e-rita-cota\/\" \/>\n<meta property=\"og:site_name\" content=\"Trem da Vale\" \/>\n<meta property=\"article:published_time\" content=\"2013-08-25T04:49:00+00:00\" \/>\n<meta property=\"article:modified_time\" content=\"2025-10-10T11:57:00+00:00\" \/>\n<meta property=\"og:image\" content=\"https:\/\/tremdavale.org\/wp-content\/uploads\/01-alcindo-filho1-300x199.jpg\" \/>\n\t<meta property=\"og:image:width\" content=\"300\" \/>\n\t<meta property=\"og:image:height\" content=\"199\" \/>\n\t<meta property=\"og:image:type\" content=\"image\/jpeg\" \/>\n<meta name=\"author\" content=\"admin\" \/>\n<meta name=\"twitter:card\" content=\"summary_large_image\" \/>\n<meta name=\"twitter:label1\" content=\"Escrito por\" \/>\n\t<meta name=\"twitter:data1\" content=\"admin\" \/>\n\t<meta name=\"twitter:label2\" content=\"Tempo estimado de leitura\" \/>\n\t<meta name=\"twitter:data2\" content=\"3 minutos\" \/>\n<script type=\"application\/ld+json\" class=\"yoast-schema-graph\">{\"@context\":\"https:\/\/schema.org\",\"@graph\":[{\"@type\":\"WebPage\",\"@id\":\"https:\/\/tremdavale.org\/pt\/nucleo-de-historia-oral-grava-entrevistas-com-alcindo-alves-filho-e-rita-cota\/\",\"url\":\"https:\/\/tremdavale.org\/pt\/nucleo-de-historia-oral-grava-entrevistas-com-alcindo-alves-filho-e-rita-cota\/\",\"name\":\"N\u00facleo de Hist\u00f3ria Oral grava entrevistas com Alcindo Alves Filho e Rita Cota &#8212; Trem da Vale\",\"isPartOf\":{\"@id\":\"https:\/\/tremdavale.org\/pt\/#website\"},\"primaryImageOfPage\":{\"@id\":\"https:\/\/tremdavale.org\/pt\/nucleo-de-historia-oral-grava-entrevistas-com-alcindo-alves-filho-e-rita-cota\/#primaryimage\"},\"image\":{\"@id\":\"https:\/\/tremdavale.org\/pt\/nucleo-de-historia-oral-grava-entrevistas-com-alcindo-alves-filho-e-rita-cota\/#primaryimage\"},\"thumbnailUrl\":\"https:\/\/tremdavale.org\/wp-content\/uploads\/01-alcindo-filho1-300x199.jpg\",\"datePublished\":\"2013-08-25T04:49:00+00:00\",\"dateModified\":\"2025-10-10T11:57:00+00:00\",\"author\":{\"@id\":\"https:\/\/tremdavale.org\/pt\/#\/schema\/person\/50912137d47426d31329f246d02eaeca\"},\"breadcrumb\":{\"@id\":\"https:\/\/tremdavale.org\/pt\/nucleo-de-historia-oral-grava-entrevistas-com-alcindo-alves-filho-e-rita-cota\/#breadcrumb\"},\"inLanguage\":\"pt-PT\",\"potentialAction\":[{\"@type\":\"ReadAction\",\"target\":[\"https:\/\/tremdavale.org\/pt\/nucleo-de-historia-oral-grava-entrevistas-com-alcindo-alves-filho-e-rita-cota\/\"]}]},{\"@type\":\"ImageObject\",\"inLanguage\":\"pt-PT\",\"@id\":\"https:\/\/tremdavale.org\/pt\/nucleo-de-historia-oral-grava-entrevistas-com-alcindo-alves-filho-e-rita-cota\/#primaryimage\",\"url\":\"https:\/\/tremdavale.org\/wp-content\/uploads\/01-alcindo-filho1-300x199.jpg\",\"contentUrl\":\"https:\/\/tremdavale.org\/wp-content\/uploads\/01-alcindo-filho1-300x199.jpg\",\"width\":300,\"height\":199},{\"@type\":\"BreadcrumbList\",\"@id\":\"https:\/\/tremdavale.org\/pt\/nucleo-de-historia-oral-grava-entrevistas-com-alcindo-alves-filho-e-rita-cota\/#breadcrumb\",\"itemListElement\":[{\"@type\":\"ListItem\",\"position\":1,\"name\":\"In\u00edcio\",\"item\":\"https:\/\/tremdavale.org\/pt\/\"},{\"@type\":\"ListItem\",\"position\":2,\"name\":\"N\u00facleo de Hist\u00f3ria Oral grava entrevistas com Alcindo Alves Filho e Rita Cota\"}]},{\"@type\":\"WebSite\",\"@id\":\"https:\/\/tremdavale.org\/pt\/#website\",\"url\":\"https:\/\/tremdavale.org\/pt\/\",\"name\":\"Trem da Vale\",\"description\":\"Programa de Educa\u00e7\u00e3o Patrimonial\",\"potentialAction\":[{\"@type\":\"SearchAction\",\"target\":{\"@type\":\"EntryPoint\",\"urlTemplate\":\"https:\/\/tremdavale.org\/pt\/?s={search_term_string}\"},\"query-input\":{\"@type\":\"PropertyValueSpecification\",\"valueRequired\":true,\"valueName\":\"search_term_string\"}}],\"inLanguage\":\"pt-PT\"},{\"@type\":\"Person\",\"@id\":\"https:\/\/tremdavale.org\/pt\/#\/schema\/person\/50912137d47426d31329f246d02eaeca\",\"name\":\"admin\",\"image\":{\"@type\":\"ImageObject\",\"inLanguage\":\"pt-PT\",\"@id\":\"https:\/\/tremdavale.org\/pt\/#\/schema\/person\/image\/\",\"url\":\"https:\/\/secure.gravatar.com\/avatar\/b3564f0fda6ea47959fe96a4217203e79a167568a37409758659bc3ba443b452?s=96&d=mm&r=g\",\"contentUrl\":\"https:\/\/secure.gravatar.com\/avatar\/b3564f0fda6ea47959fe96a4217203e79a167568a37409758659bc3ba443b452?s=96&d=mm&r=g\",\"caption\":\"admin\"},\"sameAs\":[\"https:\/\/tremdavale.org\"],\"url\":\"https:\/\/tremdavale.org\/pt\/author\/admin\/\"}]}<\/script>\n<!-- \/ Yoast SEO plugin. -->","yoast_head_json":{"title":"N\u00facleo de Hist\u00f3ria Oral grava entrevistas com Alcindo Alves Filho e Rita Cota &#8212; Trem da Vale","robots":{"index":"index","follow":"follow","max-snippet":"max-snippet:-1","max-image-preview":"max-image-preview:large","max-video-preview":"max-video-preview:-1"},"canonical":"https:\/\/tremdavale.org\/pt\/nucleo-de-historia-oral-grava-entrevistas-com-alcindo-alves-filho-e-rita-cota\/","og_locale":"pt_PT","og_type":"article","og_title":"N\u00facleo de Hist\u00f3ria Oral grava entrevistas com Alcindo Alves Filho e Rita Cota &#8212; Trem da Vale","og_description":"O N\u00facleo de Hist\u00f3ria Oral do Vale Registrar realizou, no dia 21 de maio, as \u00faltimas grava\u00e7\u00f5es de entrevistas tipologia Hist\u00f3ria Tem\u00e1tica Clubes Socioesportivos e Hist\u00f3ria de Vida, em Ouro Preto, referente \u00e0 prorroga\u00e7\u00e3o da s\u00e9tima fase do programa, correspondente a 2012. Alcindo Alves Filho nasceu em Bar\u00e3o de Cocais-MG, &hellip;","og_url":"https:\/\/tremdavale.org\/pt\/nucleo-de-historia-oral-grava-entrevistas-com-alcindo-alves-filho-e-rita-cota\/","og_site_name":"Trem da Vale","article_published_time":"2013-08-25T04:49:00+00:00","article_modified_time":"2025-10-10T11:57:00+00:00","og_image":[{"width":300,"height":199,"url":"https:\/\/tremdavale.org\/wp-content\/uploads\/01-alcindo-filho1-300x199.jpg","type":"image\/jpeg"}],"author":"admin","twitter_card":"summary_large_image","twitter_misc":{"Escrito por":"admin","Tempo estimado de leitura":"3 minutos"},"schema":{"@context":"https:\/\/schema.org","@graph":[{"@type":"WebPage","@id":"https:\/\/tremdavale.org\/pt\/nucleo-de-historia-oral-grava-entrevistas-com-alcindo-alves-filho-e-rita-cota\/","url":"https:\/\/tremdavale.org\/pt\/nucleo-de-historia-oral-grava-entrevistas-com-alcindo-alves-filho-e-rita-cota\/","name":"N\u00facleo de Hist\u00f3ria Oral grava entrevistas com Alcindo Alves Filho e Rita Cota &#8212; Trem da Vale","isPartOf":{"@id":"https:\/\/tremdavale.org\/pt\/#website"},"primaryImageOfPage":{"@id":"https:\/\/tremdavale.org\/pt\/nucleo-de-historia-oral-grava-entrevistas-com-alcindo-alves-filho-e-rita-cota\/#primaryimage"},"image":{"@id":"https:\/\/tremdavale.org\/pt\/nucleo-de-historia-oral-grava-entrevistas-com-alcindo-alves-filho-e-rita-cota\/#primaryimage"},"thumbnailUrl":"https:\/\/tremdavale.org\/wp-content\/uploads\/01-alcindo-filho1-300x199.jpg","datePublished":"2013-08-25T04:49:00+00:00","dateModified":"2025-10-10T11:57:00+00:00","author":{"@id":"https:\/\/tremdavale.org\/pt\/#\/schema\/person\/50912137d47426d31329f246d02eaeca"},"breadcrumb":{"@id":"https:\/\/tremdavale.org\/pt\/nucleo-de-historia-oral-grava-entrevistas-com-alcindo-alves-filho-e-rita-cota\/#breadcrumb"},"inLanguage":"pt-PT","potentialAction":[{"@type":"ReadAction","target":["https:\/\/tremdavale.org\/pt\/nucleo-de-historia-oral-grava-entrevistas-com-alcindo-alves-filho-e-rita-cota\/"]}]},{"@type":"ImageObject","inLanguage":"pt-PT","@id":"https:\/\/tremdavale.org\/pt\/nucleo-de-historia-oral-grava-entrevistas-com-alcindo-alves-filho-e-rita-cota\/#primaryimage","url":"https:\/\/tremdavale.org\/wp-content\/uploads\/01-alcindo-filho1-300x199.jpg","contentUrl":"https:\/\/tremdavale.org\/wp-content\/uploads\/01-alcindo-filho1-300x199.jpg","width":300,"height":199},{"@type":"BreadcrumbList","@id":"https:\/\/tremdavale.org\/pt\/nucleo-de-historia-oral-grava-entrevistas-com-alcindo-alves-filho-e-rita-cota\/#breadcrumb","itemListElement":[{"@type":"ListItem","position":1,"name":"In\u00edcio","item":"https:\/\/tremdavale.org\/pt\/"},{"@type":"ListItem","position":2,"name":"N\u00facleo de Hist\u00f3ria Oral grava entrevistas com Alcindo Alves Filho e Rita Cota"}]},{"@type":"WebSite","@id":"https:\/\/tremdavale.org\/pt\/#website","url":"https:\/\/tremdavale.org\/pt\/","name":"Trem da Vale","description":"Programa de Educa\u00e7\u00e3o Patrimonial","potentialAction":[{"@type":"SearchAction","target":{"@type":"EntryPoint","urlTemplate":"https:\/\/tremdavale.org\/pt\/?s={search_term_string}"},"query-input":{"@type":"PropertyValueSpecification","valueRequired":true,"valueName":"search_term_string"}}],"inLanguage":"pt-PT"},{"@type":"Person","@id":"https:\/\/tremdavale.org\/pt\/#\/schema\/person\/50912137d47426d31329f246d02eaeca","name":"admin","image":{"@type":"ImageObject","inLanguage":"pt-PT","@id":"https:\/\/tremdavale.org\/pt\/#\/schema\/person\/image\/","url":"https:\/\/secure.gravatar.com\/avatar\/b3564f0fda6ea47959fe96a4217203e79a167568a37409758659bc3ba443b452?s=96&d=mm&r=g","contentUrl":"https:\/\/secure.gravatar.com\/avatar\/b3564f0fda6ea47959fe96a4217203e79a167568a37409758659bc3ba443b452?s=96&d=mm&r=g","caption":"admin"},"sameAs":["https:\/\/tremdavale.org"],"url":"https:\/\/tremdavale.org\/pt\/author\/admin\/"}]}},"_links":{"self":[{"href":"https:\/\/tremdavale.org\/pt\/wp-json\/wp\/v2\/posts\/218","targetHints":{"allow":["GET"]}}],"collection":[{"href":"https:\/\/tremdavale.org\/pt\/wp-json\/wp\/v2\/posts"}],"about":[{"href":"https:\/\/tremdavale.org\/pt\/wp-json\/wp\/v2\/types\/post"}],"author":[{"embeddable":true,"href":"https:\/\/tremdavale.org\/pt\/wp-json\/wp\/v2\/users\/1"}],"replies":[{"embeddable":true,"href":"https:\/\/tremdavale.org\/pt\/wp-json\/wp\/v2\/comments?post=218"}],"version-history":[{"count":0,"href":"https:\/\/tremdavale.org\/pt\/wp-json\/wp\/v2\/posts\/218\/revisions"}],"wp:featuredmedia":[{"embeddable":true,"href":"https:\/\/tremdavale.org\/pt\/wp-json\/wp\/v2\/media\/477"}],"wp:attachment":[{"href":"https:\/\/tremdavale.org\/pt\/wp-json\/wp\/v2\/media?parent=218"}],"wp:term":[{"taxonomy":"category","embeddable":true,"href":"https:\/\/tremdavale.org\/pt\/wp-json\/wp\/v2\/categories?post=218"},{"taxonomy":"post_tag","embeddable":true,"href":"https:\/\/tremdavale.org\/pt\/wp-json\/wp\/v2\/tags?post=218"}],"curies":[{"name":"wp","href":"https:\/\/api.w.org\/{rel}","templated":true}]}}