{"id":219,"date":"2011-09-11T20:25:00","date_gmt":"2011-09-11T20:25:00","guid":{"rendered":"https:\/\/tremdavale.org\/?p=219"},"modified":"2025-10-10T11:57:00","modified_gmt":"2025-10-10T11:57:00","slug":"nucleo-de-historia-oral-realiza-as-gravacoes-da-6-etapa-de-entrevistas","status":"publish","type":"post","link":"https:\/\/tremdavale.org\/pt\/nucleo-de-historia-oral-realiza-as-gravacoes-da-6-etapa-de-entrevistas\/","title":{"rendered":"N\u00facleo de Hist\u00f3ria Oral realiza as grava\u00e7\u00f5es da 6\u00aa etapa de entrevistas"},"content":{"rendered":"<p><img loading=\"lazy\" decoding=\"async\" class=\"size-medium\" style=\"margin-top: 15px; margin-bottom: 15px;\" title=\"01-entrevista-jose-henrique-neves-12-04-111\" src=\"\/wp-content\/uploads\/01-entrevista-jose-henrique-neves-12-04-111-300x199.jpg\" alt=\"01-entrevista-jose-henrique-neves-12-04-111\" width=\"300\" height=\"199\"><\/p>\n<p>O entrevistado Jos\u00e9 Henrique Neves e integrantes do Vale Registrar: Wesley Maur\u00edcio, Eder Melo e Nat\u00e1lia Severino. Foto: Rafael Santos.<\/p>\n<p>&nbsp;<\/p>\n<p style=\"text-align: justify;\"><span>O N\u00facleo de Hist\u00f3ria Oral do Vale Registrar realizou<\/span> <span>na ter\u00e7a-feira, 12 de abril, a<\/span> <span>primeira grava\u00e7\u00e3o em Ouro Preto das entrevistas referentes \u00e0 sexta fase do programa, correspondente a 2011<\/span><span>.<\/span><\/p>\n<p>&nbsp;<\/p>\n<p><!--more--><\/p>\n<p style=\"text-align: justify;\"><span>O ouro-pretano Jos\u00e9 Henrique Neves, nascido em 1952 no bairro Cabe\u00e7as, durante duas horas recordou e descreveu aspectos da vida social, econ\u00f4mica e religiosa de Ouro Preto que enriquecer\u00e1 o acervo do Vale Registrar, dispon\u00edvel na Biblioteca Infanto-Juvenil da Esta\u00e7\u00e3o de<\/span> Mariana e tamb\u00e9m neste site.<\/p>\n<p>&nbsp;<\/p>\n<p><img loading=\"lazy\" decoding=\"async\" class=\"size-medium\" title=\"03-entrevista-jose-henrique-neves-12-04-11\" src=\"\/wp-content\/uploads\/03-entrevista-jose-henrique-neves-12-04-11-300x199.jpg\" alt=\"Jos\u00e9 Henrique Neves presta informa\u00e7\u00f5es complementares \u00e0 estagi\u00e1ria Nat\u00e1lia Severino. . Foto: Rafael Santos.\" width=\"300\" height=\"199\"><\/p>\n<p>Jos\u00e9 Henrique Neves presta informa\u00e7\u00f5es complementares \u00e0 estagi\u00e1ria Nat\u00e1lia Severino. Foto: Rafael Santos.<\/p>\n<p>&nbsp;<\/p>\n<p style=\"text-align: justify;\">Entre in\u00fameras lembran\u00e7as, o senhor Jos\u00e9 Henrique discorreu sobre os antigos comerciantes da cidade, citando nome e localiza\u00e7\u00e3o das lojas e produtos vendidos; os antigos carnavais, com blocos e desfiles pela Rua S\u00e3o Jos\u00e9 e hist\u00f3rias de Sinh\u00e1 Olympia, Pedro B\u00f3ia, Juca do Asilo e de in\u00fameros tropeiros que, diariamente, passavam em frente \u00e1 sua casa, localizada na Rua Alvarenga, para abastecer a cidade com g\u00eaneros aliment\u00edcios.<\/p>\n<p style=\"text-align: justify;\">Professor de Matem\u00e1tica do Instituto Federal Minas Gerais (IFMG) \u2212 a antiga Escola T\u00e9cnica Federal de Ouro Preto \u2212 desde 1981 e filho de Jos\u00e9 Benedito Neves, professor de \u201cquase todas as escolas de Ouro Preto\u201d, Jos\u00e9 Henrique disponibiizou ainda suas mem\u00f3rias sobre a vida escolar da cidade nos \u00faltimos 50 anos: as escolas prim\u00e1rias, os col\u00e9gios Baeta e Arquidiocesano e a rivalidade que existia entre os alunos dessas institui\u00e7\u00f5es, citando at\u00e9 mesmo brigas na Rua S\u00e3o Jos\u00e9, \u201co lugar em que tudo acontecia\u201d. Sobre a Escola T\u00e9cnica falou sobre as mudan\u00e7as que ocorreram desde sua \u00e9poca de estudante at\u00e9 os dias atuais, destacando a origem dos alunos e a qualidade da escola.<\/p>\n<p>&nbsp;<\/p>\n<p><img loading=\"lazy\" decoding=\"async\" class=\"size-medium\" title=\"02-entrevista-jose-henrique-neves-12-04-11\" src=\"\/wp-content\/uploads\/02-entrevista-jose-henrique-neves-12-04-11-300x199.jpg\" alt=\"02-entrevista-jose-henrique-neves-12-04-11\" width=\"270\" height=\"179\"><\/p>\n<p>Grava\u00e7\u00e3o da claquete da entrevista Jos\u00e9 Henrique Neves. Foto: Rafael Santos.<\/p>\n<p>&nbsp;<\/p>\n<p style=\"text-align: justify;\"><span>A entrevista agora entra em sua fase de processamento: captura do \u00e1udio, transcri\u00e7\u00e3o, elabora\u00e7\u00e3o das notas de rodap\u00e9, confer\u00eancia de fidelidade, copidesque, reda\u00e7\u00e3o de resumos e edi\u00e7\u00e3o do v\u00eddeo. No final da Fase, esta e todas as outras entrevistas que se seguir\u00e3o, ser\u00e3o reunidas ao referido acervo para consultas e pesquisas.<\/span><\/p>\n<p>&nbsp;<\/p>\n<p style=\"text-align: justify;\"><span>Vale ressaltar que a sexta fase de entrevistas do N\u00facleo de Hist\u00f3ria Oral do Vale Registrar, em Mariana, teve in\u00edcio em 26 de janeiro de 2011, com a entrevista do senhor Manuel V\u00edtor da Silva Filho, o Tu\u00edca.<\/span><\/p>\n<p>&nbsp;<\/p>\n","protected":false},"excerpt":{"rendered":"<p>O entrevistado Jos\u00e9 Henrique Neves e integrantes do Vale Registrar: Wesley Maur\u00edcio, Eder Melo e Nat\u00e1lia Severino. Foto: Rafael Santos. &nbsp; O N\u00facleo de Hist\u00f3ria Oral do Vale Registrar realizou na ter\u00e7a-feira, 12 de abril, a primeira grava\u00e7\u00e3o em Ouro Preto das entrevistas referentes \u00e0 sexta fase do programa, correspondente &hellip;<\/p>\n","protected":false},"author":1,"featured_media":478,"comment_status":"open","ping_status":"closed","sticky":false,"template":"","format":"standard","meta":{"footnotes":""},"categories":[4],"tags":[],"class_list":["post-219","post","type-post","status-publish","format-standard","has-post-thumbnail","hentry","category-materia-news"],"yoast_head":"<!-- This site is optimized with the Yoast SEO plugin v26.1.1 - https:\/\/yoast.com\/wordpress\/plugins\/seo\/ -->\n<title>N\u00facleo de Hist\u00f3ria Oral realiza as grava\u00e7\u00f5es da 6\u00aa etapa de entrevistas &#8212; Trem da Vale<\/title>\n<meta name=\"robots\" content=\"index, follow, max-snippet:-1, max-image-preview:large, max-video-preview:-1\" \/>\n<link rel=\"canonical\" href=\"https:\/\/tremdavale.org\/pt\/nucleo-de-historia-oral-realiza-as-gravacoes-da-6-etapa-de-entrevistas\/\" \/>\n<meta property=\"og:locale\" content=\"pt_PT\" \/>\n<meta property=\"og:type\" content=\"article\" \/>\n<meta property=\"og:title\" content=\"N\u00facleo de Hist\u00f3ria Oral realiza as grava\u00e7\u00f5es da 6\u00aa etapa de entrevistas &#8212; Trem da Vale\" \/>\n<meta property=\"og:description\" content=\"O entrevistado Jos\u00e9 Henrique Neves e integrantes do Vale Registrar: Wesley Maur\u00edcio, Eder Melo e Nat\u00e1lia Severino. Foto: Rafael Santos. &nbsp; O N\u00facleo de Hist\u00f3ria Oral do Vale Registrar realizou na ter\u00e7a-feira, 12 de abril, a primeira grava\u00e7\u00e3o em Ouro Preto das entrevistas referentes \u00e0 sexta fase do programa, correspondente &hellip;\" \/>\n<meta property=\"og:url\" content=\"https:\/\/tremdavale.org\/pt\/nucleo-de-historia-oral-realiza-as-gravacoes-da-6-etapa-de-entrevistas\/\" \/>\n<meta property=\"og:site_name\" content=\"Trem da Vale\" \/>\n<meta property=\"article:published_time\" content=\"2011-09-11T20:25:00+00:00\" \/>\n<meta property=\"article:modified_time\" content=\"2025-10-10T11:57:00+00:00\" \/>\n<meta property=\"og:image\" content=\"https:\/\/tremdavale.org\/wp-content\/uploads\/01-entrevista-jose-henrique-neves-12-04-111-300x199.jpg\" \/>\n\t<meta property=\"og:image:width\" content=\"300\" \/>\n\t<meta property=\"og:image:height\" content=\"199\" \/>\n\t<meta property=\"og:image:type\" content=\"image\/jpeg\" \/>\n<meta name=\"author\" content=\"admin\" \/>\n<meta name=\"twitter:card\" content=\"summary_large_image\" \/>\n<meta name=\"twitter:label1\" content=\"Escrito por\" \/>\n\t<meta name=\"twitter:data1\" content=\"admin\" \/>\n\t<meta name=\"twitter:label2\" content=\"Tempo estimado de leitura\" \/>\n\t<meta name=\"twitter:data2\" content=\"2 minutos\" \/>\n<script type=\"application\/ld+json\" class=\"yoast-schema-graph\">{\"@context\":\"https:\/\/schema.org\",\"@graph\":[{\"@type\":\"WebPage\",\"@id\":\"https:\/\/tremdavale.org\/pt\/nucleo-de-historia-oral-realiza-as-gravacoes-da-6-etapa-de-entrevistas\/\",\"url\":\"https:\/\/tremdavale.org\/pt\/nucleo-de-historia-oral-realiza-as-gravacoes-da-6-etapa-de-entrevistas\/\",\"name\":\"N\u00facleo de Hist\u00f3ria Oral realiza as grava\u00e7\u00f5es da 6\u00aa etapa de entrevistas &#8212; Trem da Vale\",\"isPartOf\":{\"@id\":\"https:\/\/tremdavale.org\/pt\/#website\"},\"primaryImageOfPage\":{\"@id\":\"https:\/\/tremdavale.org\/pt\/nucleo-de-historia-oral-realiza-as-gravacoes-da-6-etapa-de-entrevistas\/#primaryimage\"},\"image\":{\"@id\":\"https:\/\/tremdavale.org\/pt\/nucleo-de-historia-oral-realiza-as-gravacoes-da-6-etapa-de-entrevistas\/#primaryimage\"},\"thumbnailUrl\":\"https:\/\/tremdavale.org\/wp-content\/uploads\/01-entrevista-jose-henrique-neves-12-04-111-300x199.jpg\",\"datePublished\":\"2011-09-11T20:25:00+00:00\",\"dateModified\":\"2025-10-10T11:57:00+00:00\",\"author\":{\"@id\":\"https:\/\/tremdavale.org\/pt\/#\/schema\/person\/50912137d47426d31329f246d02eaeca\"},\"breadcrumb\":{\"@id\":\"https:\/\/tremdavale.org\/pt\/nucleo-de-historia-oral-realiza-as-gravacoes-da-6-etapa-de-entrevistas\/#breadcrumb\"},\"inLanguage\":\"pt-PT\",\"potentialAction\":[{\"@type\":\"ReadAction\",\"target\":[\"https:\/\/tremdavale.org\/pt\/nucleo-de-historia-oral-realiza-as-gravacoes-da-6-etapa-de-entrevistas\/\"]}]},{\"@type\":\"ImageObject\",\"inLanguage\":\"pt-PT\",\"@id\":\"https:\/\/tremdavale.org\/pt\/nucleo-de-historia-oral-realiza-as-gravacoes-da-6-etapa-de-entrevistas\/#primaryimage\",\"url\":\"https:\/\/tremdavale.org\/wp-content\/uploads\/01-entrevista-jose-henrique-neves-12-04-111-300x199.jpg\",\"contentUrl\":\"https:\/\/tremdavale.org\/wp-content\/uploads\/01-entrevista-jose-henrique-neves-12-04-111-300x199.jpg\",\"width\":300,\"height\":199},{\"@type\":\"BreadcrumbList\",\"@id\":\"https:\/\/tremdavale.org\/pt\/nucleo-de-historia-oral-realiza-as-gravacoes-da-6-etapa-de-entrevistas\/#breadcrumb\",\"itemListElement\":[{\"@type\":\"ListItem\",\"position\":1,\"name\":\"In\u00edcio\",\"item\":\"https:\/\/tremdavale.org\/pt\/\"},{\"@type\":\"ListItem\",\"position\":2,\"name\":\"N\u00facleo de Hist\u00f3ria Oral realiza as grava\u00e7\u00f5es da 6\u00aa etapa de entrevistas\"}]},{\"@type\":\"WebSite\",\"@id\":\"https:\/\/tremdavale.org\/pt\/#website\",\"url\":\"https:\/\/tremdavale.org\/pt\/\",\"name\":\"Trem da Vale\",\"description\":\"Programa de Educa\u00e7\u00e3o Patrimonial\",\"potentialAction\":[{\"@type\":\"SearchAction\",\"target\":{\"@type\":\"EntryPoint\",\"urlTemplate\":\"https:\/\/tremdavale.org\/pt\/?s={search_term_string}\"},\"query-input\":{\"@type\":\"PropertyValueSpecification\",\"valueRequired\":true,\"valueName\":\"search_term_string\"}}],\"inLanguage\":\"pt-PT\"},{\"@type\":\"Person\",\"@id\":\"https:\/\/tremdavale.org\/pt\/#\/schema\/person\/50912137d47426d31329f246d02eaeca\",\"name\":\"admin\",\"image\":{\"@type\":\"ImageObject\",\"inLanguage\":\"pt-PT\",\"@id\":\"https:\/\/tremdavale.org\/pt\/#\/schema\/person\/image\/\",\"url\":\"https:\/\/secure.gravatar.com\/avatar\/b3564f0fda6ea47959fe96a4217203e79a167568a37409758659bc3ba443b452?s=96&d=mm&r=g\",\"contentUrl\":\"https:\/\/secure.gravatar.com\/avatar\/b3564f0fda6ea47959fe96a4217203e79a167568a37409758659bc3ba443b452?s=96&d=mm&r=g\",\"caption\":\"admin\"},\"sameAs\":[\"https:\/\/tremdavale.org\"],\"url\":\"https:\/\/tremdavale.org\/pt\/author\/admin\/\"}]}<\/script>\n<!-- \/ Yoast SEO plugin. -->","yoast_head_json":{"title":"N\u00facleo de Hist\u00f3ria Oral realiza as grava\u00e7\u00f5es da 6\u00aa etapa de entrevistas &#8212; Trem da Vale","robots":{"index":"index","follow":"follow","max-snippet":"max-snippet:-1","max-image-preview":"max-image-preview:large","max-video-preview":"max-video-preview:-1"},"canonical":"https:\/\/tremdavale.org\/pt\/nucleo-de-historia-oral-realiza-as-gravacoes-da-6-etapa-de-entrevistas\/","og_locale":"pt_PT","og_type":"article","og_title":"N\u00facleo de Hist\u00f3ria Oral realiza as grava\u00e7\u00f5es da 6\u00aa etapa de entrevistas &#8212; Trem da Vale","og_description":"O entrevistado Jos\u00e9 Henrique Neves e integrantes do Vale Registrar: Wesley Maur\u00edcio, Eder Melo e Nat\u00e1lia Severino. Foto: Rafael Santos. &nbsp; O N\u00facleo de Hist\u00f3ria Oral do Vale Registrar realizou na ter\u00e7a-feira, 12 de abril, a primeira grava\u00e7\u00e3o em Ouro Preto das entrevistas referentes \u00e0 sexta fase do programa, correspondente &hellip;","og_url":"https:\/\/tremdavale.org\/pt\/nucleo-de-historia-oral-realiza-as-gravacoes-da-6-etapa-de-entrevistas\/","og_site_name":"Trem da Vale","article_published_time":"2011-09-11T20:25:00+00:00","article_modified_time":"2025-10-10T11:57:00+00:00","og_image":[{"width":300,"height":199,"url":"https:\/\/tremdavale.org\/wp-content\/uploads\/01-entrevista-jose-henrique-neves-12-04-111-300x199.jpg","type":"image\/jpeg"}],"author":"admin","twitter_card":"summary_large_image","twitter_misc":{"Escrito por":"admin","Tempo estimado de leitura":"2 minutos"},"schema":{"@context":"https:\/\/schema.org","@graph":[{"@type":"WebPage","@id":"https:\/\/tremdavale.org\/pt\/nucleo-de-historia-oral-realiza-as-gravacoes-da-6-etapa-de-entrevistas\/","url":"https:\/\/tremdavale.org\/pt\/nucleo-de-historia-oral-realiza-as-gravacoes-da-6-etapa-de-entrevistas\/","name":"N\u00facleo de Hist\u00f3ria Oral realiza as grava\u00e7\u00f5es da 6\u00aa etapa de entrevistas &#8212; Trem da Vale","isPartOf":{"@id":"https:\/\/tremdavale.org\/pt\/#website"},"primaryImageOfPage":{"@id":"https:\/\/tremdavale.org\/pt\/nucleo-de-historia-oral-realiza-as-gravacoes-da-6-etapa-de-entrevistas\/#primaryimage"},"image":{"@id":"https:\/\/tremdavale.org\/pt\/nucleo-de-historia-oral-realiza-as-gravacoes-da-6-etapa-de-entrevistas\/#primaryimage"},"thumbnailUrl":"https:\/\/tremdavale.org\/wp-content\/uploads\/01-entrevista-jose-henrique-neves-12-04-111-300x199.jpg","datePublished":"2011-09-11T20:25:00+00:00","dateModified":"2025-10-10T11:57:00+00:00","author":{"@id":"https:\/\/tremdavale.org\/pt\/#\/schema\/person\/50912137d47426d31329f246d02eaeca"},"breadcrumb":{"@id":"https:\/\/tremdavale.org\/pt\/nucleo-de-historia-oral-realiza-as-gravacoes-da-6-etapa-de-entrevistas\/#breadcrumb"},"inLanguage":"pt-PT","potentialAction":[{"@type":"ReadAction","target":["https:\/\/tremdavale.org\/pt\/nucleo-de-historia-oral-realiza-as-gravacoes-da-6-etapa-de-entrevistas\/"]}]},{"@type":"ImageObject","inLanguage":"pt-PT","@id":"https:\/\/tremdavale.org\/pt\/nucleo-de-historia-oral-realiza-as-gravacoes-da-6-etapa-de-entrevistas\/#primaryimage","url":"https:\/\/tremdavale.org\/wp-content\/uploads\/01-entrevista-jose-henrique-neves-12-04-111-300x199.jpg","contentUrl":"https:\/\/tremdavale.org\/wp-content\/uploads\/01-entrevista-jose-henrique-neves-12-04-111-300x199.jpg","width":300,"height":199},{"@type":"BreadcrumbList","@id":"https:\/\/tremdavale.org\/pt\/nucleo-de-historia-oral-realiza-as-gravacoes-da-6-etapa-de-entrevistas\/#breadcrumb","itemListElement":[{"@type":"ListItem","position":1,"name":"In\u00edcio","item":"https:\/\/tremdavale.org\/pt\/"},{"@type":"ListItem","position":2,"name":"N\u00facleo de Hist\u00f3ria Oral realiza as grava\u00e7\u00f5es da 6\u00aa etapa de entrevistas"}]},{"@type":"WebSite","@id":"https:\/\/tremdavale.org\/pt\/#website","url":"https:\/\/tremdavale.org\/pt\/","name":"Trem da Vale","description":"Programa de Educa\u00e7\u00e3o Patrimonial","potentialAction":[{"@type":"SearchAction","target":{"@type":"EntryPoint","urlTemplate":"https:\/\/tremdavale.org\/pt\/?s={search_term_string}"},"query-input":{"@type":"PropertyValueSpecification","valueRequired":true,"valueName":"search_term_string"}}],"inLanguage":"pt-PT"},{"@type":"Person","@id":"https:\/\/tremdavale.org\/pt\/#\/schema\/person\/50912137d47426d31329f246d02eaeca","name":"admin","image":{"@type":"ImageObject","inLanguage":"pt-PT","@id":"https:\/\/tremdavale.org\/pt\/#\/schema\/person\/image\/","url":"https:\/\/secure.gravatar.com\/avatar\/b3564f0fda6ea47959fe96a4217203e79a167568a37409758659bc3ba443b452?s=96&d=mm&r=g","contentUrl":"https:\/\/secure.gravatar.com\/avatar\/b3564f0fda6ea47959fe96a4217203e79a167568a37409758659bc3ba443b452?s=96&d=mm&r=g","caption":"admin"},"sameAs":["https:\/\/tremdavale.org"],"url":"https:\/\/tremdavale.org\/pt\/author\/admin\/"}]}},"_links":{"self":[{"href":"https:\/\/tremdavale.org\/pt\/wp-json\/wp\/v2\/posts\/219","targetHints":{"allow":["GET"]}}],"collection":[{"href":"https:\/\/tremdavale.org\/pt\/wp-json\/wp\/v2\/posts"}],"about":[{"href":"https:\/\/tremdavale.org\/pt\/wp-json\/wp\/v2\/types\/post"}],"author":[{"embeddable":true,"href":"https:\/\/tremdavale.org\/pt\/wp-json\/wp\/v2\/users\/1"}],"replies":[{"embeddable":true,"href":"https:\/\/tremdavale.org\/pt\/wp-json\/wp\/v2\/comments?post=219"}],"version-history":[{"count":0,"href":"https:\/\/tremdavale.org\/pt\/wp-json\/wp\/v2\/posts\/219\/revisions"}],"wp:featuredmedia":[{"embeddable":true,"href":"https:\/\/tremdavale.org\/pt\/wp-json\/wp\/v2\/media\/478"}],"wp:attachment":[{"href":"https:\/\/tremdavale.org\/pt\/wp-json\/wp\/v2\/media?parent=219"}],"wp:term":[{"taxonomy":"category","embeddable":true,"href":"https:\/\/tremdavale.org\/pt\/wp-json\/wp\/v2\/categories?post=219"},{"taxonomy":"post_tag","embeddable":true,"href":"https:\/\/tremdavale.org\/pt\/wp-json\/wp\/v2\/tags?post=219"}],"curies":[{"name":"wp","href":"https:\/\/api.w.org\/{rel}","templated":true}]}}