{"id":223,"date":"2013-08-25T09:53:00","date_gmt":"2013-08-25T09:53:00","guid":{"rendered":"https:\/\/tremdavale.org\/?p=223"},"modified":"2025-10-10T11:57:00","modified_gmt":"2025-10-10T11:57:00","slug":"nucleo-de-historia-oral-realiza-gravacao-de-entrevista-com-joao-luiz-dos-santos-historia-tematica-e-marcelo-de-morais-historia-de-vida","status":"publish","type":"post","link":"https:\/\/tremdavale.org\/pt\/nucleo-de-historia-oral-realiza-gravacao-de-entrevista-com-joao-luiz-dos-santos-historia-tematica-e-marcelo-de-morais-historia-de-vida\/","title":{"rendered":"N\u00facleo de Hist\u00f3ria Oral realiza grava\u00e7\u00e3o de entrevista de hist\u00f3ria tem\u00e1tica e hist\u00f3ria de vida"},"content":{"rendered":"<p><span style=\"font-size: small;\"><span style=\"font-family:\">Nos dias 15 e 17 de maio, o N\u00facleo de Hist\u00f3ria Oral realizou a grava\u00e7\u00e3o das entrevistas com Jo\u00e3o Luiz dos Santos (Hist\u00f3ria Tem\u00e1tica) e Marcelo Albano Ferreira de Morais (Hist\u00f3ria de Vida), respectivamente, em Mariana. Em sua entrevista, Jo\u00e3o Luiz<\/span> <span style=\"font-family: Symbol; mso-ascii-font-family: Arial; mso-hansi-font-family: Arial; mso-bidi-font-family: Arial; mso-char-type: symbol; mso-symbol-font-family: Symbol;\"><span style=\"mso-char-type: symbol; mso-symbol-font-family: Symbol;\">&#8211;<\/span><\/span><span style=\"font-family:\">ex-jogador do Marianense Futebol Clube e do Aluminas (Ouro Preto)<\/span> <span style=\"font-family: Symbol; mso-ascii-font-family: Arial; mso-hansi-font-family: Arial; mso-bidi-font-family: Arial; mso-char-type: symbol; mso-symbol-font-family: Symbol;\"><span style=\"mso-char-type: symbol; mso-symbol-font-family: Symbol;\">&#8211;<\/span><\/span> <span style=\"font-family:\">discorreu sobre jogos e campeonatos, al\u00e9m da vida social do clube, em especial o Marianense. J\u00e1 Marcelo, ao relembrar sua vida, n\u00e3o deixou de mencionar as serenatas feitas para as alunas do Col\u00e9gio Provid\u00eancia e, especialmente, sobre sua participa\u00e7\u00e3o no <em style=\"mso-bidi-font-style: normal;\">The Rebels<\/em>; conjunto musical marianense que animava os bailes em toda a regi\u00e3o, com os \u00faltimos sucessos do <em style=\"mso-bidi-font-style: normal;\">rock<\/em>.<\/span><\/span><\/p>\n<p><span style=\"font-family:\"><span style=\"font-size: small;\">&nbsp;<\/span><\/span><\/p>\n<p><span style=\"font-family:\"><span style=\"font-size: small;\">No dia 23 de maio, foi realizada a grava\u00e7\u00e3o da entrevista tipologia Hist\u00f3ria de Vida, em Ouro Preto, com Osmar Alves de Oliveira J\u00fanior. Em seu depoimento, Kel\u00e9, como \u00e9 mais conhecido, discorreu sobre o seu tempo de inf\u00e2ncia em Raposos e relatou com detalhes o seu per\u00edodo de estudante no Col\u00e9gio Arquidiocesano de Ouro Preto e na Escola de Minas. Falou ainda sobre as atividades sociais da cidade nas d\u00e9cadas de 1960 e 1970, com \u00eanfase no Festival de Inverno, pe\u00e7as de teatro, as quais escrevia e encenava, das reuni\u00f5es e atividades da Juventude Universit\u00e1ria Cat\u00f3lica (JUC) e de memor\u00e1veis partidas e momentos que presenciou no Campo da Barra, quando atuava pelo time da Associa\u00e7\u00e3o Desportiva da Escola de Minas (ADEM).<\/span><\/span><\/p>\n<p>&nbsp;<\/p>\n","protected":false},"excerpt":{"rendered":"<p>Nos dias 15 e 17 de maio, o N\u00facleo de Hist\u00f3ria Oral realizou a grava\u00e7\u00e3o das entrevistas com Jo\u00e3o Luiz dos Santos (Hist\u00f3ria Tem\u00e1tica) e Marcelo Albano Ferreira de Morais (Hist\u00f3ria de Vida), respectivamente, em Mariana. Em sua entrevista, Jo\u00e3o Luiz &#8211;ex-jogador do Marianense Futebol Clube e do Aluminas (Ouro &hellip;<\/p>\n","protected":false},"author":1,"featured_media":0,"comment_status":"open","ping_status":"closed","sticky":false,"template":"","format":"standard","meta":{"footnotes":""},"categories":[2],"tags":[],"class_list":["post-223","post","type-post","status-publish","format-standard","hentry","category-destaques-home"],"yoast_head":"<!-- This site is optimized with the Yoast SEO plugin v26.1.1 - https:\/\/yoast.com\/wordpress\/plugins\/seo\/ -->\n<title>N\u00facleo de Hist\u00f3ria Oral realiza grava\u00e7\u00e3o de entrevista de hist\u00f3ria tem\u00e1tica e hist\u00f3ria de vida &#8212; Trem da Vale<\/title>\n<meta name=\"robots\" content=\"index, follow, max-snippet:-1, max-image-preview:large, max-video-preview:-1\" \/>\n<link rel=\"canonical\" href=\"https:\/\/tremdavale.org\/pt\/nucleo-de-historia-oral-realiza-gravacao-de-entrevista-com-joao-luiz-dos-santos-historia-tematica-e-marcelo-de-morais-historia-de-vida\/\" \/>\n<meta property=\"og:locale\" content=\"pt_PT\" \/>\n<meta property=\"og:type\" content=\"article\" \/>\n<meta property=\"og:title\" content=\"N\u00facleo de Hist\u00f3ria Oral realiza grava\u00e7\u00e3o de entrevista de hist\u00f3ria tem\u00e1tica e hist\u00f3ria de vida &#8212; Trem da Vale\" \/>\n<meta property=\"og:description\" content=\"Nos dias 15 e 17 de maio, o N\u00facleo de Hist\u00f3ria Oral realizou a grava\u00e7\u00e3o das entrevistas com Jo\u00e3o Luiz dos Santos (Hist\u00f3ria Tem\u00e1tica) e Marcelo Albano Ferreira de Morais (Hist\u00f3ria de Vida), respectivamente, em Mariana. Em sua entrevista, Jo\u00e3o Luiz &#8211;ex-jogador do Marianense Futebol Clube e do Aluminas (Ouro &hellip;\" \/>\n<meta property=\"og:url\" content=\"https:\/\/tremdavale.org\/pt\/nucleo-de-historia-oral-realiza-gravacao-de-entrevista-com-joao-luiz-dos-santos-historia-tematica-e-marcelo-de-morais-historia-de-vida\/\" \/>\n<meta property=\"og:site_name\" content=\"Trem da Vale\" \/>\n<meta property=\"article:published_time\" content=\"2013-08-25T09:53:00+00:00\" \/>\n<meta property=\"article:modified_time\" content=\"2025-10-10T11:57:00+00:00\" \/>\n<meta name=\"author\" content=\"admin\" \/>\n<meta name=\"twitter:card\" content=\"summary_large_image\" \/>\n<meta name=\"twitter:label1\" content=\"Escrito por\" \/>\n\t<meta name=\"twitter:data1\" content=\"admin\" \/>\n\t<meta name=\"twitter:label2\" content=\"Tempo estimado de leitura\" \/>\n\t<meta name=\"twitter:data2\" content=\"1 minuto\" \/>\n<script type=\"application\/ld+json\" class=\"yoast-schema-graph\">{\"@context\":\"https:\/\/schema.org\",\"@graph\":[{\"@type\":\"WebPage\",\"@id\":\"https:\/\/tremdavale.org\/pt\/nucleo-de-historia-oral-realiza-gravacao-de-entrevista-com-joao-luiz-dos-santos-historia-tematica-e-marcelo-de-morais-historia-de-vida\/\",\"url\":\"https:\/\/tremdavale.org\/pt\/nucleo-de-historia-oral-realiza-gravacao-de-entrevista-com-joao-luiz-dos-santos-historia-tematica-e-marcelo-de-morais-historia-de-vida\/\",\"name\":\"N\u00facleo de Hist\u00f3ria Oral realiza grava\u00e7\u00e3o de entrevista de hist\u00f3ria tem\u00e1tica e hist\u00f3ria de vida &#8212; Trem da Vale\",\"isPartOf\":{\"@id\":\"https:\/\/tremdavale.org\/pt\/#website\"},\"datePublished\":\"2013-08-25T09:53:00+00:00\",\"dateModified\":\"2025-10-10T11:57:00+00:00\",\"author\":{\"@id\":\"https:\/\/tremdavale.org\/pt\/#\/schema\/person\/50912137d47426d31329f246d02eaeca\"},\"breadcrumb\":{\"@id\":\"https:\/\/tremdavale.org\/pt\/nucleo-de-historia-oral-realiza-gravacao-de-entrevista-com-joao-luiz-dos-santos-historia-tematica-e-marcelo-de-morais-historia-de-vida\/#breadcrumb\"},\"inLanguage\":\"pt-PT\",\"potentialAction\":[{\"@type\":\"ReadAction\",\"target\":[\"https:\/\/tremdavale.org\/pt\/nucleo-de-historia-oral-realiza-gravacao-de-entrevista-com-joao-luiz-dos-santos-historia-tematica-e-marcelo-de-morais-historia-de-vida\/\"]}]},{\"@type\":\"BreadcrumbList\",\"@id\":\"https:\/\/tremdavale.org\/pt\/nucleo-de-historia-oral-realiza-gravacao-de-entrevista-com-joao-luiz-dos-santos-historia-tematica-e-marcelo-de-morais-historia-de-vida\/#breadcrumb\",\"itemListElement\":[{\"@type\":\"ListItem\",\"position\":1,\"name\":\"In\u00edcio\",\"item\":\"https:\/\/tremdavale.org\/pt\/\"},{\"@type\":\"ListItem\",\"position\":2,\"name\":\"N\u00facleo de Hist\u00f3ria Oral realiza grava\u00e7\u00e3o de entrevista de hist\u00f3ria tem\u00e1tica e hist\u00f3ria de vida\"}]},{\"@type\":\"WebSite\",\"@id\":\"https:\/\/tremdavale.org\/pt\/#website\",\"url\":\"https:\/\/tremdavale.org\/pt\/\",\"name\":\"Trem da Vale\",\"description\":\"Programa de Educa\u00e7\u00e3o Patrimonial\",\"potentialAction\":[{\"@type\":\"SearchAction\",\"target\":{\"@type\":\"EntryPoint\",\"urlTemplate\":\"https:\/\/tremdavale.org\/pt\/?s={search_term_string}\"},\"query-input\":{\"@type\":\"PropertyValueSpecification\",\"valueRequired\":true,\"valueName\":\"search_term_string\"}}],\"inLanguage\":\"pt-PT\"},{\"@type\":\"Person\",\"@id\":\"https:\/\/tremdavale.org\/pt\/#\/schema\/person\/50912137d47426d31329f246d02eaeca\",\"name\":\"admin\",\"image\":{\"@type\":\"ImageObject\",\"inLanguage\":\"pt-PT\",\"@id\":\"https:\/\/tremdavale.org\/pt\/#\/schema\/person\/image\/\",\"url\":\"https:\/\/secure.gravatar.com\/avatar\/b3564f0fda6ea47959fe96a4217203e79a167568a37409758659bc3ba443b452?s=96&d=mm&r=g\",\"contentUrl\":\"https:\/\/secure.gravatar.com\/avatar\/b3564f0fda6ea47959fe96a4217203e79a167568a37409758659bc3ba443b452?s=96&d=mm&r=g\",\"caption\":\"admin\"},\"sameAs\":[\"https:\/\/tremdavale.org\"],\"url\":\"https:\/\/tremdavale.org\/pt\/author\/admin\/\"}]}<\/script>\n<!-- \/ Yoast SEO plugin. -->","yoast_head_json":{"title":"N\u00facleo de Hist\u00f3ria Oral realiza grava\u00e7\u00e3o de entrevista de hist\u00f3ria tem\u00e1tica e hist\u00f3ria de vida &#8212; Trem da Vale","robots":{"index":"index","follow":"follow","max-snippet":"max-snippet:-1","max-image-preview":"max-image-preview:large","max-video-preview":"max-video-preview:-1"},"canonical":"https:\/\/tremdavale.org\/pt\/nucleo-de-historia-oral-realiza-gravacao-de-entrevista-com-joao-luiz-dos-santos-historia-tematica-e-marcelo-de-morais-historia-de-vida\/","og_locale":"pt_PT","og_type":"article","og_title":"N\u00facleo de Hist\u00f3ria Oral realiza grava\u00e7\u00e3o de entrevista de hist\u00f3ria tem\u00e1tica e hist\u00f3ria de vida &#8212; Trem da Vale","og_description":"Nos dias 15 e 17 de maio, o N\u00facleo de Hist\u00f3ria Oral realizou a grava\u00e7\u00e3o das entrevistas com Jo\u00e3o Luiz dos Santos (Hist\u00f3ria Tem\u00e1tica) e Marcelo Albano Ferreira de Morais (Hist\u00f3ria de Vida), respectivamente, em Mariana. Em sua entrevista, Jo\u00e3o Luiz &#8211;ex-jogador do Marianense Futebol Clube e do Aluminas (Ouro &hellip;","og_url":"https:\/\/tremdavale.org\/pt\/nucleo-de-historia-oral-realiza-gravacao-de-entrevista-com-joao-luiz-dos-santos-historia-tematica-e-marcelo-de-morais-historia-de-vida\/","og_site_name":"Trem da Vale","article_published_time":"2013-08-25T09:53:00+00:00","article_modified_time":"2025-10-10T11:57:00+00:00","author":"admin","twitter_card":"summary_large_image","twitter_misc":{"Escrito por":"admin","Tempo estimado de leitura":"1 minuto"},"schema":{"@context":"https:\/\/schema.org","@graph":[{"@type":"WebPage","@id":"https:\/\/tremdavale.org\/pt\/nucleo-de-historia-oral-realiza-gravacao-de-entrevista-com-joao-luiz-dos-santos-historia-tematica-e-marcelo-de-morais-historia-de-vida\/","url":"https:\/\/tremdavale.org\/pt\/nucleo-de-historia-oral-realiza-gravacao-de-entrevista-com-joao-luiz-dos-santos-historia-tematica-e-marcelo-de-morais-historia-de-vida\/","name":"N\u00facleo de Hist\u00f3ria Oral realiza grava\u00e7\u00e3o de entrevista de hist\u00f3ria tem\u00e1tica e hist\u00f3ria de vida &#8212; Trem da Vale","isPartOf":{"@id":"https:\/\/tremdavale.org\/pt\/#website"},"datePublished":"2013-08-25T09:53:00+00:00","dateModified":"2025-10-10T11:57:00+00:00","author":{"@id":"https:\/\/tremdavale.org\/pt\/#\/schema\/person\/50912137d47426d31329f246d02eaeca"},"breadcrumb":{"@id":"https:\/\/tremdavale.org\/pt\/nucleo-de-historia-oral-realiza-gravacao-de-entrevista-com-joao-luiz-dos-santos-historia-tematica-e-marcelo-de-morais-historia-de-vida\/#breadcrumb"},"inLanguage":"pt-PT","potentialAction":[{"@type":"ReadAction","target":["https:\/\/tremdavale.org\/pt\/nucleo-de-historia-oral-realiza-gravacao-de-entrevista-com-joao-luiz-dos-santos-historia-tematica-e-marcelo-de-morais-historia-de-vida\/"]}]},{"@type":"BreadcrumbList","@id":"https:\/\/tremdavale.org\/pt\/nucleo-de-historia-oral-realiza-gravacao-de-entrevista-com-joao-luiz-dos-santos-historia-tematica-e-marcelo-de-morais-historia-de-vida\/#breadcrumb","itemListElement":[{"@type":"ListItem","position":1,"name":"In\u00edcio","item":"https:\/\/tremdavale.org\/pt\/"},{"@type":"ListItem","position":2,"name":"N\u00facleo de Hist\u00f3ria Oral realiza grava\u00e7\u00e3o de entrevista de hist\u00f3ria tem\u00e1tica e hist\u00f3ria de vida"}]},{"@type":"WebSite","@id":"https:\/\/tremdavale.org\/pt\/#website","url":"https:\/\/tremdavale.org\/pt\/","name":"Trem da Vale","description":"Programa de Educa\u00e7\u00e3o Patrimonial","potentialAction":[{"@type":"SearchAction","target":{"@type":"EntryPoint","urlTemplate":"https:\/\/tremdavale.org\/pt\/?s={search_term_string}"},"query-input":{"@type":"PropertyValueSpecification","valueRequired":true,"valueName":"search_term_string"}}],"inLanguage":"pt-PT"},{"@type":"Person","@id":"https:\/\/tremdavale.org\/pt\/#\/schema\/person\/50912137d47426d31329f246d02eaeca","name":"admin","image":{"@type":"ImageObject","inLanguage":"pt-PT","@id":"https:\/\/tremdavale.org\/pt\/#\/schema\/person\/image\/","url":"https:\/\/secure.gravatar.com\/avatar\/b3564f0fda6ea47959fe96a4217203e79a167568a37409758659bc3ba443b452?s=96&d=mm&r=g","contentUrl":"https:\/\/secure.gravatar.com\/avatar\/b3564f0fda6ea47959fe96a4217203e79a167568a37409758659bc3ba443b452?s=96&d=mm&r=g","caption":"admin"},"sameAs":["https:\/\/tremdavale.org"],"url":"https:\/\/tremdavale.org\/pt\/author\/admin\/"}]}},"_links":{"self":[{"href":"https:\/\/tremdavale.org\/pt\/wp-json\/wp\/v2\/posts\/223","targetHints":{"allow":["GET"]}}],"collection":[{"href":"https:\/\/tremdavale.org\/pt\/wp-json\/wp\/v2\/posts"}],"about":[{"href":"https:\/\/tremdavale.org\/pt\/wp-json\/wp\/v2\/types\/post"}],"author":[{"embeddable":true,"href":"https:\/\/tremdavale.org\/pt\/wp-json\/wp\/v2\/users\/1"}],"replies":[{"embeddable":true,"href":"https:\/\/tremdavale.org\/pt\/wp-json\/wp\/v2\/comments?post=223"}],"version-history":[{"count":0,"href":"https:\/\/tremdavale.org\/pt\/wp-json\/wp\/v2\/posts\/223\/revisions"}],"wp:attachment":[{"href":"https:\/\/tremdavale.org\/pt\/wp-json\/wp\/v2\/media?parent=223"}],"wp:term":[{"taxonomy":"category","embeddable":true,"href":"https:\/\/tremdavale.org\/pt\/wp-json\/wp\/v2\/categories?post=223"},{"taxonomy":"post_tag","embeddable":true,"href":"https:\/\/tremdavale.org\/pt\/wp-json\/wp\/v2\/tags?post=223"}],"curies":[{"name":"wp","href":"https:\/\/api.w.org\/{rel}","templated":true}]}}