{"id":224,"date":"2011-09-12T06:23:00","date_gmt":"2011-09-12T06:23:00","guid":{"rendered":"https:\/\/tremdavale.org\/?p=224"},"modified":"2025-10-10T11:57:00","modified_gmt":"2025-10-10T11:57:00","slug":"nucleo-de-historia-oral-realiza-gravacao-de-entrevista-com-maria-clara-celestino-souza","status":"publish","type":"post","link":"https:\/\/tremdavale.org\/pt\/nucleo-de-historia-oral-realiza-gravacao-de-entrevista-com-maria-clara-celestino-souza\/","title":{"rendered":"N\u00facleo de Hist\u00f3ria Oral realiza grava\u00e7\u00e3o de entrevista com Maria Clara Celestino Souza"},"content":{"rendered":"<p style=\"text-align: justify;\">O N\u00facleo de Hist\u00f3ria Oral do Vale Registrar realizou, no dia 31 de maio, a terceira grava\u00e7\u00e3o, em Mariana, de entrevista relativa \u00e0 sexta fase do programa, correspondente a 2011. A marianense Maria Clara Celestino Souza, nascida em 1953, durante mais de duas horas, em seu depoimento de Hist\u00f3ria de Vida, recordou e descreveu aspectos da vida social, econ\u00f4mica e educacional da cidade.<\/p>\n<p>&nbsp;<\/p>\n<p><img loading=\"lazy\" decoding=\"async\" class=\"size-medium\" title=\"3-entrevista-maria-clara-celestino-souza_310511\" src=\"\/wp-content\/uploads\/3-entrevista-maria-clara-celestino-souza_310511-300x196.jpg\" alt=\"A entrevistada Maria Clara Celestino Souza no p\u00e1tio da Esta\u00e7\u00e3o Ferrovi\u00e1ria de Mariana, com a equipe do Vale Registrar \u2013 Rodrigo Lima (estagi\u00e1rio), Cristiane Evangelista (produtora), Josanne Sim\u00f5es (entrevistadora) e Wesley Souza (assistente de c\u00e2mera). Foto: Rafael Santos\" width=\"300\" height=\"196\"><\/p>\n<p>A entrevistada Maria Clara Celestino Souza no p\u00e1tio da Esta\u00e7\u00e3o Ferrovi\u00e1ria de Mariana, com a equipe do Vale Registrar \u2013 Rodrigo Lima (estagi\u00e1rio), Cristiane Evangelista (produtora), Josanne Sim\u00f5es (entrevistadora) e Wesley Souza (assistente de c\u00e2mera). Foto: Rafael Santos<\/p>\n<p>&nbsp;<\/p>\n<p style=\"text-align: justify;\">Comerciante e fot\u00f3grafa instalada h\u00e1 aproximadamente 39 anos na Pra\u00e7a da S\u00e9, Maria Clara, com vivacidade, lembrou-se, entre outras mem\u00f3rias relatadas, do cotidiano no Grupo Escolar Dom Benevides e no Col\u00e9gio Estadual Dom Silv\u00e9rio; as idas \u00e0 Esta\u00e7\u00e3o Ferrovi\u00e1ria de Mariana para levar o caf\u00e9 da tarde ao pai ferrovi\u00e1rio quando aproveitava para brincar no armaz\u00e9m, pulando entre as sacas de caf\u00e9 ou rodando a catraca; e a curiosidade em rela\u00e7\u00e3o \u00e0 zona bo\u00eamia da cidade. Da adolesc\u00eancia, rememorou os grupos musicais <em>The Rebels<\/em>, Abutres e Os Incas, que tocavam sucessos internacionais do <em>rock<\/em>. Mencionou ainda a boate Senzala e as rodas de m\u00fasica e conversa dos jovens no \u201cJardim\u201d. Novidade para o N\u00facleo de Hist\u00f3ria Oral foram os nomes e casos de personagens curiosos que povoaram sua inf\u00e2ncia como Z\u00e9 Andorinha &#8211; o \u201ctransporte humano de Mariana\u201d que carregava nas costas tudo aquilo que as pessoas pedissem; Saninha \u201cSete Saias\u201d; Ritoca; Iota; Fanci Caiau e outros\u2026<\/p>\n<p>&nbsp;<\/p>\n<p><img loading=\"lazy\" decoding=\"async\" class=\"size-medium\" title=\"1-entrevista-maria-clara-clestino-souza_310511\" src=\"\/wp-content\/uploads\/1-entrevista-maria-clara-clestino-souza_310511-300x199.jpg\" alt=\"A entrevistada Maria Clara Celestino Souza \u00e9 recebida pela Assessora T\u00e9cnica do N\u00facleo de Hist\u00f3ria Oral do Vale Registrar, Josanne Sim\u00f5es, na plataforma da Esta\u00e7\u00e3o Ferrovi\u00e1ria de Mariana. Foto: Rafael Santos\" width=\"300\" height=\"199\"><\/p>\n<p>A entrevistada Maria Clara Celestino Souza \u00e9 recebida pela Assessora T\u00e9cnica do N\u00facleo de Hist\u00f3ria Oral do Vale Registrar, Josanne Sim\u00f5es, na plataforma da Esta\u00e7\u00e3o Ferrovi\u00e1ria de Mariana. Foto: Rafael Santos<\/p>\n<p>&nbsp;<\/p>\n<p style=\"text-align: justify;\">A entrevista agora entra em sua etapa de processamento: captura do \u00e1udio, transcri\u00e7\u00e3o, elabora\u00e7\u00e3o das notas de rodap\u00e9, confer\u00eancia de fidelidade, copidesque, reda\u00e7\u00e3o de resumos e edi\u00e7\u00e3o do v\u00eddeo. No final desta fase do programa de hist\u00f3ria oral, esta e as outras entrevistas que se seguir\u00e3o, ser\u00e3o reunidas no acervo do Vale Registrar dispon\u00edvel para consultas e pesquisas na Biblioteca Infanto-Juvenil da Esta\u00e7\u00e3o de Mariana e, tamb\u00e9m, neste <em>site<\/em>.<\/p>\n<p>&nbsp;<\/p>\n","protected":false},"excerpt":{"rendered":"<p>O N\u00facleo de Hist\u00f3ria Oral do Vale Registrar realizou, no dia 31 de maio, a terceira grava\u00e7\u00e3o, em Mariana, de entrevista relativa \u00e0 sexta fase do programa, correspondente a 2011. A marianense Maria Clara Celestino Souza, nascida em 1953, durante mais de duas horas, em seu depoimento de Hist\u00f3ria de &hellip;<\/p>\n","protected":false},"author":1,"featured_media":482,"comment_status":"open","ping_status":"closed","sticky":false,"template":"","format":"standard","meta":{"footnotes":""},"categories":[2],"tags":[],"class_list":["post-224","post","type-post","status-publish","format-standard","has-post-thumbnail","hentry","category-destaques-home"],"yoast_head":"<!-- This site is optimized with the Yoast SEO plugin v26.1.1 - https:\/\/yoast.com\/wordpress\/plugins\/seo\/ -->\n<title>N\u00facleo de Hist\u00f3ria Oral realiza grava\u00e7\u00e3o de entrevista com Maria Clara Celestino Souza &#8212; Trem da Vale<\/title>\n<meta name=\"robots\" content=\"index, follow, max-snippet:-1, max-image-preview:large, max-video-preview:-1\" \/>\n<link rel=\"canonical\" href=\"https:\/\/tremdavale.org\/pt\/nucleo-de-historia-oral-realiza-gravacao-de-entrevista-com-maria-clara-celestino-souza\/\" \/>\n<meta property=\"og:locale\" content=\"pt_PT\" \/>\n<meta property=\"og:type\" content=\"article\" \/>\n<meta property=\"og:title\" content=\"N\u00facleo de Hist\u00f3ria Oral realiza grava\u00e7\u00e3o de entrevista com Maria Clara Celestino Souza &#8212; Trem da Vale\" \/>\n<meta property=\"og:description\" content=\"O N\u00facleo de Hist\u00f3ria Oral do Vale Registrar realizou, no dia 31 de maio, a terceira grava\u00e7\u00e3o, em Mariana, de entrevista relativa \u00e0 sexta fase do programa, correspondente a 2011. A marianense Maria Clara Celestino Souza, nascida em 1953, durante mais de duas horas, em seu depoimento de Hist\u00f3ria de &hellip;\" \/>\n<meta property=\"og:url\" content=\"https:\/\/tremdavale.org\/pt\/nucleo-de-historia-oral-realiza-gravacao-de-entrevista-com-maria-clara-celestino-souza\/\" \/>\n<meta property=\"og:site_name\" content=\"Trem da Vale\" \/>\n<meta property=\"article:published_time\" content=\"2011-09-12T06:23:00+00:00\" \/>\n<meta property=\"article:modified_time\" content=\"2025-10-10T11:57:00+00:00\" \/>\n<meta property=\"og:image\" content=\"https:\/\/tremdavale.org\/wp-content\/uploads\/3-entrevista-maria-clara-celestino-souza_310511-300x196.jpg\" \/>\n\t<meta property=\"og:image:width\" content=\"300\" \/>\n\t<meta property=\"og:image:height\" content=\"196\" \/>\n\t<meta property=\"og:image:type\" content=\"image\/jpeg\" \/>\n<meta name=\"author\" content=\"admin\" \/>\n<meta name=\"twitter:card\" content=\"summary_large_image\" \/>\n<meta name=\"twitter:label1\" content=\"Escrito por\" \/>\n\t<meta name=\"twitter:data1\" content=\"admin\" \/>\n\t<meta name=\"twitter:label2\" content=\"Tempo estimado de leitura\" \/>\n\t<meta name=\"twitter:data2\" content=\"2 minutos\" \/>\n<script type=\"application\/ld+json\" class=\"yoast-schema-graph\">{\"@context\":\"https:\/\/schema.org\",\"@graph\":[{\"@type\":\"WebPage\",\"@id\":\"https:\/\/tremdavale.org\/pt\/nucleo-de-historia-oral-realiza-gravacao-de-entrevista-com-maria-clara-celestino-souza\/\",\"url\":\"https:\/\/tremdavale.org\/pt\/nucleo-de-historia-oral-realiza-gravacao-de-entrevista-com-maria-clara-celestino-souza\/\",\"name\":\"N\u00facleo de Hist\u00f3ria Oral realiza grava\u00e7\u00e3o de entrevista com Maria Clara Celestino Souza &#8212; Trem da Vale\",\"isPartOf\":{\"@id\":\"https:\/\/tremdavale.org\/pt\/#website\"},\"primaryImageOfPage\":{\"@id\":\"https:\/\/tremdavale.org\/pt\/nucleo-de-historia-oral-realiza-gravacao-de-entrevista-com-maria-clara-celestino-souza\/#primaryimage\"},\"image\":{\"@id\":\"https:\/\/tremdavale.org\/pt\/nucleo-de-historia-oral-realiza-gravacao-de-entrevista-com-maria-clara-celestino-souza\/#primaryimage\"},\"thumbnailUrl\":\"https:\/\/tremdavale.org\/wp-content\/uploads\/3-entrevista-maria-clara-celestino-souza_310511-300x196.jpg\",\"datePublished\":\"2011-09-12T06:23:00+00:00\",\"dateModified\":\"2025-10-10T11:57:00+00:00\",\"author\":{\"@id\":\"https:\/\/tremdavale.org\/pt\/#\/schema\/person\/50912137d47426d31329f246d02eaeca\"},\"breadcrumb\":{\"@id\":\"https:\/\/tremdavale.org\/pt\/nucleo-de-historia-oral-realiza-gravacao-de-entrevista-com-maria-clara-celestino-souza\/#breadcrumb\"},\"inLanguage\":\"pt-PT\",\"potentialAction\":[{\"@type\":\"ReadAction\",\"target\":[\"https:\/\/tremdavale.org\/pt\/nucleo-de-historia-oral-realiza-gravacao-de-entrevista-com-maria-clara-celestino-souza\/\"]}]},{\"@type\":\"ImageObject\",\"inLanguage\":\"pt-PT\",\"@id\":\"https:\/\/tremdavale.org\/pt\/nucleo-de-historia-oral-realiza-gravacao-de-entrevista-com-maria-clara-celestino-souza\/#primaryimage\",\"url\":\"https:\/\/tremdavale.org\/wp-content\/uploads\/3-entrevista-maria-clara-celestino-souza_310511-300x196.jpg\",\"contentUrl\":\"https:\/\/tremdavale.org\/wp-content\/uploads\/3-entrevista-maria-clara-celestino-souza_310511-300x196.jpg\",\"width\":300,\"height\":196},{\"@type\":\"BreadcrumbList\",\"@id\":\"https:\/\/tremdavale.org\/pt\/nucleo-de-historia-oral-realiza-gravacao-de-entrevista-com-maria-clara-celestino-souza\/#breadcrumb\",\"itemListElement\":[{\"@type\":\"ListItem\",\"position\":1,\"name\":\"In\u00edcio\",\"item\":\"https:\/\/tremdavale.org\/pt\/\"},{\"@type\":\"ListItem\",\"position\":2,\"name\":\"N\u00facleo de Hist\u00f3ria Oral realiza grava\u00e7\u00e3o de entrevista com Maria Clara Celestino Souza\"}]},{\"@type\":\"WebSite\",\"@id\":\"https:\/\/tremdavale.org\/pt\/#website\",\"url\":\"https:\/\/tremdavale.org\/pt\/\",\"name\":\"Trem da Vale\",\"description\":\"Programa de Educa\u00e7\u00e3o Patrimonial\",\"potentialAction\":[{\"@type\":\"SearchAction\",\"target\":{\"@type\":\"EntryPoint\",\"urlTemplate\":\"https:\/\/tremdavale.org\/pt\/?s={search_term_string}\"},\"query-input\":{\"@type\":\"PropertyValueSpecification\",\"valueRequired\":true,\"valueName\":\"search_term_string\"}}],\"inLanguage\":\"pt-PT\"},{\"@type\":\"Person\",\"@id\":\"https:\/\/tremdavale.org\/pt\/#\/schema\/person\/50912137d47426d31329f246d02eaeca\",\"name\":\"admin\",\"image\":{\"@type\":\"ImageObject\",\"inLanguage\":\"pt-PT\",\"@id\":\"https:\/\/tremdavale.org\/pt\/#\/schema\/person\/image\/\",\"url\":\"https:\/\/secure.gravatar.com\/avatar\/b3564f0fda6ea47959fe96a4217203e79a167568a37409758659bc3ba443b452?s=96&d=mm&r=g\",\"contentUrl\":\"https:\/\/secure.gravatar.com\/avatar\/b3564f0fda6ea47959fe96a4217203e79a167568a37409758659bc3ba443b452?s=96&d=mm&r=g\",\"caption\":\"admin\"},\"sameAs\":[\"https:\/\/tremdavale.org\"],\"url\":\"https:\/\/tremdavale.org\/pt\/author\/admin\/\"}]}<\/script>\n<!-- \/ Yoast SEO plugin. -->","yoast_head_json":{"title":"N\u00facleo de Hist\u00f3ria Oral realiza grava\u00e7\u00e3o de entrevista com Maria Clara Celestino Souza &#8212; Trem da Vale","robots":{"index":"index","follow":"follow","max-snippet":"max-snippet:-1","max-image-preview":"max-image-preview:large","max-video-preview":"max-video-preview:-1"},"canonical":"https:\/\/tremdavale.org\/pt\/nucleo-de-historia-oral-realiza-gravacao-de-entrevista-com-maria-clara-celestino-souza\/","og_locale":"pt_PT","og_type":"article","og_title":"N\u00facleo de Hist\u00f3ria Oral realiza grava\u00e7\u00e3o de entrevista com Maria Clara Celestino Souza &#8212; Trem da Vale","og_description":"O N\u00facleo de Hist\u00f3ria Oral do Vale Registrar realizou, no dia 31 de maio, a terceira grava\u00e7\u00e3o, em Mariana, de entrevista relativa \u00e0 sexta fase do programa, correspondente a 2011. A marianense Maria Clara Celestino Souza, nascida em 1953, durante mais de duas horas, em seu depoimento de Hist\u00f3ria de &hellip;","og_url":"https:\/\/tremdavale.org\/pt\/nucleo-de-historia-oral-realiza-gravacao-de-entrevista-com-maria-clara-celestino-souza\/","og_site_name":"Trem da Vale","article_published_time":"2011-09-12T06:23:00+00:00","article_modified_time":"2025-10-10T11:57:00+00:00","og_image":[{"width":300,"height":196,"url":"https:\/\/tremdavale.org\/wp-content\/uploads\/3-entrevista-maria-clara-celestino-souza_310511-300x196.jpg","type":"image\/jpeg"}],"author":"admin","twitter_card":"summary_large_image","twitter_misc":{"Escrito por":"admin","Tempo estimado de leitura":"2 minutos"},"schema":{"@context":"https:\/\/schema.org","@graph":[{"@type":"WebPage","@id":"https:\/\/tremdavale.org\/pt\/nucleo-de-historia-oral-realiza-gravacao-de-entrevista-com-maria-clara-celestino-souza\/","url":"https:\/\/tremdavale.org\/pt\/nucleo-de-historia-oral-realiza-gravacao-de-entrevista-com-maria-clara-celestino-souza\/","name":"N\u00facleo de Hist\u00f3ria Oral realiza grava\u00e7\u00e3o de entrevista com Maria Clara Celestino Souza &#8212; Trem da Vale","isPartOf":{"@id":"https:\/\/tremdavale.org\/pt\/#website"},"primaryImageOfPage":{"@id":"https:\/\/tremdavale.org\/pt\/nucleo-de-historia-oral-realiza-gravacao-de-entrevista-com-maria-clara-celestino-souza\/#primaryimage"},"image":{"@id":"https:\/\/tremdavale.org\/pt\/nucleo-de-historia-oral-realiza-gravacao-de-entrevista-com-maria-clara-celestino-souza\/#primaryimage"},"thumbnailUrl":"https:\/\/tremdavale.org\/wp-content\/uploads\/3-entrevista-maria-clara-celestino-souza_310511-300x196.jpg","datePublished":"2011-09-12T06:23:00+00:00","dateModified":"2025-10-10T11:57:00+00:00","author":{"@id":"https:\/\/tremdavale.org\/pt\/#\/schema\/person\/50912137d47426d31329f246d02eaeca"},"breadcrumb":{"@id":"https:\/\/tremdavale.org\/pt\/nucleo-de-historia-oral-realiza-gravacao-de-entrevista-com-maria-clara-celestino-souza\/#breadcrumb"},"inLanguage":"pt-PT","potentialAction":[{"@type":"ReadAction","target":["https:\/\/tremdavale.org\/pt\/nucleo-de-historia-oral-realiza-gravacao-de-entrevista-com-maria-clara-celestino-souza\/"]}]},{"@type":"ImageObject","inLanguage":"pt-PT","@id":"https:\/\/tremdavale.org\/pt\/nucleo-de-historia-oral-realiza-gravacao-de-entrevista-com-maria-clara-celestino-souza\/#primaryimage","url":"https:\/\/tremdavale.org\/wp-content\/uploads\/3-entrevista-maria-clara-celestino-souza_310511-300x196.jpg","contentUrl":"https:\/\/tremdavale.org\/wp-content\/uploads\/3-entrevista-maria-clara-celestino-souza_310511-300x196.jpg","width":300,"height":196},{"@type":"BreadcrumbList","@id":"https:\/\/tremdavale.org\/pt\/nucleo-de-historia-oral-realiza-gravacao-de-entrevista-com-maria-clara-celestino-souza\/#breadcrumb","itemListElement":[{"@type":"ListItem","position":1,"name":"In\u00edcio","item":"https:\/\/tremdavale.org\/pt\/"},{"@type":"ListItem","position":2,"name":"N\u00facleo de Hist\u00f3ria Oral realiza grava\u00e7\u00e3o de entrevista com Maria Clara Celestino Souza"}]},{"@type":"WebSite","@id":"https:\/\/tremdavale.org\/pt\/#website","url":"https:\/\/tremdavale.org\/pt\/","name":"Trem da Vale","description":"Programa de Educa\u00e7\u00e3o Patrimonial","potentialAction":[{"@type":"SearchAction","target":{"@type":"EntryPoint","urlTemplate":"https:\/\/tremdavale.org\/pt\/?s={search_term_string}"},"query-input":{"@type":"PropertyValueSpecification","valueRequired":true,"valueName":"search_term_string"}}],"inLanguage":"pt-PT"},{"@type":"Person","@id":"https:\/\/tremdavale.org\/pt\/#\/schema\/person\/50912137d47426d31329f246d02eaeca","name":"admin","image":{"@type":"ImageObject","inLanguage":"pt-PT","@id":"https:\/\/tremdavale.org\/pt\/#\/schema\/person\/image\/","url":"https:\/\/secure.gravatar.com\/avatar\/b3564f0fda6ea47959fe96a4217203e79a167568a37409758659bc3ba443b452?s=96&d=mm&r=g","contentUrl":"https:\/\/secure.gravatar.com\/avatar\/b3564f0fda6ea47959fe96a4217203e79a167568a37409758659bc3ba443b452?s=96&d=mm&r=g","caption":"admin"},"sameAs":["https:\/\/tremdavale.org"],"url":"https:\/\/tremdavale.org\/pt\/author\/admin\/"}]}},"_links":{"self":[{"href":"https:\/\/tremdavale.org\/pt\/wp-json\/wp\/v2\/posts\/224","targetHints":{"allow":["GET"]}}],"collection":[{"href":"https:\/\/tremdavale.org\/pt\/wp-json\/wp\/v2\/posts"}],"about":[{"href":"https:\/\/tremdavale.org\/pt\/wp-json\/wp\/v2\/types\/post"}],"author":[{"embeddable":true,"href":"https:\/\/tremdavale.org\/pt\/wp-json\/wp\/v2\/users\/1"}],"replies":[{"embeddable":true,"href":"https:\/\/tremdavale.org\/pt\/wp-json\/wp\/v2\/comments?post=224"}],"version-history":[{"count":0,"href":"https:\/\/tremdavale.org\/pt\/wp-json\/wp\/v2\/posts\/224\/revisions"}],"wp:featuredmedia":[{"embeddable":true,"href":"https:\/\/tremdavale.org\/pt\/wp-json\/wp\/v2\/media\/482"}],"wp:attachment":[{"href":"https:\/\/tremdavale.org\/pt\/wp-json\/wp\/v2\/media?parent=224"}],"wp:term":[{"taxonomy":"category","embeddable":true,"href":"https:\/\/tremdavale.org\/pt\/wp-json\/wp\/v2\/categories?post=224"},{"taxonomy":"post_tag","embeddable":true,"href":"https:\/\/tremdavale.org\/pt\/wp-json\/wp\/v2\/tags?post=224"}],"curies":[{"name":"wp","href":"https:\/\/api.w.org\/{rel}","templated":true}]}}