{"id":227,"date":"2013-08-25T09:53:00","date_gmt":"2013-08-25T09:53:00","guid":{"rendered":"https:\/\/tremdavale.org\/?p=227"},"modified":"2025-10-10T11:57:00","modified_gmt":"2025-10-10T11:57:00","slug":"nucleo-de-historia-oral-realiza-gravacao-de-entrevista-com-nirce-maria-dos-anjos-2","status":"publish","type":"post","link":"https:\/\/tremdavale.org\/pt\/nucleo-de-historia-oral-realiza-gravacao-de-entrevista-com-nirce-maria-dos-anjos-2\/","title":{"rendered":"N\u00facleo de Hist\u00f3ria Oral realiza grava\u00e7\u00e3o de entrevista com Nirce Maria dos Anjos"},"content":{"rendered":"<p><span style=\"font-family:\">O N\u00facleo de Hist\u00f3ria Oral do Vale Registrar realizou, no dia 10 de julho, a segunda grava\u00e7\u00e3o de entrevista tipologia Hist\u00f3ria de Vida, em Ouro Preto, referente \u00e0 s\u00e9tima fase do programa, correspondente a 2012.<\/span><\/p>\n<p><span style=\"font-family:\">A entrevistada Nirce Maria dos Anjos relembrou seu tempo de inf\u00e2ncia no Bairro Ant\u00f4nio Dias, as brincadeiras na ladeira de Santa Efig\u00eania e os desfiles c\u00edvicos de 7 de Setembro e 21 de Abril que participava na Pra\u00e7a Tiradentes. De sua juventude, dentre outras coisas, recordou-se do per\u00edodo em que foi aluna da Escola Normal Oficial de Ouro Preto. Citou ainda tropeiros, vendas, festas religiosas e atividades da Juventude Estudantil Cat\u00f3lica (JEC), da qual fazia parte. Falou tamb\u00e9m de sua \u00e9poca de professora e monitora do Projeto Museu-Escola. Sobre o Museu-Escola, do Museu da Inconfid\u00eancia, discorreu sobre as atividades do projeto, a metodologia adotada e a reda\u00e7\u00e3o, produ\u00e7\u00e3o e apresenta\u00e7\u00e3o da pe\u00e7a de teatro \u201cB\u00e1rbara louca e Mar\u00edlia apaixonada\u201d.<\/span><\/p>\n<p><span style=\"font-family:\">A entrevista agora entra em sua etapa de processamento: captura do \u00e1udio, transcri\u00e7\u00e3o, elabora\u00e7\u00e3o das notas de rodap\u00e9, confer\u00eancia de fidelidade, copidesque, reda\u00e7\u00e3o de resumos e edi\u00e7\u00e3o do v\u00eddeo. No final desta fase do programa de hist\u00f3ria oral, esta e as outras entrevistas que seguir\u00e3o, ser\u00e3o reunidas no acervo do Vale Registrar dispon\u00edvel para consultas e pesquisas na Biblioteca Infanto-Juvenil da Esta\u00e7\u00e3o de Mariana, e tamb\u00e9m no <em>site<\/em> www.tremdavale.org<\/span><\/p>\n<p>&nbsp;<\/p>\n<p><img loading=\"lazy\" decoding=\"async\" class=\"size-full\" title=\"entrevista12\" src=\"\/wp-content\/uploads\/entrevista12.bmp\" alt=\"entrevista12\" width=\"448\" height=\"336\"><\/p>\n<p>A entrevistada Nirce Maria dos Anjos e a equipe do Vale Registrar: Rafael Veloso, Rafael Bou\u00e7as, Eder Melo, Dalila Carneiro e Leonardo Penna, na plataforma da Esta\u00e7\u00e3o Ferrovi\u00e1ria de Ouro Preto, tendo ao fundo a Tenda Cultural.<\/p>\n<p>&nbsp;<\/p>\n<p><img loading=\"lazy\" decoding=\"async\" class=\"size-full\" title=\"untitled2\" src=\"\/wp-content\/uploads\/untitled2.bmp\" alt=\"untitled2\" width=\"448\" height=\"336\"><\/p>\n<p>A equipe do N\u00facleo de Hist\u00f3ria Oral do Vale Registrar \u2013 Rafael Veloso (estagi\u00e1rio) e Eder Melo (entrevistador) \u2013 e o gerente operacional do N\u00facleo de Audiovisual do Vale Registrar, Rafael Bou\u00e7as, preparando-se para o in\u00edcio das grava\u00e7\u00f5es com a entrevistada Nirce Maria dos Anjos, na Sala de Hist\u00f3rias da Esta\u00e7\u00e3o Ferrovi\u00e1ria de Ouro Preto.<\/p>\n<p>&nbsp;<\/p>\n<p><img loading=\"lazy\" decoding=\"async\" class=\"size-full\" title=\"untitled9\" src=\"\/wp-content\/uploads\/untitled9.bmp\" alt=\"untitled9\" width=\"448\" height=\"336\"><\/p>\n<p>A entrevistada Nirce Maria dos Anjos, assina o Termo de Autoriza\u00e7\u00e3o de Uso de Imagem ao lado de Rafael Veloso, estagi\u00e1rio do N\u00facleo de Hist\u00f3ria Oral do Vale Registrar, em frente a Sala de Hist\u00f3rias da Esta\u00e7\u00e3o Ferrovi\u00e1ria de Ouro Preto.<\/p>\n<p>&nbsp;<\/p>\n","protected":false},"excerpt":{"rendered":"<p>O N\u00facleo de Hist\u00f3ria Oral do Vale Registrar realizou, no dia 10 de julho, a segunda grava\u00e7\u00e3o de entrevista tipologia Hist\u00f3ria de Vida, em Ouro Preto, referente \u00e0 s\u00e9tima fase do programa, correspondente a 2012. A entrevistada Nirce Maria dos Anjos relembrou seu tempo de inf\u00e2ncia no Bairro Ant\u00f4nio Dias, &hellip;<\/p>\n","protected":false},"author":1,"featured_media":0,"comment_status":"open","ping_status":"closed","sticky":false,"template":"","format":"standard","meta":{"footnotes":""},"categories":[3],"tags":[],"class_list":["post-227","post","type-post","status-publish","format-standard","hentry","category-noticias"],"yoast_head":"<!-- This site is optimized with the Yoast SEO plugin v26.1.1 - https:\/\/yoast.com\/wordpress\/plugins\/seo\/ -->\n<title>N\u00facleo de Hist\u00f3ria Oral realiza grava\u00e7\u00e3o de entrevista com Nirce Maria dos Anjos &#8212; Trem da Vale<\/title>\n<meta name=\"robots\" content=\"index, follow, max-snippet:-1, max-image-preview:large, max-video-preview:-1\" \/>\n<link rel=\"canonical\" href=\"https:\/\/tremdavale.org\/pt\/nucleo-de-historia-oral-realiza-gravacao-de-entrevista-com-nirce-maria-dos-anjos-2\/\" \/>\n<meta property=\"og:locale\" content=\"pt_PT\" \/>\n<meta property=\"og:type\" content=\"article\" \/>\n<meta property=\"og:title\" content=\"N\u00facleo de Hist\u00f3ria Oral realiza grava\u00e7\u00e3o de entrevista com Nirce Maria dos Anjos &#8212; Trem da Vale\" \/>\n<meta property=\"og:description\" content=\"O N\u00facleo de Hist\u00f3ria Oral do Vale Registrar realizou, no dia 10 de julho, a segunda grava\u00e7\u00e3o de entrevista tipologia Hist\u00f3ria de Vida, em Ouro Preto, referente \u00e0 s\u00e9tima fase do programa, correspondente a 2012. A entrevistada Nirce Maria dos Anjos relembrou seu tempo de inf\u00e2ncia no Bairro Ant\u00f4nio Dias, &hellip;\" \/>\n<meta property=\"og:url\" content=\"https:\/\/tremdavale.org\/pt\/nucleo-de-historia-oral-realiza-gravacao-de-entrevista-com-nirce-maria-dos-anjos-2\/\" \/>\n<meta property=\"og:site_name\" content=\"Trem da Vale\" \/>\n<meta property=\"article:published_time\" content=\"2013-08-25T09:53:00+00:00\" \/>\n<meta property=\"article:modified_time\" content=\"2025-10-10T11:57:00+00:00\" \/>\n<meta name=\"author\" content=\"admin\" \/>\n<meta name=\"twitter:card\" content=\"summary_large_image\" \/>\n<meta name=\"twitter:label1\" content=\"Escrito por\" \/>\n\t<meta name=\"twitter:data1\" content=\"admin\" \/>\n\t<meta name=\"twitter:label2\" content=\"Tempo estimado de leitura\" \/>\n\t<meta name=\"twitter:data2\" content=\"2 minutos\" \/>\n<script type=\"application\/ld+json\" class=\"yoast-schema-graph\">{\"@context\":\"https:\/\/schema.org\",\"@graph\":[{\"@type\":\"WebPage\",\"@id\":\"https:\/\/tremdavale.org\/pt\/nucleo-de-historia-oral-realiza-gravacao-de-entrevista-com-nirce-maria-dos-anjos-2\/\",\"url\":\"https:\/\/tremdavale.org\/pt\/nucleo-de-historia-oral-realiza-gravacao-de-entrevista-com-nirce-maria-dos-anjos-2\/\",\"name\":\"N\u00facleo de Hist\u00f3ria Oral realiza grava\u00e7\u00e3o de entrevista com Nirce Maria dos Anjos &#8212; Trem da Vale\",\"isPartOf\":{\"@id\":\"https:\/\/tremdavale.org\/pt\/#website\"},\"datePublished\":\"2013-08-25T09:53:00+00:00\",\"dateModified\":\"2025-10-10T11:57:00+00:00\",\"author\":{\"@id\":\"https:\/\/tremdavale.org\/pt\/#\/schema\/person\/50912137d47426d31329f246d02eaeca\"},\"breadcrumb\":{\"@id\":\"https:\/\/tremdavale.org\/pt\/nucleo-de-historia-oral-realiza-gravacao-de-entrevista-com-nirce-maria-dos-anjos-2\/#breadcrumb\"},\"inLanguage\":\"pt-PT\",\"potentialAction\":[{\"@type\":\"ReadAction\",\"target\":[\"https:\/\/tremdavale.org\/pt\/nucleo-de-historia-oral-realiza-gravacao-de-entrevista-com-nirce-maria-dos-anjos-2\/\"]}]},{\"@type\":\"BreadcrumbList\",\"@id\":\"https:\/\/tremdavale.org\/pt\/nucleo-de-historia-oral-realiza-gravacao-de-entrevista-com-nirce-maria-dos-anjos-2\/#breadcrumb\",\"itemListElement\":[{\"@type\":\"ListItem\",\"position\":1,\"name\":\"In\u00edcio\",\"item\":\"https:\/\/tremdavale.org\/pt\/\"},{\"@type\":\"ListItem\",\"position\":2,\"name\":\"N\u00facleo de Hist\u00f3ria Oral realiza grava\u00e7\u00e3o de entrevista com Nirce Maria dos Anjos\"}]},{\"@type\":\"WebSite\",\"@id\":\"https:\/\/tremdavale.org\/pt\/#website\",\"url\":\"https:\/\/tremdavale.org\/pt\/\",\"name\":\"Trem da Vale\",\"description\":\"Programa de Educa\u00e7\u00e3o Patrimonial\",\"potentialAction\":[{\"@type\":\"SearchAction\",\"target\":{\"@type\":\"EntryPoint\",\"urlTemplate\":\"https:\/\/tremdavale.org\/pt\/?s={search_term_string}\"},\"query-input\":{\"@type\":\"PropertyValueSpecification\",\"valueRequired\":true,\"valueName\":\"search_term_string\"}}],\"inLanguage\":\"pt-PT\"},{\"@type\":\"Person\",\"@id\":\"https:\/\/tremdavale.org\/pt\/#\/schema\/person\/50912137d47426d31329f246d02eaeca\",\"name\":\"admin\",\"image\":{\"@type\":\"ImageObject\",\"inLanguage\":\"pt-PT\",\"@id\":\"https:\/\/tremdavale.org\/pt\/#\/schema\/person\/image\/\",\"url\":\"https:\/\/secure.gravatar.com\/avatar\/b3564f0fda6ea47959fe96a4217203e79a167568a37409758659bc3ba443b452?s=96&d=mm&r=g\",\"contentUrl\":\"https:\/\/secure.gravatar.com\/avatar\/b3564f0fda6ea47959fe96a4217203e79a167568a37409758659bc3ba443b452?s=96&d=mm&r=g\",\"caption\":\"admin\"},\"sameAs\":[\"https:\/\/tremdavale.org\"],\"url\":\"https:\/\/tremdavale.org\/pt\/author\/admin\/\"}]}<\/script>\n<!-- \/ Yoast SEO plugin. -->","yoast_head_json":{"title":"N\u00facleo de Hist\u00f3ria Oral realiza grava\u00e7\u00e3o de entrevista com Nirce Maria dos Anjos &#8212; Trem da Vale","robots":{"index":"index","follow":"follow","max-snippet":"max-snippet:-1","max-image-preview":"max-image-preview:large","max-video-preview":"max-video-preview:-1"},"canonical":"https:\/\/tremdavale.org\/pt\/nucleo-de-historia-oral-realiza-gravacao-de-entrevista-com-nirce-maria-dos-anjos-2\/","og_locale":"pt_PT","og_type":"article","og_title":"N\u00facleo de Hist\u00f3ria Oral realiza grava\u00e7\u00e3o de entrevista com Nirce Maria dos Anjos &#8212; Trem da Vale","og_description":"O N\u00facleo de Hist\u00f3ria Oral do Vale Registrar realizou, no dia 10 de julho, a segunda grava\u00e7\u00e3o de entrevista tipologia Hist\u00f3ria de Vida, em Ouro Preto, referente \u00e0 s\u00e9tima fase do programa, correspondente a 2012. A entrevistada Nirce Maria dos Anjos relembrou seu tempo de inf\u00e2ncia no Bairro Ant\u00f4nio Dias, &hellip;","og_url":"https:\/\/tremdavale.org\/pt\/nucleo-de-historia-oral-realiza-gravacao-de-entrevista-com-nirce-maria-dos-anjos-2\/","og_site_name":"Trem da Vale","article_published_time":"2013-08-25T09:53:00+00:00","article_modified_time":"2025-10-10T11:57:00+00:00","author":"admin","twitter_card":"summary_large_image","twitter_misc":{"Escrito por":"admin","Tempo estimado de leitura":"2 minutos"},"schema":{"@context":"https:\/\/schema.org","@graph":[{"@type":"WebPage","@id":"https:\/\/tremdavale.org\/pt\/nucleo-de-historia-oral-realiza-gravacao-de-entrevista-com-nirce-maria-dos-anjos-2\/","url":"https:\/\/tremdavale.org\/pt\/nucleo-de-historia-oral-realiza-gravacao-de-entrevista-com-nirce-maria-dos-anjos-2\/","name":"N\u00facleo de Hist\u00f3ria Oral realiza grava\u00e7\u00e3o de entrevista com Nirce Maria dos Anjos &#8212; Trem da Vale","isPartOf":{"@id":"https:\/\/tremdavale.org\/pt\/#website"},"datePublished":"2013-08-25T09:53:00+00:00","dateModified":"2025-10-10T11:57:00+00:00","author":{"@id":"https:\/\/tremdavale.org\/pt\/#\/schema\/person\/50912137d47426d31329f246d02eaeca"},"breadcrumb":{"@id":"https:\/\/tremdavale.org\/pt\/nucleo-de-historia-oral-realiza-gravacao-de-entrevista-com-nirce-maria-dos-anjos-2\/#breadcrumb"},"inLanguage":"pt-PT","potentialAction":[{"@type":"ReadAction","target":["https:\/\/tremdavale.org\/pt\/nucleo-de-historia-oral-realiza-gravacao-de-entrevista-com-nirce-maria-dos-anjos-2\/"]}]},{"@type":"BreadcrumbList","@id":"https:\/\/tremdavale.org\/pt\/nucleo-de-historia-oral-realiza-gravacao-de-entrevista-com-nirce-maria-dos-anjos-2\/#breadcrumb","itemListElement":[{"@type":"ListItem","position":1,"name":"In\u00edcio","item":"https:\/\/tremdavale.org\/pt\/"},{"@type":"ListItem","position":2,"name":"N\u00facleo de Hist\u00f3ria Oral realiza grava\u00e7\u00e3o de entrevista com Nirce Maria dos Anjos"}]},{"@type":"WebSite","@id":"https:\/\/tremdavale.org\/pt\/#website","url":"https:\/\/tremdavale.org\/pt\/","name":"Trem da Vale","description":"Programa de Educa\u00e7\u00e3o Patrimonial","potentialAction":[{"@type":"SearchAction","target":{"@type":"EntryPoint","urlTemplate":"https:\/\/tremdavale.org\/pt\/?s={search_term_string}"},"query-input":{"@type":"PropertyValueSpecification","valueRequired":true,"valueName":"search_term_string"}}],"inLanguage":"pt-PT"},{"@type":"Person","@id":"https:\/\/tremdavale.org\/pt\/#\/schema\/person\/50912137d47426d31329f246d02eaeca","name":"admin","image":{"@type":"ImageObject","inLanguage":"pt-PT","@id":"https:\/\/tremdavale.org\/pt\/#\/schema\/person\/image\/","url":"https:\/\/secure.gravatar.com\/avatar\/b3564f0fda6ea47959fe96a4217203e79a167568a37409758659bc3ba443b452?s=96&d=mm&r=g","contentUrl":"https:\/\/secure.gravatar.com\/avatar\/b3564f0fda6ea47959fe96a4217203e79a167568a37409758659bc3ba443b452?s=96&d=mm&r=g","caption":"admin"},"sameAs":["https:\/\/tremdavale.org"],"url":"https:\/\/tremdavale.org\/pt\/author\/admin\/"}]}},"_links":{"self":[{"href":"https:\/\/tremdavale.org\/pt\/wp-json\/wp\/v2\/posts\/227","targetHints":{"allow":["GET"]}}],"collection":[{"href":"https:\/\/tremdavale.org\/pt\/wp-json\/wp\/v2\/posts"}],"about":[{"href":"https:\/\/tremdavale.org\/pt\/wp-json\/wp\/v2\/types\/post"}],"author":[{"embeddable":true,"href":"https:\/\/tremdavale.org\/pt\/wp-json\/wp\/v2\/users\/1"}],"replies":[{"embeddable":true,"href":"https:\/\/tremdavale.org\/pt\/wp-json\/wp\/v2\/comments?post=227"}],"version-history":[{"count":0,"href":"https:\/\/tremdavale.org\/pt\/wp-json\/wp\/v2\/posts\/227\/revisions"}],"wp:attachment":[{"href":"https:\/\/tremdavale.org\/pt\/wp-json\/wp\/v2\/media?parent=227"}],"wp:term":[{"taxonomy":"category","embeddable":true,"href":"https:\/\/tremdavale.org\/pt\/wp-json\/wp\/v2\/categories?post=227"},{"taxonomy":"post_tag","embeddable":true,"href":"https:\/\/tremdavale.org\/pt\/wp-json\/wp\/v2\/tags?post=227"}],"curies":[{"name":"wp","href":"https:\/\/api.w.org\/{rel}","templated":true}]}}