{"id":228,"date":"2011-09-11T14:49:00","date_gmt":"2011-09-11T14:49:00","guid":{"rendered":"https:\/\/tremdavale.org\/?p=228"},"modified":"2025-10-10T11:57:00","modified_gmt":"2025-10-10T11:57:00","slug":"nucleo-de-historia-oral-realiza-gravacao-de-entrevista-com-salvador-gentil-dos-santos","status":"publish","type":"post","link":"https:\/\/tremdavale.org\/pt\/nucleo-de-historia-oral-realiza-gravacao-de-entrevista-com-salvador-gentil-dos-santos\/","title":{"rendered":"N\u00facleo de Hist\u00f3ria Oral realiza grava\u00e7\u00e3o de entrevista com Salvador Gentil dos Santos"},"content":{"rendered":"<p><span>O N\u00facleo de Hist\u00f3ria Oral do Vale Registrar realizou, no dia 11 de julho, a grava\u00e7\u00e3o da terceira entrevista em Ouro Preto relativa \u00e0 sexta fase do programa, correspondente a 2011. O ouro-pretano Salvador Gentil dos Santos, nascido em 1951, no bairro Ant\u00f4nio Dias, durante quase duas horas recordou e descreveu aspectos da vida social, econ\u00f4mica e religiosa de Ouro Preto que enriquecer\u00e1 o acervo do Vale Registrar, dispon\u00edvel na Biblioteca Infanto-Juvenil da Esta\u00e7\u00e3o de Mariana e tamb\u00e9m neste <em>site<\/em>.<\/span><\/p>\n<p>&nbsp;<\/p>\n<p>Salvador Gentil dos Santos ao lado da estagi\u00e1ria Nat\u00e1lia Severino, na plataforma da Esta\u00e7\u00e3o Ferrovi\u00e1ria de Ouro Preto. Foto: Wesley Maur\u00edcio<\/p>\n<p>&nbsp;<\/p>\n<p>Salvador Gentil recordou passagens de sua inf\u00e2ncia em Ouro Preto, com destaque para quest\u00f5es educacionais e brincadeiras nas proximidades do Santu\u00e1rio de Nossa Senhora da Concei\u00e7\u00e3o. Do per\u00edodo de sua juventude lembrou-se de antigos comerciantes, do <em>footing<\/em> na Rua S\u00e3o Jos\u00e9, dos bailes do CAEM, Associa\u00e7\u00e3o Comercial e Clube XV de Novembro. Das festas religiosas, a \u00eanfase recaiu na Semana Santa e na Festa de Santa Cruz da Ponte do Ant\u00f4nio Dias. Em meados da d\u00e9cada de 1970, Salvador Gentil foi trabalhar na Samarco Minera\u00e7\u00e3o S\/A. Como funcion\u00e1rio dessa empresa, acompanhou a distribui\u00e7\u00e3o das primeiras casas da Vila Samarco e, em seu depoimento, descreve a divis\u00e3o social que existia no local. Consciente da necessidade de preserva\u00e7\u00e3o das tradi\u00e7\u00f5es culturais de sua cidade natal, Salvador faz parte, h\u00e1 aproximadamente 10 anos, da diretoria do Bloco \u201cZ\u00e9 Pereira dos Lacaios\u201d que durante d\u00e9cadas vem mantendo a alegria dos foli\u00f5es do Carnaval ouro-pretano.<\/p>\n<p>&nbsp;<\/p>\n<p>Salvador Gentil dos Santos durante a entrevista, na Sala de Hist\u00f3rias com a equipe do Vale Registrar. Foto: Wesley Maur\u00edcio<\/p>\n<p>&nbsp;<\/p>\n<p><span>A entrevista agora entra em sua fase de processamento: captura do \u00e1udio, transcri\u00e7\u00e3o, elabora\u00e7\u00e3o das notas de rodap\u00e9, confer\u00eancia de fidelidade, copidesque, reda\u00e7\u00e3o de resumos e edi\u00e7\u00e3o do v\u00eddeo. No final desta 6\u00aa fase do programa de hist\u00f3ria oral, esta e as demais entrevistas ser\u00e3o reunidas ao referido acervo para consultas e pesquisas.<\/span><\/p>\n<p>&nbsp;<\/p>\n<p>O entrevistado Salvador Gentil dos Santos e a equipe do Vale Registrar: Eder de Melo, Wesley Maur\u00edcio, Salvador Gentil do Santos, Marcello Nicolato e Nat\u00e1lia Severino. Foto: Cristiane Evangelista<\/p>\n<p>&nbsp;<\/p>\n","protected":false},"excerpt":{"rendered":"<p>O N\u00facleo de Hist\u00f3ria Oral do Vale Registrar realizou, no dia 11 de julho, a grava\u00e7\u00e3o da terceira entrevista em Ouro Preto relativa \u00e0 sexta fase do programa, correspondente a 2011. O ouro-pretano Salvador Gentil dos Santos, nascido em 1951, no bairro Ant\u00f4nio Dias, durante quase duas horas recordou e &hellip;<\/p>\n","protected":false},"author":1,"featured_media":0,"comment_status":"open","ping_status":"closed","sticky":false,"template":"","format":"standard","meta":{"footnotes":""},"categories":[4],"tags":[],"class_list":["post-228","post","type-post","status-publish","format-standard","hentry","category-materia-news"],"yoast_head":"<!-- This site is optimized with the Yoast SEO plugin v26.1.1 - https:\/\/yoast.com\/wordpress\/plugins\/seo\/ -->\n<title>N\u00facleo de Hist\u00f3ria Oral realiza grava\u00e7\u00e3o de entrevista com Salvador Gentil dos Santos &#8212; Trem da Vale<\/title>\n<meta name=\"robots\" content=\"index, follow, max-snippet:-1, max-image-preview:large, max-video-preview:-1\" \/>\n<link rel=\"canonical\" href=\"https:\/\/tremdavale.org\/pt\/nucleo-de-historia-oral-realiza-gravacao-de-entrevista-com-salvador-gentil-dos-santos\/\" \/>\n<meta property=\"og:locale\" content=\"pt_PT\" \/>\n<meta property=\"og:type\" content=\"article\" \/>\n<meta property=\"og:title\" content=\"N\u00facleo de Hist\u00f3ria Oral realiza grava\u00e7\u00e3o de entrevista com Salvador Gentil dos Santos &#8212; Trem da Vale\" \/>\n<meta property=\"og:description\" content=\"O N\u00facleo de Hist\u00f3ria Oral do Vale Registrar realizou, no dia 11 de julho, a grava\u00e7\u00e3o da terceira entrevista em Ouro Preto relativa \u00e0 sexta fase do programa, correspondente a 2011. O ouro-pretano Salvador Gentil dos Santos, nascido em 1951, no bairro Ant\u00f4nio Dias, durante quase duas horas recordou e &hellip;\" \/>\n<meta property=\"og:url\" content=\"https:\/\/tremdavale.org\/pt\/nucleo-de-historia-oral-realiza-gravacao-de-entrevista-com-salvador-gentil-dos-santos\/\" \/>\n<meta property=\"og:site_name\" content=\"Trem da Vale\" \/>\n<meta property=\"article:published_time\" content=\"2011-09-11T14:49:00+00:00\" \/>\n<meta property=\"article:modified_time\" content=\"2025-10-10T11:57:00+00:00\" \/>\n<meta name=\"author\" content=\"admin\" \/>\n<meta name=\"twitter:card\" content=\"summary_large_image\" \/>\n<meta name=\"twitter:label1\" content=\"Escrito por\" \/>\n\t<meta name=\"twitter:data1\" content=\"admin\" \/>\n\t<meta name=\"twitter:label2\" content=\"Tempo estimado de leitura\" \/>\n\t<meta name=\"twitter:data2\" content=\"2 minutos\" \/>\n<script type=\"application\/ld+json\" class=\"yoast-schema-graph\">{\"@context\":\"https:\/\/schema.org\",\"@graph\":[{\"@type\":\"WebPage\",\"@id\":\"https:\/\/tremdavale.org\/pt\/nucleo-de-historia-oral-realiza-gravacao-de-entrevista-com-salvador-gentil-dos-santos\/\",\"url\":\"https:\/\/tremdavale.org\/pt\/nucleo-de-historia-oral-realiza-gravacao-de-entrevista-com-salvador-gentil-dos-santos\/\",\"name\":\"N\u00facleo de Hist\u00f3ria Oral realiza grava\u00e7\u00e3o de entrevista com Salvador Gentil dos Santos &#8212; Trem da Vale\",\"isPartOf\":{\"@id\":\"https:\/\/tremdavale.org\/pt\/#website\"},\"datePublished\":\"2011-09-11T14:49:00+00:00\",\"dateModified\":\"2025-10-10T11:57:00+00:00\",\"author\":{\"@id\":\"https:\/\/tremdavale.org\/pt\/#\/schema\/person\/50912137d47426d31329f246d02eaeca\"},\"breadcrumb\":{\"@id\":\"https:\/\/tremdavale.org\/pt\/nucleo-de-historia-oral-realiza-gravacao-de-entrevista-com-salvador-gentil-dos-santos\/#breadcrumb\"},\"inLanguage\":\"pt-PT\",\"potentialAction\":[{\"@type\":\"ReadAction\",\"target\":[\"https:\/\/tremdavale.org\/pt\/nucleo-de-historia-oral-realiza-gravacao-de-entrevista-com-salvador-gentil-dos-santos\/\"]}]},{\"@type\":\"BreadcrumbList\",\"@id\":\"https:\/\/tremdavale.org\/pt\/nucleo-de-historia-oral-realiza-gravacao-de-entrevista-com-salvador-gentil-dos-santos\/#breadcrumb\",\"itemListElement\":[{\"@type\":\"ListItem\",\"position\":1,\"name\":\"In\u00edcio\",\"item\":\"https:\/\/tremdavale.org\/pt\/\"},{\"@type\":\"ListItem\",\"position\":2,\"name\":\"N\u00facleo de Hist\u00f3ria Oral realiza grava\u00e7\u00e3o de entrevista com Salvador Gentil dos Santos\"}]},{\"@type\":\"WebSite\",\"@id\":\"https:\/\/tremdavale.org\/pt\/#website\",\"url\":\"https:\/\/tremdavale.org\/pt\/\",\"name\":\"Trem da Vale\",\"description\":\"Programa de Educa\u00e7\u00e3o Patrimonial\",\"potentialAction\":[{\"@type\":\"SearchAction\",\"target\":{\"@type\":\"EntryPoint\",\"urlTemplate\":\"https:\/\/tremdavale.org\/pt\/?s={search_term_string}\"},\"query-input\":{\"@type\":\"PropertyValueSpecification\",\"valueRequired\":true,\"valueName\":\"search_term_string\"}}],\"inLanguage\":\"pt-PT\"},{\"@type\":\"Person\",\"@id\":\"https:\/\/tremdavale.org\/pt\/#\/schema\/person\/50912137d47426d31329f246d02eaeca\",\"name\":\"admin\",\"image\":{\"@type\":\"ImageObject\",\"inLanguage\":\"pt-PT\",\"@id\":\"https:\/\/tremdavale.org\/pt\/#\/schema\/person\/image\/\",\"url\":\"https:\/\/secure.gravatar.com\/avatar\/b3564f0fda6ea47959fe96a4217203e79a167568a37409758659bc3ba443b452?s=96&d=mm&r=g\",\"contentUrl\":\"https:\/\/secure.gravatar.com\/avatar\/b3564f0fda6ea47959fe96a4217203e79a167568a37409758659bc3ba443b452?s=96&d=mm&r=g\",\"caption\":\"admin\"},\"sameAs\":[\"https:\/\/tremdavale.org\"],\"url\":\"https:\/\/tremdavale.org\/pt\/author\/admin\/\"}]}<\/script>\n<!-- \/ Yoast SEO plugin. -->","yoast_head_json":{"title":"N\u00facleo de Hist\u00f3ria Oral realiza grava\u00e7\u00e3o de entrevista com Salvador Gentil dos Santos &#8212; Trem da Vale","robots":{"index":"index","follow":"follow","max-snippet":"max-snippet:-1","max-image-preview":"max-image-preview:large","max-video-preview":"max-video-preview:-1"},"canonical":"https:\/\/tremdavale.org\/pt\/nucleo-de-historia-oral-realiza-gravacao-de-entrevista-com-salvador-gentil-dos-santos\/","og_locale":"pt_PT","og_type":"article","og_title":"N\u00facleo de Hist\u00f3ria Oral realiza grava\u00e7\u00e3o de entrevista com Salvador Gentil dos Santos &#8212; Trem da Vale","og_description":"O N\u00facleo de Hist\u00f3ria Oral do Vale Registrar realizou, no dia 11 de julho, a grava\u00e7\u00e3o da terceira entrevista em Ouro Preto relativa \u00e0 sexta fase do programa, correspondente a 2011. O ouro-pretano Salvador Gentil dos Santos, nascido em 1951, no bairro Ant\u00f4nio Dias, durante quase duas horas recordou e &hellip;","og_url":"https:\/\/tremdavale.org\/pt\/nucleo-de-historia-oral-realiza-gravacao-de-entrevista-com-salvador-gentil-dos-santos\/","og_site_name":"Trem da Vale","article_published_time":"2011-09-11T14:49:00+00:00","article_modified_time":"2025-10-10T11:57:00+00:00","author":"admin","twitter_card":"summary_large_image","twitter_misc":{"Escrito por":"admin","Tempo estimado de leitura":"2 minutos"},"schema":{"@context":"https:\/\/schema.org","@graph":[{"@type":"WebPage","@id":"https:\/\/tremdavale.org\/pt\/nucleo-de-historia-oral-realiza-gravacao-de-entrevista-com-salvador-gentil-dos-santos\/","url":"https:\/\/tremdavale.org\/pt\/nucleo-de-historia-oral-realiza-gravacao-de-entrevista-com-salvador-gentil-dos-santos\/","name":"N\u00facleo de Hist\u00f3ria Oral realiza grava\u00e7\u00e3o de entrevista com Salvador Gentil dos Santos &#8212; Trem da Vale","isPartOf":{"@id":"https:\/\/tremdavale.org\/pt\/#website"},"datePublished":"2011-09-11T14:49:00+00:00","dateModified":"2025-10-10T11:57:00+00:00","author":{"@id":"https:\/\/tremdavale.org\/pt\/#\/schema\/person\/50912137d47426d31329f246d02eaeca"},"breadcrumb":{"@id":"https:\/\/tremdavale.org\/pt\/nucleo-de-historia-oral-realiza-gravacao-de-entrevista-com-salvador-gentil-dos-santos\/#breadcrumb"},"inLanguage":"pt-PT","potentialAction":[{"@type":"ReadAction","target":["https:\/\/tremdavale.org\/pt\/nucleo-de-historia-oral-realiza-gravacao-de-entrevista-com-salvador-gentil-dos-santos\/"]}]},{"@type":"BreadcrumbList","@id":"https:\/\/tremdavale.org\/pt\/nucleo-de-historia-oral-realiza-gravacao-de-entrevista-com-salvador-gentil-dos-santos\/#breadcrumb","itemListElement":[{"@type":"ListItem","position":1,"name":"In\u00edcio","item":"https:\/\/tremdavale.org\/pt\/"},{"@type":"ListItem","position":2,"name":"N\u00facleo de Hist\u00f3ria Oral realiza grava\u00e7\u00e3o de entrevista com Salvador Gentil dos Santos"}]},{"@type":"WebSite","@id":"https:\/\/tremdavale.org\/pt\/#website","url":"https:\/\/tremdavale.org\/pt\/","name":"Trem da Vale","description":"Programa de Educa\u00e7\u00e3o Patrimonial","potentialAction":[{"@type":"SearchAction","target":{"@type":"EntryPoint","urlTemplate":"https:\/\/tremdavale.org\/pt\/?s={search_term_string}"},"query-input":{"@type":"PropertyValueSpecification","valueRequired":true,"valueName":"search_term_string"}}],"inLanguage":"pt-PT"},{"@type":"Person","@id":"https:\/\/tremdavale.org\/pt\/#\/schema\/person\/50912137d47426d31329f246d02eaeca","name":"admin","image":{"@type":"ImageObject","inLanguage":"pt-PT","@id":"https:\/\/tremdavale.org\/pt\/#\/schema\/person\/image\/","url":"https:\/\/secure.gravatar.com\/avatar\/b3564f0fda6ea47959fe96a4217203e79a167568a37409758659bc3ba443b452?s=96&d=mm&r=g","contentUrl":"https:\/\/secure.gravatar.com\/avatar\/b3564f0fda6ea47959fe96a4217203e79a167568a37409758659bc3ba443b452?s=96&d=mm&r=g","caption":"admin"},"sameAs":["https:\/\/tremdavale.org"],"url":"https:\/\/tremdavale.org\/pt\/author\/admin\/"}]}},"_links":{"self":[{"href":"https:\/\/tremdavale.org\/pt\/wp-json\/wp\/v2\/posts\/228","targetHints":{"allow":["GET"]}}],"collection":[{"href":"https:\/\/tremdavale.org\/pt\/wp-json\/wp\/v2\/posts"}],"about":[{"href":"https:\/\/tremdavale.org\/pt\/wp-json\/wp\/v2\/types\/post"}],"author":[{"embeddable":true,"href":"https:\/\/tremdavale.org\/pt\/wp-json\/wp\/v2\/users\/1"}],"replies":[{"embeddable":true,"href":"https:\/\/tremdavale.org\/pt\/wp-json\/wp\/v2\/comments?post=228"}],"version-history":[{"count":0,"href":"https:\/\/tremdavale.org\/pt\/wp-json\/wp\/v2\/posts\/228\/revisions"}],"wp:attachment":[{"href":"https:\/\/tremdavale.org\/pt\/wp-json\/wp\/v2\/media?parent=228"}],"wp:term":[{"taxonomy":"category","embeddable":true,"href":"https:\/\/tremdavale.org\/pt\/wp-json\/wp\/v2\/categories?post=228"},{"taxonomy":"post_tag","embeddable":true,"href":"https:\/\/tremdavale.org\/pt\/wp-json\/wp\/v2\/tags?post=228"}],"curies":[{"name":"wp","href":"https:\/\/api.w.org\/{rel}","templated":true}]}}