{"id":229,"date":"2011-09-10T16:09:00","date_gmt":"2011-09-10T16:09:00","guid":{"rendered":"https:\/\/tremdavale.org\/?p=229"},"modified":"2025-10-10T11:57:00","modified_gmt":"2025-10-10T11:57:00","slug":"nucleo-de-historia-oral-realiza-gravacao-de-entrevista-com-victor-vieira-godoy","status":"publish","type":"post","link":"https:\/\/tremdavale.org\/pt\/nucleo-de-historia-oral-realiza-gravacao-de-entrevista-com-victor-vieira-godoy\/","title":{"rendered":"N\u00facleo de Hist\u00f3ria Oral realiza grava\u00e7\u00e3o de entrevista com Victor Vieira Godoy"},"content":{"rendered":"<p><img loading=\"lazy\" decoding=\"async\" class=\"size-medium\" title=\"02-entrevista-victor-godoy-180411\" src=\"\/wp-content\/uploads\/02-entrevista-victor-godoy-180411-300x199.jpg\" alt=\"Grava\u00e7\u00e3o da claquete da entrevista de Victor Vieira Godoy. Foto: Rafael Santos.\" width=\"300\" height=\"199\"><\/p>\n<p>Grava\u00e7\u00e3o da claquete da entrevista de Victor Vieira Godoy. Foto: Rafael Santos.<\/p>\n<p>&nbsp;<\/p>\n<p>O N\u00facleo de Hist\u00f3ria Oral do Vale Registrar realizou no \u00faltimo dia 18 de abril, a grava\u00e7\u00e3o da segunda entrevista referente \u00e0 Fase 6, correspondente a 2011, em Ouro Preto.<\/p>\n<p style=\"text-align: justify;\">O ouro-pretano Victor Vieira de Godoy, nascido em 1948, no bairro Ros\u00e1rio, recordou e descreveu, durante duas horas e meia, aspectos da vida social, econ\u00f4mica e religiosa de Ouro Preto, enriquecendo o acervo do Vale Registrar, dispon\u00edvel na Biblioteca Infanto-Juvenil da Esta\u00e7\u00e3o de Mariana e tamb\u00e9m neste site.<\/p>\n<p style=\"text-align: justify;\">O senhor Victor Godoy descreveu passagens de sua inf\u00e2ncia em Ouro Preto, com destaque para as brincadeiras e o campo de futebol que, junto com seus amigos, mantinham atr\u00e1s da Capela de Nossa Senhora do Ros\u00e1rio dos Pretos.<\/p>\n<p style=\"text-align: justify;\">O entrevistado apresentou importantes fragmentos da hist\u00f3ria de Ouro Preto durante a d\u00e9cada de 1960; dentre eles, o Golpe de 1964 e seus impactos na cidade, citando a participa\u00e7\u00e3o de diversas associa\u00e7\u00f5es e agremia\u00e7\u00f5es que exerceram um ativo papel de contesta\u00e7\u00e3o ao regime pol\u00edtico que se instalava.<\/p>\n<p>&nbsp;<\/p>\n<p><img loading=\"lazy\" decoding=\"async\" class=\"size-medium\" title=\"03-entrevista-victor-vieira-godoy-180411\" src=\"\/wp-content\/uploads\/03-entrevista-victor-vieira-godoy-180411-300x199.jpg\" alt=\"O entrevistado Victor Vieira Godoy e integrantes do Vale Registrar: Rafael Santos, Nat\u00e1lia Severino, Eder Melo e Rosilene Figueiredo. Foto: Rafael Santos.\" width=\"300\" height=\"199\"><\/p>\n<p>O entrevistado Victor Vieira Godoy e integrantes do Vale Registrar: Rafael Santos, Nat\u00e1lia Severino, Eder Melo e Rosilene Figueiredo. Foto: Rafael Santos.<\/p>\n<p>&nbsp;<\/p>\n<p style=\"text-align: justify;\">Os primeiros festivais de inverno, organizados pela Universidade Federal de Minas Gerais em Ouro Preto a partir de 1968: participa\u00e7\u00e3o de artistas e intelectuais mundialmente conhecidos, oficinas, grupos e pe\u00e7as teatrais apresentados no Teatro Municipal \u201cCasa da \u00d3pera\u201d.<\/p>\n<p style=\"text-align: justify;\">Professor aposentado da Escola de Farm\u00e1cia, Victor Godoy presenciou e contribuiu para a funda\u00e7\u00e3o da Universidade Federal de Ouro Preto, na qual exerceu tamb\u00e9m os cargos de pr\u00f3-reitor de Administra\u00e7\u00e3o e pr\u00f3-reitor Acad\u00eamico.<\/p>\n<p style=\"text-align: justify;\">A entrevista agora entra em sua fase de processamento: captura do \u00e1udio, transcri\u00e7\u00e3o, elabora\u00e7\u00e3o das notas de rodap\u00e9, confer\u00eancia de fidelidade, copidesque, reda\u00e7\u00e3o de resumos e edi\u00e7\u00e3o do v\u00eddeo. Posteriormente, esta e todas as outras entrevistas que se seguir\u00e3o, ser\u00e3o reunidas ao referido acervo para consultas e pesquisas.<\/p>\n<p>&nbsp;<\/p>\n","protected":false},"excerpt":{"rendered":"<p>Grava\u00e7\u00e3o da claquete da entrevista de Victor Vieira Godoy. Foto: Rafael Santos. &nbsp; O N\u00facleo de Hist\u00f3ria Oral do Vale Registrar realizou no \u00faltimo dia 18 de abril, a grava\u00e7\u00e3o da segunda entrevista referente \u00e0 Fase 6, correspondente a 2011, em Ouro Preto. O ouro-pretano Victor Vieira de Godoy, nascido &hellip;<\/p>\n","protected":false},"author":1,"featured_media":485,"comment_status":"open","ping_status":"closed","sticky":false,"template":"","format":"standard","meta":{"footnotes":""},"categories":[3],"tags":[],"class_list":["post-229","post","type-post","status-publish","format-standard","has-post-thumbnail","hentry","category-noticias"],"yoast_head":"<!-- This site is optimized with the Yoast SEO plugin v26.1.1 - https:\/\/yoast.com\/wordpress\/plugins\/seo\/ -->\n<title>N\u00facleo de Hist\u00f3ria Oral realiza grava\u00e7\u00e3o de entrevista com Victor Vieira Godoy &#8212; Trem da Vale<\/title>\n<meta name=\"robots\" content=\"index, follow, max-snippet:-1, max-image-preview:large, max-video-preview:-1\" \/>\n<link rel=\"canonical\" href=\"https:\/\/tremdavale.org\/pt\/nucleo-de-historia-oral-realiza-gravacao-de-entrevista-com-victor-vieira-godoy\/\" \/>\n<meta property=\"og:locale\" content=\"pt_PT\" \/>\n<meta property=\"og:type\" content=\"article\" \/>\n<meta property=\"og:title\" content=\"N\u00facleo de Hist\u00f3ria Oral realiza grava\u00e7\u00e3o de entrevista com Victor Vieira Godoy &#8212; Trem da Vale\" \/>\n<meta property=\"og:description\" content=\"Grava\u00e7\u00e3o da claquete da entrevista de Victor Vieira Godoy. Foto: Rafael Santos. &nbsp; O N\u00facleo de Hist\u00f3ria Oral do Vale Registrar realizou no \u00faltimo dia 18 de abril, a grava\u00e7\u00e3o da segunda entrevista referente \u00e0 Fase 6, correspondente a 2011, em Ouro Preto. O ouro-pretano Victor Vieira de Godoy, nascido &hellip;\" \/>\n<meta property=\"og:url\" content=\"https:\/\/tremdavale.org\/pt\/nucleo-de-historia-oral-realiza-gravacao-de-entrevista-com-victor-vieira-godoy\/\" \/>\n<meta property=\"og:site_name\" content=\"Trem da Vale\" \/>\n<meta property=\"article:published_time\" content=\"2011-09-10T16:09:00+00:00\" \/>\n<meta property=\"article:modified_time\" content=\"2025-10-10T11:57:00+00:00\" \/>\n<meta property=\"og:image\" content=\"https:\/\/tremdavale.org\/wp-content\/uploads\/02-entrevista-victor-godoy-180411-300x199.jpg\" \/>\n\t<meta property=\"og:image:width\" content=\"300\" \/>\n\t<meta property=\"og:image:height\" content=\"199\" \/>\n\t<meta property=\"og:image:type\" content=\"image\/jpeg\" \/>\n<meta name=\"author\" content=\"admin\" \/>\n<meta name=\"twitter:card\" content=\"summary_large_image\" \/>\n<meta name=\"twitter:label1\" content=\"Escrito por\" \/>\n\t<meta name=\"twitter:data1\" content=\"admin\" \/>\n\t<meta name=\"twitter:label2\" content=\"Tempo estimado de leitura\" \/>\n\t<meta name=\"twitter:data2\" content=\"2 minutos\" \/>\n<script type=\"application\/ld+json\" class=\"yoast-schema-graph\">{\"@context\":\"https:\/\/schema.org\",\"@graph\":[{\"@type\":\"WebPage\",\"@id\":\"https:\/\/tremdavale.org\/pt\/nucleo-de-historia-oral-realiza-gravacao-de-entrevista-com-victor-vieira-godoy\/\",\"url\":\"https:\/\/tremdavale.org\/pt\/nucleo-de-historia-oral-realiza-gravacao-de-entrevista-com-victor-vieira-godoy\/\",\"name\":\"N\u00facleo de Hist\u00f3ria Oral realiza grava\u00e7\u00e3o de entrevista com Victor Vieira Godoy &#8212; Trem da Vale\",\"isPartOf\":{\"@id\":\"https:\/\/tremdavale.org\/pt\/#website\"},\"primaryImageOfPage\":{\"@id\":\"https:\/\/tremdavale.org\/pt\/nucleo-de-historia-oral-realiza-gravacao-de-entrevista-com-victor-vieira-godoy\/#primaryimage\"},\"image\":{\"@id\":\"https:\/\/tremdavale.org\/pt\/nucleo-de-historia-oral-realiza-gravacao-de-entrevista-com-victor-vieira-godoy\/#primaryimage\"},\"thumbnailUrl\":\"https:\/\/tremdavale.org\/wp-content\/uploads\/02-entrevista-victor-godoy-180411-300x199.jpg\",\"datePublished\":\"2011-09-10T16:09:00+00:00\",\"dateModified\":\"2025-10-10T11:57:00+00:00\",\"author\":{\"@id\":\"https:\/\/tremdavale.org\/pt\/#\/schema\/person\/50912137d47426d31329f246d02eaeca\"},\"breadcrumb\":{\"@id\":\"https:\/\/tremdavale.org\/pt\/nucleo-de-historia-oral-realiza-gravacao-de-entrevista-com-victor-vieira-godoy\/#breadcrumb\"},\"inLanguage\":\"pt-PT\",\"potentialAction\":[{\"@type\":\"ReadAction\",\"target\":[\"https:\/\/tremdavale.org\/pt\/nucleo-de-historia-oral-realiza-gravacao-de-entrevista-com-victor-vieira-godoy\/\"]}]},{\"@type\":\"ImageObject\",\"inLanguage\":\"pt-PT\",\"@id\":\"https:\/\/tremdavale.org\/pt\/nucleo-de-historia-oral-realiza-gravacao-de-entrevista-com-victor-vieira-godoy\/#primaryimage\",\"url\":\"https:\/\/tremdavale.org\/wp-content\/uploads\/02-entrevista-victor-godoy-180411-300x199.jpg\",\"contentUrl\":\"https:\/\/tremdavale.org\/wp-content\/uploads\/02-entrevista-victor-godoy-180411-300x199.jpg\",\"width\":300,\"height\":199},{\"@type\":\"BreadcrumbList\",\"@id\":\"https:\/\/tremdavale.org\/pt\/nucleo-de-historia-oral-realiza-gravacao-de-entrevista-com-victor-vieira-godoy\/#breadcrumb\",\"itemListElement\":[{\"@type\":\"ListItem\",\"position\":1,\"name\":\"In\u00edcio\",\"item\":\"https:\/\/tremdavale.org\/pt\/\"},{\"@type\":\"ListItem\",\"position\":2,\"name\":\"N\u00facleo de Hist\u00f3ria Oral realiza grava\u00e7\u00e3o de entrevista com Victor Vieira Godoy\"}]},{\"@type\":\"WebSite\",\"@id\":\"https:\/\/tremdavale.org\/pt\/#website\",\"url\":\"https:\/\/tremdavale.org\/pt\/\",\"name\":\"Trem da Vale\",\"description\":\"Programa de Educa\u00e7\u00e3o Patrimonial\",\"potentialAction\":[{\"@type\":\"SearchAction\",\"target\":{\"@type\":\"EntryPoint\",\"urlTemplate\":\"https:\/\/tremdavale.org\/pt\/?s={search_term_string}\"},\"query-input\":{\"@type\":\"PropertyValueSpecification\",\"valueRequired\":true,\"valueName\":\"search_term_string\"}}],\"inLanguage\":\"pt-PT\"},{\"@type\":\"Person\",\"@id\":\"https:\/\/tremdavale.org\/pt\/#\/schema\/person\/50912137d47426d31329f246d02eaeca\",\"name\":\"admin\",\"image\":{\"@type\":\"ImageObject\",\"inLanguage\":\"pt-PT\",\"@id\":\"https:\/\/tremdavale.org\/pt\/#\/schema\/person\/image\/\",\"url\":\"https:\/\/secure.gravatar.com\/avatar\/b3564f0fda6ea47959fe96a4217203e79a167568a37409758659bc3ba443b452?s=96&d=mm&r=g\",\"contentUrl\":\"https:\/\/secure.gravatar.com\/avatar\/b3564f0fda6ea47959fe96a4217203e79a167568a37409758659bc3ba443b452?s=96&d=mm&r=g\",\"caption\":\"admin\"},\"sameAs\":[\"https:\/\/tremdavale.org\"],\"url\":\"https:\/\/tremdavale.org\/pt\/author\/admin\/\"}]}<\/script>\n<!-- \/ Yoast SEO plugin. -->","yoast_head_json":{"title":"N\u00facleo de Hist\u00f3ria Oral realiza grava\u00e7\u00e3o de entrevista com Victor Vieira Godoy &#8212; Trem da Vale","robots":{"index":"index","follow":"follow","max-snippet":"max-snippet:-1","max-image-preview":"max-image-preview:large","max-video-preview":"max-video-preview:-1"},"canonical":"https:\/\/tremdavale.org\/pt\/nucleo-de-historia-oral-realiza-gravacao-de-entrevista-com-victor-vieira-godoy\/","og_locale":"pt_PT","og_type":"article","og_title":"N\u00facleo de Hist\u00f3ria Oral realiza grava\u00e7\u00e3o de entrevista com Victor Vieira Godoy &#8212; Trem da Vale","og_description":"Grava\u00e7\u00e3o da claquete da entrevista de Victor Vieira Godoy. Foto: Rafael Santos. &nbsp; O N\u00facleo de Hist\u00f3ria Oral do Vale Registrar realizou no \u00faltimo dia 18 de abril, a grava\u00e7\u00e3o da segunda entrevista referente \u00e0 Fase 6, correspondente a 2011, em Ouro Preto. O ouro-pretano Victor Vieira de Godoy, nascido &hellip;","og_url":"https:\/\/tremdavale.org\/pt\/nucleo-de-historia-oral-realiza-gravacao-de-entrevista-com-victor-vieira-godoy\/","og_site_name":"Trem da Vale","article_published_time":"2011-09-10T16:09:00+00:00","article_modified_time":"2025-10-10T11:57:00+00:00","og_image":[{"width":300,"height":199,"url":"https:\/\/tremdavale.org\/wp-content\/uploads\/02-entrevista-victor-godoy-180411-300x199.jpg","type":"image\/jpeg"}],"author":"admin","twitter_card":"summary_large_image","twitter_misc":{"Escrito por":"admin","Tempo estimado de leitura":"2 minutos"},"schema":{"@context":"https:\/\/schema.org","@graph":[{"@type":"WebPage","@id":"https:\/\/tremdavale.org\/pt\/nucleo-de-historia-oral-realiza-gravacao-de-entrevista-com-victor-vieira-godoy\/","url":"https:\/\/tremdavale.org\/pt\/nucleo-de-historia-oral-realiza-gravacao-de-entrevista-com-victor-vieira-godoy\/","name":"N\u00facleo de Hist\u00f3ria Oral realiza grava\u00e7\u00e3o de entrevista com Victor Vieira Godoy &#8212; Trem da Vale","isPartOf":{"@id":"https:\/\/tremdavale.org\/pt\/#website"},"primaryImageOfPage":{"@id":"https:\/\/tremdavale.org\/pt\/nucleo-de-historia-oral-realiza-gravacao-de-entrevista-com-victor-vieira-godoy\/#primaryimage"},"image":{"@id":"https:\/\/tremdavale.org\/pt\/nucleo-de-historia-oral-realiza-gravacao-de-entrevista-com-victor-vieira-godoy\/#primaryimage"},"thumbnailUrl":"https:\/\/tremdavale.org\/wp-content\/uploads\/02-entrevista-victor-godoy-180411-300x199.jpg","datePublished":"2011-09-10T16:09:00+00:00","dateModified":"2025-10-10T11:57:00+00:00","author":{"@id":"https:\/\/tremdavale.org\/pt\/#\/schema\/person\/50912137d47426d31329f246d02eaeca"},"breadcrumb":{"@id":"https:\/\/tremdavale.org\/pt\/nucleo-de-historia-oral-realiza-gravacao-de-entrevista-com-victor-vieira-godoy\/#breadcrumb"},"inLanguage":"pt-PT","potentialAction":[{"@type":"ReadAction","target":["https:\/\/tremdavale.org\/pt\/nucleo-de-historia-oral-realiza-gravacao-de-entrevista-com-victor-vieira-godoy\/"]}]},{"@type":"ImageObject","inLanguage":"pt-PT","@id":"https:\/\/tremdavale.org\/pt\/nucleo-de-historia-oral-realiza-gravacao-de-entrevista-com-victor-vieira-godoy\/#primaryimage","url":"https:\/\/tremdavale.org\/wp-content\/uploads\/02-entrevista-victor-godoy-180411-300x199.jpg","contentUrl":"https:\/\/tremdavale.org\/wp-content\/uploads\/02-entrevista-victor-godoy-180411-300x199.jpg","width":300,"height":199},{"@type":"BreadcrumbList","@id":"https:\/\/tremdavale.org\/pt\/nucleo-de-historia-oral-realiza-gravacao-de-entrevista-com-victor-vieira-godoy\/#breadcrumb","itemListElement":[{"@type":"ListItem","position":1,"name":"In\u00edcio","item":"https:\/\/tremdavale.org\/pt\/"},{"@type":"ListItem","position":2,"name":"N\u00facleo de Hist\u00f3ria Oral realiza grava\u00e7\u00e3o de entrevista com Victor Vieira Godoy"}]},{"@type":"WebSite","@id":"https:\/\/tremdavale.org\/pt\/#website","url":"https:\/\/tremdavale.org\/pt\/","name":"Trem da Vale","description":"Programa de Educa\u00e7\u00e3o Patrimonial","potentialAction":[{"@type":"SearchAction","target":{"@type":"EntryPoint","urlTemplate":"https:\/\/tremdavale.org\/pt\/?s={search_term_string}"},"query-input":{"@type":"PropertyValueSpecification","valueRequired":true,"valueName":"search_term_string"}}],"inLanguage":"pt-PT"},{"@type":"Person","@id":"https:\/\/tremdavale.org\/pt\/#\/schema\/person\/50912137d47426d31329f246d02eaeca","name":"admin","image":{"@type":"ImageObject","inLanguage":"pt-PT","@id":"https:\/\/tremdavale.org\/pt\/#\/schema\/person\/image\/","url":"https:\/\/secure.gravatar.com\/avatar\/b3564f0fda6ea47959fe96a4217203e79a167568a37409758659bc3ba443b452?s=96&d=mm&r=g","contentUrl":"https:\/\/secure.gravatar.com\/avatar\/b3564f0fda6ea47959fe96a4217203e79a167568a37409758659bc3ba443b452?s=96&d=mm&r=g","caption":"admin"},"sameAs":["https:\/\/tremdavale.org"],"url":"https:\/\/tremdavale.org\/pt\/author\/admin\/"}]}},"_links":{"self":[{"href":"https:\/\/tremdavale.org\/pt\/wp-json\/wp\/v2\/posts\/229","targetHints":{"allow":["GET"]}}],"collection":[{"href":"https:\/\/tremdavale.org\/pt\/wp-json\/wp\/v2\/posts"}],"about":[{"href":"https:\/\/tremdavale.org\/pt\/wp-json\/wp\/v2\/types\/post"}],"author":[{"embeddable":true,"href":"https:\/\/tremdavale.org\/pt\/wp-json\/wp\/v2\/users\/1"}],"replies":[{"embeddable":true,"href":"https:\/\/tremdavale.org\/pt\/wp-json\/wp\/v2\/comments?post=229"}],"version-history":[{"count":0,"href":"https:\/\/tremdavale.org\/pt\/wp-json\/wp\/v2\/posts\/229\/revisions"}],"wp:featuredmedia":[{"embeddable":true,"href":"https:\/\/tremdavale.org\/pt\/wp-json\/wp\/v2\/media\/485"}],"wp:attachment":[{"href":"https:\/\/tremdavale.org\/pt\/wp-json\/wp\/v2\/media?parent=229"}],"wp:term":[{"taxonomy":"category","embeddable":true,"href":"https:\/\/tremdavale.org\/pt\/wp-json\/wp\/v2\/categories?post=229"},{"taxonomy":"post_tag","embeddable":true,"href":"https:\/\/tremdavale.org\/pt\/wp-json\/wp\/v2\/tags?post=229"}],"curies":[{"name":"wp","href":"https:\/\/api.w.org\/{rel}","templated":true}]}}