{"id":230,"date":"2013-08-25T05:17:00","date_gmt":"2013-08-25T05:17:00","guid":{"rendered":"https:\/\/tremdavale.org\/?p=230"},"modified":"2025-10-10T11:57:00","modified_gmt":"2025-10-10T11:57:00","slug":"nucleo-de-historia-oral-realiza-gravacao-de-entrevistas-com-antonio-almeida-e-jose-erasmo","status":"publish","type":"post","link":"https:\/\/tremdavale.org\/pt\/nucleo-de-historia-oral-realiza-gravacao-de-entrevistas-com-antonio-almeida-e-jose-erasmo\/","title":{"rendered":"N\u00facleo de Hist\u00f3ria Oral realiza grava\u00e7\u00e3o de entrevistas com Antonio Almeida e Jos\u00e9 Erasmo"},"content":{"rendered":"<p><span>O N\u00facleo de Hist\u00f3ria Oral do Vale Registrar realizou, nos dias 10 e 11 de junho, as primeiras grava\u00e7\u00f5es de entrevistas tipologia Hist\u00f3ria Tem\u00e1tica Clubes Socioesportivos, em Ouro Preto, referentes \u00e0 oitava fase do programa, correspondente a 2013.<\/span><\/p>\n<p><span>Antonio Almeida Gramigna, ouro-pretano nascido em oito de junho de 1944, recordou, no dia 10 de junho, do tempo em que foi goleiro, treinador, secret\u00e1rio, rela\u00e7\u00f5es p\u00fablicas e presidente do Esporte Clube Ros\u00e1rio. Debaixo das traves, foi campe\u00e3o da 2\u00aa divis\u00e3o na d\u00e9cada de 1960; do lado de fora do campo, na diretoria, participou da montagem do time que conquistaria o t\u00edtulo da 1\u00aa divis\u00e3o, em 1982. Da\u00ed para frente trabalhou duro, conseguindo a doa\u00e7\u00e3o de um terreno que, anos mais tarde, seria vendido para aquisi\u00e7\u00e3o de uma sede pr\u00f3pria no centro do Bairro Ros\u00e1rio.<\/span><\/p>\n<p>&nbsp;<\/p>\n<p><img loading=\"lazy\" decoding=\"async\" class=\"size-medium\" title=\"01-antonio-gramigna2\" src=\"\/wp-content\/uploads\/01-antonio-gramigna2-199x300.jpg\" alt=\"01-antonio-gramigna2\" width=\"199\" height=\"300\"><\/p>\n<p>O entrevistado, Antonio Almeida Gramigna, chega \u00e0 Esta\u00e7\u00e3o Ferrovi\u00e1ria de Ouro Preto, onde \u00e9 recebido pelo Gerente Operacional do N\u00facleo de Historia Oral, Eder Melo. Foto: Rafael Bou\u00e7as<\/p>\n<p>&nbsp;<\/p>\n<p><img loading=\"lazy\" decoding=\"async\" class=\"size-medium\" title=\"02-antonio-gramigna\" src=\"\/wp-content\/uploads\/02-antonio-gramigna-300x199.jpg\" alt=\"02-antonio-gramigna\" width=\"300\" height=\"199\"><\/p>\n<p>O entrevistador Eder Melo e o estagi\u00e1rio do N\u00facleo de Hist\u00f3ria Oral do Vale Registrar, Rodrigo Benevenuto, conversam com o entrevistado Antonio Almeida Gramigna, momentos ap\u00f3s a entrevista, na Sala de Hist\u00f3rias da Esta\u00e7\u00e3o Ferrovi\u00e1ria de Ouro Preto. Foto: Rafael Bou\u00e7as<\/p>\n<p>&nbsp;<\/p>\n<p style=\"text-align: justify;\"><span style=\"font-size: 13px; line-height: 19px;\">Em 11 de junho, foi a vez de Jos\u00e9 Erasmo Pereira, conhecido como Macal\u00e9, compartilhar suas lembran\u00e7as do Esporte Clube Tabajaras. Sua rela\u00e7\u00e3o com o clube come\u00e7ou em 1961 quando, com apenas 14 anos, passou a integrar o primeiro quadro time. Ap\u00f3s atuar do meio de campo para frente durante longos anos, passou a auxiliar Jos\u00e9 Ov\u00eddio Fortes e Geraldo Rolim na administra\u00e7\u00e3o do clube. Foi de tudo um pouco: roupeiro, treinador, diretor, representante em reuni\u00f5es da Liga Esportiva Ouroropretana e presidente do Tabajaras.<\/span><\/p>\n<p>&nbsp;<\/p>\n<p><img loading=\"lazy\" decoding=\"async\" class=\"size-medium\" title=\"01_jose_erasmo_pereira\" src=\"\/wp-content\/uploads\/01_jose_erasmo_pereira-300x199.jpg\" alt=\"01_jose_erasmo_pereira\" width=\"300\" height=\"199\"><\/p>\n<p>O estagi\u00e1rio do N\u00facleo de Hist\u00f3ria Oral do Vale Registrar, Rodrigo Benevenuto e o entrevistado Jos\u00e9 Erasmo Pereira, momentos ap\u00f3s a entrevista, na Sala de Hist\u00f3rias da Esta\u00e7\u00e3o Ferrovi\u00e1ria de Ouro Preto Foto: Rafael Bou\u00e7as<\/p>\n<p>&nbsp;<\/p>\n<p><img loading=\"lazy\" decoding=\"async\" class=\"size-medium\" title=\"02_jose_erasmo_pereira1\" src=\"\/wp-content\/uploads\/02_jose_erasmo_pereira1-199x300.jpg\" alt=\"02_jose_erasmo_pereira1\" width=\"199\" height=\"300\"><\/p>\n<p>O entrevistado Jos\u00e9 Erasmo Pereira, assina o Termo de Autoriza\u00e7\u00e3o de Uso de Imagem na plataforma da Esta\u00e7\u00e3o Ferrovi\u00e1ria de Ouro Preto. Foto: Rafael Bou\u00e7as<\/p>\n<p>&nbsp;<\/p>\n<p><span>As entrevistas agora entram em sua etapa de processamento: captura do \u00e1udio, transcri\u00e7\u00e3o, elabora\u00e7\u00e3o das notas de rodap\u00e9, confer\u00eancia de fidelidade, copidesque, reda\u00e7\u00e3o de resumos e edi\u00e7\u00e3o do v\u00eddeo. No final desta fase do programa de hist\u00f3ria oral, estas e as outras entrevistas que seguir\u00e3o, ser\u00e3o reunidas no acervo do Vale Registrar dispon\u00edvel para consultas e pesquisas na Biblioteca Infanto-Juvenil da Esta\u00e7\u00e3o de Mariana.<\/span><\/p>\n<p>&nbsp;<\/p>\n<p><img loading=\"lazy\" decoding=\"async\" class=\"size-medium\" title=\"03-antonio-gramigna\" src=\"\/wp-content\/uploads\/03-antonio-gramigna-300x199.jpg\" alt=\"03-antonio-gramigna\" width=\"300\" height=\"199\"><\/p>\n<p>A equipe do Vale Registrar: Rodrigo Benevenuto, Cristiane Evangelista, Eder Melo, Leonardo Penna e o entrevistado Antonio Almeida Gramigna ap\u00f3s a entrevista, na plataforma da Esta\u00e7\u00e3o Ferrovi\u00e1ria de Ouro Preto. Foto: Rafael Bou\u00e7as<\/p>\n<p>&nbsp;<\/p>\n<p><img loading=\"lazy\" decoding=\"async\" class=\"size-medium\" title=\"03_jose_erasmo_pereira\" src=\"\/wp-content\/uploads\/03_jose_erasmo_pereira-300x199.jpg\" alt=\"03_jose_erasmo_pereira\" width=\"300\" height=\"199\"><\/p>\n<p>A equipe do Vale Registrar &#8211; Rodrigo Benevenuto, Cristiane Evangelista, Eder Melo, Leonardo Penna e o entrevistado Jos\u00e9 Erasmo Pereira, ap\u00f3s a entrevista, na plataforma da Esta\u00e7\u00e3o Ferrovi\u00e1ria de Ouro Preto. Foto: Rafael Bou\u00e7as<\/p>\n<p>&nbsp;<\/p>\n","protected":false},"excerpt":{"rendered":"<p>O N\u00facleo de Hist\u00f3ria Oral do Vale Registrar realizou, nos dias 10 e 11 de junho, as primeiras grava\u00e7\u00f5es de entrevistas tipologia Hist\u00f3ria Tem\u00e1tica Clubes Socioesportivos, em Ouro Preto, referentes \u00e0 oitava fase do programa, correspondente a 2013. Antonio Almeida Gramigna, ouro-pretano nascido em oito de junho de 1944, recordou, &hellip;<\/p>\n","protected":false},"author":1,"featured_media":486,"comment_status":"open","ping_status":"closed","sticky":false,"template":"","format":"standard","meta":{"footnotes":""},"categories":[2],"tags":[],"class_list":["post-230","post","type-post","status-publish","format-standard","has-post-thumbnail","hentry","category-destaques-home"],"yoast_head":"<!-- This site is optimized with the Yoast SEO plugin v26.1.1 - https:\/\/yoast.com\/wordpress\/plugins\/seo\/ -->\n<title>N\u00facleo de Hist\u00f3ria Oral realiza grava\u00e7\u00e3o de entrevistas com Antonio Almeida e Jos\u00e9 Erasmo &#8212; Trem da Vale<\/title>\n<meta name=\"robots\" content=\"index, follow, max-snippet:-1, max-image-preview:large, max-video-preview:-1\" \/>\n<link rel=\"canonical\" href=\"https:\/\/tremdavale.org\/pt\/nucleo-de-historia-oral-realiza-gravacao-de-entrevistas-com-antonio-almeida-e-jose-erasmo\/\" \/>\n<meta property=\"og:locale\" content=\"pt_PT\" \/>\n<meta property=\"og:type\" content=\"article\" \/>\n<meta property=\"og:title\" content=\"N\u00facleo de Hist\u00f3ria Oral realiza grava\u00e7\u00e3o de entrevistas com Antonio Almeida e Jos\u00e9 Erasmo &#8212; Trem da Vale\" \/>\n<meta property=\"og:description\" content=\"O N\u00facleo de Hist\u00f3ria Oral do Vale Registrar realizou, nos dias 10 e 11 de junho, as primeiras grava\u00e7\u00f5es de entrevistas tipologia Hist\u00f3ria Tem\u00e1tica Clubes Socioesportivos, em Ouro Preto, referentes \u00e0 oitava fase do programa, correspondente a 2013. Antonio Almeida Gramigna, ouro-pretano nascido em oito de junho de 1944, recordou, &hellip;\" \/>\n<meta property=\"og:url\" content=\"https:\/\/tremdavale.org\/pt\/nucleo-de-historia-oral-realiza-gravacao-de-entrevistas-com-antonio-almeida-e-jose-erasmo\/\" \/>\n<meta property=\"og:site_name\" content=\"Trem da Vale\" \/>\n<meta property=\"article:published_time\" content=\"2013-08-25T05:17:00+00:00\" \/>\n<meta property=\"article:modified_time\" content=\"2025-10-10T11:57:00+00:00\" \/>\n<meta property=\"og:image\" content=\"https:\/\/tremdavale.org\/wp-content\/uploads\/01-antonio-gramigna2-199x300.jpg\" \/>\n\t<meta property=\"og:image:width\" content=\"199\" \/>\n\t<meta property=\"og:image:height\" content=\"300\" \/>\n\t<meta property=\"og:image:type\" content=\"image\/jpeg\" \/>\n<meta name=\"author\" content=\"admin\" \/>\n<meta name=\"twitter:card\" content=\"summary_large_image\" \/>\n<meta name=\"twitter:label1\" content=\"Escrito por\" \/>\n\t<meta name=\"twitter:data1\" content=\"admin\" \/>\n\t<meta name=\"twitter:label2\" content=\"Tempo estimado de leitura\" \/>\n\t<meta name=\"twitter:data2\" content=\"3 minutos\" \/>\n<script type=\"application\/ld+json\" class=\"yoast-schema-graph\">{\"@context\":\"https:\/\/schema.org\",\"@graph\":[{\"@type\":\"WebPage\",\"@id\":\"https:\/\/tremdavale.org\/pt\/nucleo-de-historia-oral-realiza-gravacao-de-entrevistas-com-antonio-almeida-e-jose-erasmo\/\",\"url\":\"https:\/\/tremdavale.org\/pt\/nucleo-de-historia-oral-realiza-gravacao-de-entrevistas-com-antonio-almeida-e-jose-erasmo\/\",\"name\":\"N\u00facleo de Hist\u00f3ria Oral realiza grava\u00e7\u00e3o de entrevistas com Antonio Almeida e Jos\u00e9 Erasmo &#8212; Trem da Vale\",\"isPartOf\":{\"@id\":\"https:\/\/tremdavale.org\/pt\/#website\"},\"primaryImageOfPage\":{\"@id\":\"https:\/\/tremdavale.org\/pt\/nucleo-de-historia-oral-realiza-gravacao-de-entrevistas-com-antonio-almeida-e-jose-erasmo\/#primaryimage\"},\"image\":{\"@id\":\"https:\/\/tremdavale.org\/pt\/nucleo-de-historia-oral-realiza-gravacao-de-entrevistas-com-antonio-almeida-e-jose-erasmo\/#primaryimage\"},\"thumbnailUrl\":\"https:\/\/tremdavale.org\/wp-content\/uploads\/01-antonio-gramigna2-199x300.jpg\",\"datePublished\":\"2013-08-25T05:17:00+00:00\",\"dateModified\":\"2025-10-10T11:57:00+00:00\",\"author\":{\"@id\":\"https:\/\/tremdavale.org\/pt\/#\/schema\/person\/50912137d47426d31329f246d02eaeca\"},\"breadcrumb\":{\"@id\":\"https:\/\/tremdavale.org\/pt\/nucleo-de-historia-oral-realiza-gravacao-de-entrevistas-com-antonio-almeida-e-jose-erasmo\/#breadcrumb\"},\"inLanguage\":\"pt-PT\",\"potentialAction\":[{\"@type\":\"ReadAction\",\"target\":[\"https:\/\/tremdavale.org\/pt\/nucleo-de-historia-oral-realiza-gravacao-de-entrevistas-com-antonio-almeida-e-jose-erasmo\/\"]}]},{\"@type\":\"ImageObject\",\"inLanguage\":\"pt-PT\",\"@id\":\"https:\/\/tremdavale.org\/pt\/nucleo-de-historia-oral-realiza-gravacao-de-entrevistas-com-antonio-almeida-e-jose-erasmo\/#primaryimage\",\"url\":\"https:\/\/tremdavale.org\/wp-content\/uploads\/01-antonio-gramigna2-199x300.jpg\",\"contentUrl\":\"https:\/\/tremdavale.org\/wp-content\/uploads\/01-antonio-gramigna2-199x300.jpg\",\"width\":199,\"height\":300},{\"@type\":\"BreadcrumbList\",\"@id\":\"https:\/\/tremdavale.org\/pt\/nucleo-de-historia-oral-realiza-gravacao-de-entrevistas-com-antonio-almeida-e-jose-erasmo\/#breadcrumb\",\"itemListElement\":[{\"@type\":\"ListItem\",\"position\":1,\"name\":\"In\u00edcio\",\"item\":\"https:\/\/tremdavale.org\/pt\/\"},{\"@type\":\"ListItem\",\"position\":2,\"name\":\"N\u00facleo de Hist\u00f3ria Oral realiza grava\u00e7\u00e3o de entrevistas com Antonio Almeida e Jos\u00e9 Erasmo\"}]},{\"@type\":\"WebSite\",\"@id\":\"https:\/\/tremdavale.org\/pt\/#website\",\"url\":\"https:\/\/tremdavale.org\/pt\/\",\"name\":\"Trem da Vale\",\"description\":\"Programa de Educa\u00e7\u00e3o Patrimonial\",\"potentialAction\":[{\"@type\":\"SearchAction\",\"target\":{\"@type\":\"EntryPoint\",\"urlTemplate\":\"https:\/\/tremdavale.org\/pt\/?s={search_term_string}\"},\"query-input\":{\"@type\":\"PropertyValueSpecification\",\"valueRequired\":true,\"valueName\":\"search_term_string\"}}],\"inLanguage\":\"pt-PT\"},{\"@type\":\"Person\",\"@id\":\"https:\/\/tremdavale.org\/pt\/#\/schema\/person\/50912137d47426d31329f246d02eaeca\",\"name\":\"admin\",\"image\":{\"@type\":\"ImageObject\",\"inLanguage\":\"pt-PT\",\"@id\":\"https:\/\/tremdavale.org\/pt\/#\/schema\/person\/image\/\",\"url\":\"https:\/\/secure.gravatar.com\/avatar\/b3564f0fda6ea47959fe96a4217203e79a167568a37409758659bc3ba443b452?s=96&d=mm&r=g\",\"contentUrl\":\"https:\/\/secure.gravatar.com\/avatar\/b3564f0fda6ea47959fe96a4217203e79a167568a37409758659bc3ba443b452?s=96&d=mm&r=g\",\"caption\":\"admin\"},\"sameAs\":[\"https:\/\/tremdavale.org\"],\"url\":\"https:\/\/tremdavale.org\/pt\/author\/admin\/\"}]}<\/script>\n<!-- \/ Yoast SEO plugin. -->","yoast_head_json":{"title":"N\u00facleo de Hist\u00f3ria Oral realiza grava\u00e7\u00e3o de entrevistas com Antonio Almeida e Jos\u00e9 Erasmo &#8212; Trem da Vale","robots":{"index":"index","follow":"follow","max-snippet":"max-snippet:-1","max-image-preview":"max-image-preview:large","max-video-preview":"max-video-preview:-1"},"canonical":"https:\/\/tremdavale.org\/pt\/nucleo-de-historia-oral-realiza-gravacao-de-entrevistas-com-antonio-almeida-e-jose-erasmo\/","og_locale":"pt_PT","og_type":"article","og_title":"N\u00facleo de Hist\u00f3ria Oral realiza grava\u00e7\u00e3o de entrevistas com Antonio Almeida e Jos\u00e9 Erasmo &#8212; Trem da Vale","og_description":"O N\u00facleo de Hist\u00f3ria Oral do Vale Registrar realizou, nos dias 10 e 11 de junho, as primeiras grava\u00e7\u00f5es de entrevistas tipologia Hist\u00f3ria Tem\u00e1tica Clubes Socioesportivos, em Ouro Preto, referentes \u00e0 oitava fase do programa, correspondente a 2013. Antonio Almeida Gramigna, ouro-pretano nascido em oito de junho de 1944, recordou, &hellip;","og_url":"https:\/\/tremdavale.org\/pt\/nucleo-de-historia-oral-realiza-gravacao-de-entrevistas-com-antonio-almeida-e-jose-erasmo\/","og_site_name":"Trem da Vale","article_published_time":"2013-08-25T05:17:00+00:00","article_modified_time":"2025-10-10T11:57:00+00:00","og_image":[{"width":199,"height":300,"url":"https:\/\/tremdavale.org\/wp-content\/uploads\/01-antonio-gramigna2-199x300.jpg","type":"image\/jpeg"}],"author":"admin","twitter_card":"summary_large_image","twitter_misc":{"Escrito por":"admin","Tempo estimado de leitura":"3 minutos"},"schema":{"@context":"https:\/\/schema.org","@graph":[{"@type":"WebPage","@id":"https:\/\/tremdavale.org\/pt\/nucleo-de-historia-oral-realiza-gravacao-de-entrevistas-com-antonio-almeida-e-jose-erasmo\/","url":"https:\/\/tremdavale.org\/pt\/nucleo-de-historia-oral-realiza-gravacao-de-entrevistas-com-antonio-almeida-e-jose-erasmo\/","name":"N\u00facleo de Hist\u00f3ria Oral realiza grava\u00e7\u00e3o de entrevistas com Antonio Almeida e Jos\u00e9 Erasmo &#8212; Trem da Vale","isPartOf":{"@id":"https:\/\/tremdavale.org\/pt\/#website"},"primaryImageOfPage":{"@id":"https:\/\/tremdavale.org\/pt\/nucleo-de-historia-oral-realiza-gravacao-de-entrevistas-com-antonio-almeida-e-jose-erasmo\/#primaryimage"},"image":{"@id":"https:\/\/tremdavale.org\/pt\/nucleo-de-historia-oral-realiza-gravacao-de-entrevistas-com-antonio-almeida-e-jose-erasmo\/#primaryimage"},"thumbnailUrl":"https:\/\/tremdavale.org\/wp-content\/uploads\/01-antonio-gramigna2-199x300.jpg","datePublished":"2013-08-25T05:17:00+00:00","dateModified":"2025-10-10T11:57:00+00:00","author":{"@id":"https:\/\/tremdavale.org\/pt\/#\/schema\/person\/50912137d47426d31329f246d02eaeca"},"breadcrumb":{"@id":"https:\/\/tremdavale.org\/pt\/nucleo-de-historia-oral-realiza-gravacao-de-entrevistas-com-antonio-almeida-e-jose-erasmo\/#breadcrumb"},"inLanguage":"pt-PT","potentialAction":[{"@type":"ReadAction","target":["https:\/\/tremdavale.org\/pt\/nucleo-de-historia-oral-realiza-gravacao-de-entrevistas-com-antonio-almeida-e-jose-erasmo\/"]}]},{"@type":"ImageObject","inLanguage":"pt-PT","@id":"https:\/\/tremdavale.org\/pt\/nucleo-de-historia-oral-realiza-gravacao-de-entrevistas-com-antonio-almeida-e-jose-erasmo\/#primaryimage","url":"https:\/\/tremdavale.org\/wp-content\/uploads\/01-antonio-gramigna2-199x300.jpg","contentUrl":"https:\/\/tremdavale.org\/wp-content\/uploads\/01-antonio-gramigna2-199x300.jpg","width":199,"height":300},{"@type":"BreadcrumbList","@id":"https:\/\/tremdavale.org\/pt\/nucleo-de-historia-oral-realiza-gravacao-de-entrevistas-com-antonio-almeida-e-jose-erasmo\/#breadcrumb","itemListElement":[{"@type":"ListItem","position":1,"name":"In\u00edcio","item":"https:\/\/tremdavale.org\/pt\/"},{"@type":"ListItem","position":2,"name":"N\u00facleo de Hist\u00f3ria Oral realiza grava\u00e7\u00e3o de entrevistas com Antonio Almeida e Jos\u00e9 Erasmo"}]},{"@type":"WebSite","@id":"https:\/\/tremdavale.org\/pt\/#website","url":"https:\/\/tremdavale.org\/pt\/","name":"Trem da Vale","description":"Programa de Educa\u00e7\u00e3o Patrimonial","potentialAction":[{"@type":"SearchAction","target":{"@type":"EntryPoint","urlTemplate":"https:\/\/tremdavale.org\/pt\/?s={search_term_string}"},"query-input":{"@type":"PropertyValueSpecification","valueRequired":true,"valueName":"search_term_string"}}],"inLanguage":"pt-PT"},{"@type":"Person","@id":"https:\/\/tremdavale.org\/pt\/#\/schema\/person\/50912137d47426d31329f246d02eaeca","name":"admin","image":{"@type":"ImageObject","inLanguage":"pt-PT","@id":"https:\/\/tremdavale.org\/pt\/#\/schema\/person\/image\/","url":"https:\/\/secure.gravatar.com\/avatar\/b3564f0fda6ea47959fe96a4217203e79a167568a37409758659bc3ba443b452?s=96&d=mm&r=g","contentUrl":"https:\/\/secure.gravatar.com\/avatar\/b3564f0fda6ea47959fe96a4217203e79a167568a37409758659bc3ba443b452?s=96&d=mm&r=g","caption":"admin"},"sameAs":["https:\/\/tremdavale.org"],"url":"https:\/\/tremdavale.org\/pt\/author\/admin\/"}]}},"_links":{"self":[{"href":"https:\/\/tremdavale.org\/pt\/wp-json\/wp\/v2\/posts\/230","targetHints":{"allow":["GET"]}}],"collection":[{"href":"https:\/\/tremdavale.org\/pt\/wp-json\/wp\/v2\/posts"}],"about":[{"href":"https:\/\/tremdavale.org\/pt\/wp-json\/wp\/v2\/types\/post"}],"author":[{"embeddable":true,"href":"https:\/\/tremdavale.org\/pt\/wp-json\/wp\/v2\/users\/1"}],"replies":[{"embeddable":true,"href":"https:\/\/tremdavale.org\/pt\/wp-json\/wp\/v2\/comments?post=230"}],"version-history":[{"count":0,"href":"https:\/\/tremdavale.org\/pt\/wp-json\/wp\/v2\/posts\/230\/revisions"}],"wp:featuredmedia":[{"embeddable":true,"href":"https:\/\/tremdavale.org\/pt\/wp-json\/wp\/v2\/media\/486"}],"wp:attachment":[{"href":"https:\/\/tremdavale.org\/pt\/wp-json\/wp\/v2\/media?parent=230"}],"wp:term":[{"taxonomy":"category","embeddable":true,"href":"https:\/\/tremdavale.org\/pt\/wp-json\/wp\/v2\/categories?post=230"},{"taxonomy":"post_tag","embeddable":true,"href":"https:\/\/tremdavale.org\/pt\/wp-json\/wp\/v2\/tags?post=230"}],"curies":[{"name":"wp","href":"https:\/\/api.w.org\/{rel}","templated":true}]}}