{"id":231,"date":"2013-08-25T04:49:00","date_gmt":"2013-08-25T04:49:00","guid":{"rendered":"https:\/\/tremdavale.org\/?p=231"},"modified":"2025-10-10T11:57:00","modified_gmt":"2025-10-10T11:57:00","slug":"nucleo-de-historia-oral-realiza-gravacao-de-entrevistas-com-antonio-eustaquio-e-anna-vieira","status":"publish","type":"post","link":"https:\/\/tremdavale.org\/pt\/nucleo-de-historia-oral-realiza-gravacao-de-entrevistas-com-antonio-eustaquio-e-anna-vieira\/","title":{"rendered":"N\u00facleo de Hist\u00f3ria Oral realiza grava\u00e7\u00e3o de entrevistas com Ant\u00f4nio Eust\u00e1quio e Anna Vieira"},"content":{"rendered":"<p><span>O N\u00facleo de Hist\u00f3ria Oral do Vale Registrar realizou, no dia 09 de julho, as \u00faltimas grava\u00e7\u00f5es de entrevistas, em Mariana, referentes \u00e0 oitava fase do programa, correspondente a 2013, da tipologia Hist\u00f3ria Tem\u00e1tica Clubes Socioesportivos.<\/span><\/p>\n<p><span>Antonio Eust\u00e1quio Rocha, o Toninho Rocha, foi jogador e presidente do Guarany Futebol Clube, onde hoje \u00e9 conselheiro. Em sua entrevista, rememorou, entre outras hist\u00f3rias, a tentativa de implanta\u00e7\u00e3o do parque aqu\u00e1tico do clube, o grito de guerra do time antes das partidas de futebol e os torcedores pitorescos dos times de Mariana, como Miltinho Caiana, que n\u00e3o perdia um jogo do seu time do cora\u00e7\u00e3o, bem como a atua\u00e7\u00e3o de seu tio, o ex-jogador Em\u00edlio Ibrahim da Silva que, mesmo de longe e por d\u00e9cadas acompanha com interesse e incentivo a <em>performance<\/em> dos novos atletas. N\u00e3o faltaram as lembran\u00e7as dos bailes, quando os pais vigiavam com rigor o comportamento das filhas. Destacam-se tamb\u00e9m as informa\u00e7\u00f5es sobre o Clube Maracatu e seus animados carnavais.<\/span><\/p>\n<p>&nbsp;<\/p>\n<p><img loading=\"lazy\" decoding=\"async\" class=\"size-medium\" title=\"01_antonio_eustaquio_rocha1\" src=\"\/wp-content\/uploads\/01_antonio_eustaquio_rocha1-300x200.jpg\" alt=\"01_antonio_eustaquio_rocha1\" width=\"300\" height=\"200\"><\/p>\n<p>O entrevistado Ant\u00f4nio Eust\u00e1quio Rocha \u00e9 recebido pela entrevistadora do N\u00facleo de Hist\u00f3ria Oral, Josanne Sim\u00f5es, na Esta\u00e7\u00e3o Ferrovi\u00e1ria de Mariana. Foto: Wesley Maur\u00edcio<\/p>\n<p>&nbsp;<\/p>\n<p><img loading=\"lazy\" decoding=\"async\" class=\"size-medium\" title=\"02_antonio_eustaquio_rocha\" src=\"\/wp-content\/uploads\/02_antonio_eustaquio_rocha-300x200.jpg\" alt=\"02_antonio_eustaquio_rocha\" width=\"300\" height=\"200\"><\/p>\n<p>O estagi\u00e1rio do N\u00facleo de Hist\u00f3ria Oral, Rafael Veloso, preenche a Ficha de Identifica\u00e7\u00e3o do entrevistado Ant\u00f4nio Eust\u00e1quio Rocha, no Vag\u00e3o Sala de Hist\u00f3rias da Esta\u00e7\u00e3o Ferrovi\u00e1ria de Mariana. Foto: Wesley Maur\u00edcio<\/p>\n<p>&nbsp;<\/p>\n<p><span>Anna da Silva Vieira, filha de Clodomiro Silva, destacado comerciante da cidade e um dos fundadores do Marianense Futebol Clube, por seu lado, trouxe novas informa\u00e7\u00f5es sobre o cotidiano do clube: os jogos de baralho que ocorriam; a escolha da Rainha do Marianense<\/span> <span>&#8211;<\/span> <span>\u201cmeninas maravilhosas\u201d<\/span> <span>&#8211;<\/span> <span>que sa\u00eda em destaque nos carros aleg\u00f3ricos durante o Carnaval; a atua\u00e7\u00e3o de Bida como presidente; a import\u00e2ncia da fam\u00edlia Mansur na manuten\u00e7\u00e3o do clube, e os almo\u00e7os comemorativos do anivers\u00e1rio do Marianense cujo card\u00e1pio era preparado com esmero pelas integrantes do Clube Maracatu.<\/span><\/p>\n<p>&nbsp;<\/p>\n<p><img loading=\"lazy\" decoding=\"async\" class=\"size-medium\" title=\"01-anna-da-silva-vieira\" src=\"\/wp-content\/uploads\/01-anna-da-silva-vieira-300x200.jpg\" alt=\"01-anna-da-silva-vieira\" width=\"300\" height=\"200\"><\/p>\n<p>A entrevistada Anna da Silva Vieira e a equipe do Vale Registrar \u2013 Rafael Bou\u00e7as (c\u00e2mera), Rafael Veloso (estagi\u00e1rio), e Josanne Sim\u00f5es (entrevistadora) \u2013 momentos antes de iniciar a grava\u00e7\u00e3o da entrevista, no Vag\u00e3o Sala de Hist\u00f3rias da Esta\u00e7\u00e3o Ferrovi\u00e1ria de Mariana. Foto: Leonardo Penna<\/p>\n<p>&nbsp;<\/p>\n<p><img loading=\"lazy\" decoding=\"async\" class=\"size-medium\" title=\"02-anna-da-silva-vieira\" src=\"\/wp-content\/uploads\/02-anna-da-silva-vieira-300x200.jpg\" alt=\"02-anna-da-silva-vieira\" width=\"300\" height=\"200\"><\/p>\n<p>A entrevistada Anna da Silva Vieira assina o Termo de Autoriza\u00e7\u00e3o de Uso de Imagem, no Vag\u00e3o Sala de Hist\u00f3rias da Esta\u00e7\u00e3o Ferrovi\u00e1ria de Mariana. Foto: Leonardo Penna<\/p>\n<p>&nbsp;<\/p>\n<p style=\"text-align: justify;\"><span style=\"font-size: 13px; line-height: 19px;\">As entrevistas agora entram em sua etapa de processamento: captura do \u00e1udio, transcri\u00e7\u00e3o, elabora\u00e7\u00e3o das notas de rodap\u00e9, confer\u00eancia de fidelidade, copidesque, reda\u00e7\u00e3o de resumos e edi\u00e7\u00e3o do v\u00eddeo. No final desta fase do programa de hist\u00f3ria oral, estas e as outras entrevistas que seguir\u00e3o, ser\u00e3o reunidas no acervo do Vale Registrar dispon\u00edvel para consultas e pesquisas na Biblioteca Infanto-Juvenil da Esta\u00e7\u00e3o de Mariana.<\/span><\/p>\n<p>&nbsp;<\/p>\n<p><img loading=\"lazy\" decoding=\"async\" class=\"size-medium\" title=\"03_antonio_eustaquio_rocha\" src=\"\/wp-content\/uploads\/03_antonio_eustaquio_rocha-300x200.jpg\" alt=\"03_antonio_eustaquio_rocha\" width=\"300\" height=\"200\"><\/p>\n<p>O entrevistado Ant\u00f4nio Eust\u00e1quio Rocha e a equipe do Vale Registrar: Rafael Veloso, Josanne Sim\u00f5es, Rosilene Figueiredo, Leonardo Penna, Eder Melo, Rafael Bou\u00e7as e Cristiane Evangelista, na plataforma da Esta\u00e7\u00e3o Ferrovi\u00e1ria de Mariana. Foto: Wesley Maur\u00edcio<\/p>\n<p>&nbsp;<\/p>\n<p><img loading=\"lazy\" decoding=\"async\" class=\"size-medium\" title=\"03-anna-da-silva-vieira\" src=\"\/wp-content\/uploads\/03-anna-da-silva-vieira-300x200.jpg\" alt=\"03-anna-da-silva-vieira\" width=\"300\" height=\"200\"><\/p>\n<p>A entrevistada Anna da Silva Vieira e a equipe do Vale Registrar: Rosilene Figueiredo, Cristiane Evangelista, Josanne Sim\u00f5es, Eder Donizete e Rafael Veloso, em frente ao Vag\u00e3o Sala de Hist\u00f3rias da Esta\u00e7\u00e3o Ferrovi\u00e1ria de Mariana. Foto: Leonardo Penna<\/p>\n<p>&nbsp;<\/p>\n","protected":false},"excerpt":{"rendered":"<p>O N\u00facleo de Hist\u00f3ria Oral do Vale Registrar realizou, no dia 09 de julho, as \u00faltimas grava\u00e7\u00f5es de entrevistas, em Mariana, referentes \u00e0 oitava fase do programa, correspondente a 2013, da tipologia Hist\u00f3ria Tem\u00e1tica Clubes Socioesportivos. Antonio Eust\u00e1quio Rocha, o Toninho Rocha, foi jogador e presidente do Guarany Futebol Clube, &hellip;<\/p>\n","protected":false},"author":1,"featured_media":487,"comment_status":"open","ping_status":"closed","sticky":false,"template":"","format":"standard","meta":{"footnotes":""},"categories":[2],"tags":[],"class_list":["post-231","post","type-post","status-publish","format-standard","has-post-thumbnail","hentry","category-destaques-home"],"yoast_head":"<!-- This site is optimized with the Yoast SEO plugin v26.1.1 - https:\/\/yoast.com\/wordpress\/plugins\/seo\/ -->\n<title>N\u00facleo de Hist\u00f3ria Oral realiza grava\u00e7\u00e3o de entrevistas com Ant\u00f4nio Eust\u00e1quio e Anna Vieira &#8212; Trem da Vale<\/title>\n<meta name=\"robots\" content=\"index, follow, max-snippet:-1, max-image-preview:large, max-video-preview:-1\" \/>\n<link rel=\"canonical\" href=\"https:\/\/tremdavale.org\/pt\/nucleo-de-historia-oral-realiza-gravacao-de-entrevistas-com-antonio-eustaquio-e-anna-vieira\/\" \/>\n<meta property=\"og:locale\" content=\"pt_PT\" \/>\n<meta property=\"og:type\" content=\"article\" \/>\n<meta property=\"og:title\" content=\"N\u00facleo de Hist\u00f3ria Oral realiza grava\u00e7\u00e3o de entrevistas com Ant\u00f4nio Eust\u00e1quio e Anna Vieira &#8212; Trem da Vale\" \/>\n<meta property=\"og:description\" content=\"O N\u00facleo de Hist\u00f3ria Oral do Vale Registrar realizou, no dia 09 de julho, as \u00faltimas grava\u00e7\u00f5es de entrevistas, em Mariana, referentes \u00e0 oitava fase do programa, correspondente a 2013, da tipologia Hist\u00f3ria Tem\u00e1tica Clubes Socioesportivos. Antonio Eust\u00e1quio Rocha, o Toninho Rocha, foi jogador e presidente do Guarany Futebol Clube, &hellip;\" \/>\n<meta property=\"og:url\" content=\"https:\/\/tremdavale.org\/pt\/nucleo-de-historia-oral-realiza-gravacao-de-entrevistas-com-antonio-eustaquio-e-anna-vieira\/\" \/>\n<meta property=\"og:site_name\" content=\"Trem da Vale\" \/>\n<meta property=\"article:published_time\" content=\"2013-08-25T04:49:00+00:00\" \/>\n<meta property=\"article:modified_time\" content=\"2025-10-10T11:57:00+00:00\" \/>\n<meta property=\"og:image\" content=\"https:\/\/tremdavale.org\/wp-content\/uploads\/01_antonio_eustaquio_rocha1-300x200.jpg\" \/>\n\t<meta property=\"og:image:width\" content=\"300\" \/>\n\t<meta property=\"og:image:height\" content=\"200\" \/>\n\t<meta property=\"og:image:type\" content=\"image\/jpeg\" \/>\n<meta name=\"author\" content=\"admin\" \/>\n<meta name=\"twitter:card\" content=\"summary_large_image\" \/>\n<meta name=\"twitter:label1\" content=\"Escrito por\" \/>\n\t<meta name=\"twitter:data1\" content=\"admin\" \/>\n\t<meta name=\"twitter:label2\" content=\"Tempo estimado de leitura\" \/>\n\t<meta name=\"twitter:data2\" content=\"3 minutos\" \/>\n<script type=\"application\/ld+json\" class=\"yoast-schema-graph\">{\"@context\":\"https:\/\/schema.org\",\"@graph\":[{\"@type\":\"WebPage\",\"@id\":\"https:\/\/tremdavale.org\/pt\/nucleo-de-historia-oral-realiza-gravacao-de-entrevistas-com-antonio-eustaquio-e-anna-vieira\/\",\"url\":\"https:\/\/tremdavale.org\/pt\/nucleo-de-historia-oral-realiza-gravacao-de-entrevistas-com-antonio-eustaquio-e-anna-vieira\/\",\"name\":\"N\u00facleo de Hist\u00f3ria Oral realiza grava\u00e7\u00e3o de entrevistas com Ant\u00f4nio Eust\u00e1quio e Anna Vieira &#8212; Trem da Vale\",\"isPartOf\":{\"@id\":\"https:\/\/tremdavale.org\/pt\/#website\"},\"primaryImageOfPage\":{\"@id\":\"https:\/\/tremdavale.org\/pt\/nucleo-de-historia-oral-realiza-gravacao-de-entrevistas-com-antonio-eustaquio-e-anna-vieira\/#primaryimage\"},\"image\":{\"@id\":\"https:\/\/tremdavale.org\/pt\/nucleo-de-historia-oral-realiza-gravacao-de-entrevistas-com-antonio-eustaquio-e-anna-vieira\/#primaryimage\"},\"thumbnailUrl\":\"https:\/\/tremdavale.org\/wp-content\/uploads\/01_antonio_eustaquio_rocha1-300x200.jpg\",\"datePublished\":\"2013-08-25T04:49:00+00:00\",\"dateModified\":\"2025-10-10T11:57:00+00:00\",\"author\":{\"@id\":\"https:\/\/tremdavale.org\/pt\/#\/schema\/person\/50912137d47426d31329f246d02eaeca\"},\"breadcrumb\":{\"@id\":\"https:\/\/tremdavale.org\/pt\/nucleo-de-historia-oral-realiza-gravacao-de-entrevistas-com-antonio-eustaquio-e-anna-vieira\/#breadcrumb\"},\"inLanguage\":\"pt-PT\",\"potentialAction\":[{\"@type\":\"ReadAction\",\"target\":[\"https:\/\/tremdavale.org\/pt\/nucleo-de-historia-oral-realiza-gravacao-de-entrevistas-com-antonio-eustaquio-e-anna-vieira\/\"]}]},{\"@type\":\"ImageObject\",\"inLanguage\":\"pt-PT\",\"@id\":\"https:\/\/tremdavale.org\/pt\/nucleo-de-historia-oral-realiza-gravacao-de-entrevistas-com-antonio-eustaquio-e-anna-vieira\/#primaryimage\",\"url\":\"https:\/\/tremdavale.org\/wp-content\/uploads\/01_antonio_eustaquio_rocha1-300x200.jpg\",\"contentUrl\":\"https:\/\/tremdavale.org\/wp-content\/uploads\/01_antonio_eustaquio_rocha1-300x200.jpg\",\"width\":300,\"height\":200},{\"@type\":\"BreadcrumbList\",\"@id\":\"https:\/\/tremdavale.org\/pt\/nucleo-de-historia-oral-realiza-gravacao-de-entrevistas-com-antonio-eustaquio-e-anna-vieira\/#breadcrumb\",\"itemListElement\":[{\"@type\":\"ListItem\",\"position\":1,\"name\":\"In\u00edcio\",\"item\":\"https:\/\/tremdavale.org\/pt\/\"},{\"@type\":\"ListItem\",\"position\":2,\"name\":\"N\u00facleo de Hist\u00f3ria Oral realiza grava\u00e7\u00e3o de entrevistas com Ant\u00f4nio Eust\u00e1quio e Anna Vieira\"}]},{\"@type\":\"WebSite\",\"@id\":\"https:\/\/tremdavale.org\/pt\/#website\",\"url\":\"https:\/\/tremdavale.org\/pt\/\",\"name\":\"Trem da Vale\",\"description\":\"Programa de Educa\u00e7\u00e3o Patrimonial\",\"potentialAction\":[{\"@type\":\"SearchAction\",\"target\":{\"@type\":\"EntryPoint\",\"urlTemplate\":\"https:\/\/tremdavale.org\/pt\/?s={search_term_string}\"},\"query-input\":{\"@type\":\"PropertyValueSpecification\",\"valueRequired\":true,\"valueName\":\"search_term_string\"}}],\"inLanguage\":\"pt-PT\"},{\"@type\":\"Person\",\"@id\":\"https:\/\/tremdavale.org\/pt\/#\/schema\/person\/50912137d47426d31329f246d02eaeca\",\"name\":\"admin\",\"image\":{\"@type\":\"ImageObject\",\"inLanguage\":\"pt-PT\",\"@id\":\"https:\/\/tremdavale.org\/pt\/#\/schema\/person\/image\/\",\"url\":\"https:\/\/secure.gravatar.com\/avatar\/b3564f0fda6ea47959fe96a4217203e79a167568a37409758659bc3ba443b452?s=96&d=mm&r=g\",\"contentUrl\":\"https:\/\/secure.gravatar.com\/avatar\/b3564f0fda6ea47959fe96a4217203e79a167568a37409758659bc3ba443b452?s=96&d=mm&r=g\",\"caption\":\"admin\"},\"sameAs\":[\"https:\/\/tremdavale.org\"],\"url\":\"https:\/\/tremdavale.org\/pt\/author\/admin\/\"}]}<\/script>\n<!-- \/ Yoast SEO plugin. -->","yoast_head_json":{"title":"N\u00facleo de Hist\u00f3ria Oral realiza grava\u00e7\u00e3o de entrevistas com Ant\u00f4nio Eust\u00e1quio e Anna Vieira &#8212; Trem da Vale","robots":{"index":"index","follow":"follow","max-snippet":"max-snippet:-1","max-image-preview":"max-image-preview:large","max-video-preview":"max-video-preview:-1"},"canonical":"https:\/\/tremdavale.org\/pt\/nucleo-de-historia-oral-realiza-gravacao-de-entrevistas-com-antonio-eustaquio-e-anna-vieira\/","og_locale":"pt_PT","og_type":"article","og_title":"N\u00facleo de Hist\u00f3ria Oral realiza grava\u00e7\u00e3o de entrevistas com Ant\u00f4nio Eust\u00e1quio e Anna Vieira &#8212; Trem da Vale","og_description":"O N\u00facleo de Hist\u00f3ria Oral do Vale Registrar realizou, no dia 09 de julho, as \u00faltimas grava\u00e7\u00f5es de entrevistas, em Mariana, referentes \u00e0 oitava fase do programa, correspondente a 2013, da tipologia Hist\u00f3ria Tem\u00e1tica Clubes Socioesportivos. Antonio Eust\u00e1quio Rocha, o Toninho Rocha, foi jogador e presidente do Guarany Futebol Clube, &hellip;","og_url":"https:\/\/tremdavale.org\/pt\/nucleo-de-historia-oral-realiza-gravacao-de-entrevistas-com-antonio-eustaquio-e-anna-vieira\/","og_site_name":"Trem da Vale","article_published_time":"2013-08-25T04:49:00+00:00","article_modified_time":"2025-10-10T11:57:00+00:00","og_image":[{"width":300,"height":200,"url":"https:\/\/tremdavale.org\/wp-content\/uploads\/01_antonio_eustaquio_rocha1-300x200.jpg","type":"image\/jpeg"}],"author":"admin","twitter_card":"summary_large_image","twitter_misc":{"Escrito por":"admin","Tempo estimado de leitura":"3 minutos"},"schema":{"@context":"https:\/\/schema.org","@graph":[{"@type":"WebPage","@id":"https:\/\/tremdavale.org\/pt\/nucleo-de-historia-oral-realiza-gravacao-de-entrevistas-com-antonio-eustaquio-e-anna-vieira\/","url":"https:\/\/tremdavale.org\/pt\/nucleo-de-historia-oral-realiza-gravacao-de-entrevistas-com-antonio-eustaquio-e-anna-vieira\/","name":"N\u00facleo de Hist\u00f3ria Oral realiza grava\u00e7\u00e3o de entrevistas com Ant\u00f4nio Eust\u00e1quio e Anna Vieira &#8212; Trem da Vale","isPartOf":{"@id":"https:\/\/tremdavale.org\/pt\/#website"},"primaryImageOfPage":{"@id":"https:\/\/tremdavale.org\/pt\/nucleo-de-historia-oral-realiza-gravacao-de-entrevistas-com-antonio-eustaquio-e-anna-vieira\/#primaryimage"},"image":{"@id":"https:\/\/tremdavale.org\/pt\/nucleo-de-historia-oral-realiza-gravacao-de-entrevistas-com-antonio-eustaquio-e-anna-vieira\/#primaryimage"},"thumbnailUrl":"https:\/\/tremdavale.org\/wp-content\/uploads\/01_antonio_eustaquio_rocha1-300x200.jpg","datePublished":"2013-08-25T04:49:00+00:00","dateModified":"2025-10-10T11:57:00+00:00","author":{"@id":"https:\/\/tremdavale.org\/pt\/#\/schema\/person\/50912137d47426d31329f246d02eaeca"},"breadcrumb":{"@id":"https:\/\/tremdavale.org\/pt\/nucleo-de-historia-oral-realiza-gravacao-de-entrevistas-com-antonio-eustaquio-e-anna-vieira\/#breadcrumb"},"inLanguage":"pt-PT","potentialAction":[{"@type":"ReadAction","target":["https:\/\/tremdavale.org\/pt\/nucleo-de-historia-oral-realiza-gravacao-de-entrevistas-com-antonio-eustaquio-e-anna-vieira\/"]}]},{"@type":"ImageObject","inLanguage":"pt-PT","@id":"https:\/\/tremdavale.org\/pt\/nucleo-de-historia-oral-realiza-gravacao-de-entrevistas-com-antonio-eustaquio-e-anna-vieira\/#primaryimage","url":"https:\/\/tremdavale.org\/wp-content\/uploads\/01_antonio_eustaquio_rocha1-300x200.jpg","contentUrl":"https:\/\/tremdavale.org\/wp-content\/uploads\/01_antonio_eustaquio_rocha1-300x200.jpg","width":300,"height":200},{"@type":"BreadcrumbList","@id":"https:\/\/tremdavale.org\/pt\/nucleo-de-historia-oral-realiza-gravacao-de-entrevistas-com-antonio-eustaquio-e-anna-vieira\/#breadcrumb","itemListElement":[{"@type":"ListItem","position":1,"name":"In\u00edcio","item":"https:\/\/tremdavale.org\/pt\/"},{"@type":"ListItem","position":2,"name":"N\u00facleo de Hist\u00f3ria Oral realiza grava\u00e7\u00e3o de entrevistas com Ant\u00f4nio Eust\u00e1quio e Anna Vieira"}]},{"@type":"WebSite","@id":"https:\/\/tremdavale.org\/pt\/#website","url":"https:\/\/tremdavale.org\/pt\/","name":"Trem da Vale","description":"Programa de Educa\u00e7\u00e3o Patrimonial","potentialAction":[{"@type":"SearchAction","target":{"@type":"EntryPoint","urlTemplate":"https:\/\/tremdavale.org\/pt\/?s={search_term_string}"},"query-input":{"@type":"PropertyValueSpecification","valueRequired":true,"valueName":"search_term_string"}}],"inLanguage":"pt-PT"},{"@type":"Person","@id":"https:\/\/tremdavale.org\/pt\/#\/schema\/person\/50912137d47426d31329f246d02eaeca","name":"admin","image":{"@type":"ImageObject","inLanguage":"pt-PT","@id":"https:\/\/tremdavale.org\/pt\/#\/schema\/person\/image\/","url":"https:\/\/secure.gravatar.com\/avatar\/b3564f0fda6ea47959fe96a4217203e79a167568a37409758659bc3ba443b452?s=96&d=mm&r=g","contentUrl":"https:\/\/secure.gravatar.com\/avatar\/b3564f0fda6ea47959fe96a4217203e79a167568a37409758659bc3ba443b452?s=96&d=mm&r=g","caption":"admin"},"sameAs":["https:\/\/tremdavale.org"],"url":"https:\/\/tremdavale.org\/pt\/author\/admin\/"}]}},"_links":{"self":[{"href":"https:\/\/tremdavale.org\/pt\/wp-json\/wp\/v2\/posts\/231","targetHints":{"allow":["GET"]}}],"collection":[{"href":"https:\/\/tremdavale.org\/pt\/wp-json\/wp\/v2\/posts"}],"about":[{"href":"https:\/\/tremdavale.org\/pt\/wp-json\/wp\/v2\/types\/post"}],"author":[{"embeddable":true,"href":"https:\/\/tremdavale.org\/pt\/wp-json\/wp\/v2\/users\/1"}],"replies":[{"embeddable":true,"href":"https:\/\/tremdavale.org\/pt\/wp-json\/wp\/v2\/comments?post=231"}],"version-history":[{"count":0,"href":"https:\/\/tremdavale.org\/pt\/wp-json\/wp\/v2\/posts\/231\/revisions"}],"wp:featuredmedia":[{"embeddable":true,"href":"https:\/\/tremdavale.org\/pt\/wp-json\/wp\/v2\/media\/487"}],"wp:attachment":[{"href":"https:\/\/tremdavale.org\/pt\/wp-json\/wp\/v2\/media?parent=231"}],"wp:term":[{"taxonomy":"category","embeddable":true,"href":"https:\/\/tremdavale.org\/pt\/wp-json\/wp\/v2\/categories?post=231"},{"taxonomy":"post_tag","embeddable":true,"href":"https:\/\/tremdavale.org\/pt\/wp-json\/wp\/v2\/tags?post=231"}],"curies":[{"name":"wp","href":"https:\/\/api.w.org\/{rel}","templated":true}]}}