{"id":232,"date":"2013-08-25T09:53:00","date_gmt":"2013-08-25T09:53:00","guid":{"rendered":"https:\/\/tremdavale.org\/?p=232"},"modified":"2025-10-10T11:57:00","modified_gmt":"2025-10-10T11:57:00","slug":"nucleo-de-historia-oral-realiza-gravacao-de-entrevistas-com-jose-geraldo-e-alipio-teixeira","status":"publish","type":"post","link":"https:\/\/tremdavale.org\/pt\/nucleo-de-historia-oral-realiza-gravacao-de-entrevistas-com-jose-geraldo-e-alipio-teixeira\/","title":{"rendered":"N\u00facleo de Hist\u00f3ria Oral realiza grava\u00e7\u00e3o de entrevistas com Jos\u00e9 Geraldo e Al\u00edpio Teixeira"},"content":{"rendered":"<p><span>O N\u00facleo de Hist\u00f3ria Oral do Vale Registrar realizou, no dia 1\u00ba de julho, as \u00faltimas grava\u00e7\u00f5es de entrevistas tipologia Hist\u00f3ria Tem\u00e1tica Clubes Socioesportivos, em Ouro Preto, referentes \u00e0 oitava fase do programa, correspondente a 2013.<\/span><\/p>\n<p><span>Jos\u00e9 Geraldo Pinto, nascido em fevereiro de 1948, recordou seus anos como atleta e s\u00f3cio da Associa\u00e7\u00e3o Atl\u00e9tica Aluminas. Vizinho da sede do clube, do Bar do Seu Acaiaca e da Alcan, Jos\u00e9 Geraldo acompanhou as diversas mudan\u00e7as ocorridas em Saramenha ao longo dos anos. Presenciou a constru\u00e7\u00e3o da sede social, da piscina e do gin\u00e1sio poliesportivo do Aluminas. Em campo, atuando como centroavante, fez gols, ouviu provoca\u00e7\u00f5es das torcidas advers\u00e1rias e conviveu com a desconfian\u00e7a dos torcedores de seu clube que, vez ou outra, solicitavam sua substitui\u00e7\u00e3o durante as partidas.<\/span><\/p>\n<p>&nbsp;<\/p>\n<p><img loading=\"lazy\" decoding=\"async\" class=\"size-medium\" title=\"01_jose_geraldo_pinto1\" src=\"\/wp-content\/uploads\/01_jose_geraldo_pinto1-300x200.jpg\" alt=\"01_jose_geraldo_pinto1\" width=\"300\" height=\"200\"><\/p>\n<p>O entrevistado Jos\u00e9 Geraldo Pinto \u00e9 recebido pelo entrevistador do N\u00facleo de Hist\u00f3ria Oral, Eder Melo, na pra\u00e7a Ces\u00e1rio Alvim, em frente \u00e0 Esta\u00e7\u00e3o Ferrovi\u00e1ria de Ouro Preto. Foto: Rafael Bou\u00e7as<\/p>\n<p>&nbsp;<\/p>\n<p><img loading=\"lazy\" decoding=\"async\" class=\"size-medium\" title=\"02_jose_geraldo_pinto\" src=\"\/wp-content\/uploads\/02_jose_geraldo_pinto-200x300.jpg\" alt=\"02_jose_geraldo_pinto\" width=\"200\" height=\"300\"><\/p>\n<p>O entrevistado Jos\u00e9 Geraldo Pinto assina o Termo de Autoriza\u00e7\u00e3o de Uso de Imagem, na Sala de Hist\u00f3rias da Esta\u00e7\u00e3o Ferrovi\u00e1ria de Ouro Preto. Foto: Rafael Bou\u00e7as<\/p>\n<p>&nbsp;<\/p>\n<p><span>Al\u00edpio Teixeira Vale teve contato com os clubes socioesportivos de Ouro Preto na d\u00e9cada de 1950, \u00e9poca em que deixou Arax\u00e1-MG para cursar o Cient\u00edfico no Col\u00e9gio Arquidiocesano. Apaixonado por futebol, logo se tornou atleta do Guarani Esporte Clube e conquistou um in\u00e9dito tetracampeonato nos anos de 1951, 1952, 1953 e 1954. Atuou em 1956 pelo time da Associa\u00e7\u00e3o Desportiva da Escola de Minas (Adem) e se transferiu, no ano seguinte, para o Eletroqu\u00edmica Esporte Clube, onde levantou a ta\u00e7a de campe\u00e3o de Ouro Preto em 1958 e 1959. Encerrou sua carreira esportiva em 1960, no Guarani, clube que o acolheu de bra\u00e7os abertos e possibilitou alegrias no campo da Barra e nos bailes do Clube XV de Novembro.<\/span><\/p>\n<p>&nbsp;<\/p>\n<p><img loading=\"lazy\" decoding=\"async\" class=\"size-medium\" title=\"01_alipio_teixeira_vale\" src=\"\/wp-content\/uploads\/01_alipio_teixeira_vale-300x200.jpg\" alt=\"01_alipio_teixeira_vale\" width=\"300\" height=\"200\"><\/p>\n<p>O entrevistado Al\u00edpio Teixeira Vale, o entrevistador Eder Melo e o c\u00e2mera do N\u00facleo de Audiovisual, Leonardo Penna \u2013 momentos antes de iniciar a grava\u00e7\u00e3o da entrevista na Sala de Hist\u00f3rias da Esta\u00e7\u00e3o Ferrovi\u00e1ria de Ouro Preto. Foto: Rafael Bou\u00e7as<\/p>\n<p>&nbsp;<\/p>\n<p><img loading=\"lazy\" decoding=\"async\" class=\"size-medium\" title=\"02_alipio_teixeira_vale\" src=\"\/wp-content\/uploads\/02_alipio_teixeira_vale-300x200.jpg\" alt=\"02_alipio_teixeira_vale\" width=\"300\" height=\"200\"><\/p>\n<p>O entrevistado Al\u00edpio Teixeira Vale conversa com o entrevistador Eder Melo e o estagi\u00e1rio do N\u00facleo de Hist\u00f3ria Oral do Vale Registrar, Rodrigo Benevenuto, na Sala de Hist\u00f3rias da Esta\u00e7\u00e3o Ferrovi\u00e1ria de Ouro Preto. Foto: Rafael Bou\u00e7as<\/p>\n<p>&nbsp;<\/p>\n<p style=\"text-align: justify;\"><span style=\"font-size: 13px; line-height: 19px;\">As entrevistas agora entram em sua etapa de processamento: captura do \u00e1udio, transcri\u00e7\u00e3o, elabora\u00e7\u00e3o das notas de rodap\u00e9, confer\u00eancia de fidelidade, copidesque, reda\u00e7\u00e3o de resumos e edi\u00e7\u00e3o do v\u00eddeo. No final desta fase do programa de hist\u00f3ria oral, estas e as outras entrevistas que seguir\u00e3o, ser\u00e3o reunidas no acervo do Vale Registrar dispon\u00edvel para consultas e pesquisas na Biblioteca Infanto-Juvenil da Esta\u00e7\u00e3o de Mariana.<\/span><\/p>\n<p>&nbsp;<\/p>\n<p><img loading=\"lazy\" decoding=\"async\" class=\"size-medium\" title=\"03_jose_geraldo_pinto\" src=\"\/wp-content\/uploads\/03_jose_geraldo_pinto-300x200.jpg\" alt=\"03_jose_geraldo_pinto\" width=\"300\" height=\"200\"><\/p>\n<p>O entrevistado Jos\u00e9 Geraldo Pinto e a equipe do Vale Registrar: Eder Donizete, Cristiane Evangelista, Rodrigo Benevenuto e Leonardo Penna, na em frente \u00e0 Esta\u00e7\u00e3o Ferrovi\u00e1ria de Ouro Preto. Foto: Rafael Bou\u00e7as<\/p>\n<p>&nbsp;<\/p>\n<p><img loading=\"lazy\" decoding=\"async\" class=\"size-medium\" title=\"03_alipio_teixeira_vale\" src=\"\/wp-content\/uploads\/03_alipio_teixeira_vale-200x300.jpg\" alt=\"03_alipio_teixeira_vale\" width=\"200\" height=\"300\"><\/p>\n<p>O entrevistado Al\u00edpio Teixeira Vale e a equipe do Vale Registrar: Cristiane Evangelista, Leonardo Penna, Eder Donizete e Rodrigo Benevenuto, na plataforma da Esta\u00e7\u00e3o Ferrovi\u00e1ria de Ouro Preto. Foto: Rafael Bou\u00e7as<\/p>\n<p>&nbsp;<\/p>\n","protected":false},"excerpt":{"rendered":"<p>O N\u00facleo de Hist\u00f3ria Oral do Vale Registrar realizou, no dia 1\u00ba de julho, as \u00faltimas grava\u00e7\u00f5es de entrevistas tipologia Hist\u00f3ria Tem\u00e1tica Clubes Socioesportivos, em Ouro Preto, referentes \u00e0 oitava fase do programa, correspondente a 2013. Jos\u00e9 Geraldo Pinto, nascido em fevereiro de 1948, recordou seus anos como atleta e &hellip;<\/p>\n","protected":false},"author":1,"featured_media":488,"comment_status":"open","ping_status":"closed","sticky":false,"template":"","format":"standard","meta":{"footnotes":""},"categories":[2],"tags":[],"class_list":["post-232","post","type-post","status-publish","format-standard","has-post-thumbnail","hentry","category-destaques-home"],"yoast_head":"<!-- This site is optimized with the Yoast SEO plugin v26.1.1 - https:\/\/yoast.com\/wordpress\/plugins\/seo\/ -->\n<title>N\u00facleo de Hist\u00f3ria Oral realiza grava\u00e7\u00e3o de entrevistas com Jos\u00e9 Geraldo e Al\u00edpio Teixeira &#8212; Trem da Vale<\/title>\n<meta name=\"robots\" content=\"index, follow, max-snippet:-1, max-image-preview:large, max-video-preview:-1\" \/>\n<link rel=\"canonical\" href=\"https:\/\/tremdavale.org\/pt\/nucleo-de-historia-oral-realiza-gravacao-de-entrevistas-com-jose-geraldo-e-alipio-teixeira\/\" \/>\n<meta property=\"og:locale\" content=\"pt_PT\" \/>\n<meta property=\"og:type\" content=\"article\" \/>\n<meta property=\"og:title\" content=\"N\u00facleo de Hist\u00f3ria Oral realiza grava\u00e7\u00e3o de entrevistas com Jos\u00e9 Geraldo e Al\u00edpio Teixeira &#8212; Trem da Vale\" \/>\n<meta property=\"og:description\" content=\"O N\u00facleo de Hist\u00f3ria Oral do Vale Registrar realizou, no dia 1\u00ba de julho, as \u00faltimas grava\u00e7\u00f5es de entrevistas tipologia Hist\u00f3ria Tem\u00e1tica Clubes Socioesportivos, em Ouro Preto, referentes \u00e0 oitava fase do programa, correspondente a 2013. Jos\u00e9 Geraldo Pinto, nascido em fevereiro de 1948, recordou seus anos como atleta e &hellip;\" \/>\n<meta property=\"og:url\" content=\"https:\/\/tremdavale.org\/pt\/nucleo-de-historia-oral-realiza-gravacao-de-entrevistas-com-jose-geraldo-e-alipio-teixeira\/\" \/>\n<meta property=\"og:site_name\" content=\"Trem da Vale\" \/>\n<meta property=\"article:published_time\" content=\"2013-08-25T09:53:00+00:00\" \/>\n<meta property=\"article:modified_time\" content=\"2025-10-10T11:57:00+00:00\" \/>\n<meta property=\"og:image\" content=\"https:\/\/tremdavale.org\/wp-content\/uploads\/01_jose_geraldo_pinto1-300x200.jpg\" \/>\n\t<meta property=\"og:image:width\" content=\"300\" \/>\n\t<meta property=\"og:image:height\" content=\"200\" \/>\n\t<meta property=\"og:image:type\" content=\"image\/jpeg\" \/>\n<meta name=\"author\" content=\"admin\" \/>\n<meta name=\"twitter:card\" content=\"summary_large_image\" \/>\n<meta name=\"twitter:label1\" content=\"Escrito por\" \/>\n\t<meta name=\"twitter:data1\" content=\"admin\" \/>\n\t<meta name=\"twitter:label2\" content=\"Tempo estimado de leitura\" \/>\n\t<meta name=\"twitter:data2\" content=\"3 minutos\" \/>\n<script type=\"application\/ld+json\" class=\"yoast-schema-graph\">{\"@context\":\"https:\/\/schema.org\",\"@graph\":[{\"@type\":\"WebPage\",\"@id\":\"https:\/\/tremdavale.org\/pt\/nucleo-de-historia-oral-realiza-gravacao-de-entrevistas-com-jose-geraldo-e-alipio-teixeira\/\",\"url\":\"https:\/\/tremdavale.org\/pt\/nucleo-de-historia-oral-realiza-gravacao-de-entrevistas-com-jose-geraldo-e-alipio-teixeira\/\",\"name\":\"N\u00facleo de Hist\u00f3ria Oral realiza grava\u00e7\u00e3o de entrevistas com Jos\u00e9 Geraldo e Al\u00edpio Teixeira &#8212; Trem da Vale\",\"isPartOf\":{\"@id\":\"https:\/\/tremdavale.org\/pt\/#website\"},\"primaryImageOfPage\":{\"@id\":\"https:\/\/tremdavale.org\/pt\/nucleo-de-historia-oral-realiza-gravacao-de-entrevistas-com-jose-geraldo-e-alipio-teixeira\/#primaryimage\"},\"image\":{\"@id\":\"https:\/\/tremdavale.org\/pt\/nucleo-de-historia-oral-realiza-gravacao-de-entrevistas-com-jose-geraldo-e-alipio-teixeira\/#primaryimage\"},\"thumbnailUrl\":\"https:\/\/tremdavale.org\/wp-content\/uploads\/01_jose_geraldo_pinto1-300x200.jpg\",\"datePublished\":\"2013-08-25T09:53:00+00:00\",\"dateModified\":\"2025-10-10T11:57:00+00:00\",\"author\":{\"@id\":\"https:\/\/tremdavale.org\/pt\/#\/schema\/person\/50912137d47426d31329f246d02eaeca\"},\"breadcrumb\":{\"@id\":\"https:\/\/tremdavale.org\/pt\/nucleo-de-historia-oral-realiza-gravacao-de-entrevistas-com-jose-geraldo-e-alipio-teixeira\/#breadcrumb\"},\"inLanguage\":\"pt-PT\",\"potentialAction\":[{\"@type\":\"ReadAction\",\"target\":[\"https:\/\/tremdavale.org\/pt\/nucleo-de-historia-oral-realiza-gravacao-de-entrevistas-com-jose-geraldo-e-alipio-teixeira\/\"]}]},{\"@type\":\"ImageObject\",\"inLanguage\":\"pt-PT\",\"@id\":\"https:\/\/tremdavale.org\/pt\/nucleo-de-historia-oral-realiza-gravacao-de-entrevistas-com-jose-geraldo-e-alipio-teixeira\/#primaryimage\",\"url\":\"https:\/\/tremdavale.org\/wp-content\/uploads\/01_jose_geraldo_pinto1-300x200.jpg\",\"contentUrl\":\"https:\/\/tremdavale.org\/wp-content\/uploads\/01_jose_geraldo_pinto1-300x200.jpg\",\"width\":300,\"height\":200},{\"@type\":\"BreadcrumbList\",\"@id\":\"https:\/\/tremdavale.org\/pt\/nucleo-de-historia-oral-realiza-gravacao-de-entrevistas-com-jose-geraldo-e-alipio-teixeira\/#breadcrumb\",\"itemListElement\":[{\"@type\":\"ListItem\",\"position\":1,\"name\":\"In\u00edcio\",\"item\":\"https:\/\/tremdavale.org\/pt\/\"},{\"@type\":\"ListItem\",\"position\":2,\"name\":\"N\u00facleo de Hist\u00f3ria Oral realiza grava\u00e7\u00e3o de entrevistas com Jos\u00e9 Geraldo e Al\u00edpio Teixeira\"}]},{\"@type\":\"WebSite\",\"@id\":\"https:\/\/tremdavale.org\/pt\/#website\",\"url\":\"https:\/\/tremdavale.org\/pt\/\",\"name\":\"Trem da Vale\",\"description\":\"Programa de Educa\u00e7\u00e3o Patrimonial\",\"potentialAction\":[{\"@type\":\"SearchAction\",\"target\":{\"@type\":\"EntryPoint\",\"urlTemplate\":\"https:\/\/tremdavale.org\/pt\/?s={search_term_string}\"},\"query-input\":{\"@type\":\"PropertyValueSpecification\",\"valueRequired\":true,\"valueName\":\"search_term_string\"}}],\"inLanguage\":\"pt-PT\"},{\"@type\":\"Person\",\"@id\":\"https:\/\/tremdavale.org\/pt\/#\/schema\/person\/50912137d47426d31329f246d02eaeca\",\"name\":\"admin\",\"image\":{\"@type\":\"ImageObject\",\"inLanguage\":\"pt-PT\",\"@id\":\"https:\/\/tremdavale.org\/pt\/#\/schema\/person\/image\/\",\"url\":\"https:\/\/secure.gravatar.com\/avatar\/b3564f0fda6ea47959fe96a4217203e79a167568a37409758659bc3ba443b452?s=96&d=mm&r=g\",\"contentUrl\":\"https:\/\/secure.gravatar.com\/avatar\/b3564f0fda6ea47959fe96a4217203e79a167568a37409758659bc3ba443b452?s=96&d=mm&r=g\",\"caption\":\"admin\"},\"sameAs\":[\"https:\/\/tremdavale.org\"],\"url\":\"https:\/\/tremdavale.org\/pt\/author\/admin\/\"}]}<\/script>\n<!-- \/ Yoast SEO plugin. -->","yoast_head_json":{"title":"N\u00facleo de Hist\u00f3ria Oral realiza grava\u00e7\u00e3o de entrevistas com Jos\u00e9 Geraldo e Al\u00edpio Teixeira &#8212; Trem da Vale","robots":{"index":"index","follow":"follow","max-snippet":"max-snippet:-1","max-image-preview":"max-image-preview:large","max-video-preview":"max-video-preview:-1"},"canonical":"https:\/\/tremdavale.org\/pt\/nucleo-de-historia-oral-realiza-gravacao-de-entrevistas-com-jose-geraldo-e-alipio-teixeira\/","og_locale":"pt_PT","og_type":"article","og_title":"N\u00facleo de Hist\u00f3ria Oral realiza grava\u00e7\u00e3o de entrevistas com Jos\u00e9 Geraldo e Al\u00edpio Teixeira &#8212; Trem da Vale","og_description":"O N\u00facleo de Hist\u00f3ria Oral do Vale Registrar realizou, no dia 1\u00ba de julho, as \u00faltimas grava\u00e7\u00f5es de entrevistas tipologia Hist\u00f3ria Tem\u00e1tica Clubes Socioesportivos, em Ouro Preto, referentes \u00e0 oitava fase do programa, correspondente a 2013. Jos\u00e9 Geraldo Pinto, nascido em fevereiro de 1948, recordou seus anos como atleta e &hellip;","og_url":"https:\/\/tremdavale.org\/pt\/nucleo-de-historia-oral-realiza-gravacao-de-entrevistas-com-jose-geraldo-e-alipio-teixeira\/","og_site_name":"Trem da Vale","article_published_time":"2013-08-25T09:53:00+00:00","article_modified_time":"2025-10-10T11:57:00+00:00","og_image":[{"width":300,"height":200,"url":"https:\/\/tremdavale.org\/wp-content\/uploads\/01_jose_geraldo_pinto1-300x200.jpg","type":"image\/jpeg"}],"author":"admin","twitter_card":"summary_large_image","twitter_misc":{"Escrito por":"admin","Tempo estimado de leitura":"3 minutos"},"schema":{"@context":"https:\/\/schema.org","@graph":[{"@type":"WebPage","@id":"https:\/\/tremdavale.org\/pt\/nucleo-de-historia-oral-realiza-gravacao-de-entrevistas-com-jose-geraldo-e-alipio-teixeira\/","url":"https:\/\/tremdavale.org\/pt\/nucleo-de-historia-oral-realiza-gravacao-de-entrevistas-com-jose-geraldo-e-alipio-teixeira\/","name":"N\u00facleo de Hist\u00f3ria Oral realiza grava\u00e7\u00e3o de entrevistas com Jos\u00e9 Geraldo e Al\u00edpio Teixeira &#8212; Trem da Vale","isPartOf":{"@id":"https:\/\/tremdavale.org\/pt\/#website"},"primaryImageOfPage":{"@id":"https:\/\/tremdavale.org\/pt\/nucleo-de-historia-oral-realiza-gravacao-de-entrevistas-com-jose-geraldo-e-alipio-teixeira\/#primaryimage"},"image":{"@id":"https:\/\/tremdavale.org\/pt\/nucleo-de-historia-oral-realiza-gravacao-de-entrevistas-com-jose-geraldo-e-alipio-teixeira\/#primaryimage"},"thumbnailUrl":"https:\/\/tremdavale.org\/wp-content\/uploads\/01_jose_geraldo_pinto1-300x200.jpg","datePublished":"2013-08-25T09:53:00+00:00","dateModified":"2025-10-10T11:57:00+00:00","author":{"@id":"https:\/\/tremdavale.org\/pt\/#\/schema\/person\/50912137d47426d31329f246d02eaeca"},"breadcrumb":{"@id":"https:\/\/tremdavale.org\/pt\/nucleo-de-historia-oral-realiza-gravacao-de-entrevistas-com-jose-geraldo-e-alipio-teixeira\/#breadcrumb"},"inLanguage":"pt-PT","potentialAction":[{"@type":"ReadAction","target":["https:\/\/tremdavale.org\/pt\/nucleo-de-historia-oral-realiza-gravacao-de-entrevistas-com-jose-geraldo-e-alipio-teixeira\/"]}]},{"@type":"ImageObject","inLanguage":"pt-PT","@id":"https:\/\/tremdavale.org\/pt\/nucleo-de-historia-oral-realiza-gravacao-de-entrevistas-com-jose-geraldo-e-alipio-teixeira\/#primaryimage","url":"https:\/\/tremdavale.org\/wp-content\/uploads\/01_jose_geraldo_pinto1-300x200.jpg","contentUrl":"https:\/\/tremdavale.org\/wp-content\/uploads\/01_jose_geraldo_pinto1-300x200.jpg","width":300,"height":200},{"@type":"BreadcrumbList","@id":"https:\/\/tremdavale.org\/pt\/nucleo-de-historia-oral-realiza-gravacao-de-entrevistas-com-jose-geraldo-e-alipio-teixeira\/#breadcrumb","itemListElement":[{"@type":"ListItem","position":1,"name":"In\u00edcio","item":"https:\/\/tremdavale.org\/pt\/"},{"@type":"ListItem","position":2,"name":"N\u00facleo de Hist\u00f3ria Oral realiza grava\u00e7\u00e3o de entrevistas com Jos\u00e9 Geraldo e Al\u00edpio Teixeira"}]},{"@type":"WebSite","@id":"https:\/\/tremdavale.org\/pt\/#website","url":"https:\/\/tremdavale.org\/pt\/","name":"Trem da Vale","description":"Programa de Educa\u00e7\u00e3o Patrimonial","potentialAction":[{"@type":"SearchAction","target":{"@type":"EntryPoint","urlTemplate":"https:\/\/tremdavale.org\/pt\/?s={search_term_string}"},"query-input":{"@type":"PropertyValueSpecification","valueRequired":true,"valueName":"search_term_string"}}],"inLanguage":"pt-PT"},{"@type":"Person","@id":"https:\/\/tremdavale.org\/pt\/#\/schema\/person\/50912137d47426d31329f246d02eaeca","name":"admin","image":{"@type":"ImageObject","inLanguage":"pt-PT","@id":"https:\/\/tremdavale.org\/pt\/#\/schema\/person\/image\/","url":"https:\/\/secure.gravatar.com\/avatar\/b3564f0fda6ea47959fe96a4217203e79a167568a37409758659bc3ba443b452?s=96&d=mm&r=g","contentUrl":"https:\/\/secure.gravatar.com\/avatar\/b3564f0fda6ea47959fe96a4217203e79a167568a37409758659bc3ba443b452?s=96&d=mm&r=g","caption":"admin"},"sameAs":["https:\/\/tremdavale.org"],"url":"https:\/\/tremdavale.org\/pt\/author\/admin\/"}]}},"_links":{"self":[{"href":"https:\/\/tremdavale.org\/pt\/wp-json\/wp\/v2\/posts\/232","targetHints":{"allow":["GET"]}}],"collection":[{"href":"https:\/\/tremdavale.org\/pt\/wp-json\/wp\/v2\/posts"}],"about":[{"href":"https:\/\/tremdavale.org\/pt\/wp-json\/wp\/v2\/types\/post"}],"author":[{"embeddable":true,"href":"https:\/\/tremdavale.org\/pt\/wp-json\/wp\/v2\/users\/1"}],"replies":[{"embeddable":true,"href":"https:\/\/tremdavale.org\/pt\/wp-json\/wp\/v2\/comments?post=232"}],"version-history":[{"count":0,"href":"https:\/\/tremdavale.org\/pt\/wp-json\/wp\/v2\/posts\/232\/revisions"}],"wp:featuredmedia":[{"embeddable":true,"href":"https:\/\/tremdavale.org\/pt\/wp-json\/wp\/v2\/media\/488"}],"wp:attachment":[{"href":"https:\/\/tremdavale.org\/pt\/wp-json\/wp\/v2\/media?parent=232"}],"wp:term":[{"taxonomy":"category","embeddable":true,"href":"https:\/\/tremdavale.org\/pt\/wp-json\/wp\/v2\/categories?post=232"},{"taxonomy":"post_tag","embeddable":true,"href":"https:\/\/tremdavale.org\/pt\/wp-json\/wp\/v2\/tags?post=232"}],"curies":[{"name":"wp","href":"https:\/\/api.w.org\/{rel}","templated":true}]}}