{"id":233,"date":"2013-08-25T05:18:00","date_gmt":"2013-08-25T05:18:00","guid":{"rendered":"https:\/\/tremdavale.org\/?p=233"},"modified":"2025-10-10T11:57:00","modified_gmt":"2025-10-10T11:57:00","slug":"nucleo-de-historia-oral-realiza-gravacao-de-entrevistas-com-jose-theobaldo-vieira-e-joao-gualberto","status":"publish","type":"post","link":"https:\/\/tremdavale.org\/pt\/nucleo-de-historia-oral-realiza-gravacao-de-entrevistas-com-jose-theobaldo-vieira-e-joao-gualberto\/","title":{"rendered":"N\u00facleo de Hist\u00f3ria Oral realiza grava\u00e7\u00e3o de entrevistas com Jos\u00e9 Theobaldo Vieira e Jo\u00e3o Gualberto"},"content":{"rendered":"<p>O N\u00facleo de Hist\u00f3ria Oral do Vale Registrar realizou, no dia sete de agosto, duas entrevistas tipologia Hist\u00f3ria Tem\u00e1tica Clubes Socioesportivos em Ouro Preto, referentes \u00e0 s\u00e9tima fase do programa, correspondente a 2012.<\/p>\n<p>Jos\u00e9 Theobaldo Vieira, popularmente conhecido como Joe, nasceu em Ouro Preto, em 18 de agosto de 1926. Durante uma hora de entrevista recordou seus tempos de treinador do Guarani Esporte Clube. Em uma \u00e9poca na qual o clube n\u00e3o possu\u00eda diretoria, Joe era o respons\u00e1vel por participar das reuni\u00f5es na Liga Esportiva Ouropretana, contratar jogadores, treinar jogadas e escalar os atletas que, no in\u00edcio da d\u00e9cada de 1950, honraram o vermelho e branco desse tradicional time de Ouro Preto com um in\u00e9dito tetracampeonato. Falou ainda sobre bailes e horas dan\u00e7antes no Clube XV de Novembro, destacando que jogadores e comiss\u00e3o t\u00e9cnica do Guarani sempre tinham entrada franca nesses eventos.<\/p>\n<p>Jo\u00e3o Gualberto, natural de Nova Lima, mudou-se para Ouro Preto em 1966, com 26 anos, para trabalhar na ALCAN e jogar no time de futebol da Associa\u00e7\u00e3o Atl\u00e9tica Aluminas. Em 1968, ap\u00f3s encerrar sua carreira esportiva, come\u00e7ou a trabalhar como massagista e roupeiro do clube, fun\u00e7\u00f5es que mant\u00e9m at\u00e9 os dias atuais e que lhe proporcionou a participa\u00e7\u00e3o em in\u00fameras conquistas de campeonatos municipais e regionais. H\u00e1 44 anos funcion\u00e1rio da Associa\u00e7\u00e3o Atl\u00e9tica Aluminas, Jo\u00e3o Gualberto presenciou o per\u00edodo \u00e1ureo do clube, quando havia treinos de nata\u00e7\u00e3o, jud\u00f4, basquete, v\u00f4lei e grandiosos bailes na sede social, abrilhantados, de acordo com nosso entrevistado, com os melhores conjuntos musicais do Brasil.<\/p>\n<p style=\"text-align: center;\"><img loading=\"lazy\" decoding=\"async\" class=\"aligncenter size-medium\" title=\"1_joseic281_theobaldo_vieira\" src=\"\/wp-content\/uploads\/1_joseic281_theobaldo_vieira-300x199.jpg\" alt=\"1_joseic281_theobaldo_vieira\" width=\"300\" height=\"199\"><\/p>\n<p style=\"text-align: center;\"><img loading=\"lazy\" decoding=\"async\" class=\"aligncenter size-medium\" title=\"3_joaic692o_gualberto\" src=\"\/wp-content\/uploads\/3_joaic692o_gualberto-300x199.jpg\" alt=\"3_joaic692o_gualberto\" width=\"300\" height=\"199\"><\/p>\n<p style=\"text-align: center;\"><img loading=\"lazy\" decoding=\"async\" class=\"aligncenter size-medium\" title=\"2_joseic281_theobaldo_vieira\" src=\"\/wp-content\/uploads\/2_joseic281_theobaldo_vieira-300x199.jpg\" alt=\"2_joseic281_theobaldo_vieira\" width=\"300\" height=\"199\"><\/p>\n<p style=\"text-align: center;\"><img loading=\"lazy\" decoding=\"async\" class=\"aligncenter size-medium\" title=\"faltante\" src=\"\/wp-content\/uploads\/faltante-300x199.jpg\" alt=\"faltante\" width=\"300\" height=\"199\"><\/p>\n<p>&nbsp;<\/p>\n","protected":false},"excerpt":{"rendered":"<p>O N\u00facleo de Hist\u00f3ria Oral do Vale Registrar realizou, no dia sete de agosto, duas entrevistas tipologia Hist\u00f3ria Tem\u00e1tica Clubes Socioesportivos em Ouro Preto, referentes \u00e0 s\u00e9tima fase do programa, correspondente a 2012. Jos\u00e9 Theobaldo Vieira, popularmente conhecido como Joe, nasceu em Ouro Preto, em 18 de agosto de 1926. &hellip;<\/p>\n","protected":false},"author":1,"featured_media":489,"comment_status":"open","ping_status":"closed","sticky":false,"template":"","format":"standard","meta":{"footnotes":""},"categories":[3],"tags":[],"class_list":["post-233","post","type-post","status-publish","format-standard","has-post-thumbnail","hentry","category-noticias"],"yoast_head":"<!-- This site is optimized with the Yoast SEO plugin v26.1.1 - https:\/\/yoast.com\/wordpress\/plugins\/seo\/ -->\n<title>N\u00facleo de Hist\u00f3ria Oral realiza grava\u00e7\u00e3o de entrevistas com Jos\u00e9 Theobaldo Vieira e Jo\u00e3o Gualberto &#8212; Trem da Vale<\/title>\n<meta name=\"robots\" content=\"index, follow, max-snippet:-1, max-image-preview:large, max-video-preview:-1\" \/>\n<link rel=\"canonical\" href=\"https:\/\/tremdavale.org\/pt\/nucleo-de-historia-oral-realiza-gravacao-de-entrevistas-com-jose-theobaldo-vieira-e-joao-gualberto\/\" \/>\n<meta property=\"og:locale\" content=\"pt_PT\" \/>\n<meta property=\"og:type\" content=\"article\" \/>\n<meta property=\"og:title\" content=\"N\u00facleo de Hist\u00f3ria Oral realiza grava\u00e7\u00e3o de entrevistas com Jos\u00e9 Theobaldo Vieira e Jo\u00e3o Gualberto &#8212; Trem da Vale\" \/>\n<meta property=\"og:description\" content=\"O N\u00facleo de Hist\u00f3ria Oral do Vale Registrar realizou, no dia sete de agosto, duas entrevistas tipologia Hist\u00f3ria Tem\u00e1tica Clubes Socioesportivos em Ouro Preto, referentes \u00e0 s\u00e9tima fase do programa, correspondente a 2012. Jos\u00e9 Theobaldo Vieira, popularmente conhecido como Joe, nasceu em Ouro Preto, em 18 de agosto de 1926. &hellip;\" \/>\n<meta property=\"og:url\" content=\"https:\/\/tremdavale.org\/pt\/nucleo-de-historia-oral-realiza-gravacao-de-entrevistas-com-jose-theobaldo-vieira-e-joao-gualberto\/\" \/>\n<meta property=\"og:site_name\" content=\"Trem da Vale\" \/>\n<meta property=\"article:published_time\" content=\"2013-08-25T05:18:00+00:00\" \/>\n<meta property=\"article:modified_time\" content=\"2025-10-10T11:57:00+00:00\" \/>\n<meta property=\"og:image\" content=\"https:\/\/tremdavale.org\/wp-content\/uploads\/1_joseic281_theobaldo_vieira-300x199.jpg\" \/>\n\t<meta property=\"og:image:width\" content=\"300\" \/>\n\t<meta property=\"og:image:height\" content=\"199\" \/>\n\t<meta property=\"og:image:type\" content=\"image\/jpeg\" \/>\n<meta name=\"author\" content=\"admin\" \/>\n<meta name=\"twitter:card\" content=\"summary_large_image\" \/>\n<meta name=\"twitter:label1\" content=\"Escrito por\" \/>\n\t<meta name=\"twitter:data1\" content=\"admin\" \/>\n\t<meta name=\"twitter:label2\" content=\"Tempo estimado de leitura\" \/>\n\t<meta name=\"twitter:data2\" content=\"1 minuto\" \/>\n<script type=\"application\/ld+json\" class=\"yoast-schema-graph\">{\"@context\":\"https:\/\/schema.org\",\"@graph\":[{\"@type\":\"WebPage\",\"@id\":\"https:\/\/tremdavale.org\/pt\/nucleo-de-historia-oral-realiza-gravacao-de-entrevistas-com-jose-theobaldo-vieira-e-joao-gualberto\/\",\"url\":\"https:\/\/tremdavale.org\/pt\/nucleo-de-historia-oral-realiza-gravacao-de-entrevistas-com-jose-theobaldo-vieira-e-joao-gualberto\/\",\"name\":\"N\u00facleo de Hist\u00f3ria Oral realiza grava\u00e7\u00e3o de entrevistas com Jos\u00e9 Theobaldo Vieira e Jo\u00e3o Gualberto &#8212; Trem da Vale\",\"isPartOf\":{\"@id\":\"https:\/\/tremdavale.org\/pt\/#website\"},\"primaryImageOfPage\":{\"@id\":\"https:\/\/tremdavale.org\/pt\/nucleo-de-historia-oral-realiza-gravacao-de-entrevistas-com-jose-theobaldo-vieira-e-joao-gualberto\/#primaryimage\"},\"image\":{\"@id\":\"https:\/\/tremdavale.org\/pt\/nucleo-de-historia-oral-realiza-gravacao-de-entrevistas-com-jose-theobaldo-vieira-e-joao-gualberto\/#primaryimage\"},\"thumbnailUrl\":\"https:\/\/tremdavale.org\/wp-content\/uploads\/1_joseic281_theobaldo_vieira-300x199.jpg\",\"datePublished\":\"2013-08-25T05:18:00+00:00\",\"dateModified\":\"2025-10-10T11:57:00+00:00\",\"author\":{\"@id\":\"https:\/\/tremdavale.org\/pt\/#\/schema\/person\/50912137d47426d31329f246d02eaeca\"},\"breadcrumb\":{\"@id\":\"https:\/\/tremdavale.org\/pt\/nucleo-de-historia-oral-realiza-gravacao-de-entrevistas-com-jose-theobaldo-vieira-e-joao-gualberto\/#breadcrumb\"},\"inLanguage\":\"pt-PT\",\"potentialAction\":[{\"@type\":\"ReadAction\",\"target\":[\"https:\/\/tremdavale.org\/pt\/nucleo-de-historia-oral-realiza-gravacao-de-entrevistas-com-jose-theobaldo-vieira-e-joao-gualberto\/\"]}]},{\"@type\":\"ImageObject\",\"inLanguage\":\"pt-PT\",\"@id\":\"https:\/\/tremdavale.org\/pt\/nucleo-de-historia-oral-realiza-gravacao-de-entrevistas-com-jose-theobaldo-vieira-e-joao-gualberto\/#primaryimage\",\"url\":\"https:\/\/tremdavale.org\/wp-content\/uploads\/1_joseic281_theobaldo_vieira-300x199.jpg\",\"contentUrl\":\"https:\/\/tremdavale.org\/wp-content\/uploads\/1_joseic281_theobaldo_vieira-300x199.jpg\",\"width\":300,\"height\":199},{\"@type\":\"BreadcrumbList\",\"@id\":\"https:\/\/tremdavale.org\/pt\/nucleo-de-historia-oral-realiza-gravacao-de-entrevistas-com-jose-theobaldo-vieira-e-joao-gualberto\/#breadcrumb\",\"itemListElement\":[{\"@type\":\"ListItem\",\"position\":1,\"name\":\"In\u00edcio\",\"item\":\"https:\/\/tremdavale.org\/pt\/\"},{\"@type\":\"ListItem\",\"position\":2,\"name\":\"N\u00facleo de Hist\u00f3ria Oral realiza grava\u00e7\u00e3o de entrevistas com Jos\u00e9 Theobaldo Vieira e Jo\u00e3o Gualberto\"}]},{\"@type\":\"WebSite\",\"@id\":\"https:\/\/tremdavale.org\/pt\/#website\",\"url\":\"https:\/\/tremdavale.org\/pt\/\",\"name\":\"Trem da Vale\",\"description\":\"Programa de Educa\u00e7\u00e3o Patrimonial\",\"potentialAction\":[{\"@type\":\"SearchAction\",\"target\":{\"@type\":\"EntryPoint\",\"urlTemplate\":\"https:\/\/tremdavale.org\/pt\/?s={search_term_string}\"},\"query-input\":{\"@type\":\"PropertyValueSpecification\",\"valueRequired\":true,\"valueName\":\"search_term_string\"}}],\"inLanguage\":\"pt-PT\"},{\"@type\":\"Person\",\"@id\":\"https:\/\/tremdavale.org\/pt\/#\/schema\/person\/50912137d47426d31329f246d02eaeca\",\"name\":\"admin\",\"image\":{\"@type\":\"ImageObject\",\"inLanguage\":\"pt-PT\",\"@id\":\"https:\/\/tremdavale.org\/pt\/#\/schema\/person\/image\/\",\"url\":\"https:\/\/secure.gravatar.com\/avatar\/b3564f0fda6ea47959fe96a4217203e79a167568a37409758659bc3ba443b452?s=96&d=mm&r=g\",\"contentUrl\":\"https:\/\/secure.gravatar.com\/avatar\/b3564f0fda6ea47959fe96a4217203e79a167568a37409758659bc3ba443b452?s=96&d=mm&r=g\",\"caption\":\"admin\"},\"sameAs\":[\"https:\/\/tremdavale.org\"],\"url\":\"https:\/\/tremdavale.org\/pt\/author\/admin\/\"}]}<\/script>\n<!-- \/ Yoast SEO plugin. -->","yoast_head_json":{"title":"N\u00facleo de Hist\u00f3ria Oral realiza grava\u00e7\u00e3o de entrevistas com Jos\u00e9 Theobaldo Vieira e Jo\u00e3o Gualberto &#8212; Trem da Vale","robots":{"index":"index","follow":"follow","max-snippet":"max-snippet:-1","max-image-preview":"max-image-preview:large","max-video-preview":"max-video-preview:-1"},"canonical":"https:\/\/tremdavale.org\/pt\/nucleo-de-historia-oral-realiza-gravacao-de-entrevistas-com-jose-theobaldo-vieira-e-joao-gualberto\/","og_locale":"pt_PT","og_type":"article","og_title":"N\u00facleo de Hist\u00f3ria Oral realiza grava\u00e7\u00e3o de entrevistas com Jos\u00e9 Theobaldo Vieira e Jo\u00e3o Gualberto &#8212; Trem da Vale","og_description":"O N\u00facleo de Hist\u00f3ria Oral do Vale Registrar realizou, no dia sete de agosto, duas entrevistas tipologia Hist\u00f3ria Tem\u00e1tica Clubes Socioesportivos em Ouro Preto, referentes \u00e0 s\u00e9tima fase do programa, correspondente a 2012. Jos\u00e9 Theobaldo Vieira, popularmente conhecido como Joe, nasceu em Ouro Preto, em 18 de agosto de 1926. &hellip;","og_url":"https:\/\/tremdavale.org\/pt\/nucleo-de-historia-oral-realiza-gravacao-de-entrevistas-com-jose-theobaldo-vieira-e-joao-gualberto\/","og_site_name":"Trem da Vale","article_published_time":"2013-08-25T05:18:00+00:00","article_modified_time":"2025-10-10T11:57:00+00:00","og_image":[{"width":300,"height":199,"url":"https:\/\/tremdavale.org\/wp-content\/uploads\/1_joseic281_theobaldo_vieira-300x199.jpg","type":"image\/jpeg"}],"author":"admin","twitter_card":"summary_large_image","twitter_misc":{"Escrito por":"admin","Tempo estimado de leitura":"1 minuto"},"schema":{"@context":"https:\/\/schema.org","@graph":[{"@type":"WebPage","@id":"https:\/\/tremdavale.org\/pt\/nucleo-de-historia-oral-realiza-gravacao-de-entrevistas-com-jose-theobaldo-vieira-e-joao-gualberto\/","url":"https:\/\/tremdavale.org\/pt\/nucleo-de-historia-oral-realiza-gravacao-de-entrevistas-com-jose-theobaldo-vieira-e-joao-gualberto\/","name":"N\u00facleo de Hist\u00f3ria Oral realiza grava\u00e7\u00e3o de entrevistas com Jos\u00e9 Theobaldo Vieira e Jo\u00e3o Gualberto &#8212; Trem da Vale","isPartOf":{"@id":"https:\/\/tremdavale.org\/pt\/#website"},"primaryImageOfPage":{"@id":"https:\/\/tremdavale.org\/pt\/nucleo-de-historia-oral-realiza-gravacao-de-entrevistas-com-jose-theobaldo-vieira-e-joao-gualberto\/#primaryimage"},"image":{"@id":"https:\/\/tremdavale.org\/pt\/nucleo-de-historia-oral-realiza-gravacao-de-entrevistas-com-jose-theobaldo-vieira-e-joao-gualberto\/#primaryimage"},"thumbnailUrl":"https:\/\/tremdavale.org\/wp-content\/uploads\/1_joseic281_theobaldo_vieira-300x199.jpg","datePublished":"2013-08-25T05:18:00+00:00","dateModified":"2025-10-10T11:57:00+00:00","author":{"@id":"https:\/\/tremdavale.org\/pt\/#\/schema\/person\/50912137d47426d31329f246d02eaeca"},"breadcrumb":{"@id":"https:\/\/tremdavale.org\/pt\/nucleo-de-historia-oral-realiza-gravacao-de-entrevistas-com-jose-theobaldo-vieira-e-joao-gualberto\/#breadcrumb"},"inLanguage":"pt-PT","potentialAction":[{"@type":"ReadAction","target":["https:\/\/tremdavale.org\/pt\/nucleo-de-historia-oral-realiza-gravacao-de-entrevistas-com-jose-theobaldo-vieira-e-joao-gualberto\/"]}]},{"@type":"ImageObject","inLanguage":"pt-PT","@id":"https:\/\/tremdavale.org\/pt\/nucleo-de-historia-oral-realiza-gravacao-de-entrevistas-com-jose-theobaldo-vieira-e-joao-gualberto\/#primaryimage","url":"https:\/\/tremdavale.org\/wp-content\/uploads\/1_joseic281_theobaldo_vieira-300x199.jpg","contentUrl":"https:\/\/tremdavale.org\/wp-content\/uploads\/1_joseic281_theobaldo_vieira-300x199.jpg","width":300,"height":199},{"@type":"BreadcrumbList","@id":"https:\/\/tremdavale.org\/pt\/nucleo-de-historia-oral-realiza-gravacao-de-entrevistas-com-jose-theobaldo-vieira-e-joao-gualberto\/#breadcrumb","itemListElement":[{"@type":"ListItem","position":1,"name":"In\u00edcio","item":"https:\/\/tremdavale.org\/pt\/"},{"@type":"ListItem","position":2,"name":"N\u00facleo de Hist\u00f3ria Oral realiza grava\u00e7\u00e3o de entrevistas com Jos\u00e9 Theobaldo Vieira e Jo\u00e3o Gualberto"}]},{"@type":"WebSite","@id":"https:\/\/tremdavale.org\/pt\/#website","url":"https:\/\/tremdavale.org\/pt\/","name":"Trem da Vale","description":"Programa de Educa\u00e7\u00e3o Patrimonial","potentialAction":[{"@type":"SearchAction","target":{"@type":"EntryPoint","urlTemplate":"https:\/\/tremdavale.org\/pt\/?s={search_term_string}"},"query-input":{"@type":"PropertyValueSpecification","valueRequired":true,"valueName":"search_term_string"}}],"inLanguage":"pt-PT"},{"@type":"Person","@id":"https:\/\/tremdavale.org\/pt\/#\/schema\/person\/50912137d47426d31329f246d02eaeca","name":"admin","image":{"@type":"ImageObject","inLanguage":"pt-PT","@id":"https:\/\/tremdavale.org\/pt\/#\/schema\/person\/image\/","url":"https:\/\/secure.gravatar.com\/avatar\/b3564f0fda6ea47959fe96a4217203e79a167568a37409758659bc3ba443b452?s=96&d=mm&r=g","contentUrl":"https:\/\/secure.gravatar.com\/avatar\/b3564f0fda6ea47959fe96a4217203e79a167568a37409758659bc3ba443b452?s=96&d=mm&r=g","caption":"admin"},"sameAs":["https:\/\/tremdavale.org"],"url":"https:\/\/tremdavale.org\/pt\/author\/admin\/"}]}},"_links":{"self":[{"href":"https:\/\/tremdavale.org\/pt\/wp-json\/wp\/v2\/posts\/233","targetHints":{"allow":["GET"]}}],"collection":[{"href":"https:\/\/tremdavale.org\/pt\/wp-json\/wp\/v2\/posts"}],"about":[{"href":"https:\/\/tremdavale.org\/pt\/wp-json\/wp\/v2\/types\/post"}],"author":[{"embeddable":true,"href":"https:\/\/tremdavale.org\/pt\/wp-json\/wp\/v2\/users\/1"}],"replies":[{"embeddable":true,"href":"https:\/\/tremdavale.org\/pt\/wp-json\/wp\/v2\/comments?post=233"}],"version-history":[{"count":0,"href":"https:\/\/tremdavale.org\/pt\/wp-json\/wp\/v2\/posts\/233\/revisions"}],"wp:featuredmedia":[{"embeddable":true,"href":"https:\/\/tremdavale.org\/pt\/wp-json\/wp\/v2\/media\/489"}],"wp:attachment":[{"href":"https:\/\/tremdavale.org\/pt\/wp-json\/wp\/v2\/media?parent=233"}],"wp:term":[{"taxonomy":"category","embeddable":true,"href":"https:\/\/tremdavale.org\/pt\/wp-json\/wp\/v2\/categories?post=233"},{"taxonomy":"post_tag","embeddable":true,"href":"https:\/\/tremdavale.org\/pt\/wp-json\/wp\/v2\/tags?post=233"}],"curies":[{"name":"wp","href":"https:\/\/api.w.org\/{rel}","templated":true}]}}