{"id":234,"date":"2013-08-25T09:53:00","date_gmt":"2013-08-25T09:53:00","guid":{"rendered":"https:\/\/tremdavale.org\/?p=234"},"modified":"2025-10-10T11:57:00","modified_gmt":"2025-10-10T11:57:00","slug":"nucleo-de-historia-oral-realiza-gravacao-de-entrevistas-com-roberto-peret-raimundo-cardoso-e-paulo-ferreira","status":"publish","type":"post","link":"https:\/\/tremdavale.org\/pt\/nucleo-de-historia-oral-realiza-gravacao-de-entrevistas-com-roberto-peret-raimundo-cardoso-e-paulo-ferreira\/","title":{"rendered":"N\u00facleo de Hist\u00f3ria Oral realiza grava\u00e7\u00e3o de entrevistas com Roberto Peret, Raimundo Cardoso e Paulo Ferreira"},"content":{"rendered":"<p><span>O N\u00facleo de Hist\u00f3ria Oral do Vale Registrar realizou, nos dias 09, 19 e 25 de mar\u00e7o, as primeiras grava\u00e7\u00f5es de entrevistas tipologia Hist\u00f3ria Tem\u00e1tica Clubes Socioesportivos, em Ouro Preto, referente \u00e0 prorroga\u00e7\u00e3o da s\u00e9tima fase do programa, correspondente a 2013.<\/span><\/p>\n<p><span>Roberto da Motta Peret nasceu em Ouro Preto, em 1929. Considerado o mais antigo torcedor do Esporte Clube Tabajaras, compartilhou com a equipe as lembran\u00e7as dos anos iniciais desse clube, fundado em 1945. Recordou-se dos bailes que organizavam e esclareceu a rela\u00e7\u00e3o que a diretoria do Tabajaras, em sua maioria composta por comerciantes, mantinha com a Associa\u00e7\u00e3o Comercial de Ouro Preto. Falou ainda sobre futebol, comparou esquemas t\u00e1ticos atuais com o utilizado nos anos 40 e afirmou que em sua \u00e9poca de tesoureiro e secret\u00e1rio do Tabajaras, na d\u00e9cada de 1950, havia mais amor e dedica\u00e7\u00e3o dos atletas do que nos dias atuais.<\/span><\/p>\n<p>&nbsp;<\/p>\n<p><img loading=\"lazy\" decoding=\"async\" class=\"size-large\" title=\"03-roberto-peret1\" src=\"\/wp-content\/uploads\/03-roberto-peret1-680x1024.jpg\" alt=\"03-roberto-peret1\" width=\"408\" height=\"614\"><\/p>\n<p>O entrevistado Roberto da Motta Peret assina o termo de autoriza\u00e7\u00e3o de uso de imagem, na plataforma da Esta\u00e7\u00e3o Ferrovi\u00e1ria de Ouro Preto. Foto: Rafael Bou\u00e7as<\/p>\n<p>&nbsp;<\/p>\n<p><span>Em 19 de mar\u00e7o foi a vez de Raimundo Nonato Cardoso, o popular Raimundo Batutinha, nascido em Ouro Preto, em 1941, lembrar seu per\u00edodo de ponta de lan\u00e7a no time da Associa\u00e7\u00e3o Atl\u00e9tica Aluminas. Revelado pelo Guarani Esporte Clube no final da d\u00e9cada de 1950, Batutinha, por ser habilidoso, irreverente e oportunista dentro da grande \u00e1rea, n\u00e3o pensou duas vezes quando convidado a trocar de clube, pois no Aluminas, al\u00e9m de participar de um dos times mais fortes da regi\u00e3o, conseguiria tamb\u00e9m um emprego na ALCAN. Sua \u00e9poca de jogador, que coincidiu com o per\u00edodo \u00e1ureo do clube, foi marcada por muitos t\u00edtulos, comemora\u00e7\u00f5es e grandiosos bailes, lembrados por nosso entrevistado durante a grava\u00e7\u00e3o.<\/span><\/p>\n<p>&nbsp;<\/p>\n<p><img loading=\"lazy\" decoding=\"async\" class=\"size-large\" title=\"03-raimundo-cardoso1\" src=\"\/wp-content\/uploads\/03-raimundo-cardoso1-1024x723.jpg\" alt=\"03-raimundo-cardoso1\" width=\"491\" height=\"347\"><\/p>\n<p>O entrevistado Raimundo Nonato Cardoso e a equipe do Vale Registrar: Rodrigo Benevenuto, Eder Melo e Cristiane Evangelista, ap\u00f3s a entrevista, na plataforma da Esta\u00e7\u00e3o Ferrovi\u00e1ria de Ouro Preto. Foto: Leonardo Penna<\/p>\n<p>&nbsp;<\/p>\n<p><span>Paulo Hermenegildo Ferreira, conhecido em Ouro Preto como Paulo Tot\u00f3, concedeu sua entrevista no dia 25 de mar\u00e7o. Nela, discorreu sobre o seu per\u00edodo como atleta do Guarani Esporte Clube. Filho de Ant\u00f4nio Izabel Ferreira, Senhor Tot\u00f3, antigo torcedor do Guarani e comerciante no campo da Barra, contou sobre o per\u00edodo de sua inf\u00e2ncia, vivida na d\u00e9cada de 1950, no Bairro Barra. Nessa \u00e9poca, com seus irm\u00e3os e uma turma de amigos, jogava bola todo dia, quando desenvolveu a t\u00e9cnica de marca\u00e7\u00e3o, posicionamento e passe preciso que o consagraria no meio campo do Guarani anos mais tarde. Destacou ainda a constru\u00e7\u00e3o da sede social, a v\u00edspora que organizavam para angariar fundos para a manuten\u00e7\u00e3o do clube e o tetracampeonato que conquistou na d\u00e9cada de 1970 com a camisa vermelha e branca listrada do Guarani Esporte Clube.<\/span><\/p>\n<p>&nbsp;<\/p>\n<p><img loading=\"lazy\" decoding=\"async\" class=\"size-large\" title=\"02-paulo-ferreira3\" src=\"\/wp-content\/uploads\/02-paulo-ferreira3-1024x680.jpg\" alt=\"02-paulo-ferreira3\" width=\"491\" height=\"326\"><\/p>\n<p>O entrevistador Eder Melo explica para o entrevistado Paulo Hermenegildo Ferreira os procedimentos da entrevista, na Sala de Hist\u00f3rias da Esta\u00e7\u00e3o Ferrovi\u00e1ria de Ouro Preto. Foto: Fl\u00e1via Pupo<\/p>\n<p>&nbsp;<\/p>\n<p><span>As entrevistas agora entram em sua etapa de processamento: captura do \u00e1udio, transcri\u00e7\u00e3o, elabora\u00e7\u00e3o das notas de rodap\u00e9, confer\u00eancia de fidelidade, copidesque, reda\u00e7\u00e3o de resumos e edi\u00e7\u00e3o do v\u00eddeo. No final desta fase do programa de hist\u00f3ria oral, estas e as outras entrevistas que seguir\u00e3o, ser\u00e3o reunidas no acervo do Vale Registrar dispon\u00edvel para consultas e pesquisas na Biblioteca Infanto-Juvenil da Esta\u00e7\u00e3o de Mariana.<\/span><\/p>\n<p>&nbsp;<\/p>\n","protected":false},"excerpt":{"rendered":"<p>O N\u00facleo de Hist\u00f3ria Oral do Vale Registrar realizou, nos dias 09, 19 e 25 de mar\u00e7o, as primeiras grava\u00e7\u00f5es de entrevistas tipologia Hist\u00f3ria Tem\u00e1tica Clubes Socioesportivos, em Ouro Preto, referente \u00e0 prorroga\u00e7\u00e3o da s\u00e9tima fase do programa, correspondente a 2013. Roberto da Motta Peret nasceu em Ouro Preto, em &hellip;<\/p>\n","protected":false},"author":1,"featured_media":490,"comment_status":"open","ping_status":"closed","sticky":false,"template":"","format":"standard","meta":{"footnotes":""},"categories":[2],"tags":[],"class_list":["post-234","post","type-post","status-publish","format-standard","has-post-thumbnail","hentry","category-destaques-home"],"yoast_head":"<!-- This site is optimized with the Yoast SEO plugin v26.1.1 - https:\/\/yoast.com\/wordpress\/plugins\/seo\/ -->\n<title>N\u00facleo de Hist\u00f3ria Oral realiza grava\u00e7\u00e3o de entrevistas com Roberto Peret, Raimundo Cardoso e Paulo Ferreira &#8212; Trem da Vale<\/title>\n<meta name=\"robots\" content=\"index, follow, max-snippet:-1, max-image-preview:large, max-video-preview:-1\" \/>\n<link rel=\"canonical\" href=\"https:\/\/tremdavale.org\/pt\/nucleo-de-historia-oral-realiza-gravacao-de-entrevistas-com-roberto-peret-raimundo-cardoso-e-paulo-ferreira\/\" \/>\n<meta property=\"og:locale\" content=\"pt_PT\" \/>\n<meta property=\"og:type\" content=\"article\" \/>\n<meta property=\"og:title\" content=\"N\u00facleo de Hist\u00f3ria Oral realiza grava\u00e7\u00e3o de entrevistas com Roberto Peret, Raimundo Cardoso e Paulo Ferreira &#8212; Trem da Vale\" \/>\n<meta property=\"og:description\" content=\"O N\u00facleo de Hist\u00f3ria Oral do Vale Registrar realizou, nos dias 09, 19 e 25 de mar\u00e7o, as primeiras grava\u00e7\u00f5es de entrevistas tipologia Hist\u00f3ria Tem\u00e1tica Clubes Socioesportivos, em Ouro Preto, referente \u00e0 prorroga\u00e7\u00e3o da s\u00e9tima fase do programa, correspondente a 2013. Roberto da Motta Peret nasceu em Ouro Preto, em &hellip;\" \/>\n<meta property=\"og:url\" content=\"https:\/\/tremdavale.org\/pt\/nucleo-de-historia-oral-realiza-gravacao-de-entrevistas-com-roberto-peret-raimundo-cardoso-e-paulo-ferreira\/\" \/>\n<meta property=\"og:site_name\" content=\"Trem da Vale\" \/>\n<meta property=\"article:published_time\" content=\"2013-08-25T09:53:00+00:00\" \/>\n<meta property=\"article:modified_time\" content=\"2025-10-10T11:57:00+00:00\" \/>\n<meta property=\"og:image\" content=\"https:\/\/tremdavale.org\/wp-content\/uploads\/03-roberto-peret1-680x1024.jpg\" \/>\n\t<meta property=\"og:image:width\" content=\"680\" \/>\n\t<meta property=\"og:image:height\" content=\"1024\" \/>\n\t<meta property=\"og:image:type\" content=\"image\/jpeg\" \/>\n<meta name=\"author\" content=\"admin\" \/>\n<meta name=\"twitter:card\" content=\"summary_large_image\" \/>\n<meta name=\"twitter:label1\" content=\"Escrito por\" \/>\n\t<meta name=\"twitter:data1\" content=\"admin\" \/>\n\t<meta name=\"twitter:label2\" content=\"Tempo estimado de leitura\" \/>\n\t<meta name=\"twitter:data2\" content=\"3 minutos\" \/>\n<script type=\"application\/ld+json\" class=\"yoast-schema-graph\">{\"@context\":\"https:\/\/schema.org\",\"@graph\":[{\"@type\":\"WebPage\",\"@id\":\"https:\/\/tremdavale.org\/pt\/nucleo-de-historia-oral-realiza-gravacao-de-entrevistas-com-roberto-peret-raimundo-cardoso-e-paulo-ferreira\/\",\"url\":\"https:\/\/tremdavale.org\/pt\/nucleo-de-historia-oral-realiza-gravacao-de-entrevistas-com-roberto-peret-raimundo-cardoso-e-paulo-ferreira\/\",\"name\":\"N\u00facleo de Hist\u00f3ria Oral realiza grava\u00e7\u00e3o de entrevistas com Roberto Peret, Raimundo Cardoso e Paulo Ferreira &#8212; Trem da Vale\",\"isPartOf\":{\"@id\":\"https:\/\/tremdavale.org\/pt\/#website\"},\"primaryImageOfPage\":{\"@id\":\"https:\/\/tremdavale.org\/pt\/nucleo-de-historia-oral-realiza-gravacao-de-entrevistas-com-roberto-peret-raimundo-cardoso-e-paulo-ferreira\/#primaryimage\"},\"image\":{\"@id\":\"https:\/\/tremdavale.org\/pt\/nucleo-de-historia-oral-realiza-gravacao-de-entrevistas-com-roberto-peret-raimundo-cardoso-e-paulo-ferreira\/#primaryimage\"},\"thumbnailUrl\":\"https:\/\/tremdavale.org\/wp-content\/uploads\/03-roberto-peret1-680x1024.jpg\",\"datePublished\":\"2013-08-25T09:53:00+00:00\",\"dateModified\":\"2025-10-10T11:57:00+00:00\",\"author\":{\"@id\":\"https:\/\/tremdavale.org\/pt\/#\/schema\/person\/50912137d47426d31329f246d02eaeca\"},\"breadcrumb\":{\"@id\":\"https:\/\/tremdavale.org\/pt\/nucleo-de-historia-oral-realiza-gravacao-de-entrevistas-com-roberto-peret-raimundo-cardoso-e-paulo-ferreira\/#breadcrumb\"},\"inLanguage\":\"pt-PT\",\"potentialAction\":[{\"@type\":\"ReadAction\",\"target\":[\"https:\/\/tremdavale.org\/pt\/nucleo-de-historia-oral-realiza-gravacao-de-entrevistas-com-roberto-peret-raimundo-cardoso-e-paulo-ferreira\/\"]}]},{\"@type\":\"ImageObject\",\"inLanguage\":\"pt-PT\",\"@id\":\"https:\/\/tremdavale.org\/pt\/nucleo-de-historia-oral-realiza-gravacao-de-entrevistas-com-roberto-peret-raimundo-cardoso-e-paulo-ferreira\/#primaryimage\",\"url\":\"https:\/\/tremdavale.org\/wp-content\/uploads\/03-roberto-peret1-680x1024.jpg\",\"contentUrl\":\"https:\/\/tremdavale.org\/wp-content\/uploads\/03-roberto-peret1-680x1024.jpg\",\"width\":680,\"height\":1024},{\"@type\":\"BreadcrumbList\",\"@id\":\"https:\/\/tremdavale.org\/pt\/nucleo-de-historia-oral-realiza-gravacao-de-entrevistas-com-roberto-peret-raimundo-cardoso-e-paulo-ferreira\/#breadcrumb\",\"itemListElement\":[{\"@type\":\"ListItem\",\"position\":1,\"name\":\"In\u00edcio\",\"item\":\"https:\/\/tremdavale.org\/pt\/\"},{\"@type\":\"ListItem\",\"position\":2,\"name\":\"N\u00facleo de Hist\u00f3ria Oral realiza grava\u00e7\u00e3o de entrevistas com Roberto Peret, Raimundo Cardoso e Paulo Ferreira\"}]},{\"@type\":\"WebSite\",\"@id\":\"https:\/\/tremdavale.org\/pt\/#website\",\"url\":\"https:\/\/tremdavale.org\/pt\/\",\"name\":\"Trem da Vale\",\"description\":\"Programa de Educa\u00e7\u00e3o Patrimonial\",\"potentialAction\":[{\"@type\":\"SearchAction\",\"target\":{\"@type\":\"EntryPoint\",\"urlTemplate\":\"https:\/\/tremdavale.org\/pt\/?s={search_term_string}\"},\"query-input\":{\"@type\":\"PropertyValueSpecification\",\"valueRequired\":true,\"valueName\":\"search_term_string\"}}],\"inLanguage\":\"pt-PT\"},{\"@type\":\"Person\",\"@id\":\"https:\/\/tremdavale.org\/pt\/#\/schema\/person\/50912137d47426d31329f246d02eaeca\",\"name\":\"admin\",\"image\":{\"@type\":\"ImageObject\",\"inLanguage\":\"pt-PT\",\"@id\":\"https:\/\/tremdavale.org\/pt\/#\/schema\/person\/image\/\",\"url\":\"https:\/\/secure.gravatar.com\/avatar\/b3564f0fda6ea47959fe96a4217203e79a167568a37409758659bc3ba443b452?s=96&d=mm&r=g\",\"contentUrl\":\"https:\/\/secure.gravatar.com\/avatar\/b3564f0fda6ea47959fe96a4217203e79a167568a37409758659bc3ba443b452?s=96&d=mm&r=g\",\"caption\":\"admin\"},\"sameAs\":[\"https:\/\/tremdavale.org\"],\"url\":\"https:\/\/tremdavale.org\/pt\/author\/admin\/\"}]}<\/script>\n<!-- \/ Yoast SEO plugin. -->","yoast_head_json":{"title":"N\u00facleo de Hist\u00f3ria Oral realiza grava\u00e7\u00e3o de entrevistas com Roberto Peret, Raimundo Cardoso e Paulo Ferreira &#8212; Trem da Vale","robots":{"index":"index","follow":"follow","max-snippet":"max-snippet:-1","max-image-preview":"max-image-preview:large","max-video-preview":"max-video-preview:-1"},"canonical":"https:\/\/tremdavale.org\/pt\/nucleo-de-historia-oral-realiza-gravacao-de-entrevistas-com-roberto-peret-raimundo-cardoso-e-paulo-ferreira\/","og_locale":"pt_PT","og_type":"article","og_title":"N\u00facleo de Hist\u00f3ria Oral realiza grava\u00e7\u00e3o de entrevistas com Roberto Peret, Raimundo Cardoso e Paulo Ferreira &#8212; Trem da Vale","og_description":"O N\u00facleo de Hist\u00f3ria Oral do Vale Registrar realizou, nos dias 09, 19 e 25 de mar\u00e7o, as primeiras grava\u00e7\u00f5es de entrevistas tipologia Hist\u00f3ria Tem\u00e1tica Clubes Socioesportivos, em Ouro Preto, referente \u00e0 prorroga\u00e7\u00e3o da s\u00e9tima fase do programa, correspondente a 2013. Roberto da Motta Peret nasceu em Ouro Preto, em &hellip;","og_url":"https:\/\/tremdavale.org\/pt\/nucleo-de-historia-oral-realiza-gravacao-de-entrevistas-com-roberto-peret-raimundo-cardoso-e-paulo-ferreira\/","og_site_name":"Trem da Vale","article_published_time":"2013-08-25T09:53:00+00:00","article_modified_time":"2025-10-10T11:57:00+00:00","og_image":[{"width":680,"height":1024,"url":"https:\/\/tremdavale.org\/wp-content\/uploads\/03-roberto-peret1-680x1024.jpg","type":"image\/jpeg"}],"author":"admin","twitter_card":"summary_large_image","twitter_misc":{"Escrito por":"admin","Tempo estimado de leitura":"3 minutos"},"schema":{"@context":"https:\/\/schema.org","@graph":[{"@type":"WebPage","@id":"https:\/\/tremdavale.org\/pt\/nucleo-de-historia-oral-realiza-gravacao-de-entrevistas-com-roberto-peret-raimundo-cardoso-e-paulo-ferreira\/","url":"https:\/\/tremdavale.org\/pt\/nucleo-de-historia-oral-realiza-gravacao-de-entrevistas-com-roberto-peret-raimundo-cardoso-e-paulo-ferreira\/","name":"N\u00facleo de Hist\u00f3ria Oral realiza grava\u00e7\u00e3o de entrevistas com Roberto Peret, Raimundo Cardoso e Paulo Ferreira &#8212; Trem da Vale","isPartOf":{"@id":"https:\/\/tremdavale.org\/pt\/#website"},"primaryImageOfPage":{"@id":"https:\/\/tremdavale.org\/pt\/nucleo-de-historia-oral-realiza-gravacao-de-entrevistas-com-roberto-peret-raimundo-cardoso-e-paulo-ferreira\/#primaryimage"},"image":{"@id":"https:\/\/tremdavale.org\/pt\/nucleo-de-historia-oral-realiza-gravacao-de-entrevistas-com-roberto-peret-raimundo-cardoso-e-paulo-ferreira\/#primaryimage"},"thumbnailUrl":"https:\/\/tremdavale.org\/wp-content\/uploads\/03-roberto-peret1-680x1024.jpg","datePublished":"2013-08-25T09:53:00+00:00","dateModified":"2025-10-10T11:57:00+00:00","author":{"@id":"https:\/\/tremdavale.org\/pt\/#\/schema\/person\/50912137d47426d31329f246d02eaeca"},"breadcrumb":{"@id":"https:\/\/tremdavale.org\/pt\/nucleo-de-historia-oral-realiza-gravacao-de-entrevistas-com-roberto-peret-raimundo-cardoso-e-paulo-ferreira\/#breadcrumb"},"inLanguage":"pt-PT","potentialAction":[{"@type":"ReadAction","target":["https:\/\/tremdavale.org\/pt\/nucleo-de-historia-oral-realiza-gravacao-de-entrevistas-com-roberto-peret-raimundo-cardoso-e-paulo-ferreira\/"]}]},{"@type":"ImageObject","inLanguage":"pt-PT","@id":"https:\/\/tremdavale.org\/pt\/nucleo-de-historia-oral-realiza-gravacao-de-entrevistas-com-roberto-peret-raimundo-cardoso-e-paulo-ferreira\/#primaryimage","url":"https:\/\/tremdavale.org\/wp-content\/uploads\/03-roberto-peret1-680x1024.jpg","contentUrl":"https:\/\/tremdavale.org\/wp-content\/uploads\/03-roberto-peret1-680x1024.jpg","width":680,"height":1024},{"@type":"BreadcrumbList","@id":"https:\/\/tremdavale.org\/pt\/nucleo-de-historia-oral-realiza-gravacao-de-entrevistas-com-roberto-peret-raimundo-cardoso-e-paulo-ferreira\/#breadcrumb","itemListElement":[{"@type":"ListItem","position":1,"name":"In\u00edcio","item":"https:\/\/tremdavale.org\/pt\/"},{"@type":"ListItem","position":2,"name":"N\u00facleo de Hist\u00f3ria Oral realiza grava\u00e7\u00e3o de entrevistas com Roberto Peret, Raimundo Cardoso e Paulo Ferreira"}]},{"@type":"WebSite","@id":"https:\/\/tremdavale.org\/pt\/#website","url":"https:\/\/tremdavale.org\/pt\/","name":"Trem da Vale","description":"Programa de Educa\u00e7\u00e3o Patrimonial","potentialAction":[{"@type":"SearchAction","target":{"@type":"EntryPoint","urlTemplate":"https:\/\/tremdavale.org\/pt\/?s={search_term_string}"},"query-input":{"@type":"PropertyValueSpecification","valueRequired":true,"valueName":"search_term_string"}}],"inLanguage":"pt-PT"},{"@type":"Person","@id":"https:\/\/tremdavale.org\/pt\/#\/schema\/person\/50912137d47426d31329f246d02eaeca","name":"admin","image":{"@type":"ImageObject","inLanguage":"pt-PT","@id":"https:\/\/tremdavale.org\/pt\/#\/schema\/person\/image\/","url":"https:\/\/secure.gravatar.com\/avatar\/b3564f0fda6ea47959fe96a4217203e79a167568a37409758659bc3ba443b452?s=96&d=mm&r=g","contentUrl":"https:\/\/secure.gravatar.com\/avatar\/b3564f0fda6ea47959fe96a4217203e79a167568a37409758659bc3ba443b452?s=96&d=mm&r=g","caption":"admin"},"sameAs":["https:\/\/tremdavale.org"],"url":"https:\/\/tremdavale.org\/pt\/author\/admin\/"}]}},"_links":{"self":[{"href":"https:\/\/tremdavale.org\/pt\/wp-json\/wp\/v2\/posts\/234","targetHints":{"allow":["GET"]}}],"collection":[{"href":"https:\/\/tremdavale.org\/pt\/wp-json\/wp\/v2\/posts"}],"about":[{"href":"https:\/\/tremdavale.org\/pt\/wp-json\/wp\/v2\/types\/post"}],"author":[{"embeddable":true,"href":"https:\/\/tremdavale.org\/pt\/wp-json\/wp\/v2\/users\/1"}],"replies":[{"embeddable":true,"href":"https:\/\/tremdavale.org\/pt\/wp-json\/wp\/v2\/comments?post=234"}],"version-history":[{"count":0,"href":"https:\/\/tremdavale.org\/pt\/wp-json\/wp\/v2\/posts\/234\/revisions"}],"wp:featuredmedia":[{"embeddable":true,"href":"https:\/\/tremdavale.org\/pt\/wp-json\/wp\/v2\/media\/490"}],"wp:attachment":[{"href":"https:\/\/tremdavale.org\/pt\/wp-json\/wp\/v2\/media?parent=234"}],"wp:term":[{"taxonomy":"category","embeddable":true,"href":"https:\/\/tremdavale.org\/pt\/wp-json\/wp\/v2\/categories?post=234"},{"taxonomy":"post_tag","embeddable":true,"href":"https:\/\/tremdavale.org\/pt\/wp-json\/wp\/v2\/tags?post=234"}],"curies":[{"name":"wp","href":"https:\/\/api.w.org\/{rel}","templated":true}]}}