{"id":238,"date":"2011-09-12T05:37:00","date_gmt":"2011-09-12T05:37:00","guid":{"rendered":"https:\/\/tremdavale.org\/?p=238"},"modified":"2025-10-10T11:57:00","modified_gmt":"2025-10-10T11:57:00","slug":"nucleo-de-historia-oral-realiza-gravacoes-de-entrevistas-com-rafael-arcanjo-dos-santos-e-olga-tukoff","status":"publish","type":"post","link":"https:\/\/tremdavale.org\/pt\/nucleo-de-historia-oral-realiza-gravacoes-de-entrevistas-com-rafael-arcanjo-dos-santos-e-olga-tukoff\/","title":{"rendered":"N\u00facleo de Hist\u00f3ria Oral grava entrevistas com Rafael dos Santos e Olga Tukoff"},"content":{"rendered":"<p><span>O N\u00facleo de Hist\u00f3ria Oral do Vale Registrar realizou, no dia 21 de junho, em Mariana, duas grava\u00e7\u00f5es, de entrevistas relativas \u00e0 sexta fase do programa, correspondente a 2011. Os marianenses Rafael Arcanjo dos Santos e Olga Tukoff, durante duas horas, em seus depoimentos de Hist\u00f3ria de Vida, recordaram e descreveram aspectos da vida social, econ\u00f4mica e educacional da cidade.<\/span><\/p>\n<p>&nbsp;<\/p>\n<p>O entrevistado Rafael Arcanjo dos Santos na plataforma da Esta\u00e7\u00e3o Ferrovi\u00e1ria de Mariana, com a equipe do Vale Registrar: Rodrigo Lima, Eder Melo, Cristiane Evangelista e Marianne Fonseca. Foto: Marcello Nicolato.<\/p>\n<p>&nbsp;<\/p>\n<p><span>Em sua entrevista, o professor Rafael contou sobre as brincadeiras de sua inf\u00e2ncia, com destaque para os jogos de futebol na Pra\u00e7a Minas Gerais. Sobre seu per\u00edodo de juventude, lembrou das serestas, dos bailes do Marianense Futebol Clube e do Guarany Futebol Clube, do <em>footing<\/em> na Pra\u00e7a Gomes Freire, dos conjuntos musicais que existiam em Mariana e da zona bo\u00eamia da cidade. Recordou tamb\u00e9m que foi por essa \u00e9poca que come\u00e7ou a subir as torres das igrejas para aprender o of\u00edcio de sineiro.<\/span><\/p>\n<p>&nbsp;<\/p>\n<p><span>Por sua vez, a artista pl\u00e1stica Olga Tukoff, em sua entrevista, recordou-se vividamente das brincadeiras na Rua Dom Silv\u00e9rio, em especial das descidas vertiginosas em carrinho de rolim\u00e3 e as jabuticabeiras do quintal da sua av\u00f3. Da juventude, a \u00eanfase foi dada ao in\u00edcio de seu aprendizado profissional com o restaurador Jair Afonso In\u00e1cio e a professora carioca Herta que abriu uma escola de artes na cidade, respons\u00e1vel pela forma\u00e7\u00e3o de v\u00e1rios artistas pl\u00e1sticos em atividade nos dias atuais.<\/span><\/p>\n<p>&nbsp;<\/p>\n<p>Olga Tukoff durante a entrevista, no Vag\u00e3o Oficina de V\u00eddeo \/ Sala de Hist\u00f3rias, com a equipe do Vale Registrar: Marcello Nicolato, Josanne Sim\u00f5es e Rodrigo Lima. Foto: Wesley Maur\u00edcio.<\/p>\n<p>&nbsp;<\/p>\n<p><span>As entrevistas agora entram em suas etapas de processamento: captura do \u00e1udio, transcri\u00e7\u00e3o, elabora\u00e7\u00e3o das notas de rodap\u00e9, confer\u00eancia de fidelidade, copidesque, reda\u00e7\u00e3o de resumos e edi\u00e7\u00e3o do v\u00eddeo. No final desta fase do programa de hist\u00f3ria oral, estas e as outras entrevistas que se seguir\u00e3o, ser\u00e3o reunidas no acervo do Vale Registrar dispon\u00edvel para consultas e pesquisas na Biblioteca Infanto-Juvenil da Esta\u00e7\u00e3o de Mariana e, tamb\u00e9m, neste <em>site<\/em>.<\/span><\/p>\n<p>&nbsp;<\/p>\n","protected":false},"excerpt":{"rendered":"<p>O N\u00facleo de Hist\u00f3ria Oral do Vale Registrar realizou, no dia 21 de junho, em Mariana, duas grava\u00e7\u00f5es, de entrevistas relativas \u00e0 sexta fase do programa, correspondente a 2011. Os marianenses Rafael Arcanjo dos Santos e Olga Tukoff, durante duas horas, em seus depoimentos de Hist\u00f3ria de Vida, recordaram e &hellip;<\/p>\n","protected":false},"author":1,"featured_media":0,"comment_status":"open","ping_status":"closed","sticky":false,"template":"","format":"standard","meta":{"footnotes":""},"categories":[2],"tags":[],"class_list":["post-238","post","type-post","status-publish","format-standard","hentry","category-destaques-home"],"yoast_head":"<!-- This site is optimized with the Yoast SEO plugin v26.1.1 - https:\/\/yoast.com\/wordpress\/plugins\/seo\/ -->\n<title>N\u00facleo de Hist\u00f3ria Oral grava entrevistas com Rafael dos Santos e Olga Tukoff &#8212; Trem da Vale<\/title>\n<meta name=\"robots\" content=\"index, follow, max-snippet:-1, max-image-preview:large, max-video-preview:-1\" \/>\n<link rel=\"canonical\" href=\"https:\/\/tremdavale.org\/pt\/nucleo-de-historia-oral-realiza-gravacoes-de-entrevistas-com-rafael-arcanjo-dos-santos-e-olga-tukoff\/\" \/>\n<meta property=\"og:locale\" content=\"pt_PT\" \/>\n<meta property=\"og:type\" content=\"article\" \/>\n<meta property=\"og:title\" content=\"N\u00facleo de Hist\u00f3ria Oral grava entrevistas com Rafael dos Santos e Olga Tukoff &#8212; Trem da Vale\" \/>\n<meta property=\"og:description\" content=\"O N\u00facleo de Hist\u00f3ria Oral do Vale Registrar realizou, no dia 21 de junho, em Mariana, duas grava\u00e7\u00f5es, de entrevistas relativas \u00e0 sexta fase do programa, correspondente a 2011. Os marianenses Rafael Arcanjo dos Santos e Olga Tukoff, durante duas horas, em seus depoimentos de Hist\u00f3ria de Vida, recordaram e &hellip;\" \/>\n<meta property=\"og:url\" content=\"https:\/\/tremdavale.org\/pt\/nucleo-de-historia-oral-realiza-gravacoes-de-entrevistas-com-rafael-arcanjo-dos-santos-e-olga-tukoff\/\" \/>\n<meta property=\"og:site_name\" content=\"Trem da Vale\" \/>\n<meta property=\"article:published_time\" content=\"2011-09-12T05:37:00+00:00\" \/>\n<meta property=\"article:modified_time\" content=\"2025-10-10T11:57:00+00:00\" \/>\n<meta name=\"author\" content=\"admin\" \/>\n<meta name=\"twitter:card\" content=\"summary_large_image\" \/>\n<meta name=\"twitter:label1\" content=\"Escrito por\" \/>\n\t<meta name=\"twitter:data1\" content=\"admin\" \/>\n\t<meta name=\"twitter:label2\" content=\"Tempo estimado de leitura\" \/>\n\t<meta name=\"twitter:data2\" content=\"2 minutos\" \/>\n<script type=\"application\/ld+json\" class=\"yoast-schema-graph\">{\"@context\":\"https:\/\/schema.org\",\"@graph\":[{\"@type\":\"WebPage\",\"@id\":\"https:\/\/tremdavale.org\/pt\/nucleo-de-historia-oral-realiza-gravacoes-de-entrevistas-com-rafael-arcanjo-dos-santos-e-olga-tukoff\/\",\"url\":\"https:\/\/tremdavale.org\/pt\/nucleo-de-historia-oral-realiza-gravacoes-de-entrevistas-com-rafael-arcanjo-dos-santos-e-olga-tukoff\/\",\"name\":\"N\u00facleo de Hist\u00f3ria Oral grava entrevistas com Rafael dos Santos e Olga Tukoff &#8212; Trem da Vale\",\"isPartOf\":{\"@id\":\"https:\/\/tremdavale.org\/pt\/#website\"},\"datePublished\":\"2011-09-12T05:37:00+00:00\",\"dateModified\":\"2025-10-10T11:57:00+00:00\",\"author\":{\"@id\":\"https:\/\/tremdavale.org\/pt\/#\/schema\/person\/50912137d47426d31329f246d02eaeca\"},\"breadcrumb\":{\"@id\":\"https:\/\/tremdavale.org\/pt\/nucleo-de-historia-oral-realiza-gravacoes-de-entrevistas-com-rafael-arcanjo-dos-santos-e-olga-tukoff\/#breadcrumb\"},\"inLanguage\":\"pt-PT\",\"potentialAction\":[{\"@type\":\"ReadAction\",\"target\":[\"https:\/\/tremdavale.org\/pt\/nucleo-de-historia-oral-realiza-gravacoes-de-entrevistas-com-rafael-arcanjo-dos-santos-e-olga-tukoff\/\"]}]},{\"@type\":\"BreadcrumbList\",\"@id\":\"https:\/\/tremdavale.org\/pt\/nucleo-de-historia-oral-realiza-gravacoes-de-entrevistas-com-rafael-arcanjo-dos-santos-e-olga-tukoff\/#breadcrumb\",\"itemListElement\":[{\"@type\":\"ListItem\",\"position\":1,\"name\":\"In\u00edcio\",\"item\":\"https:\/\/tremdavale.org\/pt\/\"},{\"@type\":\"ListItem\",\"position\":2,\"name\":\"N\u00facleo de Hist\u00f3ria Oral grava entrevistas com Rafael dos Santos e Olga Tukoff\"}]},{\"@type\":\"WebSite\",\"@id\":\"https:\/\/tremdavale.org\/pt\/#website\",\"url\":\"https:\/\/tremdavale.org\/pt\/\",\"name\":\"Trem da Vale\",\"description\":\"Programa de Educa\u00e7\u00e3o Patrimonial\",\"potentialAction\":[{\"@type\":\"SearchAction\",\"target\":{\"@type\":\"EntryPoint\",\"urlTemplate\":\"https:\/\/tremdavale.org\/pt\/?s={search_term_string}\"},\"query-input\":{\"@type\":\"PropertyValueSpecification\",\"valueRequired\":true,\"valueName\":\"search_term_string\"}}],\"inLanguage\":\"pt-PT\"},{\"@type\":\"Person\",\"@id\":\"https:\/\/tremdavale.org\/pt\/#\/schema\/person\/50912137d47426d31329f246d02eaeca\",\"name\":\"admin\",\"image\":{\"@type\":\"ImageObject\",\"inLanguage\":\"pt-PT\",\"@id\":\"https:\/\/tremdavale.org\/pt\/#\/schema\/person\/image\/\",\"url\":\"https:\/\/secure.gravatar.com\/avatar\/b3564f0fda6ea47959fe96a4217203e79a167568a37409758659bc3ba443b452?s=96&d=mm&r=g\",\"contentUrl\":\"https:\/\/secure.gravatar.com\/avatar\/b3564f0fda6ea47959fe96a4217203e79a167568a37409758659bc3ba443b452?s=96&d=mm&r=g\",\"caption\":\"admin\"},\"sameAs\":[\"https:\/\/tremdavale.org\"],\"url\":\"https:\/\/tremdavale.org\/pt\/author\/admin\/\"}]}<\/script>\n<!-- \/ Yoast SEO plugin. -->","yoast_head_json":{"title":"N\u00facleo de Hist\u00f3ria Oral grava entrevistas com Rafael dos Santos e Olga Tukoff &#8212; Trem da Vale","robots":{"index":"index","follow":"follow","max-snippet":"max-snippet:-1","max-image-preview":"max-image-preview:large","max-video-preview":"max-video-preview:-1"},"canonical":"https:\/\/tremdavale.org\/pt\/nucleo-de-historia-oral-realiza-gravacoes-de-entrevistas-com-rafael-arcanjo-dos-santos-e-olga-tukoff\/","og_locale":"pt_PT","og_type":"article","og_title":"N\u00facleo de Hist\u00f3ria Oral grava entrevistas com Rafael dos Santos e Olga Tukoff &#8212; Trem da Vale","og_description":"O N\u00facleo de Hist\u00f3ria Oral do Vale Registrar realizou, no dia 21 de junho, em Mariana, duas grava\u00e7\u00f5es, de entrevistas relativas \u00e0 sexta fase do programa, correspondente a 2011. Os marianenses Rafael Arcanjo dos Santos e Olga Tukoff, durante duas horas, em seus depoimentos de Hist\u00f3ria de Vida, recordaram e &hellip;","og_url":"https:\/\/tremdavale.org\/pt\/nucleo-de-historia-oral-realiza-gravacoes-de-entrevistas-com-rafael-arcanjo-dos-santos-e-olga-tukoff\/","og_site_name":"Trem da Vale","article_published_time":"2011-09-12T05:37:00+00:00","article_modified_time":"2025-10-10T11:57:00+00:00","author":"admin","twitter_card":"summary_large_image","twitter_misc":{"Escrito por":"admin","Tempo estimado de leitura":"2 minutos"},"schema":{"@context":"https:\/\/schema.org","@graph":[{"@type":"WebPage","@id":"https:\/\/tremdavale.org\/pt\/nucleo-de-historia-oral-realiza-gravacoes-de-entrevistas-com-rafael-arcanjo-dos-santos-e-olga-tukoff\/","url":"https:\/\/tremdavale.org\/pt\/nucleo-de-historia-oral-realiza-gravacoes-de-entrevistas-com-rafael-arcanjo-dos-santos-e-olga-tukoff\/","name":"N\u00facleo de Hist\u00f3ria Oral grava entrevistas com Rafael dos Santos e Olga Tukoff &#8212; Trem da Vale","isPartOf":{"@id":"https:\/\/tremdavale.org\/pt\/#website"},"datePublished":"2011-09-12T05:37:00+00:00","dateModified":"2025-10-10T11:57:00+00:00","author":{"@id":"https:\/\/tremdavale.org\/pt\/#\/schema\/person\/50912137d47426d31329f246d02eaeca"},"breadcrumb":{"@id":"https:\/\/tremdavale.org\/pt\/nucleo-de-historia-oral-realiza-gravacoes-de-entrevistas-com-rafael-arcanjo-dos-santos-e-olga-tukoff\/#breadcrumb"},"inLanguage":"pt-PT","potentialAction":[{"@type":"ReadAction","target":["https:\/\/tremdavale.org\/pt\/nucleo-de-historia-oral-realiza-gravacoes-de-entrevistas-com-rafael-arcanjo-dos-santos-e-olga-tukoff\/"]}]},{"@type":"BreadcrumbList","@id":"https:\/\/tremdavale.org\/pt\/nucleo-de-historia-oral-realiza-gravacoes-de-entrevistas-com-rafael-arcanjo-dos-santos-e-olga-tukoff\/#breadcrumb","itemListElement":[{"@type":"ListItem","position":1,"name":"In\u00edcio","item":"https:\/\/tremdavale.org\/pt\/"},{"@type":"ListItem","position":2,"name":"N\u00facleo de Hist\u00f3ria Oral grava entrevistas com Rafael dos Santos e Olga Tukoff"}]},{"@type":"WebSite","@id":"https:\/\/tremdavale.org\/pt\/#website","url":"https:\/\/tremdavale.org\/pt\/","name":"Trem da Vale","description":"Programa de Educa\u00e7\u00e3o Patrimonial","potentialAction":[{"@type":"SearchAction","target":{"@type":"EntryPoint","urlTemplate":"https:\/\/tremdavale.org\/pt\/?s={search_term_string}"},"query-input":{"@type":"PropertyValueSpecification","valueRequired":true,"valueName":"search_term_string"}}],"inLanguage":"pt-PT"},{"@type":"Person","@id":"https:\/\/tremdavale.org\/pt\/#\/schema\/person\/50912137d47426d31329f246d02eaeca","name":"admin","image":{"@type":"ImageObject","inLanguage":"pt-PT","@id":"https:\/\/tremdavale.org\/pt\/#\/schema\/person\/image\/","url":"https:\/\/secure.gravatar.com\/avatar\/b3564f0fda6ea47959fe96a4217203e79a167568a37409758659bc3ba443b452?s=96&d=mm&r=g","contentUrl":"https:\/\/secure.gravatar.com\/avatar\/b3564f0fda6ea47959fe96a4217203e79a167568a37409758659bc3ba443b452?s=96&d=mm&r=g","caption":"admin"},"sameAs":["https:\/\/tremdavale.org"],"url":"https:\/\/tremdavale.org\/pt\/author\/admin\/"}]}},"_links":{"self":[{"href":"https:\/\/tremdavale.org\/pt\/wp-json\/wp\/v2\/posts\/238","targetHints":{"allow":["GET"]}}],"collection":[{"href":"https:\/\/tremdavale.org\/pt\/wp-json\/wp\/v2\/posts"}],"about":[{"href":"https:\/\/tremdavale.org\/pt\/wp-json\/wp\/v2\/types\/post"}],"author":[{"embeddable":true,"href":"https:\/\/tremdavale.org\/pt\/wp-json\/wp\/v2\/users\/1"}],"replies":[{"embeddable":true,"href":"https:\/\/tremdavale.org\/pt\/wp-json\/wp\/v2\/comments?post=238"}],"version-history":[{"count":0,"href":"https:\/\/tremdavale.org\/pt\/wp-json\/wp\/v2\/posts\/238\/revisions"}],"wp:attachment":[{"href":"https:\/\/tremdavale.org\/pt\/wp-json\/wp\/v2\/media?parent=238"}],"wp:term":[{"taxonomy":"category","embeddable":true,"href":"https:\/\/tremdavale.org\/pt\/wp-json\/wp\/v2\/categories?post=238"},{"taxonomy":"post_tag","embeddable":true,"href":"https:\/\/tremdavale.org\/pt\/wp-json\/wp\/v2\/tags?post=238"}],"curies":[{"name":"wp","href":"https:\/\/api.w.org\/{rel}","templated":true}]}}