{"id":240,"date":"2011-09-12T06:57:00","date_gmt":"2011-09-12T06:57:00","guid":{"rendered":"https:\/\/tremdavale.org\/?p=240"},"modified":"2025-10-10T11:57:00","modified_gmt":"2025-10-10T11:57:00","slug":"o-programa-de-educacao-patrimonial-trem-da-vale-em-2010","status":"publish","type":"post","link":"https:\/\/tremdavale.org\/pt\/o-programa-de-educacao-patrimonial-trem-da-vale-em-2010\/","title":{"rendered":"O Programa de Educa\u00e7\u00e3o Patrimonial Trem da Vale em 2010"},"content":{"rendered":"<p><img loading=\"lazy\" decoding=\"async\" class=\"size-medium\" src=\"\/wp-content\/uploads\/11-e-m-de-passagem-17-06-10-foto-tamara-marques-51-300x199.jpg\" alt=\"Alunos da Escola Municipal de Passagem na Esta\u00e7\u00e3o de Ouro Preto. Foto: Tamara Marques\" width=\"300\" height=\"199\"><\/p>\n<p>&nbsp;<\/p>\n<p>Alunos da Escola Municipal de Passagem na Esta\u00e7\u00e3o de Ouro Preto. Foto: Tamara Marques<\/p>\n<p>&nbsp;<\/p>\n<p>O PEPTV &#8211; Programa de Educa\u00e7\u00e3o Patrimonial Trem da Vale alcan\u00e7ou \u00f3timos resultados com as atividades desenvolvidas durante o ano de 2010.<\/p>\n<p><!--more--><\/p>\n<p style=\"text-align: justify;\"><span>O Programa que desenvolve a\u00e7\u00f5es de valoriza\u00e7\u00e3o do patrim\u00f4nio cultural e natural dos munic\u00edpios de Mariana e Ouro Preto participou de eventos importantes como Esta\u00e7\u00e3o Ci\u00eancia, F\u00f3rum das Letras, Sal\u00e3o Mineiro de Turismo, Simp\u00f3sio Internacional de Contadores de Hist\u00f3ria e o Festival de Inverno &#8211; F\u00f3rum das Artes, estimulando o aprendizado de crian\u00e7as, jovens e adultos sobre Educa\u00e7\u00e3o Patrimonial.<\/span><\/p>\n<p>&nbsp;<\/p>\n<p><img loading=\"lazy\" decoding=\"async\" class=\"size-medium\" src=\"\/wp-content\/uploads\/abertura-da-exposicao-colcha-de-retalhos3-300x200.jpg\" alt=\"Abertura da Exposi\u00e7\u00e3o Colcha de Retalhos.\" width=\"300\" height=\"200\"><\/p>\n<p>Abertura da Exposi\u00e7\u00e3o Colcha de Retalhos.<\/p>\n<p>&nbsp;<\/p>\n<p style=\"text-align: left;\">A valoriza\u00e7\u00e3o da cultura local e do trabalho social esteve presente nos Saraus Liter\u00e1rios, Programa Amigos da Escola, Dia \u201cV\u201d e o lan\u00e7amento do v\u00eddeo de cem anos da Banda S\u00e3o Sebasti\u00e3o, unificando cada vez mais as a\u00e7\u00f5es do PEPTV com a comunidade.<\/p>\n<p style=\"text-align: left;\">O Programa de Educa\u00e7\u00e3o Patrimonial \u00e9 composto por tr\u00eas subprogramas:&nbsp;<strong>Vale Conhecer<\/strong>,&nbsp;<strong>Vale Promover<\/strong> e&nbsp;<strong>Vale Registrar.<\/strong><\/p>\n<p style=\"text-align: justify;\">O&nbsp;<strong>Vale Conhecer<\/strong> \u00e9 voltado para a forma\u00e7\u00e3o, ensino e aprendizagem da Educa\u00e7\u00e3o Patrimonial e conta com o apoio das Bibliotecas Infantojuvenis das Esta\u00e7\u00f5es de Ouro Preto e Mariana, constituindo-se como um espa\u00e7o de pesquisa, cultura e lazer.&nbsp; A Biblioteca Infantojunvenil da Esta\u00e7\u00e3o de Mariana conta atualmente com&nbsp;<strong>4.552<\/strong> exemplares no total e possui&nbsp;<strong>170<\/strong> DVDs de v\u00eddeos e jogos \u00e0 disposi\u00e7\u00e3o dos usu\u00e1rios. Durante o ano foram atendidos <strong>64.774<\/strong> usu\u00e1rios, e o espa\u00e7o recebeu o pr\u00eamio do Conselho Regional de Biblioteconomia como reconhecimento por sua atua\u00e7\u00e3o no estado de Minas Gerais. J\u00e1 a Biblioteca da Esta\u00e7\u00e3o de Ouro Preto, possui um acervo de&nbsp;<strong>1.800<\/strong> livros e realizou<strong>27.111<\/strong> atendimentos por meio de consultas de livros, jornais, revistas e acesso \u00e0 internet. Os espa\u00e7os somaram&nbsp;<strong>8.295<\/strong> empr\u00e9stimos em 2010 e ambos os acervos s\u00e3o compostos por livros, peri\u00f3dicos, revistas, gibis, jogos e brinquedos.<\/p>\n<p>&nbsp;<\/p>\n<p><img loading=\"lazy\" decoding=\"async\" class=\"size-medium\" src=\"\/wp-content\/uploads\/06-circuito-de-leitura_26_05_10_manha_escola-bolinha-de-sabao-0-300x200.jpg\" alt=\"Circuito de Leitura com os alunos da Escola Bolinha de Sab\u00e3o - Esta\u00e7\u00e3o de Mariana.\" width=\"300\" height=\"200\"><\/p>\n<p>Circuito de Leitura com os alunos da Escola Bolinha de Sab\u00e3o &#8211; Esta\u00e7\u00e3o de Mariana.<\/p>\n<p>&nbsp;<\/p>\n<p style=\"text-align: justify;\"><span>O&nbsp;<strong>Vale Promover<\/strong> atua na divulga\u00e7\u00e3o e valoriza\u00e7\u00e3o do patrim\u00f4nio cultural e natural das regi\u00f5es a partir de a\u00e7\u00f5es educativas, atendendo a popula\u00e7\u00e3o de Mariana e Ouro Preto. As atividades culturais realizadas nas Esta\u00e7\u00f5es do Programa,&nbsp;<span>divididas<\/span> entre eventos e interven\u00e7\u00f5es, beneficiaram&nbsp;<strong>4.239<\/strong> participantes. As oficinas tiveram a participa\u00e7\u00e3o de&nbsp;<strong>1.250<\/strong> pessoas, sendo&nbsp;<strong>51<\/strong> professores e&nbsp;<strong>1.199<\/strong> alunos. O Circuito Comunidade atendeu a&nbsp;<strong>7.045<\/strong> moradores ligados \u00e0s comunidades destas regi\u00f5es. O Circuito Rede de Ensino atendeu&nbsp;<strong>2.971<\/strong> alunos e&nbsp;<strong>311<\/strong> professores durante todo o ano.&nbsp; Na Tenda cultural \u2013 espa\u00e7o em que s\u00e3o promovidas atividades culturais e que est\u00e1 sendo amplamente utilizado pela comunidade, foram realizado 72 eventos, somando um p\u00fablico de&nbsp;<strong>7.045<\/strong> pessoas.<\/span><\/p>\n<p>&nbsp;<\/p>\n<p><img loading=\"lazy\" decoding=\"async\" class=\"size-medium\" src=\"\/wp-content\/uploads\/entrevista-vale-registrar1-300x225.jpg\" alt=\"Entrevista do Vale Registrar.\" width=\"300\" height=\"225\"><\/p>\n<p>Entrevista do Vale Registrar.<\/p>\n<p>&nbsp;<\/p>\n<p style=\"text-align: justify;\"><span>O&nbsp;<strong>Vale Registrar<\/strong> que busca a consolida\u00e7\u00e3o da identidade cultural&nbsp;da popula\u00e7\u00e3o, realizou atrav\u00e9s do N\u00facleo de Hist\u00f3ria Oral <strong>9<\/strong> entrevistas de Hist\u00f3ria de Vida e&nbsp;<strong>16<\/strong> entrevistas de Hist\u00f3ria Tem\u00e1tica. O subprograma lan\u00e7ou o&nbsp;segundo Cat\u00e1logo de Entrevistas&nbsp;e o V\u00eddeo Educativo \u2013 Lugares, produzidos com base nos depoimentos de Hist\u00f3ria de Vida.<\/span><\/p>\n<p style=\"text-align: justify;\"><span>O N\u00facleo realizou quatro cursos de pr\u00e1ticas audiovisuais: 1\u00ba Oficina de Roteiro Audiovisual, 3\u00ba Curso de Educa\u00e7\u00e3o de V\u00eddeo, 2\u00ba Oficina de V\u00eddeo de Anima\u00e7\u00e3o para crian\u00e7as e a 2\u00ba Oficina de Fotografia Digital, somando&nbsp;<strong>70<\/strong> participantes. No que se refere \u00e0 Produ\u00e7\u00e3o Videogr\u00e1fica o Vale Registrar realizou dois novos trabalhos, o v\u00eddeo \u201cPontes\u201d e o v\u00eddeo \u201cBanda S\u00e3o Sebasti\u00e3o \u2013 100 anos de m\u00fasica\u201d.<\/span><\/p>\n<p><img loading=\"lazy\" decoding=\"async\" class=\"alignleft size-medium\" title=\"Equipe do Programa Trem da Vale\" src=\"\/wp-content\/uploads\/treinamento-circuitos-05-08-10-mariana-e-tamara-marq-1-300x199.jpg\" alt=\"Equipe do Programa Trem da Vale\" width=\"300\" height=\"199\">Em quatro anos de exist\u00eancia, o Programa de Educa\u00e7\u00e3o Patrimonial Trem da Vale realizou atrav\u00e9s de cursos, oficinas, eventos e demais atividades, cerca de&nbsp;<strong>871<\/strong>mil atendimentos.<\/p>\n<p>Desse total,&nbsp;<strong>452 mil<\/strong> pessoas fizeram o passeio de trem.<\/p>\n<p>&nbsp;<\/p>\n","protected":false},"excerpt":{"rendered":"<p>&nbsp; Alunos da Escola Municipal de Passagem na Esta\u00e7\u00e3o de Ouro Preto. Foto: Tamara Marques &nbsp; O PEPTV &#8211; Programa de Educa\u00e7\u00e3o Patrimonial Trem da Vale alcan\u00e7ou \u00f3timos resultados com as atividades desenvolvidas durante o ano de 2010.<\/p>\n","protected":false},"author":1,"featured_media":494,"comment_status":"open","ping_status":"closed","sticky":false,"template":"","format":"standard","meta":{"footnotes":""},"categories":[2],"tags":[],"class_list":["post-240","post","type-post","status-publish","format-standard","has-post-thumbnail","hentry","category-destaques-home"],"yoast_head":"<!-- This site is optimized with the Yoast SEO plugin v26.1.1 - https:\/\/yoast.com\/wordpress\/plugins\/seo\/ -->\n<title>O Programa de Educa\u00e7\u00e3o Patrimonial Trem da Vale em 2010 &#8212; Trem da Vale<\/title>\n<meta name=\"robots\" content=\"index, follow, max-snippet:-1, max-image-preview:large, max-video-preview:-1\" \/>\n<link rel=\"canonical\" href=\"https:\/\/tremdavale.org\/pt\/o-programa-de-educacao-patrimonial-trem-da-vale-em-2010\/\" \/>\n<meta property=\"og:locale\" content=\"pt_PT\" \/>\n<meta property=\"og:type\" content=\"article\" \/>\n<meta property=\"og:title\" content=\"O Programa de Educa\u00e7\u00e3o Patrimonial Trem da Vale em 2010 &#8212; Trem da Vale\" \/>\n<meta property=\"og:description\" content=\"&nbsp; Alunos da Escola Municipal de Passagem na Esta\u00e7\u00e3o de Ouro Preto. Foto: Tamara Marques &nbsp; O PEPTV &#8211; Programa de Educa\u00e7\u00e3o Patrimonial Trem da Vale alcan\u00e7ou \u00f3timos resultados com as atividades desenvolvidas durante o ano de 2010.\" \/>\n<meta property=\"og:url\" content=\"https:\/\/tremdavale.org\/pt\/o-programa-de-educacao-patrimonial-trem-da-vale-em-2010\/\" \/>\n<meta property=\"og:site_name\" content=\"Trem da Vale\" \/>\n<meta property=\"article:published_time\" content=\"2011-09-12T06:57:00+00:00\" \/>\n<meta property=\"article:modified_time\" content=\"2025-10-10T11:57:00+00:00\" \/>\n<meta property=\"og:image\" content=\"https:\/\/tremdavale.org\/wp-content\/uploads\/11-e-m-de-passagem-17-06-10-foto-tamara-marques-51-300x199.jpg\" \/>\n\t<meta property=\"og:image:width\" content=\"300\" \/>\n\t<meta property=\"og:image:height\" content=\"199\" \/>\n\t<meta property=\"og:image:type\" content=\"image\/jpeg\" \/>\n<meta name=\"author\" content=\"admin\" \/>\n<meta name=\"twitter:card\" content=\"summary_large_image\" \/>\n<meta name=\"twitter:label1\" content=\"Escrito por\" \/>\n\t<meta name=\"twitter:data1\" content=\"admin\" \/>\n\t<meta name=\"twitter:label2\" content=\"Tempo estimado de leitura\" \/>\n\t<meta name=\"twitter:data2\" content=\"3 minutos\" \/>\n<script type=\"application\/ld+json\" class=\"yoast-schema-graph\">{\"@context\":\"https:\/\/schema.org\",\"@graph\":[{\"@type\":\"WebPage\",\"@id\":\"https:\/\/tremdavale.org\/pt\/o-programa-de-educacao-patrimonial-trem-da-vale-em-2010\/\",\"url\":\"https:\/\/tremdavale.org\/pt\/o-programa-de-educacao-patrimonial-trem-da-vale-em-2010\/\",\"name\":\"O Programa de Educa\u00e7\u00e3o Patrimonial Trem da Vale em 2010 &#8212; Trem da Vale\",\"isPartOf\":{\"@id\":\"https:\/\/tremdavale.org\/pt\/#website\"},\"primaryImageOfPage\":{\"@id\":\"https:\/\/tremdavale.org\/pt\/o-programa-de-educacao-patrimonial-trem-da-vale-em-2010\/#primaryimage\"},\"image\":{\"@id\":\"https:\/\/tremdavale.org\/pt\/o-programa-de-educacao-patrimonial-trem-da-vale-em-2010\/#primaryimage\"},\"thumbnailUrl\":\"https:\/\/tremdavale.org\/wp-content\/uploads\/11-e-m-de-passagem-17-06-10-foto-tamara-marques-51-300x199.jpg\",\"datePublished\":\"2011-09-12T06:57:00+00:00\",\"dateModified\":\"2025-10-10T11:57:00+00:00\",\"author\":{\"@id\":\"https:\/\/tremdavale.org\/pt\/#\/schema\/person\/50912137d47426d31329f246d02eaeca\"},\"breadcrumb\":{\"@id\":\"https:\/\/tremdavale.org\/pt\/o-programa-de-educacao-patrimonial-trem-da-vale-em-2010\/#breadcrumb\"},\"inLanguage\":\"pt-PT\",\"potentialAction\":[{\"@type\":\"ReadAction\",\"target\":[\"https:\/\/tremdavale.org\/pt\/o-programa-de-educacao-patrimonial-trem-da-vale-em-2010\/\"]}]},{\"@type\":\"ImageObject\",\"inLanguage\":\"pt-PT\",\"@id\":\"https:\/\/tremdavale.org\/pt\/o-programa-de-educacao-patrimonial-trem-da-vale-em-2010\/#primaryimage\",\"url\":\"https:\/\/tremdavale.org\/wp-content\/uploads\/11-e-m-de-passagem-17-06-10-foto-tamara-marques-51-300x199.jpg\",\"contentUrl\":\"https:\/\/tremdavale.org\/wp-content\/uploads\/11-e-m-de-passagem-17-06-10-foto-tamara-marques-51-300x199.jpg\",\"width\":300,\"height\":199},{\"@type\":\"BreadcrumbList\",\"@id\":\"https:\/\/tremdavale.org\/pt\/o-programa-de-educacao-patrimonial-trem-da-vale-em-2010\/#breadcrumb\",\"itemListElement\":[{\"@type\":\"ListItem\",\"position\":1,\"name\":\"In\u00edcio\",\"item\":\"https:\/\/tremdavale.org\/pt\/\"},{\"@type\":\"ListItem\",\"position\":2,\"name\":\"O Programa de Educa\u00e7\u00e3o Patrimonial Trem da Vale em 2010\"}]},{\"@type\":\"WebSite\",\"@id\":\"https:\/\/tremdavale.org\/pt\/#website\",\"url\":\"https:\/\/tremdavale.org\/pt\/\",\"name\":\"Trem da Vale\",\"description\":\"Programa de Educa\u00e7\u00e3o Patrimonial\",\"potentialAction\":[{\"@type\":\"SearchAction\",\"target\":{\"@type\":\"EntryPoint\",\"urlTemplate\":\"https:\/\/tremdavale.org\/pt\/?s={search_term_string}\"},\"query-input\":{\"@type\":\"PropertyValueSpecification\",\"valueRequired\":true,\"valueName\":\"search_term_string\"}}],\"inLanguage\":\"pt-PT\"},{\"@type\":\"Person\",\"@id\":\"https:\/\/tremdavale.org\/pt\/#\/schema\/person\/50912137d47426d31329f246d02eaeca\",\"name\":\"admin\",\"image\":{\"@type\":\"ImageObject\",\"inLanguage\":\"pt-PT\",\"@id\":\"https:\/\/tremdavale.org\/pt\/#\/schema\/person\/image\/\",\"url\":\"https:\/\/secure.gravatar.com\/avatar\/b3564f0fda6ea47959fe96a4217203e79a167568a37409758659bc3ba443b452?s=96&d=mm&r=g\",\"contentUrl\":\"https:\/\/secure.gravatar.com\/avatar\/b3564f0fda6ea47959fe96a4217203e79a167568a37409758659bc3ba443b452?s=96&d=mm&r=g\",\"caption\":\"admin\"},\"sameAs\":[\"https:\/\/tremdavale.org\"],\"url\":\"https:\/\/tremdavale.org\/pt\/author\/admin\/\"}]}<\/script>\n<!-- \/ Yoast SEO plugin. -->","yoast_head_json":{"title":"O Programa de Educa\u00e7\u00e3o Patrimonial Trem da Vale em 2010 &#8212; Trem da Vale","robots":{"index":"index","follow":"follow","max-snippet":"max-snippet:-1","max-image-preview":"max-image-preview:large","max-video-preview":"max-video-preview:-1"},"canonical":"https:\/\/tremdavale.org\/pt\/o-programa-de-educacao-patrimonial-trem-da-vale-em-2010\/","og_locale":"pt_PT","og_type":"article","og_title":"O Programa de Educa\u00e7\u00e3o Patrimonial Trem da Vale em 2010 &#8212; Trem da Vale","og_description":"&nbsp; Alunos da Escola Municipal de Passagem na Esta\u00e7\u00e3o de Ouro Preto. Foto: Tamara Marques &nbsp; O PEPTV &#8211; Programa de Educa\u00e7\u00e3o Patrimonial Trem da Vale alcan\u00e7ou \u00f3timos resultados com as atividades desenvolvidas durante o ano de 2010.","og_url":"https:\/\/tremdavale.org\/pt\/o-programa-de-educacao-patrimonial-trem-da-vale-em-2010\/","og_site_name":"Trem da Vale","article_published_time":"2011-09-12T06:57:00+00:00","article_modified_time":"2025-10-10T11:57:00+00:00","og_image":[{"width":300,"height":199,"url":"https:\/\/tremdavale.org\/wp-content\/uploads\/11-e-m-de-passagem-17-06-10-foto-tamara-marques-51-300x199.jpg","type":"image\/jpeg"}],"author":"admin","twitter_card":"summary_large_image","twitter_misc":{"Escrito por":"admin","Tempo estimado de leitura":"3 minutos"},"schema":{"@context":"https:\/\/schema.org","@graph":[{"@type":"WebPage","@id":"https:\/\/tremdavale.org\/pt\/o-programa-de-educacao-patrimonial-trem-da-vale-em-2010\/","url":"https:\/\/tremdavale.org\/pt\/o-programa-de-educacao-patrimonial-trem-da-vale-em-2010\/","name":"O Programa de Educa\u00e7\u00e3o Patrimonial Trem da Vale em 2010 &#8212; Trem da Vale","isPartOf":{"@id":"https:\/\/tremdavale.org\/pt\/#website"},"primaryImageOfPage":{"@id":"https:\/\/tremdavale.org\/pt\/o-programa-de-educacao-patrimonial-trem-da-vale-em-2010\/#primaryimage"},"image":{"@id":"https:\/\/tremdavale.org\/pt\/o-programa-de-educacao-patrimonial-trem-da-vale-em-2010\/#primaryimage"},"thumbnailUrl":"https:\/\/tremdavale.org\/wp-content\/uploads\/11-e-m-de-passagem-17-06-10-foto-tamara-marques-51-300x199.jpg","datePublished":"2011-09-12T06:57:00+00:00","dateModified":"2025-10-10T11:57:00+00:00","author":{"@id":"https:\/\/tremdavale.org\/pt\/#\/schema\/person\/50912137d47426d31329f246d02eaeca"},"breadcrumb":{"@id":"https:\/\/tremdavale.org\/pt\/o-programa-de-educacao-patrimonial-trem-da-vale-em-2010\/#breadcrumb"},"inLanguage":"pt-PT","potentialAction":[{"@type":"ReadAction","target":["https:\/\/tremdavale.org\/pt\/o-programa-de-educacao-patrimonial-trem-da-vale-em-2010\/"]}]},{"@type":"ImageObject","inLanguage":"pt-PT","@id":"https:\/\/tremdavale.org\/pt\/o-programa-de-educacao-patrimonial-trem-da-vale-em-2010\/#primaryimage","url":"https:\/\/tremdavale.org\/wp-content\/uploads\/11-e-m-de-passagem-17-06-10-foto-tamara-marques-51-300x199.jpg","contentUrl":"https:\/\/tremdavale.org\/wp-content\/uploads\/11-e-m-de-passagem-17-06-10-foto-tamara-marques-51-300x199.jpg","width":300,"height":199},{"@type":"BreadcrumbList","@id":"https:\/\/tremdavale.org\/pt\/o-programa-de-educacao-patrimonial-trem-da-vale-em-2010\/#breadcrumb","itemListElement":[{"@type":"ListItem","position":1,"name":"In\u00edcio","item":"https:\/\/tremdavale.org\/pt\/"},{"@type":"ListItem","position":2,"name":"O Programa de Educa\u00e7\u00e3o Patrimonial Trem da Vale em 2010"}]},{"@type":"WebSite","@id":"https:\/\/tremdavale.org\/pt\/#website","url":"https:\/\/tremdavale.org\/pt\/","name":"Trem da Vale","description":"Programa de Educa\u00e7\u00e3o Patrimonial","potentialAction":[{"@type":"SearchAction","target":{"@type":"EntryPoint","urlTemplate":"https:\/\/tremdavale.org\/pt\/?s={search_term_string}"},"query-input":{"@type":"PropertyValueSpecification","valueRequired":true,"valueName":"search_term_string"}}],"inLanguage":"pt-PT"},{"@type":"Person","@id":"https:\/\/tremdavale.org\/pt\/#\/schema\/person\/50912137d47426d31329f246d02eaeca","name":"admin","image":{"@type":"ImageObject","inLanguage":"pt-PT","@id":"https:\/\/tremdavale.org\/pt\/#\/schema\/person\/image\/","url":"https:\/\/secure.gravatar.com\/avatar\/b3564f0fda6ea47959fe96a4217203e79a167568a37409758659bc3ba443b452?s=96&d=mm&r=g","contentUrl":"https:\/\/secure.gravatar.com\/avatar\/b3564f0fda6ea47959fe96a4217203e79a167568a37409758659bc3ba443b452?s=96&d=mm&r=g","caption":"admin"},"sameAs":["https:\/\/tremdavale.org"],"url":"https:\/\/tremdavale.org\/pt\/author\/admin\/"}]}},"_links":{"self":[{"href":"https:\/\/tremdavale.org\/pt\/wp-json\/wp\/v2\/posts\/240","targetHints":{"allow":["GET"]}}],"collection":[{"href":"https:\/\/tremdavale.org\/pt\/wp-json\/wp\/v2\/posts"}],"about":[{"href":"https:\/\/tremdavale.org\/pt\/wp-json\/wp\/v2\/types\/post"}],"author":[{"embeddable":true,"href":"https:\/\/tremdavale.org\/pt\/wp-json\/wp\/v2\/users\/1"}],"replies":[{"embeddable":true,"href":"https:\/\/tremdavale.org\/pt\/wp-json\/wp\/v2\/comments?post=240"}],"version-history":[{"count":0,"href":"https:\/\/tremdavale.org\/pt\/wp-json\/wp\/v2\/posts\/240\/revisions"}],"wp:featuredmedia":[{"embeddable":true,"href":"https:\/\/tremdavale.org\/pt\/wp-json\/wp\/v2\/media\/494"}],"wp:attachment":[{"href":"https:\/\/tremdavale.org\/pt\/wp-json\/wp\/v2\/media?parent=240"}],"wp:term":[{"taxonomy":"category","embeddable":true,"href":"https:\/\/tremdavale.org\/pt\/wp-json\/wp\/v2\/categories?post=240"},{"taxonomy":"post_tag","embeddable":true,"href":"https:\/\/tremdavale.org\/pt\/wp-json\/wp\/v2\/tags?post=240"}],"curies":[{"name":"wp","href":"https:\/\/api.w.org\/{rel}","templated":true}]}}