{"id":241,"date":"2011-09-10T17:25:00","date_gmt":"2011-09-10T17:25:00","guid":{"rendered":"https:\/\/tremdavale.org\/?p=241"},"modified":"2025-10-10T11:57:00","modified_gmt":"2025-10-10T11:57:00","slug":"o-trem-da-vale-no-festival-de-inverno","status":"publish","type":"post","link":"https:\/\/tremdavale.org\/pt\/o-trem-da-vale-no-festival-de-inverno\/","title":{"rendered":"O Trem da Vale no Festival de Inverno"},"content":{"rendered":"<dl id=\"attachment_3506\" class=\"wp-caption aligncenter\" style=\"width: 527px;\">\n<dt class=\"wp-caption-dt\"><\/dt>\n<\/dl>\n<p>&nbsp;<\/p>\n<p>Um dos maiores e mais tradicionais festivais do Estado, O Festival de Inverno de Ouro Preto e Mariana &#8211; F\u00f3rum das Artes 2011, comemora nesta edi\u00e7\u00e3o, os 300 anos de hist\u00f3ria das cidades de Ouro Preto, Mariana e Sabar\u00e1.<\/p>\n<p>Incorporando as peculiaridades regionais aos ecos de propaga\u00e7\u00e3o internacionais, o Festival quer valorizar o esp\u00edrito coletivo e garantir a continuidade do processo de refor\u00e7ar as bases culturais que constituem a sociedade, seus valores e a continuidade do seu legado.<\/p>\n<p>O Trem da Vale \u00e9 parceiro do Festival e apresenta uma programa\u00e7\u00e3o especial nas Esta\u00e7\u00f5es Ferrovi\u00e1rias das duas cidades &#8211; \u00e0 saber:<\/p>\n<p><span style=\"color: #008080;\">\u2022 Quarta-feira 13\/07<\/span><\/p>\n<p><strong>O mito dos Labd\u00e1cidas &#8211; Ant\u00edgona<\/strong><\/p>\n<p>Mostra DEART<\/p>\n<p>20h &#8211; Tenda Cultural da Esta\u00e7\u00e3o Ferrovi\u00e1ria de Ouro Preto<\/p>\n<p>\u2014\u2013<\/p>\n<p><span style=\"color: #008080;\">\u2022 S\u00e1bado 16\/07<\/span><\/p>\n<p><span style=\"color: #999999;\"><strong>Apresenta\u00e7\u00e3o musical<\/strong><\/span><\/p>\n<p><span style=\"color: #999999;\">11h &#8211; Esta\u00e7\u00e3o Ferrovi\u00e1ria de Mariana<\/span><\/p>\n<p><strong>Interven\u00e7\u00e3o c\u00eanica \u201cSabadabadoo\u201d<\/strong><\/p>\n<p>Cia do Riso<\/p>\n<p>13h \u00e0s 16h &#8211; Esta\u00e7\u00e3o Ferrovi\u00e1ria de Mariana<\/p>\n<p><span style=\"color: #999999;\"><strong>O Pastel\u00e3o e a Torta<\/strong><\/span><\/p>\n<p><span style=\"color: #999999;\">Cia. Folgaz\u00f5es<\/span><\/p>\n<p><span style=\"color: #999999;\">16h &#8211; Tenda Cultural da Esta\u00e7\u00e3o Ferrovi\u00e1ria de Ouro Preto<\/span><\/p>\n<p><strong>Sarau de \u00e9poca: Reminisc\u00eancias Tropeiras na Vila do Carmo<\/strong><\/p>\n<p>Cia. Teatral As Medeias &#038; Sidione&nbsp; e Trio<\/p>\n<p>16h30min &#8211; Esta\u00e7\u00e3o Ferrovi\u00e1ria de Mariana<\/p>\n<p>\u2014\u2013<\/p>\n<p><span style=\"color: #008080;\">\u2022 Ter\u00e7a-feira 19\/07<\/span><\/p>\n<p><strong>Espet\u00e1culo Bartolomeu, o que ser\u00e1 que nele deu?<\/strong><\/p>\n<p>N\u00facleo Bartolomeu<\/p>\n<p>21h &#8211; Tenda Cultural da Esta\u00e7\u00e3o Ferrovi\u00e1ria de Ouro Preto<\/p>\n<p>\u2014\u2013<\/p>\n<p><span style=\"color: #008080;\">\u2022 Quarta-feira 20\/07<\/span><\/p>\n<p><strong>Di\u00e1rio de um p\u00e1ssaro<\/strong><\/p>\n<p>Mostra das institui\u00e7\u00f5es de ensino superior de Minas Gerais de teatro e dan\u00e7a<\/p>\n<p>19h &#8211; Tenda Cultural da Esta\u00e7\u00e3o Ferrovi\u00e1ria de Ouro Preto<\/p>\n<p>\u2014\u2013<\/p>\n<p><span style=\"color: #008080;\">\u2022 S\u00e1bado 23\/07<\/span><\/p>\n<p><strong>Sarau de \u00e9poca: Lendas, Casos e Mitos de Vila Rica<\/strong><\/p>\n<p>Cia. Teatral As Medeias &#038; \u00c9rica Curtis<\/p>\n<p>16h30min &#8211; Tenda Cultural da Esta\u00e7\u00e3o Ferrovi\u00e1ria de Ouro Preto<\/p>\n<p>\u2014\u2013<\/p>\n<p>[Oficinas]<\/p>\n<p><strong>NO MUNDO DO CIRCO<\/strong><\/p>\n<p>\u00d3tima oportunidade para quem quer aprender as modalidades mais divertidas da arte circense: Trap\u00e9zio, Tecido, Acrobacia e Piruetas, Perna-de-pau e malabares.<\/p>\n<p><strong>O<\/strong> <strong>ministrante Eduardo Fran\u00e7a<\/strong> \u00e9 coordenador da A OCA &#8211; Organiza\u00e7\u00e3o Cultural Ambiental, que desenvolve atividades culturais voltadas para implementa\u00e7\u00e3o de pr\u00e1ticas ligadas a dan\u00e7a, express\u00e3o corporal, teatro, circo, e oficinas art\u00edsticas. Destaque para o projeto Circo Arte Educa\u00e7\u00e3o e Cidadania, indicado como umas das 5 experi\u00eancias mais significativas do Brasil de Arte-Educa\u00e7\u00e3o e Cidadania no Congresso latino-americano e Caribenho de Arte\/Educa\u00e7\u00e3o 2009 , Encontro Nacional de Arte\/Educa\u00e7\u00e3o, Cultura e Cidadania em conjunto com 19\u00ba CONFAEB &#8211; Congresso Nacional da Federa\u00e7\u00e3o de Arte\/Educadores do Brasil.<\/p>\n<p><strong>Acontece:<\/strong> 11 a 15 de julho<br \/>\n<strong>Local:<\/strong> Lona do Circo da Vale &#8211; Esta\u00e7\u00e3o Ferrovi\u00e1ria &#8211; Ouro Preto &#8211; MG<\/p>\n<p>\u2014\u2013<\/p>\n<p><strong>OFICINA FLIPBOOK<\/strong><\/p>\n<p>Desenvolver a t\u00e9cnica de anima\u00e7\u00e3o em 2d ( duas dimens\u00f5es ) que usa papel e caneta ou l\u00e1pis produzindo desenhos sequenciais que se tornam anima\u00e7\u00e3o ao final de sua confec\u00e7\u00e3o utilizando o principio da persist\u00eancia retiniana.<\/p>\n<p><strong>Ministrante:<\/strong> <strong>Leroy e-studio e Equipe do Subprograma Vale Conhecer do Programa de Educa\u00e7\u00e3o Patrimonial Trem da Vale<\/strong><\/p>\n<p><strong>Acontece:<\/strong> 21 e 22 de julho<br \/>\n<strong>Local:<\/strong> Esta\u00e7\u00e3o Ferrovi\u00e1ria de Mariana &#8211; MG<\/p>\n<p>\u2014\u2013<\/p>\n<p><strong>IMPRESS\u00d5ES DIGITAIS &#8211; (RE)DESCOBRIR OURO PRETO ATRAV\u00c9S DAS M\u00cdDIAS DIGITAIS &#8211; CR\u00d4NICA DE UMA CIDADE HIST\u00d3RICA<\/strong><\/p>\n<p>A Oficina busca desenvolver material digital sobre Ouro Preto, estabelecendo diferentes pontos de vista das diferentes \u201cVilas\u201d que existem hoje em Ouro Preto. Ver e registrar o patrim\u00f4nio al\u00e9m do Centro Hist\u00f3rico, conhecendo os bairros que orbitam o n\u00facleo da cidade e entender as rela\u00e7\u00f5es entre cidade e indiv\u00edduo. Esse material ser\u00e1 publicado on-line p\u00e1gina do Tumblr (www.tumblr.com), criada para o projeto em parceria com o blog de cultura e informa\u00e7\u00e3o Bom-ser\u00e1 (www.bomsera.com.br). O Tumblr atualmente \u00e9 um canal h\u00edbrido de blog, microblog, indexador de v\u00eddeo e rede social, que se adapta a proposta desta Oficina de gerar material interativo, foto, v\u00eddeo, texto, entre outros.<\/p>\n<p><strong>Ministrante: Aline Monteiro Xavier,<\/strong> jornalista, p\u00f3s-graduada em Comunica\u00e7\u00e3o e Gest\u00e3o Empresarial, s\u00f3cia-diretora da Converso Comunica\u00e7\u00e3o, sediada em Ouro Preto, atendendo a clientes das \u00e1reas de cultura e patrim\u00f4nio.<\/p>\n<p><strong>Acontece:<\/strong> 11 a 14 de julho<br \/>\n<strong>Local:<\/strong> Sala do Trem da Vale &#8211; Esta\u00e7\u00e3o Ferrovi\u00e1ria &#8211; Ouro Preto-MG<\/p>\n<p>\u2014\u2013<\/p>\n<p><strong>AS VILAS DE MINAS NA VIS\u00c3O DOS VIAJANTES NATURALISTAS<\/strong><\/p>\n<p>O objetivo da Oficina \u00e9, atrav\u00e9s do conhecimento das narrativas dos viajantes, desenvolver ou ampliar o conhecimento sobre os munic\u00edpios que foram as vilas setecentistas. Tamb\u00e9m busca-se compreender as mudan\u00e7as hist\u00f3rias, culturais e sociais em rela\u00e7\u00e3o ao que foi relatado pelos viajantes.<\/p>\n<p><strong>Ministrantes: Jos\u00e9 Costa Junior,<\/strong> licenciado e bacharel em Filosofia pela Universidade Federal de Ouro Pretoe <strong>Valdir Lamim Guedes Junior,<\/strong> bi\u00f3logo pela Universidade Federal de Ouro Preto (2008) e Mestrando pelo Programa de P\u00f3s-gradua\u00e7\u00e3o em Ecologia de Biomas Tropicais do ICEB\/UFOP.<\/p>\n<p><strong>Acontece:<\/strong> 11 a 14 de julho<br \/>\n<strong>Local<\/strong>: Sala do Trem da Vale &#8211; Esta\u00e7\u00e3o Ferrovi\u00e1ria &#8211; Ouro Preto &#8211; MG<\/p>\n<p>\u2014\u2013<\/p>\n<p><strong>MODOS DE LEMBRAR, ESQUECER E VIVER: OFICINA DE MEM\u00d3RIA E DIVERSIDADE CULTURAL<\/strong><\/p>\n<p>A Oficina pretende realizar uma sensibiliza\u00e7\u00e3o sobre as formas cotidianas e informais da popula\u00e7\u00e3o da cidade produzir seus registros informais, expressando os modos de lembrar presentes nas pr\u00e1ticas cotidianas de se organizar agendas, bilhetes, cadernos, recados, cole\u00e7\u00f5es pessoais etc.<\/p>\n<p><strong>Ministrantes: Jos\u00e9 Marcio Barros,<\/strong> antrop\u00f3logo, Dr. em Cultura e Comunica\u00e7\u00e3o, professor e pesquisador da PUC Minas e Escola Guignard-UEMG, coordenador do observat\u00f3rio da Diversidade Cultural, e <strong>Giselle Lucena,<\/strong> jornalista, blogueira, especialista em cr\u00edtica e produ\u00e7\u00e3o cultural. Membro da equipe do Observat\u00f3rio da Diversidade Cultural.<\/p>\n<p><strong>Acontece:<\/strong> 18 a 22 de julho<br \/>\n<strong>Local:<\/strong> Sala do Trem da Vale &#8211; Esta\u00e7\u00e3o Ferrovi\u00e1ria &#8211; Ouro Preto &#8211; MG<\/p>\n<p>A programa\u00e7\u00e3o completa do Festival e outras informa\u00e7\u00f5es voc\u00ea encontra aqui: www.festivaldeinverno.ufop.br<\/p>\n<p>&nbsp;<\/p>\n","protected":false},"excerpt":{"rendered":"<p>&nbsp; Um dos maiores e mais tradicionais festivais do Estado, O Festival de Inverno de Ouro Preto e Mariana &#8211; F\u00f3rum das Artes 2011, comemora nesta edi\u00e7\u00e3o, os 300 anos de hist\u00f3ria das cidades de Ouro Preto, Mariana e Sabar\u00e1. Incorporando as peculiaridades regionais aos ecos de propaga\u00e7\u00e3o internacionais, o &hellip;<\/p>\n","protected":false},"author":1,"featured_media":0,"comment_status":"open","ping_status":"closed","sticky":false,"template":"","format":"standard","meta":{"footnotes":""},"categories":[3],"tags":[],"class_list":["post-241","post","type-post","status-publish","format-standard","hentry","category-noticias"],"yoast_head":"<!-- This site is optimized with the Yoast SEO plugin v26.1.1 - https:\/\/yoast.com\/wordpress\/plugins\/seo\/ -->\n<title>O Trem da Vale no Festival de Inverno &#8212; Trem da Vale<\/title>\n<meta name=\"robots\" content=\"index, follow, max-snippet:-1, max-image-preview:large, max-video-preview:-1\" \/>\n<link rel=\"canonical\" href=\"https:\/\/tremdavale.org\/pt\/o-trem-da-vale-no-festival-de-inverno\/\" \/>\n<meta property=\"og:locale\" content=\"pt_PT\" \/>\n<meta property=\"og:type\" content=\"article\" \/>\n<meta property=\"og:title\" content=\"O Trem da Vale no Festival de Inverno &#8212; Trem da Vale\" \/>\n<meta property=\"og:description\" content=\"&nbsp; Um dos maiores e mais tradicionais festivais do Estado, O Festival de Inverno de Ouro Preto e Mariana &#8211; F\u00f3rum das Artes 2011, comemora nesta edi\u00e7\u00e3o, os 300 anos de hist\u00f3ria das cidades de Ouro Preto, Mariana e Sabar\u00e1. Incorporando as peculiaridades regionais aos ecos de propaga\u00e7\u00e3o internacionais, o &hellip;\" \/>\n<meta property=\"og:url\" content=\"https:\/\/tremdavale.org\/pt\/o-trem-da-vale-no-festival-de-inverno\/\" \/>\n<meta property=\"og:site_name\" content=\"Trem da Vale\" \/>\n<meta property=\"article:published_time\" content=\"2011-09-10T17:25:00+00:00\" \/>\n<meta property=\"article:modified_time\" content=\"2025-10-10T11:57:00+00:00\" \/>\n<meta name=\"author\" content=\"admin\" \/>\n<meta name=\"twitter:card\" content=\"summary_large_image\" \/>\n<meta name=\"twitter:label1\" content=\"Escrito por\" \/>\n\t<meta name=\"twitter:data1\" content=\"admin\" \/>\n\t<meta name=\"twitter:label2\" content=\"Tempo estimado de leitura\" \/>\n\t<meta name=\"twitter:data2\" content=\"5 minutos\" \/>\n<script type=\"application\/ld+json\" class=\"yoast-schema-graph\">{\"@context\":\"https:\/\/schema.org\",\"@graph\":[{\"@type\":\"WebPage\",\"@id\":\"https:\/\/tremdavale.org\/pt\/o-trem-da-vale-no-festival-de-inverno\/\",\"url\":\"https:\/\/tremdavale.org\/pt\/o-trem-da-vale-no-festival-de-inverno\/\",\"name\":\"O Trem da Vale no Festival de Inverno &#8212; Trem da Vale\",\"isPartOf\":{\"@id\":\"https:\/\/tremdavale.org\/pt\/#website\"},\"datePublished\":\"2011-09-10T17:25:00+00:00\",\"dateModified\":\"2025-10-10T11:57:00+00:00\",\"author\":{\"@id\":\"https:\/\/tremdavale.org\/pt\/#\/schema\/person\/50912137d47426d31329f246d02eaeca\"},\"breadcrumb\":{\"@id\":\"https:\/\/tremdavale.org\/pt\/o-trem-da-vale-no-festival-de-inverno\/#breadcrumb\"},\"inLanguage\":\"pt-PT\",\"potentialAction\":[{\"@type\":\"ReadAction\",\"target\":[\"https:\/\/tremdavale.org\/pt\/o-trem-da-vale-no-festival-de-inverno\/\"]}]},{\"@type\":\"BreadcrumbList\",\"@id\":\"https:\/\/tremdavale.org\/pt\/o-trem-da-vale-no-festival-de-inverno\/#breadcrumb\",\"itemListElement\":[{\"@type\":\"ListItem\",\"position\":1,\"name\":\"In\u00edcio\",\"item\":\"https:\/\/tremdavale.org\/pt\/\"},{\"@type\":\"ListItem\",\"position\":2,\"name\":\"O Trem da Vale no Festival de Inverno\"}]},{\"@type\":\"WebSite\",\"@id\":\"https:\/\/tremdavale.org\/pt\/#website\",\"url\":\"https:\/\/tremdavale.org\/pt\/\",\"name\":\"Trem da Vale\",\"description\":\"Programa de Educa\u00e7\u00e3o Patrimonial\",\"potentialAction\":[{\"@type\":\"SearchAction\",\"target\":{\"@type\":\"EntryPoint\",\"urlTemplate\":\"https:\/\/tremdavale.org\/pt\/?s={search_term_string}\"},\"query-input\":{\"@type\":\"PropertyValueSpecification\",\"valueRequired\":true,\"valueName\":\"search_term_string\"}}],\"inLanguage\":\"pt-PT\"},{\"@type\":\"Person\",\"@id\":\"https:\/\/tremdavale.org\/pt\/#\/schema\/person\/50912137d47426d31329f246d02eaeca\",\"name\":\"admin\",\"image\":{\"@type\":\"ImageObject\",\"inLanguage\":\"pt-PT\",\"@id\":\"https:\/\/tremdavale.org\/pt\/#\/schema\/person\/image\/\",\"url\":\"https:\/\/secure.gravatar.com\/avatar\/b3564f0fda6ea47959fe96a4217203e79a167568a37409758659bc3ba443b452?s=96&d=mm&r=g\",\"contentUrl\":\"https:\/\/secure.gravatar.com\/avatar\/b3564f0fda6ea47959fe96a4217203e79a167568a37409758659bc3ba443b452?s=96&d=mm&r=g\",\"caption\":\"admin\"},\"sameAs\":[\"https:\/\/tremdavale.org\"],\"url\":\"https:\/\/tremdavale.org\/pt\/author\/admin\/\"}]}<\/script>\n<!-- \/ Yoast SEO plugin. -->","yoast_head_json":{"title":"O Trem da Vale no Festival de Inverno &#8212; Trem da Vale","robots":{"index":"index","follow":"follow","max-snippet":"max-snippet:-1","max-image-preview":"max-image-preview:large","max-video-preview":"max-video-preview:-1"},"canonical":"https:\/\/tremdavale.org\/pt\/o-trem-da-vale-no-festival-de-inverno\/","og_locale":"pt_PT","og_type":"article","og_title":"O Trem da Vale no Festival de Inverno &#8212; Trem da Vale","og_description":"&nbsp; Um dos maiores e mais tradicionais festivais do Estado, O Festival de Inverno de Ouro Preto e Mariana &#8211; F\u00f3rum das Artes 2011, comemora nesta edi\u00e7\u00e3o, os 300 anos de hist\u00f3ria das cidades de Ouro Preto, Mariana e Sabar\u00e1. Incorporando as peculiaridades regionais aos ecos de propaga\u00e7\u00e3o internacionais, o &hellip;","og_url":"https:\/\/tremdavale.org\/pt\/o-trem-da-vale-no-festival-de-inverno\/","og_site_name":"Trem da Vale","article_published_time":"2011-09-10T17:25:00+00:00","article_modified_time":"2025-10-10T11:57:00+00:00","author":"admin","twitter_card":"summary_large_image","twitter_misc":{"Escrito por":"admin","Tempo estimado de leitura":"5 minutos"},"schema":{"@context":"https:\/\/schema.org","@graph":[{"@type":"WebPage","@id":"https:\/\/tremdavale.org\/pt\/o-trem-da-vale-no-festival-de-inverno\/","url":"https:\/\/tremdavale.org\/pt\/o-trem-da-vale-no-festival-de-inverno\/","name":"O Trem da Vale no Festival de Inverno &#8212; Trem da Vale","isPartOf":{"@id":"https:\/\/tremdavale.org\/pt\/#website"},"datePublished":"2011-09-10T17:25:00+00:00","dateModified":"2025-10-10T11:57:00+00:00","author":{"@id":"https:\/\/tremdavale.org\/pt\/#\/schema\/person\/50912137d47426d31329f246d02eaeca"},"breadcrumb":{"@id":"https:\/\/tremdavale.org\/pt\/o-trem-da-vale-no-festival-de-inverno\/#breadcrumb"},"inLanguage":"pt-PT","potentialAction":[{"@type":"ReadAction","target":["https:\/\/tremdavale.org\/pt\/o-trem-da-vale-no-festival-de-inverno\/"]}]},{"@type":"BreadcrumbList","@id":"https:\/\/tremdavale.org\/pt\/o-trem-da-vale-no-festival-de-inverno\/#breadcrumb","itemListElement":[{"@type":"ListItem","position":1,"name":"In\u00edcio","item":"https:\/\/tremdavale.org\/pt\/"},{"@type":"ListItem","position":2,"name":"O Trem da Vale no Festival de Inverno"}]},{"@type":"WebSite","@id":"https:\/\/tremdavale.org\/pt\/#website","url":"https:\/\/tremdavale.org\/pt\/","name":"Trem da Vale","description":"Programa de Educa\u00e7\u00e3o Patrimonial","potentialAction":[{"@type":"SearchAction","target":{"@type":"EntryPoint","urlTemplate":"https:\/\/tremdavale.org\/pt\/?s={search_term_string}"},"query-input":{"@type":"PropertyValueSpecification","valueRequired":true,"valueName":"search_term_string"}}],"inLanguage":"pt-PT"},{"@type":"Person","@id":"https:\/\/tremdavale.org\/pt\/#\/schema\/person\/50912137d47426d31329f246d02eaeca","name":"admin","image":{"@type":"ImageObject","inLanguage":"pt-PT","@id":"https:\/\/tremdavale.org\/pt\/#\/schema\/person\/image\/","url":"https:\/\/secure.gravatar.com\/avatar\/b3564f0fda6ea47959fe96a4217203e79a167568a37409758659bc3ba443b452?s=96&d=mm&r=g","contentUrl":"https:\/\/secure.gravatar.com\/avatar\/b3564f0fda6ea47959fe96a4217203e79a167568a37409758659bc3ba443b452?s=96&d=mm&r=g","caption":"admin"},"sameAs":["https:\/\/tremdavale.org"],"url":"https:\/\/tremdavale.org\/pt\/author\/admin\/"}]}},"_links":{"self":[{"href":"https:\/\/tremdavale.org\/pt\/wp-json\/wp\/v2\/posts\/241","targetHints":{"allow":["GET"]}}],"collection":[{"href":"https:\/\/tremdavale.org\/pt\/wp-json\/wp\/v2\/posts"}],"about":[{"href":"https:\/\/tremdavale.org\/pt\/wp-json\/wp\/v2\/types\/post"}],"author":[{"embeddable":true,"href":"https:\/\/tremdavale.org\/pt\/wp-json\/wp\/v2\/users\/1"}],"replies":[{"embeddable":true,"href":"https:\/\/tremdavale.org\/pt\/wp-json\/wp\/v2\/comments?post=241"}],"version-history":[{"count":0,"href":"https:\/\/tremdavale.org\/pt\/wp-json\/wp\/v2\/posts\/241\/revisions"}],"wp:attachment":[{"href":"https:\/\/tremdavale.org\/pt\/wp-json\/wp\/v2\/media?parent=241"}],"wp:term":[{"taxonomy":"category","embeddable":true,"href":"https:\/\/tremdavale.org\/pt\/wp-json\/wp\/v2\/categories?post=241"},{"taxonomy":"post_tag","embeddable":true,"href":"https:\/\/tremdavale.org\/pt\/wp-json\/wp\/v2\/tags?post=241"}],"curies":[{"name":"wp","href":"https:\/\/api.w.org\/{rel}","templated":true}]}}