{"id":242,"date":"2014-04-30T00:02:00","date_gmt":"2014-04-30T00:02:00","guid":{"rendered":"https:\/\/tremdavale.org\/?p=242"},"modified":"2025-10-10T11:57:00","modified_gmt":"2025-10-10T11:57:00","slug":"oficina-colcha-de-retalhos-olhares-sobre-aleijadinho","status":"publish","type":"post","link":"https:\/\/tremdavale.org\/pt\/oficina-colcha-de-retalhos-olhares-sobre-aleijadinho\/","title":{"rendered":"Oficina \u2018Colcha de Retalhos\u2019 &#8211; Olhares sobre Aleijadinho"},"content":{"rendered":"<p>Aconteceu nos dias&nbsp; 11 e 14 de novembro, a Oficina \u201cColcha de Retalhos &#8211; Olhares sobre Aleijadinho\u201d que consistiu em desenvolver, no \u00e2mbito das programa\u00e7\u00f5es da 36\u00aa Semana do Aleijadinho &#8211; Abertura do Ano do Aleijadinho, uma atividade voltada para o conhecimento e valoriza\u00e7\u00e3o da arte barroca ouro-pretana, em especial \u00e0quela de autoria do Mestre Aleijadinho; e confeccionar uma colcha de retalhos com registro iconogr\u00e1ficos de imagens que retratam \u2018olhares\u2019 sob detalhes de suas obras, para futura exposi\u00e7\u00e3o. Participaram desta a\u00e7\u00e3o 31 alunos do 8\u00ba ano da Escola Estadual Mar\u00edlia de Dirceu da cidade de Ouro Preto, que puderam ter sua criatividade estimulada &nbsp;atrav\u00e9s de v\u00eddeos, textos e imagens acerca da obra desse grande mestre. Essa oficina buscou fazer com que os alunos registrassem suas impress\u00f5es sobre o tema abordado em retalhos de tecidos avulsos para a montagem final de uma colcha de retalhos.<\/p>\n<p>No primeiro dia foi exibido o v\u00eddeodocument\u00e1rio \u201cPedra-Sab\u00e3o\u201d, produzido pelo Vale Registrar e uma realizada uma visita guiada pelo instrutor Hudson Augusto Silva, \u00e0s Igrejas de S\u00e3o Francisco de Assis e Bom Jesus de Matozinhos -S\u00e3o Miguel e Almas, quando os participantes puderam observar a iconografia da obra do artista. J\u00e1 no segundo e \u00faltimo dia de Oficina foi realizada uma atividade criativa de desenho e ilustra\u00e7\u00e3o em tecido, quando os alunos representaram \u201cOlhares sob Aleijadinho\u201d em tecido.<\/p>\n<p>As colchas produzidas nesta Oficina far\u00e3o parte de uma exposi\u00e7\u00e3o no pr\u00f3ximo ano em celebra\u00e7\u00e3o aos 200 anos de morte do artista Aleijadinho.<\/p>\n<p><img loading=\"lazy\" decoding=\"async\" class=\"aligncenter size-medium\" title=\"img_2889\" src=\"\/wp-content\/uploads\/img_2889-300x199.jpg\" alt=\"img_2889\" width=\"300\" height=\"199\"><\/p>\n<p><img loading=\"lazy\" decoding=\"async\" class=\"aligncenter size-medium\" title=\"dsc07218\" src=\"\/wp-content\/uploads\/dsc07218-300x225.jpg\" alt=\"dsc07218\" width=\"300\" height=\"225\"><\/p>\n<p>&nbsp;<\/p>\n","protected":false},"excerpt":{"rendered":"<p>Aconteceu nos dias&nbsp; 11 e 14 de novembro, a Oficina \u201cColcha de Retalhos &#8211; Olhares sobre Aleijadinho\u201d que consistiu em desenvolver, no \u00e2mbito das programa\u00e7\u00f5es da 36\u00aa Semana do Aleijadinho &#8211; Abertura do Ano do Aleijadinho, uma atividade voltada para o conhecimento e valoriza\u00e7\u00e3o da arte barroca ouro-pretana, em especial &hellip;<\/p>\n","protected":false},"author":1,"featured_media":495,"comment_status":"open","ping_status":"closed","sticky":false,"template":"","format":"standard","meta":{"footnotes":""},"categories":[2],"tags":[],"class_list":["post-242","post","type-post","status-publish","format-standard","has-post-thumbnail","hentry","category-destaques-home"],"yoast_head":"<!-- This site is optimized with the Yoast SEO plugin v26.1.1 - https:\/\/yoast.com\/wordpress\/plugins\/seo\/ -->\n<title>Oficina \u2018Colcha de Retalhos\u2019 - Olhares sobre Aleijadinho &#8212; Trem da Vale<\/title>\n<meta name=\"robots\" content=\"index, follow, max-snippet:-1, max-image-preview:large, max-video-preview:-1\" \/>\n<link rel=\"canonical\" href=\"https:\/\/tremdavale.org\/pt\/oficina-colcha-de-retalhos-olhares-sobre-aleijadinho\/\" \/>\n<meta property=\"og:locale\" content=\"pt_PT\" \/>\n<meta property=\"og:type\" content=\"article\" \/>\n<meta property=\"og:title\" content=\"Oficina \u2018Colcha de Retalhos\u2019 - Olhares sobre Aleijadinho &#8212; Trem da Vale\" \/>\n<meta property=\"og:description\" content=\"Aconteceu nos dias&nbsp; 11 e 14 de novembro, a Oficina \u201cColcha de Retalhos &#8211; Olhares sobre Aleijadinho\u201d que consistiu em desenvolver, no \u00e2mbito das programa\u00e7\u00f5es da 36\u00aa Semana do Aleijadinho &#8211; Abertura do Ano do Aleijadinho, uma atividade voltada para o conhecimento e valoriza\u00e7\u00e3o da arte barroca ouro-pretana, em especial &hellip;\" \/>\n<meta property=\"og:url\" content=\"https:\/\/tremdavale.org\/pt\/oficina-colcha-de-retalhos-olhares-sobre-aleijadinho\/\" \/>\n<meta property=\"og:site_name\" content=\"Trem da Vale\" \/>\n<meta property=\"article:published_time\" content=\"2014-04-30T00:02:00+00:00\" \/>\n<meta property=\"article:modified_time\" content=\"2025-10-10T11:57:00+00:00\" \/>\n<meta property=\"og:image\" content=\"https:\/\/tremdavale.org\/wp-content\/uploads\/img_2889-300x199.jpg\" \/>\n\t<meta property=\"og:image:width\" content=\"300\" \/>\n\t<meta property=\"og:image:height\" content=\"199\" \/>\n\t<meta property=\"og:image:type\" content=\"image\/jpeg\" \/>\n<meta name=\"author\" content=\"admin\" \/>\n<meta name=\"twitter:card\" content=\"summary_large_image\" \/>\n<meta name=\"twitter:label1\" content=\"Escrito por\" \/>\n\t<meta name=\"twitter:data1\" content=\"admin\" \/>\n\t<meta name=\"twitter:label2\" content=\"Tempo estimado de leitura\" \/>\n\t<meta name=\"twitter:data2\" content=\"1 minuto\" \/>\n<script type=\"application\/ld+json\" class=\"yoast-schema-graph\">{\"@context\":\"https:\/\/schema.org\",\"@graph\":[{\"@type\":\"WebPage\",\"@id\":\"https:\/\/tremdavale.org\/pt\/oficina-colcha-de-retalhos-olhares-sobre-aleijadinho\/\",\"url\":\"https:\/\/tremdavale.org\/pt\/oficina-colcha-de-retalhos-olhares-sobre-aleijadinho\/\",\"name\":\"Oficina \u2018Colcha de Retalhos\u2019 - Olhares sobre Aleijadinho &#8212; Trem da Vale\",\"isPartOf\":{\"@id\":\"https:\/\/tremdavale.org\/pt\/#website\"},\"primaryImageOfPage\":{\"@id\":\"https:\/\/tremdavale.org\/pt\/oficina-colcha-de-retalhos-olhares-sobre-aleijadinho\/#primaryimage\"},\"image\":{\"@id\":\"https:\/\/tremdavale.org\/pt\/oficina-colcha-de-retalhos-olhares-sobre-aleijadinho\/#primaryimage\"},\"thumbnailUrl\":\"https:\/\/tremdavale.org\/wp-content\/uploads\/img_2889-300x199.jpg\",\"datePublished\":\"2014-04-30T00:02:00+00:00\",\"dateModified\":\"2025-10-10T11:57:00+00:00\",\"author\":{\"@id\":\"https:\/\/tremdavale.org\/pt\/#\/schema\/person\/50912137d47426d31329f246d02eaeca\"},\"breadcrumb\":{\"@id\":\"https:\/\/tremdavale.org\/pt\/oficina-colcha-de-retalhos-olhares-sobre-aleijadinho\/#breadcrumb\"},\"inLanguage\":\"pt-PT\",\"potentialAction\":[{\"@type\":\"ReadAction\",\"target\":[\"https:\/\/tremdavale.org\/pt\/oficina-colcha-de-retalhos-olhares-sobre-aleijadinho\/\"]}]},{\"@type\":\"ImageObject\",\"inLanguage\":\"pt-PT\",\"@id\":\"https:\/\/tremdavale.org\/pt\/oficina-colcha-de-retalhos-olhares-sobre-aleijadinho\/#primaryimage\",\"url\":\"https:\/\/tremdavale.org\/wp-content\/uploads\/img_2889-300x199.jpg\",\"contentUrl\":\"https:\/\/tremdavale.org\/wp-content\/uploads\/img_2889-300x199.jpg\",\"width\":300,\"height\":199},{\"@type\":\"BreadcrumbList\",\"@id\":\"https:\/\/tremdavale.org\/pt\/oficina-colcha-de-retalhos-olhares-sobre-aleijadinho\/#breadcrumb\",\"itemListElement\":[{\"@type\":\"ListItem\",\"position\":1,\"name\":\"In\u00edcio\",\"item\":\"https:\/\/tremdavale.org\/pt\/\"},{\"@type\":\"ListItem\",\"position\":2,\"name\":\"Oficina \u2018Colcha de Retalhos\u2019 &#8211; Olhares sobre Aleijadinho\"}]},{\"@type\":\"WebSite\",\"@id\":\"https:\/\/tremdavale.org\/pt\/#website\",\"url\":\"https:\/\/tremdavale.org\/pt\/\",\"name\":\"Trem da Vale\",\"description\":\"Programa de Educa\u00e7\u00e3o Patrimonial\",\"potentialAction\":[{\"@type\":\"SearchAction\",\"target\":{\"@type\":\"EntryPoint\",\"urlTemplate\":\"https:\/\/tremdavale.org\/pt\/?s={search_term_string}\"},\"query-input\":{\"@type\":\"PropertyValueSpecification\",\"valueRequired\":true,\"valueName\":\"search_term_string\"}}],\"inLanguage\":\"pt-PT\"},{\"@type\":\"Person\",\"@id\":\"https:\/\/tremdavale.org\/pt\/#\/schema\/person\/50912137d47426d31329f246d02eaeca\",\"name\":\"admin\",\"image\":{\"@type\":\"ImageObject\",\"inLanguage\":\"pt-PT\",\"@id\":\"https:\/\/tremdavale.org\/pt\/#\/schema\/person\/image\/\",\"url\":\"https:\/\/secure.gravatar.com\/avatar\/b3564f0fda6ea47959fe96a4217203e79a167568a37409758659bc3ba443b452?s=96&d=mm&r=g\",\"contentUrl\":\"https:\/\/secure.gravatar.com\/avatar\/b3564f0fda6ea47959fe96a4217203e79a167568a37409758659bc3ba443b452?s=96&d=mm&r=g\",\"caption\":\"admin\"},\"sameAs\":[\"https:\/\/tremdavale.org\"],\"url\":\"https:\/\/tremdavale.org\/pt\/author\/admin\/\"}]}<\/script>\n<!-- \/ Yoast SEO plugin. -->","yoast_head_json":{"title":"Oficina \u2018Colcha de Retalhos\u2019 - Olhares sobre Aleijadinho &#8212; Trem da Vale","robots":{"index":"index","follow":"follow","max-snippet":"max-snippet:-1","max-image-preview":"max-image-preview:large","max-video-preview":"max-video-preview:-1"},"canonical":"https:\/\/tremdavale.org\/pt\/oficina-colcha-de-retalhos-olhares-sobre-aleijadinho\/","og_locale":"pt_PT","og_type":"article","og_title":"Oficina \u2018Colcha de Retalhos\u2019 - Olhares sobre Aleijadinho &#8212; Trem da Vale","og_description":"Aconteceu nos dias&nbsp; 11 e 14 de novembro, a Oficina \u201cColcha de Retalhos &#8211; Olhares sobre Aleijadinho\u201d que consistiu em desenvolver, no \u00e2mbito das programa\u00e7\u00f5es da 36\u00aa Semana do Aleijadinho &#8211; Abertura do Ano do Aleijadinho, uma atividade voltada para o conhecimento e valoriza\u00e7\u00e3o da arte barroca ouro-pretana, em especial &hellip;","og_url":"https:\/\/tremdavale.org\/pt\/oficina-colcha-de-retalhos-olhares-sobre-aleijadinho\/","og_site_name":"Trem da Vale","article_published_time":"2014-04-30T00:02:00+00:00","article_modified_time":"2025-10-10T11:57:00+00:00","og_image":[{"width":300,"height":199,"url":"https:\/\/tremdavale.org\/wp-content\/uploads\/img_2889-300x199.jpg","type":"image\/jpeg"}],"author":"admin","twitter_card":"summary_large_image","twitter_misc":{"Escrito por":"admin","Tempo estimado de leitura":"1 minuto"},"schema":{"@context":"https:\/\/schema.org","@graph":[{"@type":"WebPage","@id":"https:\/\/tremdavale.org\/pt\/oficina-colcha-de-retalhos-olhares-sobre-aleijadinho\/","url":"https:\/\/tremdavale.org\/pt\/oficina-colcha-de-retalhos-olhares-sobre-aleijadinho\/","name":"Oficina \u2018Colcha de Retalhos\u2019 - Olhares sobre Aleijadinho &#8212; Trem da Vale","isPartOf":{"@id":"https:\/\/tremdavale.org\/pt\/#website"},"primaryImageOfPage":{"@id":"https:\/\/tremdavale.org\/pt\/oficina-colcha-de-retalhos-olhares-sobre-aleijadinho\/#primaryimage"},"image":{"@id":"https:\/\/tremdavale.org\/pt\/oficina-colcha-de-retalhos-olhares-sobre-aleijadinho\/#primaryimage"},"thumbnailUrl":"https:\/\/tremdavale.org\/wp-content\/uploads\/img_2889-300x199.jpg","datePublished":"2014-04-30T00:02:00+00:00","dateModified":"2025-10-10T11:57:00+00:00","author":{"@id":"https:\/\/tremdavale.org\/pt\/#\/schema\/person\/50912137d47426d31329f246d02eaeca"},"breadcrumb":{"@id":"https:\/\/tremdavale.org\/pt\/oficina-colcha-de-retalhos-olhares-sobre-aleijadinho\/#breadcrumb"},"inLanguage":"pt-PT","potentialAction":[{"@type":"ReadAction","target":["https:\/\/tremdavale.org\/pt\/oficina-colcha-de-retalhos-olhares-sobre-aleijadinho\/"]}]},{"@type":"ImageObject","inLanguage":"pt-PT","@id":"https:\/\/tremdavale.org\/pt\/oficina-colcha-de-retalhos-olhares-sobre-aleijadinho\/#primaryimage","url":"https:\/\/tremdavale.org\/wp-content\/uploads\/img_2889-300x199.jpg","contentUrl":"https:\/\/tremdavale.org\/wp-content\/uploads\/img_2889-300x199.jpg","width":300,"height":199},{"@type":"BreadcrumbList","@id":"https:\/\/tremdavale.org\/pt\/oficina-colcha-de-retalhos-olhares-sobre-aleijadinho\/#breadcrumb","itemListElement":[{"@type":"ListItem","position":1,"name":"In\u00edcio","item":"https:\/\/tremdavale.org\/pt\/"},{"@type":"ListItem","position":2,"name":"Oficina \u2018Colcha de Retalhos\u2019 &#8211; Olhares sobre Aleijadinho"}]},{"@type":"WebSite","@id":"https:\/\/tremdavale.org\/pt\/#website","url":"https:\/\/tremdavale.org\/pt\/","name":"Trem da Vale","description":"Programa de Educa\u00e7\u00e3o Patrimonial","potentialAction":[{"@type":"SearchAction","target":{"@type":"EntryPoint","urlTemplate":"https:\/\/tremdavale.org\/pt\/?s={search_term_string}"},"query-input":{"@type":"PropertyValueSpecification","valueRequired":true,"valueName":"search_term_string"}}],"inLanguage":"pt-PT"},{"@type":"Person","@id":"https:\/\/tremdavale.org\/pt\/#\/schema\/person\/50912137d47426d31329f246d02eaeca","name":"admin","image":{"@type":"ImageObject","inLanguage":"pt-PT","@id":"https:\/\/tremdavale.org\/pt\/#\/schema\/person\/image\/","url":"https:\/\/secure.gravatar.com\/avatar\/b3564f0fda6ea47959fe96a4217203e79a167568a37409758659bc3ba443b452?s=96&d=mm&r=g","contentUrl":"https:\/\/secure.gravatar.com\/avatar\/b3564f0fda6ea47959fe96a4217203e79a167568a37409758659bc3ba443b452?s=96&d=mm&r=g","caption":"admin"},"sameAs":["https:\/\/tremdavale.org"],"url":"https:\/\/tremdavale.org\/pt\/author\/admin\/"}]}},"_links":{"self":[{"href":"https:\/\/tremdavale.org\/pt\/wp-json\/wp\/v2\/posts\/242","targetHints":{"allow":["GET"]}}],"collection":[{"href":"https:\/\/tremdavale.org\/pt\/wp-json\/wp\/v2\/posts"}],"about":[{"href":"https:\/\/tremdavale.org\/pt\/wp-json\/wp\/v2\/types\/post"}],"author":[{"embeddable":true,"href":"https:\/\/tremdavale.org\/pt\/wp-json\/wp\/v2\/users\/1"}],"replies":[{"embeddable":true,"href":"https:\/\/tremdavale.org\/pt\/wp-json\/wp\/v2\/comments?post=242"}],"version-history":[{"count":0,"href":"https:\/\/tremdavale.org\/pt\/wp-json\/wp\/v2\/posts\/242\/revisions"}],"wp:featuredmedia":[{"embeddable":true,"href":"https:\/\/tremdavale.org\/pt\/wp-json\/wp\/v2\/media\/495"}],"wp:attachment":[{"href":"https:\/\/tremdavale.org\/pt\/wp-json\/wp\/v2\/media?parent=242"}],"wp:term":[{"taxonomy":"category","embeddable":true,"href":"https:\/\/tremdavale.org\/pt\/wp-json\/wp\/v2\/categories?post=242"},{"taxonomy":"post_tag","embeddable":true,"href":"https:\/\/tremdavale.org\/pt\/wp-json\/wp\/v2\/tags?post=242"}],"curies":[{"name":"wp","href":"https:\/\/api.w.org\/{rel}","templated":true}]}}