{"id":243,"date":"2011-09-12T00:54:00","date_gmt":"2011-09-12T00:54:00","guid":{"rendered":"https:\/\/tremdavale.org\/?p=243"},"modified":"2025-10-10T11:57:00","modified_gmt":"2025-10-10T11:57:00","slug":"oficina-de-flor-de-fuxico-nas-estacoes","status":"publish","type":"post","link":"https:\/\/tremdavale.org\/pt\/oficina-de-flor-de-fuxico-nas-estacoes\/","title":{"rendered":"Oficina de flor de fuxico nas Esta\u00e7\u00f5es"},"content":{"rendered":"<p style=\"text-align: center;\"><img loading=\"lazy\" decoding=\"async\" class=\"size-medium aligncenter\" title=\"flores-016\" src=\"\/wp-content\/uploads\/flores-016-300x223.jpg\" alt=\"flores-016\" width=\"240\" height=\"178\"><\/p>\n<p>Estudantes de Ouro Preto e Mariana participaram na semana passada das oficinas de confec\u00e7\u00e3o de flores de fuxico. As aulas foram ministradas nos dias 22 e 25 de setembro pela oficineira Virg\u00ednia Devezas, da Funda\u00e7\u00e3o Aleijadinho, em parceria com o Programa de Educa\u00e7\u00e3o Patrimonial Trem da Vale.<\/p>\n<p>Durante as oficinas, foram trabalhados temas ligados ao Patrim\u00f4nio Imaterial, em especial o \u201cfazer fuxico\u201d, artesanato tradicional de Ouro Preto e Mariana. Usando apenas linha, agulha e um peda\u00e7o de retalho, as crian\u00e7as aprenderam a fazer flor de fuxico, o \u201ccravinho\u201d, como \u00e9 conhecido na regi\u00e3o.<\/p>\n<p>Cerca de&nbsp;50 crian\u00e7as participaram das oficinas, sendo&nbsp;27 alunos do 4\u00ba ano da E. E Mar\u00edlia de Dirceu de Ouro Preto, e&nbsp;17 alunos do 1\u00ba e 2\u00ba ano do ensino fundamental&nbsp;da&nbsp;&nbsp;Escola Estadual Santa Godoy, de Mariana.<\/p>\n<p>As oficinas integram as atividades do Plano de Incentivo \u00e0 Leitura, desenvolvido pelas Bibliotecas Infanto-juvenil do Trem da Vale, com o intuito de ampliar a participa\u00e7\u00e3o das escolas de Ouro Preto e Mariana nas atividades do Programa.<\/p>\n<p>&nbsp;<\/p>\n","protected":false},"excerpt":{"rendered":"<p>Estudantes de Ouro Preto e Mariana participaram na semana passada das oficinas de confec\u00e7\u00e3o de flores de fuxico. As aulas foram ministradas nos dias 22 e 25 de setembro pela oficineira Virg\u00ednia Devezas, da Funda\u00e7\u00e3o Aleijadinho, em parceria com o Programa de Educa\u00e7\u00e3o Patrimonial Trem da Vale. Durante as oficinas, &hellip;<\/p>\n","protected":false},"author":1,"featured_media":496,"comment_status":"open","ping_status":"closed","sticky":false,"template":"","format":"standard","meta":{"footnotes":""},"categories":[3],"tags":[],"class_list":["post-243","post","type-post","status-publish","format-standard","has-post-thumbnail","hentry","category-noticias"],"yoast_head":"<!-- This site is optimized with the Yoast SEO plugin v26.1.1 - https:\/\/yoast.com\/wordpress\/plugins\/seo\/ -->\n<title>Oficina de flor de fuxico nas Esta\u00e7\u00f5es &#8212; Trem da Vale<\/title>\n<meta name=\"robots\" content=\"index, follow, max-snippet:-1, max-image-preview:large, max-video-preview:-1\" \/>\n<link rel=\"canonical\" href=\"https:\/\/tremdavale.org\/pt\/oficina-de-flor-de-fuxico-nas-estacoes\/\" \/>\n<meta property=\"og:locale\" content=\"pt_PT\" \/>\n<meta property=\"og:type\" content=\"article\" \/>\n<meta property=\"og:title\" content=\"Oficina de flor de fuxico nas Esta\u00e7\u00f5es &#8212; Trem da Vale\" \/>\n<meta property=\"og:description\" content=\"Estudantes de Ouro Preto e Mariana participaram na semana passada das oficinas de confec\u00e7\u00e3o de flores de fuxico. As aulas foram ministradas nos dias 22 e 25 de setembro pela oficineira Virg\u00ednia Devezas, da Funda\u00e7\u00e3o Aleijadinho, em parceria com o Programa de Educa\u00e7\u00e3o Patrimonial Trem da Vale. Durante as oficinas, &hellip;\" \/>\n<meta property=\"og:url\" content=\"https:\/\/tremdavale.org\/pt\/oficina-de-flor-de-fuxico-nas-estacoes\/\" \/>\n<meta property=\"og:site_name\" content=\"Trem da Vale\" \/>\n<meta property=\"article:published_time\" content=\"2011-09-12T00:54:00+00:00\" \/>\n<meta property=\"article:modified_time\" content=\"2025-10-10T11:57:00+00:00\" \/>\n<meta property=\"og:image\" content=\"https:\/\/tremdavale.org\/wp-content\/uploads\/flores-016-300x223.jpg\" \/>\n\t<meta property=\"og:image:width\" content=\"300\" \/>\n\t<meta property=\"og:image:height\" content=\"223\" \/>\n\t<meta property=\"og:image:type\" content=\"image\/jpeg\" \/>\n<meta name=\"author\" content=\"admin\" \/>\n<meta name=\"twitter:card\" content=\"summary_large_image\" \/>\n<meta name=\"twitter:label1\" content=\"Escrito por\" \/>\n\t<meta name=\"twitter:data1\" content=\"admin\" \/>\n\t<meta name=\"twitter:label2\" content=\"Tempo estimado de leitura\" \/>\n\t<meta name=\"twitter:data2\" content=\"1 minuto\" \/>\n<script type=\"application\/ld+json\" class=\"yoast-schema-graph\">{\"@context\":\"https:\/\/schema.org\",\"@graph\":[{\"@type\":\"WebPage\",\"@id\":\"https:\/\/tremdavale.org\/pt\/oficina-de-flor-de-fuxico-nas-estacoes\/\",\"url\":\"https:\/\/tremdavale.org\/pt\/oficina-de-flor-de-fuxico-nas-estacoes\/\",\"name\":\"Oficina de flor de fuxico nas Esta\u00e7\u00f5es &#8212; Trem da Vale\",\"isPartOf\":{\"@id\":\"https:\/\/tremdavale.org\/pt\/#website\"},\"primaryImageOfPage\":{\"@id\":\"https:\/\/tremdavale.org\/pt\/oficina-de-flor-de-fuxico-nas-estacoes\/#primaryimage\"},\"image\":{\"@id\":\"https:\/\/tremdavale.org\/pt\/oficina-de-flor-de-fuxico-nas-estacoes\/#primaryimage\"},\"thumbnailUrl\":\"https:\/\/tremdavale.org\/wp-content\/uploads\/flores-016-300x223.jpg\",\"datePublished\":\"2011-09-12T00:54:00+00:00\",\"dateModified\":\"2025-10-10T11:57:00+00:00\",\"author\":{\"@id\":\"https:\/\/tremdavale.org\/pt\/#\/schema\/person\/50912137d47426d31329f246d02eaeca\"},\"breadcrumb\":{\"@id\":\"https:\/\/tremdavale.org\/pt\/oficina-de-flor-de-fuxico-nas-estacoes\/#breadcrumb\"},\"inLanguage\":\"pt-PT\",\"potentialAction\":[{\"@type\":\"ReadAction\",\"target\":[\"https:\/\/tremdavale.org\/pt\/oficina-de-flor-de-fuxico-nas-estacoes\/\"]}]},{\"@type\":\"ImageObject\",\"inLanguage\":\"pt-PT\",\"@id\":\"https:\/\/tremdavale.org\/pt\/oficina-de-flor-de-fuxico-nas-estacoes\/#primaryimage\",\"url\":\"https:\/\/tremdavale.org\/wp-content\/uploads\/flores-016-300x223.jpg\",\"contentUrl\":\"https:\/\/tremdavale.org\/wp-content\/uploads\/flores-016-300x223.jpg\",\"width\":300,\"height\":223},{\"@type\":\"BreadcrumbList\",\"@id\":\"https:\/\/tremdavale.org\/pt\/oficina-de-flor-de-fuxico-nas-estacoes\/#breadcrumb\",\"itemListElement\":[{\"@type\":\"ListItem\",\"position\":1,\"name\":\"In\u00edcio\",\"item\":\"https:\/\/tremdavale.org\/pt\/\"},{\"@type\":\"ListItem\",\"position\":2,\"name\":\"Oficina de flor de fuxico nas Esta\u00e7\u00f5es\"}]},{\"@type\":\"WebSite\",\"@id\":\"https:\/\/tremdavale.org\/pt\/#website\",\"url\":\"https:\/\/tremdavale.org\/pt\/\",\"name\":\"Trem da Vale\",\"description\":\"Programa de Educa\u00e7\u00e3o Patrimonial\",\"potentialAction\":[{\"@type\":\"SearchAction\",\"target\":{\"@type\":\"EntryPoint\",\"urlTemplate\":\"https:\/\/tremdavale.org\/pt\/?s={search_term_string}\"},\"query-input\":{\"@type\":\"PropertyValueSpecification\",\"valueRequired\":true,\"valueName\":\"search_term_string\"}}],\"inLanguage\":\"pt-PT\"},{\"@type\":\"Person\",\"@id\":\"https:\/\/tremdavale.org\/pt\/#\/schema\/person\/50912137d47426d31329f246d02eaeca\",\"name\":\"admin\",\"image\":{\"@type\":\"ImageObject\",\"inLanguage\":\"pt-PT\",\"@id\":\"https:\/\/tremdavale.org\/pt\/#\/schema\/person\/image\/\",\"url\":\"https:\/\/secure.gravatar.com\/avatar\/b3564f0fda6ea47959fe96a4217203e79a167568a37409758659bc3ba443b452?s=96&d=mm&r=g\",\"contentUrl\":\"https:\/\/secure.gravatar.com\/avatar\/b3564f0fda6ea47959fe96a4217203e79a167568a37409758659bc3ba443b452?s=96&d=mm&r=g\",\"caption\":\"admin\"},\"sameAs\":[\"https:\/\/tremdavale.org\"],\"url\":\"https:\/\/tremdavale.org\/pt\/author\/admin\/\"}]}<\/script>\n<!-- \/ Yoast SEO plugin. -->","yoast_head_json":{"title":"Oficina de flor de fuxico nas Esta\u00e7\u00f5es &#8212; Trem da Vale","robots":{"index":"index","follow":"follow","max-snippet":"max-snippet:-1","max-image-preview":"max-image-preview:large","max-video-preview":"max-video-preview:-1"},"canonical":"https:\/\/tremdavale.org\/pt\/oficina-de-flor-de-fuxico-nas-estacoes\/","og_locale":"pt_PT","og_type":"article","og_title":"Oficina de flor de fuxico nas Esta\u00e7\u00f5es &#8212; Trem da Vale","og_description":"Estudantes de Ouro Preto e Mariana participaram na semana passada das oficinas de confec\u00e7\u00e3o de flores de fuxico. As aulas foram ministradas nos dias 22 e 25 de setembro pela oficineira Virg\u00ednia Devezas, da Funda\u00e7\u00e3o Aleijadinho, em parceria com o Programa de Educa\u00e7\u00e3o Patrimonial Trem da Vale. Durante as oficinas, &hellip;","og_url":"https:\/\/tremdavale.org\/pt\/oficina-de-flor-de-fuxico-nas-estacoes\/","og_site_name":"Trem da Vale","article_published_time":"2011-09-12T00:54:00+00:00","article_modified_time":"2025-10-10T11:57:00+00:00","og_image":[{"width":300,"height":223,"url":"https:\/\/tremdavale.org\/wp-content\/uploads\/flores-016-300x223.jpg","type":"image\/jpeg"}],"author":"admin","twitter_card":"summary_large_image","twitter_misc":{"Escrito por":"admin","Tempo estimado de leitura":"1 minuto"},"schema":{"@context":"https:\/\/schema.org","@graph":[{"@type":"WebPage","@id":"https:\/\/tremdavale.org\/pt\/oficina-de-flor-de-fuxico-nas-estacoes\/","url":"https:\/\/tremdavale.org\/pt\/oficina-de-flor-de-fuxico-nas-estacoes\/","name":"Oficina de flor de fuxico nas Esta\u00e7\u00f5es &#8212; Trem da Vale","isPartOf":{"@id":"https:\/\/tremdavale.org\/pt\/#website"},"primaryImageOfPage":{"@id":"https:\/\/tremdavale.org\/pt\/oficina-de-flor-de-fuxico-nas-estacoes\/#primaryimage"},"image":{"@id":"https:\/\/tremdavale.org\/pt\/oficina-de-flor-de-fuxico-nas-estacoes\/#primaryimage"},"thumbnailUrl":"https:\/\/tremdavale.org\/wp-content\/uploads\/flores-016-300x223.jpg","datePublished":"2011-09-12T00:54:00+00:00","dateModified":"2025-10-10T11:57:00+00:00","author":{"@id":"https:\/\/tremdavale.org\/pt\/#\/schema\/person\/50912137d47426d31329f246d02eaeca"},"breadcrumb":{"@id":"https:\/\/tremdavale.org\/pt\/oficina-de-flor-de-fuxico-nas-estacoes\/#breadcrumb"},"inLanguage":"pt-PT","potentialAction":[{"@type":"ReadAction","target":["https:\/\/tremdavale.org\/pt\/oficina-de-flor-de-fuxico-nas-estacoes\/"]}]},{"@type":"ImageObject","inLanguage":"pt-PT","@id":"https:\/\/tremdavale.org\/pt\/oficina-de-flor-de-fuxico-nas-estacoes\/#primaryimage","url":"https:\/\/tremdavale.org\/wp-content\/uploads\/flores-016-300x223.jpg","contentUrl":"https:\/\/tremdavale.org\/wp-content\/uploads\/flores-016-300x223.jpg","width":300,"height":223},{"@type":"BreadcrumbList","@id":"https:\/\/tremdavale.org\/pt\/oficina-de-flor-de-fuxico-nas-estacoes\/#breadcrumb","itemListElement":[{"@type":"ListItem","position":1,"name":"In\u00edcio","item":"https:\/\/tremdavale.org\/pt\/"},{"@type":"ListItem","position":2,"name":"Oficina de flor de fuxico nas Esta\u00e7\u00f5es"}]},{"@type":"WebSite","@id":"https:\/\/tremdavale.org\/pt\/#website","url":"https:\/\/tremdavale.org\/pt\/","name":"Trem da Vale","description":"Programa de Educa\u00e7\u00e3o Patrimonial","potentialAction":[{"@type":"SearchAction","target":{"@type":"EntryPoint","urlTemplate":"https:\/\/tremdavale.org\/pt\/?s={search_term_string}"},"query-input":{"@type":"PropertyValueSpecification","valueRequired":true,"valueName":"search_term_string"}}],"inLanguage":"pt-PT"},{"@type":"Person","@id":"https:\/\/tremdavale.org\/pt\/#\/schema\/person\/50912137d47426d31329f246d02eaeca","name":"admin","image":{"@type":"ImageObject","inLanguage":"pt-PT","@id":"https:\/\/tremdavale.org\/pt\/#\/schema\/person\/image\/","url":"https:\/\/secure.gravatar.com\/avatar\/b3564f0fda6ea47959fe96a4217203e79a167568a37409758659bc3ba443b452?s=96&d=mm&r=g","contentUrl":"https:\/\/secure.gravatar.com\/avatar\/b3564f0fda6ea47959fe96a4217203e79a167568a37409758659bc3ba443b452?s=96&d=mm&r=g","caption":"admin"},"sameAs":["https:\/\/tremdavale.org"],"url":"https:\/\/tremdavale.org\/pt\/author\/admin\/"}]}},"_links":{"self":[{"href":"https:\/\/tremdavale.org\/pt\/wp-json\/wp\/v2\/posts\/243","targetHints":{"allow":["GET"]}}],"collection":[{"href":"https:\/\/tremdavale.org\/pt\/wp-json\/wp\/v2\/posts"}],"about":[{"href":"https:\/\/tremdavale.org\/pt\/wp-json\/wp\/v2\/types\/post"}],"author":[{"embeddable":true,"href":"https:\/\/tremdavale.org\/pt\/wp-json\/wp\/v2\/users\/1"}],"replies":[{"embeddable":true,"href":"https:\/\/tremdavale.org\/pt\/wp-json\/wp\/v2\/comments?post=243"}],"version-history":[{"count":0,"href":"https:\/\/tremdavale.org\/pt\/wp-json\/wp\/v2\/posts\/243\/revisions"}],"wp:featuredmedia":[{"embeddable":true,"href":"https:\/\/tremdavale.org\/pt\/wp-json\/wp\/v2\/media\/496"}],"wp:attachment":[{"href":"https:\/\/tremdavale.org\/pt\/wp-json\/wp\/v2\/media?parent=243"}],"wp:term":[{"taxonomy":"category","embeddable":true,"href":"https:\/\/tremdavale.org\/pt\/wp-json\/wp\/v2\/categories?post=243"},{"taxonomy":"post_tag","embeddable":true,"href":"https:\/\/tremdavale.org\/pt\/wp-json\/wp\/v2\/tags?post=243"}],"curies":[{"name":"wp","href":"https:\/\/api.w.org\/{rel}","templated":true}]}}