{"id":244,"date":"2013-08-25T09:54:00","date_gmt":"2013-08-25T09:54:00","guid":{"rendered":"https:\/\/tremdavale.org\/?p=244"},"modified":"2025-10-10T11:57:00","modified_gmt":"2025-10-10T11:57:00","slug":"oficina-de-sensibilizacao-para-construcoes-sustentaveis","status":"publish","type":"post","link":"https:\/\/tremdavale.org\/pt\/oficina-de-sensibilizacao-para-construcoes-sustentaveis\/","title":{"rendered":"Oficina de Sensibiliza\u00e7\u00e3o para Constru\u00e7\u00f5es Sustent\u00e1veis"},"content":{"rendered":"<p>Nos dias 23 e 24 de novembro, o Programa de Educa\u00e7\u00e3o Patrimonial Trem da Vale promoveu a oficina de \u201cSensibiliza\u00e7\u00e3o para Constru\u00e7\u00f5es Sustent\u00e1veis\u201d, com o intuito de sensibilizar os participantes na sua rela\u00e7\u00e3o com os diferentes ambientes constru\u00eddos, desde o espa\u00e7o da casa, passando pelos locais de trabalho, com\u00e9rcio, lazer e pela cidade e sua paisagem; e despertar o interesse das pessoas para o tema das <strong>Constru\u00e7\u00f5es Sustent\u00e1veis ou Constru\u00e7\u00f5es Verdes<\/strong> (<em>Green Building<\/em>), mostrando sua relev\u00e2ncia <em><\/em>nas v\u00e1rias escalas, da habita\u00e7\u00e3o \u00e0 paisagem da cidade.<\/p>\n<p>Ministrada por M\u00e1rcio Santa Rosa (Engenheiro, especialista em desenvolvimento de projetos de constru\u00e7\u00f5es sustent\u00e1veis) e Heloisa Gama de Oliveira (Arquiteta, Doutora em Estruturas Ambientais Urbanas pela FAUUSP), com uma carga hor\u00e1ria de 16 horas, a proposta da oficina contemplou a apresenta\u00e7\u00e3o de t\u00e9cnicas construtivas que visem atingir a uma maior efici\u00eancia energ\u00e9tica, a otimiza\u00e7\u00e3o do uso da \u00e1gua, a elimina\u00e7\u00e3o do desperd\u00edcio dos materiais e a redu\u00e7\u00e3o de res\u00edduos, de modo a minimizar os danos ao ambiente.<\/p>\n<p>Compreender como os ambientes constru\u00eddos podem ser pensados a partir de uma dada cultura arquitet\u00f4nica, urban\u00edstica e construtiva local e estudar como as tecnologias mais inteligentes e inovadoras podem otimizar e mesclar com estes acervos patrimoniais de cada localidade, tamb\u00e9m foram alguns dos temas abordados.<\/p>\n<p>Os participantes (<strong>14 pessoas<\/strong>), em sua maioria alunos do curso de Arquitetura da UFOP, foram estimulados a interpretar e diferenciar as fun\u00e7\u00f5es e componentes de uma constru\u00e7\u00e3o convencional das de uma constru\u00e7\u00e3o sustent\u00e1vel; a apresentar e discutir o uso dos materiais sustent\u00e1veis (ecol\u00f3gicos, reaproveitados, reprocessados, reciclados) nas constru\u00e7\u00f5es.<\/p>\n<p>&nbsp;<\/p>\n<p><img loading=\"lazy\" decoding=\"async\" class=\"size-medium\" title=\"oficina-sensib-construcoes-sustentaveis-2311-marilene-marinho-13\" src=\"\/wp-content\/uploads\/oficina-sensib-construcoes-sustentaveis-2311-marilene-marinho-13-300x200.jpg\" alt=\"oficina-sensib-construcoes-sustentaveis-2311-marilene-marinho-13\" width=\"300\" height=\"200\"><\/p>\n<p>Trabalho em grupo na Oficina ministrada por M\u00e1rcio Santa Rosa e Heloisa Gama<\/p>\n<p>&nbsp;<\/p>\n<p><img loading=\"lazy\" decoding=\"async\" class=\"size-medium\" title=\"oficina-sensib-construcoes-sustentaveis-2311-marilene-marinho-7\" src=\"\/wp-content\/uploads\/oficina-sensib-construcoes-sustentaveis-2311-marilene-marinho-7-300x200.jpg\" alt=\"oficina-sensib-construcoes-sustentaveis-2311-marilene-marinho-7\" width=\"300\" height=\"200\"><\/p>\n<p>M\u00e1rcio Santa Rosa e Heloisa Gama orientam os alunos sobre \u201cConstru\u00e7\u00f5es Sustent\u00e1veis\u201d<\/p>\n<p>&nbsp;<\/p>\n<p style=\"text-align: left;\">A metodologia utilizada pelos ministrantes contemplou apresenta\u00e7\u00e3o de slides, din\u00e2micas interativas de participa\u00e7\u00e3o &#8211; organiza\u00e7\u00e3o de grupos focais, mapas mentais, discuss\u00f5es em c\u00edrculos, fichamentos, jogos e a\u00e7\u00f5es nos ambientes.<\/p>\n<p>&nbsp;<\/p>\n<p><img loading=\"lazy\" decoding=\"async\" class=\"size-medium\" title=\"oficina-sensib-construcoes-sustentaveis-2411-marilene-marinho-27\" src=\"\/wp-content\/uploads\/oficina-sensib-construcoes-sustentaveis-2411-marilene-marinho-27-300x200.jpg\" alt=\"oficina-sensib-construcoes-sustentaveis-2411-marilene-marinho-27\" width=\"300\" height=\"200\"><\/p>\n<p>Alunos do curso de Arquitetura da UFOP assistem aula da Oficina de Educa\u00e7\u00e3o Ambiental realizada na Sala Multiuso da Esta\u00e7\u00e3o de Ouro Preto<\/p>\n<p>&nbsp;<\/p>\n","protected":false},"excerpt":{"rendered":"<p>Nos dias 23 e 24 de novembro, o Programa de Educa\u00e7\u00e3o Patrimonial Trem da Vale promoveu a oficina de \u201cSensibiliza\u00e7\u00e3o para Constru\u00e7\u00f5es Sustent\u00e1veis\u201d, com o intuito de sensibilizar os participantes na sua rela\u00e7\u00e3o com os diferentes ambientes constru\u00eddos, desde o espa\u00e7o da casa, passando pelos locais de trabalho, com\u00e9rcio, lazer &hellip;<\/p>\n","protected":false},"author":1,"featured_media":497,"comment_status":"open","ping_status":"closed","sticky":false,"template":"","format":"standard","meta":{"footnotes":""},"categories":[2],"tags":[],"class_list":["post-244","post","type-post","status-publish","format-standard","has-post-thumbnail","hentry","category-destaques-home"],"yoast_head":"<!-- This site is optimized with the Yoast SEO plugin v26.1.1 - https:\/\/yoast.com\/wordpress\/plugins\/seo\/ -->\n<title>Oficina de Sensibiliza\u00e7\u00e3o para Constru\u00e7\u00f5es Sustent\u00e1veis &#8212; Trem da Vale<\/title>\n<meta name=\"robots\" content=\"index, follow, max-snippet:-1, max-image-preview:large, max-video-preview:-1\" \/>\n<link rel=\"canonical\" href=\"https:\/\/tremdavale.org\/pt\/oficina-de-sensibilizacao-para-construcoes-sustentaveis\/\" \/>\n<meta property=\"og:locale\" content=\"pt_PT\" \/>\n<meta property=\"og:type\" content=\"article\" \/>\n<meta property=\"og:title\" content=\"Oficina de Sensibiliza\u00e7\u00e3o para Constru\u00e7\u00f5es Sustent\u00e1veis &#8212; Trem da Vale\" \/>\n<meta property=\"og:description\" content=\"Nos dias 23 e 24 de novembro, o Programa de Educa\u00e7\u00e3o Patrimonial Trem da Vale promoveu a oficina de \u201cSensibiliza\u00e7\u00e3o para Constru\u00e7\u00f5es Sustent\u00e1veis\u201d, com o intuito de sensibilizar os participantes na sua rela\u00e7\u00e3o com os diferentes ambientes constru\u00eddos, desde o espa\u00e7o da casa, passando pelos locais de trabalho, com\u00e9rcio, lazer &hellip;\" \/>\n<meta property=\"og:url\" content=\"https:\/\/tremdavale.org\/pt\/oficina-de-sensibilizacao-para-construcoes-sustentaveis\/\" \/>\n<meta property=\"og:site_name\" content=\"Trem da Vale\" \/>\n<meta property=\"article:published_time\" content=\"2013-08-25T09:54:00+00:00\" \/>\n<meta property=\"article:modified_time\" content=\"2025-10-10T11:57:00+00:00\" \/>\n<meta property=\"og:image\" content=\"https:\/\/tremdavale.org\/wp-content\/uploads\/oficina-sensib-construcoes-sustentaveis-2311-marilene-marinho-13-300x200.jpg\" \/>\n\t<meta property=\"og:image:width\" content=\"300\" \/>\n\t<meta property=\"og:image:height\" content=\"200\" \/>\n\t<meta property=\"og:image:type\" content=\"image\/jpeg\" \/>\n<meta name=\"author\" content=\"admin\" \/>\n<meta name=\"twitter:card\" content=\"summary_large_image\" \/>\n<meta name=\"twitter:label1\" content=\"Escrito por\" \/>\n\t<meta name=\"twitter:data1\" content=\"admin\" \/>\n\t<meta name=\"twitter:label2\" content=\"Tempo estimado de leitura\" \/>\n\t<meta name=\"twitter:data2\" content=\"2 minutos\" \/>\n<script type=\"application\/ld+json\" class=\"yoast-schema-graph\">{\"@context\":\"https:\/\/schema.org\",\"@graph\":[{\"@type\":\"WebPage\",\"@id\":\"https:\/\/tremdavale.org\/pt\/oficina-de-sensibilizacao-para-construcoes-sustentaveis\/\",\"url\":\"https:\/\/tremdavale.org\/pt\/oficina-de-sensibilizacao-para-construcoes-sustentaveis\/\",\"name\":\"Oficina de Sensibiliza\u00e7\u00e3o para Constru\u00e7\u00f5es Sustent\u00e1veis &#8212; Trem da Vale\",\"isPartOf\":{\"@id\":\"https:\/\/tremdavale.org\/pt\/#website\"},\"primaryImageOfPage\":{\"@id\":\"https:\/\/tremdavale.org\/pt\/oficina-de-sensibilizacao-para-construcoes-sustentaveis\/#primaryimage\"},\"image\":{\"@id\":\"https:\/\/tremdavale.org\/pt\/oficina-de-sensibilizacao-para-construcoes-sustentaveis\/#primaryimage\"},\"thumbnailUrl\":\"https:\/\/tremdavale.org\/wp-content\/uploads\/oficina-sensib-construcoes-sustentaveis-2311-marilene-marinho-13-300x200.jpg\",\"datePublished\":\"2013-08-25T09:54:00+00:00\",\"dateModified\":\"2025-10-10T11:57:00+00:00\",\"author\":{\"@id\":\"https:\/\/tremdavale.org\/pt\/#\/schema\/person\/50912137d47426d31329f246d02eaeca\"},\"breadcrumb\":{\"@id\":\"https:\/\/tremdavale.org\/pt\/oficina-de-sensibilizacao-para-construcoes-sustentaveis\/#breadcrumb\"},\"inLanguage\":\"pt-PT\",\"potentialAction\":[{\"@type\":\"ReadAction\",\"target\":[\"https:\/\/tremdavale.org\/pt\/oficina-de-sensibilizacao-para-construcoes-sustentaveis\/\"]}]},{\"@type\":\"ImageObject\",\"inLanguage\":\"pt-PT\",\"@id\":\"https:\/\/tremdavale.org\/pt\/oficina-de-sensibilizacao-para-construcoes-sustentaveis\/#primaryimage\",\"url\":\"https:\/\/tremdavale.org\/wp-content\/uploads\/oficina-sensib-construcoes-sustentaveis-2311-marilene-marinho-13-300x200.jpg\",\"contentUrl\":\"https:\/\/tremdavale.org\/wp-content\/uploads\/oficina-sensib-construcoes-sustentaveis-2311-marilene-marinho-13-300x200.jpg\",\"width\":300,\"height\":200},{\"@type\":\"BreadcrumbList\",\"@id\":\"https:\/\/tremdavale.org\/pt\/oficina-de-sensibilizacao-para-construcoes-sustentaveis\/#breadcrumb\",\"itemListElement\":[{\"@type\":\"ListItem\",\"position\":1,\"name\":\"In\u00edcio\",\"item\":\"https:\/\/tremdavale.org\/pt\/\"},{\"@type\":\"ListItem\",\"position\":2,\"name\":\"Oficina de Sensibiliza\u00e7\u00e3o para Constru\u00e7\u00f5es Sustent\u00e1veis\"}]},{\"@type\":\"WebSite\",\"@id\":\"https:\/\/tremdavale.org\/pt\/#website\",\"url\":\"https:\/\/tremdavale.org\/pt\/\",\"name\":\"Trem da Vale\",\"description\":\"Programa de Educa\u00e7\u00e3o Patrimonial\",\"potentialAction\":[{\"@type\":\"SearchAction\",\"target\":{\"@type\":\"EntryPoint\",\"urlTemplate\":\"https:\/\/tremdavale.org\/pt\/?s={search_term_string}\"},\"query-input\":{\"@type\":\"PropertyValueSpecification\",\"valueRequired\":true,\"valueName\":\"search_term_string\"}}],\"inLanguage\":\"pt-PT\"},{\"@type\":\"Person\",\"@id\":\"https:\/\/tremdavale.org\/pt\/#\/schema\/person\/50912137d47426d31329f246d02eaeca\",\"name\":\"admin\",\"image\":{\"@type\":\"ImageObject\",\"inLanguage\":\"pt-PT\",\"@id\":\"https:\/\/tremdavale.org\/pt\/#\/schema\/person\/image\/\",\"url\":\"https:\/\/secure.gravatar.com\/avatar\/b3564f0fda6ea47959fe96a4217203e79a167568a37409758659bc3ba443b452?s=96&d=mm&r=g\",\"contentUrl\":\"https:\/\/secure.gravatar.com\/avatar\/b3564f0fda6ea47959fe96a4217203e79a167568a37409758659bc3ba443b452?s=96&d=mm&r=g\",\"caption\":\"admin\"},\"sameAs\":[\"https:\/\/tremdavale.org\"],\"url\":\"https:\/\/tremdavale.org\/pt\/author\/admin\/\"}]}<\/script>\n<!-- \/ Yoast SEO plugin. -->","yoast_head_json":{"title":"Oficina de Sensibiliza\u00e7\u00e3o para Constru\u00e7\u00f5es Sustent\u00e1veis &#8212; Trem da Vale","robots":{"index":"index","follow":"follow","max-snippet":"max-snippet:-1","max-image-preview":"max-image-preview:large","max-video-preview":"max-video-preview:-1"},"canonical":"https:\/\/tremdavale.org\/pt\/oficina-de-sensibilizacao-para-construcoes-sustentaveis\/","og_locale":"pt_PT","og_type":"article","og_title":"Oficina de Sensibiliza\u00e7\u00e3o para Constru\u00e7\u00f5es Sustent\u00e1veis &#8212; Trem da Vale","og_description":"Nos dias 23 e 24 de novembro, o Programa de Educa\u00e7\u00e3o Patrimonial Trem da Vale promoveu a oficina de \u201cSensibiliza\u00e7\u00e3o para Constru\u00e7\u00f5es Sustent\u00e1veis\u201d, com o intuito de sensibilizar os participantes na sua rela\u00e7\u00e3o com os diferentes ambientes constru\u00eddos, desde o espa\u00e7o da casa, passando pelos locais de trabalho, com\u00e9rcio, lazer &hellip;","og_url":"https:\/\/tremdavale.org\/pt\/oficina-de-sensibilizacao-para-construcoes-sustentaveis\/","og_site_name":"Trem da Vale","article_published_time":"2013-08-25T09:54:00+00:00","article_modified_time":"2025-10-10T11:57:00+00:00","og_image":[{"width":300,"height":200,"url":"https:\/\/tremdavale.org\/wp-content\/uploads\/oficina-sensib-construcoes-sustentaveis-2311-marilene-marinho-13-300x200.jpg","type":"image\/jpeg"}],"author":"admin","twitter_card":"summary_large_image","twitter_misc":{"Escrito por":"admin","Tempo estimado de leitura":"2 minutos"},"schema":{"@context":"https:\/\/schema.org","@graph":[{"@type":"WebPage","@id":"https:\/\/tremdavale.org\/pt\/oficina-de-sensibilizacao-para-construcoes-sustentaveis\/","url":"https:\/\/tremdavale.org\/pt\/oficina-de-sensibilizacao-para-construcoes-sustentaveis\/","name":"Oficina de Sensibiliza\u00e7\u00e3o para Constru\u00e7\u00f5es Sustent\u00e1veis &#8212; Trem da Vale","isPartOf":{"@id":"https:\/\/tremdavale.org\/pt\/#website"},"primaryImageOfPage":{"@id":"https:\/\/tremdavale.org\/pt\/oficina-de-sensibilizacao-para-construcoes-sustentaveis\/#primaryimage"},"image":{"@id":"https:\/\/tremdavale.org\/pt\/oficina-de-sensibilizacao-para-construcoes-sustentaveis\/#primaryimage"},"thumbnailUrl":"https:\/\/tremdavale.org\/wp-content\/uploads\/oficina-sensib-construcoes-sustentaveis-2311-marilene-marinho-13-300x200.jpg","datePublished":"2013-08-25T09:54:00+00:00","dateModified":"2025-10-10T11:57:00+00:00","author":{"@id":"https:\/\/tremdavale.org\/pt\/#\/schema\/person\/50912137d47426d31329f246d02eaeca"},"breadcrumb":{"@id":"https:\/\/tremdavale.org\/pt\/oficina-de-sensibilizacao-para-construcoes-sustentaveis\/#breadcrumb"},"inLanguage":"pt-PT","potentialAction":[{"@type":"ReadAction","target":["https:\/\/tremdavale.org\/pt\/oficina-de-sensibilizacao-para-construcoes-sustentaveis\/"]}]},{"@type":"ImageObject","inLanguage":"pt-PT","@id":"https:\/\/tremdavale.org\/pt\/oficina-de-sensibilizacao-para-construcoes-sustentaveis\/#primaryimage","url":"https:\/\/tremdavale.org\/wp-content\/uploads\/oficina-sensib-construcoes-sustentaveis-2311-marilene-marinho-13-300x200.jpg","contentUrl":"https:\/\/tremdavale.org\/wp-content\/uploads\/oficina-sensib-construcoes-sustentaveis-2311-marilene-marinho-13-300x200.jpg","width":300,"height":200},{"@type":"BreadcrumbList","@id":"https:\/\/tremdavale.org\/pt\/oficina-de-sensibilizacao-para-construcoes-sustentaveis\/#breadcrumb","itemListElement":[{"@type":"ListItem","position":1,"name":"In\u00edcio","item":"https:\/\/tremdavale.org\/pt\/"},{"@type":"ListItem","position":2,"name":"Oficina de Sensibiliza\u00e7\u00e3o para Constru\u00e7\u00f5es Sustent\u00e1veis"}]},{"@type":"WebSite","@id":"https:\/\/tremdavale.org\/pt\/#website","url":"https:\/\/tremdavale.org\/pt\/","name":"Trem da Vale","description":"Programa de Educa\u00e7\u00e3o Patrimonial","potentialAction":[{"@type":"SearchAction","target":{"@type":"EntryPoint","urlTemplate":"https:\/\/tremdavale.org\/pt\/?s={search_term_string}"},"query-input":{"@type":"PropertyValueSpecification","valueRequired":true,"valueName":"search_term_string"}}],"inLanguage":"pt-PT"},{"@type":"Person","@id":"https:\/\/tremdavale.org\/pt\/#\/schema\/person\/50912137d47426d31329f246d02eaeca","name":"admin","image":{"@type":"ImageObject","inLanguage":"pt-PT","@id":"https:\/\/tremdavale.org\/pt\/#\/schema\/person\/image\/","url":"https:\/\/secure.gravatar.com\/avatar\/b3564f0fda6ea47959fe96a4217203e79a167568a37409758659bc3ba443b452?s=96&d=mm&r=g","contentUrl":"https:\/\/secure.gravatar.com\/avatar\/b3564f0fda6ea47959fe96a4217203e79a167568a37409758659bc3ba443b452?s=96&d=mm&r=g","caption":"admin"},"sameAs":["https:\/\/tremdavale.org"],"url":"https:\/\/tremdavale.org\/pt\/author\/admin\/"}]}},"_links":{"self":[{"href":"https:\/\/tremdavale.org\/pt\/wp-json\/wp\/v2\/posts\/244","targetHints":{"allow":["GET"]}}],"collection":[{"href":"https:\/\/tremdavale.org\/pt\/wp-json\/wp\/v2\/posts"}],"about":[{"href":"https:\/\/tremdavale.org\/pt\/wp-json\/wp\/v2\/types\/post"}],"author":[{"embeddable":true,"href":"https:\/\/tremdavale.org\/pt\/wp-json\/wp\/v2\/users\/1"}],"replies":[{"embeddable":true,"href":"https:\/\/tremdavale.org\/pt\/wp-json\/wp\/v2\/comments?post=244"}],"version-history":[{"count":0,"href":"https:\/\/tremdavale.org\/pt\/wp-json\/wp\/v2\/posts\/244\/revisions"}],"wp:featuredmedia":[{"embeddable":true,"href":"https:\/\/tremdavale.org\/pt\/wp-json\/wp\/v2\/media\/497"}],"wp:attachment":[{"href":"https:\/\/tremdavale.org\/pt\/wp-json\/wp\/v2\/media?parent=244"}],"wp:term":[{"taxonomy":"category","embeddable":true,"href":"https:\/\/tremdavale.org\/pt\/wp-json\/wp\/v2\/categories?post=244"},{"taxonomy":"post_tag","embeddable":true,"href":"https:\/\/tremdavale.org\/pt\/wp-json\/wp\/v2\/tags?post=244"}],"curies":[{"name":"wp","href":"https:\/\/api.w.org\/{rel}","templated":true}]}}