{"id":246,"date":"2011-09-11T18:22:00","date_gmt":"2011-09-11T18:22:00","guid":{"rendered":"https:\/\/tremdavale.org\/?p=246"},"modified":"2025-10-10T11:57:00","modified_gmt":"2025-10-10T11:57:00","slug":"oficinas-de-educacao-ambiental-no-trem-da-vale","status":"publish","type":"post","link":"https:\/\/tremdavale.org\/pt\/oficinas-de-educacao-ambiental-no-trem-da-vale\/","title":{"rendered":"Oficinas de Educa\u00e7\u00e3o Ambiental no Trem da Vale"},"content":{"rendered":"<p><img loading=\"lazy\" decoding=\"async\" class=\"size-medium\" title=\"clip_image002\" src=\"\/wp-content\/uploads\/clip_image002-300x268.jpg\" alt=\"Imagem criada a partir da oficina \u2018Mosaico com Res\u00edduos\u2019\" width=\"300\" height=\"268\"><\/p>\n<p>Imagem produzida a partir da oficina \u2018Mosaico com Res\u00edduos\u2019<\/p>\n<p>&nbsp;<\/p>\n<p>Durante os meses de fevereiro e mar\u00e7o as Esta\u00e7\u00f5es do Programa Trem da Vale ir\u00e3o sediar&nbsp;Oficinas do programa de Educa\u00e7\u00e3o Ambiental da Vale &#8211; Atitude Ambiental, voltadas para os representantes das comunidades de Ouro Preto e Mariana,<\/p>\n<p>Ser\u00e3o duas atividades distintas. A primeira delas, \u2018Livro sobre o Patrim\u00f4nio Cultural\u2019, busca documentar as riquezas e diversidades das manifesta\u00e7\u00f5es culturais por meio da confec\u00e7\u00e3o de livros, feitos a partir de retalhos, fotos, desenhos e colagens. Seu objetivo \u00e9 permitir reflex\u00f5es sobre a diferen\u00e7a e import\u00e2ncia do patrim\u00f4nio cultural, material e imaterial, bem como registrar a cultura e hist\u00f3ria local, a partir do olhar e escolhas est\u00e9ticas dos pr\u00f3prios participantes.<\/p>\n<p>J\u00e1 a segunda oficina, \u2018Mosaico com Res\u00edduos\u2019, objetiva desenvolver e agu\u00e7ar a percep\u00e7\u00e3o ambiental dos participantes, estimulando reflex\u00f5es sobre princ\u00edpios de reciclagem, reaproveitamento de materiais, consumo consciente e diferen\u00e7as entre lixo e res\u00edduos, por meio de t\u00e9cnicas manuais de arte, educa\u00e7\u00e3o e artesanato. Ao final, imagens representativas das localidades s\u00e3o transformadas num grande mosaico feito a partir da colagem de diversos materiais reciclados e recortados, como garrafas pet, papel\u00e3o e embalagens tetra pack.<\/p>\n<p>As inscri\u00e7\u00f5es para as oficinas do Programa Atitude Ambiental devem ser feitas junto \u00e0 Jaqueline Mandarino, do Centro de Educa\u00e7\u00e3o Ambiental das Minas de Alegria, pelo telefone (31) 3559-6371.<\/p>\n<p><strong>Calend\u00e1rio de Atividades:<\/strong><\/p>\n<p>Dia 24\/02 \u00e0s 13h: Oficina \u201cLivro de Patrim\u00f4nio\u201d, em Mariana<\/p>\n<p>Dia 25\/02 \u00e0s 13h: Oficina \u201cMosaico com Res\u00edduos\u201d, em Ouro Preto<\/p>\n<p>Dia 04\/03 \u00e0s 13h: Oficina \u201cMosaico com Res\u00edduos\u201d em Mariana<\/p>\n<p>Dia 05\/03 \u00e0s 13h: Oficina \u201cLivro de Patrim\u00f4nio\u201d, em Ouro Preto<\/p>\n<p><strong>Programa Atitude Ambiental<\/strong><\/p>\n<p>O Atitude Ambiental \u00e9 uma parceira da Vale com as prefeituras, secretarias de Educa\u00e7\u00e3o e de Meio Ambiente dos munic\u00edpios onde a empresa est\u00e1 presente em Minas Gerais para o desenvolvimento de a\u00e7\u00f5es processuais e cont\u00ednuas de educa\u00e7\u00e3o ambiental. S\u00e3o parceiros do Programa os professores e alunos das escolas da rede p\u00fablica de ensino e as lideran\u00e7as comunit\u00e1rias, al\u00e9m, \u00e9 claro, de todos os empregados &#8211; diretos e terceirizados &#8211; da empresa.<\/p>\n<p>O Programa tem por objetivo promover a conscientiza\u00e7\u00e3o, a constru\u00e7\u00e3o de conhecimento e a mobiliza\u00e7\u00e3o de seus parceiros para o fortalecimento de atitudes e valores que alicercem o desenvolvimento sustentado e colaborem para uma rela\u00e7\u00e3o harmoniosa com a minera\u00e7\u00e3o.<\/p>\n<p>&nbsp;<\/p>\n","protected":false},"excerpt":{"rendered":"<p>Imagem produzida a partir da oficina \u2018Mosaico com Res\u00edduos\u2019 &nbsp; Durante os meses de fevereiro e mar\u00e7o as Esta\u00e7\u00f5es do Programa Trem da Vale ir\u00e3o sediar&nbsp;Oficinas do programa de Educa\u00e7\u00e3o Ambiental da Vale &#8211; Atitude Ambiental, voltadas para os representantes das comunidades de Ouro Preto e Mariana, Ser\u00e3o duas atividades &hellip;<\/p>\n","protected":false},"author":1,"featured_media":499,"comment_status":"open","ping_status":"closed","sticky":false,"template":"","format":"standard","meta":{"footnotes":""},"categories":[3,5],"tags":[],"class_list":["post-246","post","type-post","status-publish","format-standard","has-post-thumbnail","hentry","category-noticias","category-noticias-destaque"],"yoast_head":"<!-- This site is optimized with the Yoast SEO plugin v26.1.1 - https:\/\/yoast.com\/wordpress\/plugins\/seo\/ -->\n<title>Oficinas de Educa\u00e7\u00e3o Ambiental no Trem da Vale &#8212; Trem da Vale<\/title>\n<meta name=\"robots\" content=\"index, follow, max-snippet:-1, max-image-preview:large, max-video-preview:-1\" \/>\n<link rel=\"canonical\" href=\"https:\/\/tremdavale.org\/pt\/oficinas-de-educacao-ambiental-no-trem-da-vale\/\" \/>\n<meta property=\"og:locale\" content=\"pt_PT\" \/>\n<meta property=\"og:type\" content=\"article\" \/>\n<meta property=\"og:title\" content=\"Oficinas de Educa\u00e7\u00e3o Ambiental no Trem da Vale &#8212; Trem da Vale\" \/>\n<meta property=\"og:description\" content=\"Imagem produzida a partir da oficina \u2018Mosaico com Res\u00edduos\u2019 &nbsp; Durante os meses de fevereiro e mar\u00e7o as Esta\u00e7\u00f5es do Programa Trem da Vale ir\u00e3o sediar&nbsp;Oficinas do programa de Educa\u00e7\u00e3o Ambiental da Vale &#8211; Atitude Ambiental, voltadas para os representantes das comunidades de Ouro Preto e Mariana, Ser\u00e3o duas atividades &hellip;\" \/>\n<meta property=\"og:url\" content=\"https:\/\/tremdavale.org\/pt\/oficinas-de-educacao-ambiental-no-trem-da-vale\/\" \/>\n<meta property=\"og:site_name\" content=\"Trem da Vale\" \/>\n<meta property=\"article:published_time\" content=\"2011-09-11T18:22:00+00:00\" \/>\n<meta property=\"article:modified_time\" content=\"2025-10-10T11:57:00+00:00\" \/>\n<meta property=\"og:image\" content=\"https:\/\/tremdavale.org\/wp-content\/uploads\/clip_image002-300x268.jpg\" \/>\n\t<meta property=\"og:image:width\" content=\"300\" \/>\n\t<meta property=\"og:image:height\" content=\"268\" \/>\n\t<meta property=\"og:image:type\" content=\"image\/jpeg\" \/>\n<meta name=\"author\" content=\"admin\" \/>\n<meta name=\"twitter:card\" content=\"summary_large_image\" \/>\n<meta name=\"twitter:label1\" content=\"Escrito por\" \/>\n\t<meta name=\"twitter:data1\" content=\"admin\" \/>\n\t<meta name=\"twitter:label2\" content=\"Tempo estimado de leitura\" \/>\n\t<meta name=\"twitter:data2\" content=\"2 minutos\" \/>\n<script type=\"application\/ld+json\" class=\"yoast-schema-graph\">{\"@context\":\"https:\/\/schema.org\",\"@graph\":[{\"@type\":\"WebPage\",\"@id\":\"https:\/\/tremdavale.org\/pt\/oficinas-de-educacao-ambiental-no-trem-da-vale\/\",\"url\":\"https:\/\/tremdavale.org\/pt\/oficinas-de-educacao-ambiental-no-trem-da-vale\/\",\"name\":\"Oficinas de Educa\u00e7\u00e3o Ambiental no Trem da Vale &#8212; Trem da Vale\",\"isPartOf\":{\"@id\":\"https:\/\/tremdavale.org\/pt\/#website\"},\"primaryImageOfPage\":{\"@id\":\"https:\/\/tremdavale.org\/pt\/oficinas-de-educacao-ambiental-no-trem-da-vale\/#primaryimage\"},\"image\":{\"@id\":\"https:\/\/tremdavale.org\/pt\/oficinas-de-educacao-ambiental-no-trem-da-vale\/#primaryimage\"},\"thumbnailUrl\":\"https:\/\/tremdavale.org\/wp-content\/uploads\/clip_image002-300x268.jpg\",\"datePublished\":\"2011-09-11T18:22:00+00:00\",\"dateModified\":\"2025-10-10T11:57:00+00:00\",\"author\":{\"@id\":\"https:\/\/tremdavale.org\/pt\/#\/schema\/person\/50912137d47426d31329f246d02eaeca\"},\"breadcrumb\":{\"@id\":\"https:\/\/tremdavale.org\/pt\/oficinas-de-educacao-ambiental-no-trem-da-vale\/#breadcrumb\"},\"inLanguage\":\"pt-PT\",\"potentialAction\":[{\"@type\":\"ReadAction\",\"target\":[\"https:\/\/tremdavale.org\/pt\/oficinas-de-educacao-ambiental-no-trem-da-vale\/\"]}]},{\"@type\":\"ImageObject\",\"inLanguage\":\"pt-PT\",\"@id\":\"https:\/\/tremdavale.org\/pt\/oficinas-de-educacao-ambiental-no-trem-da-vale\/#primaryimage\",\"url\":\"https:\/\/tremdavale.org\/wp-content\/uploads\/clip_image002-300x268.jpg\",\"contentUrl\":\"https:\/\/tremdavale.org\/wp-content\/uploads\/clip_image002-300x268.jpg\",\"width\":300,\"height\":268},{\"@type\":\"BreadcrumbList\",\"@id\":\"https:\/\/tremdavale.org\/pt\/oficinas-de-educacao-ambiental-no-trem-da-vale\/#breadcrumb\",\"itemListElement\":[{\"@type\":\"ListItem\",\"position\":1,\"name\":\"In\u00edcio\",\"item\":\"https:\/\/tremdavale.org\/pt\/\"},{\"@type\":\"ListItem\",\"position\":2,\"name\":\"Oficinas de Educa\u00e7\u00e3o Ambiental no Trem da Vale\"}]},{\"@type\":\"WebSite\",\"@id\":\"https:\/\/tremdavale.org\/pt\/#website\",\"url\":\"https:\/\/tremdavale.org\/pt\/\",\"name\":\"Trem da Vale\",\"description\":\"Programa de Educa\u00e7\u00e3o Patrimonial\",\"potentialAction\":[{\"@type\":\"SearchAction\",\"target\":{\"@type\":\"EntryPoint\",\"urlTemplate\":\"https:\/\/tremdavale.org\/pt\/?s={search_term_string}\"},\"query-input\":{\"@type\":\"PropertyValueSpecification\",\"valueRequired\":true,\"valueName\":\"search_term_string\"}}],\"inLanguage\":\"pt-PT\"},{\"@type\":\"Person\",\"@id\":\"https:\/\/tremdavale.org\/pt\/#\/schema\/person\/50912137d47426d31329f246d02eaeca\",\"name\":\"admin\",\"image\":{\"@type\":\"ImageObject\",\"inLanguage\":\"pt-PT\",\"@id\":\"https:\/\/tremdavale.org\/pt\/#\/schema\/person\/image\/\",\"url\":\"https:\/\/secure.gravatar.com\/avatar\/b3564f0fda6ea47959fe96a4217203e79a167568a37409758659bc3ba443b452?s=96&d=mm&r=g\",\"contentUrl\":\"https:\/\/secure.gravatar.com\/avatar\/b3564f0fda6ea47959fe96a4217203e79a167568a37409758659bc3ba443b452?s=96&d=mm&r=g\",\"caption\":\"admin\"},\"sameAs\":[\"https:\/\/tremdavale.org\"],\"url\":\"https:\/\/tremdavale.org\/pt\/author\/admin\/\"}]}<\/script>\n<!-- \/ Yoast SEO plugin. -->","yoast_head_json":{"title":"Oficinas de Educa\u00e7\u00e3o Ambiental no Trem da Vale &#8212; Trem da Vale","robots":{"index":"index","follow":"follow","max-snippet":"max-snippet:-1","max-image-preview":"max-image-preview:large","max-video-preview":"max-video-preview:-1"},"canonical":"https:\/\/tremdavale.org\/pt\/oficinas-de-educacao-ambiental-no-trem-da-vale\/","og_locale":"pt_PT","og_type":"article","og_title":"Oficinas de Educa\u00e7\u00e3o Ambiental no Trem da Vale &#8212; Trem da Vale","og_description":"Imagem produzida a partir da oficina \u2018Mosaico com Res\u00edduos\u2019 &nbsp; Durante os meses de fevereiro e mar\u00e7o as Esta\u00e7\u00f5es do Programa Trem da Vale ir\u00e3o sediar&nbsp;Oficinas do programa de Educa\u00e7\u00e3o Ambiental da Vale &#8211; Atitude Ambiental, voltadas para os representantes das comunidades de Ouro Preto e Mariana, Ser\u00e3o duas atividades &hellip;","og_url":"https:\/\/tremdavale.org\/pt\/oficinas-de-educacao-ambiental-no-trem-da-vale\/","og_site_name":"Trem da Vale","article_published_time":"2011-09-11T18:22:00+00:00","article_modified_time":"2025-10-10T11:57:00+00:00","og_image":[{"width":300,"height":268,"url":"https:\/\/tremdavale.org\/wp-content\/uploads\/clip_image002-300x268.jpg","type":"image\/jpeg"}],"author":"admin","twitter_card":"summary_large_image","twitter_misc":{"Escrito por":"admin","Tempo estimado de leitura":"2 minutos"},"schema":{"@context":"https:\/\/schema.org","@graph":[{"@type":"WebPage","@id":"https:\/\/tremdavale.org\/pt\/oficinas-de-educacao-ambiental-no-trem-da-vale\/","url":"https:\/\/tremdavale.org\/pt\/oficinas-de-educacao-ambiental-no-trem-da-vale\/","name":"Oficinas de Educa\u00e7\u00e3o Ambiental no Trem da Vale &#8212; Trem da Vale","isPartOf":{"@id":"https:\/\/tremdavale.org\/pt\/#website"},"primaryImageOfPage":{"@id":"https:\/\/tremdavale.org\/pt\/oficinas-de-educacao-ambiental-no-trem-da-vale\/#primaryimage"},"image":{"@id":"https:\/\/tremdavale.org\/pt\/oficinas-de-educacao-ambiental-no-trem-da-vale\/#primaryimage"},"thumbnailUrl":"https:\/\/tremdavale.org\/wp-content\/uploads\/clip_image002-300x268.jpg","datePublished":"2011-09-11T18:22:00+00:00","dateModified":"2025-10-10T11:57:00+00:00","author":{"@id":"https:\/\/tremdavale.org\/pt\/#\/schema\/person\/50912137d47426d31329f246d02eaeca"},"breadcrumb":{"@id":"https:\/\/tremdavale.org\/pt\/oficinas-de-educacao-ambiental-no-trem-da-vale\/#breadcrumb"},"inLanguage":"pt-PT","potentialAction":[{"@type":"ReadAction","target":["https:\/\/tremdavale.org\/pt\/oficinas-de-educacao-ambiental-no-trem-da-vale\/"]}]},{"@type":"ImageObject","inLanguage":"pt-PT","@id":"https:\/\/tremdavale.org\/pt\/oficinas-de-educacao-ambiental-no-trem-da-vale\/#primaryimage","url":"https:\/\/tremdavale.org\/wp-content\/uploads\/clip_image002-300x268.jpg","contentUrl":"https:\/\/tremdavale.org\/wp-content\/uploads\/clip_image002-300x268.jpg","width":300,"height":268},{"@type":"BreadcrumbList","@id":"https:\/\/tremdavale.org\/pt\/oficinas-de-educacao-ambiental-no-trem-da-vale\/#breadcrumb","itemListElement":[{"@type":"ListItem","position":1,"name":"In\u00edcio","item":"https:\/\/tremdavale.org\/pt\/"},{"@type":"ListItem","position":2,"name":"Oficinas de Educa\u00e7\u00e3o Ambiental no Trem da Vale"}]},{"@type":"WebSite","@id":"https:\/\/tremdavale.org\/pt\/#website","url":"https:\/\/tremdavale.org\/pt\/","name":"Trem da Vale","description":"Programa de Educa\u00e7\u00e3o Patrimonial","potentialAction":[{"@type":"SearchAction","target":{"@type":"EntryPoint","urlTemplate":"https:\/\/tremdavale.org\/pt\/?s={search_term_string}"},"query-input":{"@type":"PropertyValueSpecification","valueRequired":true,"valueName":"search_term_string"}}],"inLanguage":"pt-PT"},{"@type":"Person","@id":"https:\/\/tremdavale.org\/pt\/#\/schema\/person\/50912137d47426d31329f246d02eaeca","name":"admin","image":{"@type":"ImageObject","inLanguage":"pt-PT","@id":"https:\/\/tremdavale.org\/pt\/#\/schema\/person\/image\/","url":"https:\/\/secure.gravatar.com\/avatar\/b3564f0fda6ea47959fe96a4217203e79a167568a37409758659bc3ba443b452?s=96&d=mm&r=g","contentUrl":"https:\/\/secure.gravatar.com\/avatar\/b3564f0fda6ea47959fe96a4217203e79a167568a37409758659bc3ba443b452?s=96&d=mm&r=g","caption":"admin"},"sameAs":["https:\/\/tremdavale.org"],"url":"https:\/\/tremdavale.org\/pt\/author\/admin\/"}]}},"_links":{"self":[{"href":"https:\/\/tremdavale.org\/pt\/wp-json\/wp\/v2\/posts\/246","targetHints":{"allow":["GET"]}}],"collection":[{"href":"https:\/\/tremdavale.org\/pt\/wp-json\/wp\/v2\/posts"}],"about":[{"href":"https:\/\/tremdavale.org\/pt\/wp-json\/wp\/v2\/types\/post"}],"author":[{"embeddable":true,"href":"https:\/\/tremdavale.org\/pt\/wp-json\/wp\/v2\/users\/1"}],"replies":[{"embeddable":true,"href":"https:\/\/tremdavale.org\/pt\/wp-json\/wp\/v2\/comments?post=246"}],"version-history":[{"count":0,"href":"https:\/\/tremdavale.org\/pt\/wp-json\/wp\/v2\/posts\/246\/revisions"}],"wp:featuredmedia":[{"embeddable":true,"href":"https:\/\/tremdavale.org\/pt\/wp-json\/wp\/v2\/media\/499"}],"wp:attachment":[{"href":"https:\/\/tremdavale.org\/pt\/wp-json\/wp\/v2\/media?parent=246"}],"wp:term":[{"taxonomy":"category","embeddable":true,"href":"https:\/\/tremdavale.org\/pt\/wp-json\/wp\/v2\/categories?post=246"},{"taxonomy":"post_tag","embeddable":true,"href":"https:\/\/tremdavale.org\/pt\/wp-json\/wp\/v2\/tags?post=246"}],"curies":[{"name":"wp","href":"https:\/\/api.w.org\/{rel}","templated":true}]}}