{"id":247,"date":"2011-09-11T21:59:00","date_gmt":"2011-09-11T21:59:00","guid":{"rendered":"https:\/\/tremdavale.org\/?p=247"},"modified":"2025-10-10T11:57:00","modified_gmt":"2025-10-10T11:57:00","slug":"oficinas-de-tapete-devocional-no-trem-da-vale","status":"publish","type":"post","link":"https:\/\/tremdavale.org\/pt\/oficinas-de-tapete-devocional-no-trem-da-vale\/","title":{"rendered":"Oficinas de Tapete Devocional no Trem da Vale"},"content":{"rendered":"<p><img loading=\"lazy\" decoding=\"async\" class=\"size-medium\" title=\"confeccao-tapete-de-serragem-na-estacao-op-22-03-2008-2\" src=\"\/wp-content\/uploads\/confeccao-tapete-de-serragem-na-estacao-op-22-03-2008-2-300x223.jpg\" alt=\"Tapete Devocional\" width=\"300\" height=\"223\"><\/p>\n<p>Tapete Devocional<\/p>\n<p>&nbsp;<\/p>\n<p>Serragens, cores, sinos, tradi\u00e7\u00e3o e religiosidade. Esses s\u00e3o alguns elementos que comp\u00f5e a <strong>Semana Santa em Ouro Preto<\/strong>. Durante esse per\u00edodo, a popula\u00e7\u00e3o ouro-pretana manifesta sua f\u00e9 em celebra\u00e7\u00f5es e costumes, mantendo vivas tradi\u00e7\u00f5es centen\u00e1rias, como a confec\u00e7\u00e3o dos tapetes devocionais. As ruas da cidade s\u00e3o ornamentadas e decoradas com tapetes feitos de serragem, p\u00f3 de caf\u00e9, papel, areia e flores para a passagem da prociss\u00e3o da Ressurrei\u00e7\u00e3o no domingo de P\u00e1scoa.<\/p>\n<p>Outro costume desse per\u00edodo \u00e9 a produ\u00e7\u00e3o e distribui\u00e7\u00e3o das <strong>am\u00eandoas<\/strong>: um doce cujo preparo exige muito trabalho e paci\u00eancia. Usando a\u00e7\u00facar, amendoim &#8211; os ingredientes b\u00e1sicos &#8211; al\u00e9m de cravo, canela e erva-doce, que comp\u00f5e o tempero, as am\u00eandoas s\u00e3o preparadas em tachos de cobre. Com os dedos das m\u00e3os cobertos com casca de pinh\u00e3o, arranjo que torna poss\u00edvel o manuseio da mistura fervente que resultar\u00e1 nas delicadas am\u00eandoas, as doceiras, nessa \u00e9poca, mant\u00e9m a tradi\u00e7\u00e3o desse of\u00edcio refinado, onde cada etapa \u00e9 decisiva para o resultado final. As am\u00eandoas s\u00e3o distribu\u00eddas no domingo de P\u00e1scoa, ap\u00f3s a Prociss\u00e3o da Ressurrei\u00e7\u00e3o, mantendo viva a tradi\u00e7\u00e3o que \u00e9 passada de gera\u00e7\u00e3o em gera\u00e7\u00e3o.<\/p>\n<p>Para celebrar as tradi\u00e7\u00f5es da Semana Santa, o Trem da Vale oferece a <strong>Oficina Tapetes Devocionais<\/strong>, que acontecer\u00e1 no s\u00e1bado, a partir das 9h, na plataforma da Esta\u00e7\u00e3o de Ouro Preto. A oficina ser\u00e1 realizada com as crian\u00e7as da OCA, Projeto &#8211;&nbsp;\u201dCirco, Arte Educa\u00e7\u00e3o e Cidadania\u201d. Tamb\u00e9m no s\u00e1bado, a partir das 9h30, ser\u00e1 confeccionado um Tapete Devocional na plataforma da Esta\u00e7\u00e3o de Mariana &nbsp;com as crian\u00e7as da comunidade local e freq\u00fcentadores da Biblioteca Infanto-Juvenil.<\/p>\n<p>&nbsp;<\/p>\n","protected":false},"excerpt":{"rendered":"<p>Tapete Devocional &nbsp; Serragens, cores, sinos, tradi\u00e7\u00e3o e religiosidade. Esses s\u00e3o alguns elementos que comp\u00f5e a Semana Santa em Ouro Preto. Durante esse per\u00edodo, a popula\u00e7\u00e3o ouro-pretana manifesta sua f\u00e9 em celebra\u00e7\u00f5es e costumes, mantendo vivas tradi\u00e7\u00f5es centen\u00e1rias, como a confec\u00e7\u00e3o dos tapetes devocionais. As ruas da cidade s\u00e3o ornamentadas &hellip;<\/p>\n","protected":false},"author":1,"featured_media":500,"comment_status":"open","ping_status":"closed","sticky":false,"template":"","format":"standard","meta":{"footnotes":""},"categories":[3],"tags":[],"class_list":["post-247","post","type-post","status-publish","format-standard","has-post-thumbnail","hentry","category-noticias"],"yoast_head":"<!-- This site is optimized with the Yoast SEO plugin v26.1.1 - https:\/\/yoast.com\/wordpress\/plugins\/seo\/ -->\n<title>Oficinas de Tapete Devocional no Trem da Vale &#8212; Trem da Vale<\/title>\n<meta name=\"robots\" content=\"index, follow, max-snippet:-1, max-image-preview:large, max-video-preview:-1\" \/>\n<link rel=\"canonical\" href=\"https:\/\/tremdavale.org\/pt\/oficinas-de-tapete-devocional-no-trem-da-vale\/\" \/>\n<meta property=\"og:locale\" content=\"pt_PT\" \/>\n<meta property=\"og:type\" content=\"article\" \/>\n<meta property=\"og:title\" content=\"Oficinas de Tapete Devocional no Trem da Vale &#8212; Trem da Vale\" \/>\n<meta property=\"og:description\" content=\"Tapete Devocional &nbsp; Serragens, cores, sinos, tradi\u00e7\u00e3o e religiosidade. Esses s\u00e3o alguns elementos que comp\u00f5e a Semana Santa em Ouro Preto. Durante esse per\u00edodo, a popula\u00e7\u00e3o ouro-pretana manifesta sua f\u00e9 em celebra\u00e7\u00f5es e costumes, mantendo vivas tradi\u00e7\u00f5es centen\u00e1rias, como a confec\u00e7\u00e3o dos tapetes devocionais. As ruas da cidade s\u00e3o ornamentadas &hellip;\" \/>\n<meta property=\"og:url\" content=\"https:\/\/tremdavale.org\/pt\/oficinas-de-tapete-devocional-no-trem-da-vale\/\" \/>\n<meta property=\"og:site_name\" content=\"Trem da Vale\" \/>\n<meta property=\"article:published_time\" content=\"2011-09-11T21:59:00+00:00\" \/>\n<meta property=\"article:modified_time\" content=\"2025-10-10T11:57:00+00:00\" \/>\n<meta property=\"og:image\" content=\"https:\/\/tremdavale.org\/wp-content\/uploads\/confeccao-tapete-de-serragem-na-estacao-op-22-03-2008-2-300x223.jpg\" \/>\n\t<meta property=\"og:image:width\" content=\"300\" \/>\n\t<meta property=\"og:image:height\" content=\"223\" \/>\n\t<meta property=\"og:image:type\" content=\"image\/jpeg\" \/>\n<meta name=\"author\" content=\"admin\" \/>\n<meta name=\"twitter:card\" content=\"summary_large_image\" \/>\n<meta name=\"twitter:label1\" content=\"Escrito por\" \/>\n\t<meta name=\"twitter:data1\" content=\"admin\" \/>\n\t<meta name=\"twitter:label2\" content=\"Tempo estimado de leitura\" \/>\n\t<meta name=\"twitter:data2\" content=\"2 minutos\" \/>\n<script type=\"application\/ld+json\" class=\"yoast-schema-graph\">{\"@context\":\"https:\/\/schema.org\",\"@graph\":[{\"@type\":\"WebPage\",\"@id\":\"https:\/\/tremdavale.org\/pt\/oficinas-de-tapete-devocional-no-trem-da-vale\/\",\"url\":\"https:\/\/tremdavale.org\/pt\/oficinas-de-tapete-devocional-no-trem-da-vale\/\",\"name\":\"Oficinas de Tapete Devocional no Trem da Vale &#8212; Trem da Vale\",\"isPartOf\":{\"@id\":\"https:\/\/tremdavale.org\/pt\/#website\"},\"primaryImageOfPage\":{\"@id\":\"https:\/\/tremdavale.org\/pt\/oficinas-de-tapete-devocional-no-trem-da-vale\/#primaryimage\"},\"image\":{\"@id\":\"https:\/\/tremdavale.org\/pt\/oficinas-de-tapete-devocional-no-trem-da-vale\/#primaryimage\"},\"thumbnailUrl\":\"https:\/\/tremdavale.org\/wp-content\/uploads\/confeccao-tapete-de-serragem-na-estacao-op-22-03-2008-2-300x223.jpg\",\"datePublished\":\"2011-09-11T21:59:00+00:00\",\"dateModified\":\"2025-10-10T11:57:00+00:00\",\"author\":{\"@id\":\"https:\/\/tremdavale.org\/pt\/#\/schema\/person\/50912137d47426d31329f246d02eaeca\"},\"breadcrumb\":{\"@id\":\"https:\/\/tremdavale.org\/pt\/oficinas-de-tapete-devocional-no-trem-da-vale\/#breadcrumb\"},\"inLanguage\":\"pt-PT\",\"potentialAction\":[{\"@type\":\"ReadAction\",\"target\":[\"https:\/\/tremdavale.org\/pt\/oficinas-de-tapete-devocional-no-trem-da-vale\/\"]}]},{\"@type\":\"ImageObject\",\"inLanguage\":\"pt-PT\",\"@id\":\"https:\/\/tremdavale.org\/pt\/oficinas-de-tapete-devocional-no-trem-da-vale\/#primaryimage\",\"url\":\"https:\/\/tremdavale.org\/wp-content\/uploads\/confeccao-tapete-de-serragem-na-estacao-op-22-03-2008-2-300x223.jpg\",\"contentUrl\":\"https:\/\/tremdavale.org\/wp-content\/uploads\/confeccao-tapete-de-serragem-na-estacao-op-22-03-2008-2-300x223.jpg\",\"width\":300,\"height\":223},{\"@type\":\"BreadcrumbList\",\"@id\":\"https:\/\/tremdavale.org\/pt\/oficinas-de-tapete-devocional-no-trem-da-vale\/#breadcrumb\",\"itemListElement\":[{\"@type\":\"ListItem\",\"position\":1,\"name\":\"In\u00edcio\",\"item\":\"https:\/\/tremdavale.org\/pt\/\"},{\"@type\":\"ListItem\",\"position\":2,\"name\":\"Oficinas de Tapete Devocional no Trem da Vale\"}]},{\"@type\":\"WebSite\",\"@id\":\"https:\/\/tremdavale.org\/pt\/#website\",\"url\":\"https:\/\/tremdavale.org\/pt\/\",\"name\":\"Trem da Vale\",\"description\":\"Programa de Educa\u00e7\u00e3o Patrimonial\",\"potentialAction\":[{\"@type\":\"SearchAction\",\"target\":{\"@type\":\"EntryPoint\",\"urlTemplate\":\"https:\/\/tremdavale.org\/pt\/?s={search_term_string}\"},\"query-input\":{\"@type\":\"PropertyValueSpecification\",\"valueRequired\":true,\"valueName\":\"search_term_string\"}}],\"inLanguage\":\"pt-PT\"},{\"@type\":\"Person\",\"@id\":\"https:\/\/tremdavale.org\/pt\/#\/schema\/person\/50912137d47426d31329f246d02eaeca\",\"name\":\"admin\",\"image\":{\"@type\":\"ImageObject\",\"inLanguage\":\"pt-PT\",\"@id\":\"https:\/\/tremdavale.org\/pt\/#\/schema\/person\/image\/\",\"url\":\"https:\/\/secure.gravatar.com\/avatar\/b3564f0fda6ea47959fe96a4217203e79a167568a37409758659bc3ba443b452?s=96&d=mm&r=g\",\"contentUrl\":\"https:\/\/secure.gravatar.com\/avatar\/b3564f0fda6ea47959fe96a4217203e79a167568a37409758659bc3ba443b452?s=96&d=mm&r=g\",\"caption\":\"admin\"},\"sameAs\":[\"https:\/\/tremdavale.org\"],\"url\":\"https:\/\/tremdavale.org\/pt\/author\/admin\/\"}]}<\/script>\n<!-- \/ Yoast SEO plugin. -->","yoast_head_json":{"title":"Oficinas de Tapete Devocional no Trem da Vale &#8212; Trem da Vale","robots":{"index":"index","follow":"follow","max-snippet":"max-snippet:-1","max-image-preview":"max-image-preview:large","max-video-preview":"max-video-preview:-1"},"canonical":"https:\/\/tremdavale.org\/pt\/oficinas-de-tapete-devocional-no-trem-da-vale\/","og_locale":"pt_PT","og_type":"article","og_title":"Oficinas de Tapete Devocional no Trem da Vale &#8212; Trem da Vale","og_description":"Tapete Devocional &nbsp; Serragens, cores, sinos, tradi\u00e7\u00e3o e religiosidade. Esses s\u00e3o alguns elementos que comp\u00f5e a Semana Santa em Ouro Preto. Durante esse per\u00edodo, a popula\u00e7\u00e3o ouro-pretana manifesta sua f\u00e9 em celebra\u00e7\u00f5es e costumes, mantendo vivas tradi\u00e7\u00f5es centen\u00e1rias, como a confec\u00e7\u00e3o dos tapetes devocionais. As ruas da cidade s\u00e3o ornamentadas &hellip;","og_url":"https:\/\/tremdavale.org\/pt\/oficinas-de-tapete-devocional-no-trem-da-vale\/","og_site_name":"Trem da Vale","article_published_time":"2011-09-11T21:59:00+00:00","article_modified_time":"2025-10-10T11:57:00+00:00","og_image":[{"width":300,"height":223,"url":"https:\/\/tremdavale.org\/wp-content\/uploads\/confeccao-tapete-de-serragem-na-estacao-op-22-03-2008-2-300x223.jpg","type":"image\/jpeg"}],"author":"admin","twitter_card":"summary_large_image","twitter_misc":{"Escrito por":"admin","Tempo estimado de leitura":"2 minutos"},"schema":{"@context":"https:\/\/schema.org","@graph":[{"@type":"WebPage","@id":"https:\/\/tremdavale.org\/pt\/oficinas-de-tapete-devocional-no-trem-da-vale\/","url":"https:\/\/tremdavale.org\/pt\/oficinas-de-tapete-devocional-no-trem-da-vale\/","name":"Oficinas de Tapete Devocional no Trem da Vale &#8212; Trem da Vale","isPartOf":{"@id":"https:\/\/tremdavale.org\/pt\/#website"},"primaryImageOfPage":{"@id":"https:\/\/tremdavale.org\/pt\/oficinas-de-tapete-devocional-no-trem-da-vale\/#primaryimage"},"image":{"@id":"https:\/\/tremdavale.org\/pt\/oficinas-de-tapete-devocional-no-trem-da-vale\/#primaryimage"},"thumbnailUrl":"https:\/\/tremdavale.org\/wp-content\/uploads\/confeccao-tapete-de-serragem-na-estacao-op-22-03-2008-2-300x223.jpg","datePublished":"2011-09-11T21:59:00+00:00","dateModified":"2025-10-10T11:57:00+00:00","author":{"@id":"https:\/\/tremdavale.org\/pt\/#\/schema\/person\/50912137d47426d31329f246d02eaeca"},"breadcrumb":{"@id":"https:\/\/tremdavale.org\/pt\/oficinas-de-tapete-devocional-no-trem-da-vale\/#breadcrumb"},"inLanguage":"pt-PT","potentialAction":[{"@type":"ReadAction","target":["https:\/\/tremdavale.org\/pt\/oficinas-de-tapete-devocional-no-trem-da-vale\/"]}]},{"@type":"ImageObject","inLanguage":"pt-PT","@id":"https:\/\/tremdavale.org\/pt\/oficinas-de-tapete-devocional-no-trem-da-vale\/#primaryimage","url":"https:\/\/tremdavale.org\/wp-content\/uploads\/confeccao-tapete-de-serragem-na-estacao-op-22-03-2008-2-300x223.jpg","contentUrl":"https:\/\/tremdavale.org\/wp-content\/uploads\/confeccao-tapete-de-serragem-na-estacao-op-22-03-2008-2-300x223.jpg","width":300,"height":223},{"@type":"BreadcrumbList","@id":"https:\/\/tremdavale.org\/pt\/oficinas-de-tapete-devocional-no-trem-da-vale\/#breadcrumb","itemListElement":[{"@type":"ListItem","position":1,"name":"In\u00edcio","item":"https:\/\/tremdavale.org\/pt\/"},{"@type":"ListItem","position":2,"name":"Oficinas de Tapete Devocional no Trem da Vale"}]},{"@type":"WebSite","@id":"https:\/\/tremdavale.org\/pt\/#website","url":"https:\/\/tremdavale.org\/pt\/","name":"Trem da Vale","description":"Programa de Educa\u00e7\u00e3o Patrimonial","potentialAction":[{"@type":"SearchAction","target":{"@type":"EntryPoint","urlTemplate":"https:\/\/tremdavale.org\/pt\/?s={search_term_string}"},"query-input":{"@type":"PropertyValueSpecification","valueRequired":true,"valueName":"search_term_string"}}],"inLanguage":"pt-PT"},{"@type":"Person","@id":"https:\/\/tremdavale.org\/pt\/#\/schema\/person\/50912137d47426d31329f246d02eaeca","name":"admin","image":{"@type":"ImageObject","inLanguage":"pt-PT","@id":"https:\/\/tremdavale.org\/pt\/#\/schema\/person\/image\/","url":"https:\/\/secure.gravatar.com\/avatar\/b3564f0fda6ea47959fe96a4217203e79a167568a37409758659bc3ba443b452?s=96&d=mm&r=g","contentUrl":"https:\/\/secure.gravatar.com\/avatar\/b3564f0fda6ea47959fe96a4217203e79a167568a37409758659bc3ba443b452?s=96&d=mm&r=g","caption":"admin"},"sameAs":["https:\/\/tremdavale.org"],"url":"https:\/\/tremdavale.org\/pt\/author\/admin\/"}]}},"_links":{"self":[{"href":"https:\/\/tremdavale.org\/pt\/wp-json\/wp\/v2\/posts\/247","targetHints":{"allow":["GET"]}}],"collection":[{"href":"https:\/\/tremdavale.org\/pt\/wp-json\/wp\/v2\/posts"}],"about":[{"href":"https:\/\/tremdavale.org\/pt\/wp-json\/wp\/v2\/types\/post"}],"author":[{"embeddable":true,"href":"https:\/\/tremdavale.org\/pt\/wp-json\/wp\/v2\/users\/1"}],"replies":[{"embeddable":true,"href":"https:\/\/tremdavale.org\/pt\/wp-json\/wp\/v2\/comments?post=247"}],"version-history":[{"count":0,"href":"https:\/\/tremdavale.org\/pt\/wp-json\/wp\/v2\/posts\/247\/revisions"}],"wp:featuredmedia":[{"embeddable":true,"href":"https:\/\/tremdavale.org\/pt\/wp-json\/wp\/v2\/media\/500"}],"wp:attachment":[{"href":"https:\/\/tremdavale.org\/pt\/wp-json\/wp\/v2\/media?parent=247"}],"wp:term":[{"taxonomy":"category","embeddable":true,"href":"https:\/\/tremdavale.org\/pt\/wp-json\/wp\/v2\/categories?post=247"},{"taxonomy":"post_tag","embeddable":true,"href":"https:\/\/tremdavale.org\/pt\/wp-json\/wp\/v2\/tags?post=247"}],"curies":[{"name":"wp","href":"https:\/\/api.w.org\/{rel}","templated":true}]}}