{"id":248,"date":"2011-09-10T15:33:00","date_gmt":"2011-09-10T15:33:00","guid":{"rendered":"https:\/\/tremdavale.org\/?p=248"},"modified":"2025-10-10T11:57:00","modified_gmt":"2025-10-10T11:57:00","slug":"ouro-preto-ganha-nova-biblioteca","status":"publish","type":"post","link":"https:\/\/tremdavale.org\/pt\/ouro-preto-ganha-nova-biblioteca\/","title":{"rendered":"Ouro Preto ganha nova biblioteca"},"content":{"rendered":"<p><em><\/em><\/p>\n<p><em><\/em><\/p>\n<address><em><img loading=\"lazy\" decoding=\"async\" class=\"size-medium alignright\" title=\"imagem-da-nova-biblioteca\" src=\"\/wp-content\/uploads\/imagem-da-nova-biblioteca-300x223.jpg\" alt=\"imagem-da-nova-biblioteca\" width=\"300\" height=\"223\"><span style=\"color: #008080;\">Esta\u00e7\u00e3o de Ouro Preto ganha Ponto de Leitura, pr\u00eamio concedido pelo Minist\u00e9rio da Cultura em reconhecimento \u00e0s a\u00e7\u00f5es do Programa Trem da Vale<\/span><\/em><\/address>\n<p>A partir do m\u00eas de julho, os moradores de Ouro Preto ganham um novo espa\u00e7o para leitura. A esta\u00e7\u00e3o de Ouro Preto, do Programa de Educa\u00e7\u00e3o Patrimonial Trem da Vale, receber\u00e1 a Biblioteca Infanto-juvenil de Ouro Preto, que atender\u00e1 a toda a comunidade, com foco em crian\u00e7as e adolescentes.<\/p>\n<p>A Biblioteca Infanto-juvenil de Ouro Preto \u00e9 uma extens\u00e3o da Biblioteca de Mariana, que possui hoje cerca de 4.300 livros em seu acervo, e ainda peri\u00f3dicos e filmes nacionais e estrangeiros relacionados com a tem\u00e1tica do patrim\u00f4nio natural e cultural, hist\u00f3ria e mem\u00f3ria.<\/p>\n<p>Os usu\u00e1rios da nova biblioteca ter\u00e3o acesso a todos os t\u00edtulos do acervo de Mariana, e ainda a 650 livros que ser\u00e3o doados pelo Minist\u00e9rio da Cultura atrav\u00e9s do Pr\u00eamio Pontos de Leitura &#8211; edi\u00e7\u00e3o Machado de Assis, em reconhecimento \u00e0s a\u00e7\u00f5es da Biblioteca Infanto-juvenil do Programa Trem da Vale, voltadas para a democratiza\u00e7\u00e3o do acesso ao livro e o incentivo \u00e0 leitura.<\/p>\n<p>Al\u00e9m dos livros, a biblioteca Infanto-juvenil de Ouro Preto ter\u00e1 quatro computadores para acesso \u00e0 internet, possibilitando aos usu\u00e1rios a inser\u00e7\u00e3o no ambiente da web para estudo, consulta e pesquisa.<\/p>\n<p>A partir de agosto, ser\u00e1 realizado um programa de visita\u00e7\u00e3o junto \u00e0s escolas da rede p\u00fablica da regi\u00e3o, ampliando o alcance da biblioteca aos alunos e professores de Ouro Preto e distritos vizinhos. A proposta \u00e9 familiariz\u00e1-los com esse ambiente de leitura, e incentivar o uso desse espa\u00e7o dentro e fora do hor\u00e1rio das aulas.<\/p>\n<p>A biblioteca funcionar\u00e1 de ter\u00e7a a domingo e feriados nacionais, das 9h \u00e0s 17h. Os usu\u00e1rios poder\u00e3o fazer a carteirinha para empr\u00e9stimo de livros, mediante a apresenta\u00e7\u00e3o de foto 3\u00d74 e dos documentos de identidade, CPF e comprovante de resid\u00eancia atual. Para os menores de dezoito anos, ser\u00e1 necess\u00e1rio o comparecimento de um respons\u00e1vel e a apresenta\u00e7\u00e3o de documentos do mesmo.<\/p>\n<p>A solenidade de inaugura\u00e7\u00e3o da biblioteca acontecer\u00e1 no dia 03 de julho, sexta feira, \u00e0s 14h, na Tenda Cultural da Esta\u00e7\u00e3o de Ouro Preto.<\/p>\n<p>&nbsp;<\/p>\n","protected":false},"excerpt":{"rendered":"<p>Esta\u00e7\u00e3o de Ouro Preto ganha Ponto de Leitura, pr\u00eamio concedido pelo Minist\u00e9rio da Cultura em reconhecimento \u00e0s a\u00e7\u00f5es do Programa Trem da Vale A partir do m\u00eas de julho, os moradores de Ouro Preto ganham um novo espa\u00e7o para leitura. A esta\u00e7\u00e3o de Ouro Preto, do Programa de Educa\u00e7\u00e3o Patrimonial &hellip;<\/p>\n","protected":false},"author":1,"featured_media":501,"comment_status":"open","ping_status":"closed","sticky":false,"template":"","format":"standard","meta":{"footnotes":""},"categories":[3],"tags":[],"class_list":["post-248","post","type-post","status-publish","format-standard","has-post-thumbnail","hentry","category-noticias"],"yoast_head":"<!-- This site is optimized with the Yoast SEO plugin v26.1.1 - https:\/\/yoast.com\/wordpress\/plugins\/seo\/ -->\n<title>Ouro Preto ganha nova biblioteca &#8212; Trem da Vale<\/title>\n<meta name=\"robots\" content=\"index, follow, max-snippet:-1, max-image-preview:large, max-video-preview:-1\" \/>\n<link rel=\"canonical\" href=\"https:\/\/tremdavale.org\/pt\/ouro-preto-ganha-nova-biblioteca\/\" \/>\n<meta property=\"og:locale\" content=\"pt_PT\" \/>\n<meta property=\"og:type\" content=\"article\" \/>\n<meta property=\"og:title\" content=\"Ouro Preto ganha nova biblioteca &#8212; Trem da Vale\" \/>\n<meta property=\"og:description\" content=\"Esta\u00e7\u00e3o de Ouro Preto ganha Ponto de Leitura, pr\u00eamio concedido pelo Minist\u00e9rio da Cultura em reconhecimento \u00e0s a\u00e7\u00f5es do Programa Trem da Vale A partir do m\u00eas de julho, os moradores de Ouro Preto ganham um novo espa\u00e7o para leitura. A esta\u00e7\u00e3o de Ouro Preto, do Programa de Educa\u00e7\u00e3o Patrimonial &hellip;\" \/>\n<meta property=\"og:url\" content=\"https:\/\/tremdavale.org\/pt\/ouro-preto-ganha-nova-biblioteca\/\" \/>\n<meta property=\"og:site_name\" content=\"Trem da Vale\" \/>\n<meta property=\"article:published_time\" content=\"2011-09-10T15:33:00+00:00\" \/>\n<meta property=\"article:modified_time\" content=\"2025-10-10T11:57:00+00:00\" \/>\n<meta property=\"og:image\" content=\"https:\/\/tremdavale.org\/wp-content\/uploads\/imagem-da-nova-biblioteca-300x223.jpg\" \/>\n\t<meta property=\"og:image:width\" content=\"300\" \/>\n\t<meta property=\"og:image:height\" content=\"223\" \/>\n\t<meta property=\"og:image:type\" content=\"image\/jpeg\" \/>\n<meta name=\"author\" content=\"admin\" \/>\n<meta name=\"twitter:card\" content=\"summary_large_image\" \/>\n<meta name=\"twitter:label1\" content=\"Escrito por\" \/>\n\t<meta name=\"twitter:data1\" content=\"admin\" \/>\n\t<meta name=\"twitter:label2\" content=\"Tempo estimado de leitura\" \/>\n\t<meta name=\"twitter:data2\" content=\"2 minutos\" \/>\n<script type=\"application\/ld+json\" class=\"yoast-schema-graph\">{\"@context\":\"https:\/\/schema.org\",\"@graph\":[{\"@type\":\"WebPage\",\"@id\":\"https:\/\/tremdavale.org\/pt\/ouro-preto-ganha-nova-biblioteca\/\",\"url\":\"https:\/\/tremdavale.org\/pt\/ouro-preto-ganha-nova-biblioteca\/\",\"name\":\"Ouro Preto ganha nova biblioteca &#8212; Trem da Vale\",\"isPartOf\":{\"@id\":\"https:\/\/tremdavale.org\/pt\/#website\"},\"primaryImageOfPage\":{\"@id\":\"https:\/\/tremdavale.org\/pt\/ouro-preto-ganha-nova-biblioteca\/#primaryimage\"},\"image\":{\"@id\":\"https:\/\/tremdavale.org\/pt\/ouro-preto-ganha-nova-biblioteca\/#primaryimage\"},\"thumbnailUrl\":\"https:\/\/tremdavale.org\/wp-content\/uploads\/imagem-da-nova-biblioteca-300x223.jpg\",\"datePublished\":\"2011-09-10T15:33:00+00:00\",\"dateModified\":\"2025-10-10T11:57:00+00:00\",\"author\":{\"@id\":\"https:\/\/tremdavale.org\/pt\/#\/schema\/person\/50912137d47426d31329f246d02eaeca\"},\"breadcrumb\":{\"@id\":\"https:\/\/tremdavale.org\/pt\/ouro-preto-ganha-nova-biblioteca\/#breadcrumb\"},\"inLanguage\":\"pt-PT\",\"potentialAction\":[{\"@type\":\"ReadAction\",\"target\":[\"https:\/\/tremdavale.org\/pt\/ouro-preto-ganha-nova-biblioteca\/\"]}]},{\"@type\":\"ImageObject\",\"inLanguage\":\"pt-PT\",\"@id\":\"https:\/\/tremdavale.org\/pt\/ouro-preto-ganha-nova-biblioteca\/#primaryimage\",\"url\":\"https:\/\/tremdavale.org\/wp-content\/uploads\/imagem-da-nova-biblioteca-300x223.jpg\",\"contentUrl\":\"https:\/\/tremdavale.org\/wp-content\/uploads\/imagem-da-nova-biblioteca-300x223.jpg\",\"width\":300,\"height\":223},{\"@type\":\"BreadcrumbList\",\"@id\":\"https:\/\/tremdavale.org\/pt\/ouro-preto-ganha-nova-biblioteca\/#breadcrumb\",\"itemListElement\":[{\"@type\":\"ListItem\",\"position\":1,\"name\":\"In\u00edcio\",\"item\":\"https:\/\/tremdavale.org\/pt\/\"},{\"@type\":\"ListItem\",\"position\":2,\"name\":\"Ouro Preto ganha nova biblioteca\"}]},{\"@type\":\"WebSite\",\"@id\":\"https:\/\/tremdavale.org\/pt\/#website\",\"url\":\"https:\/\/tremdavale.org\/pt\/\",\"name\":\"Trem da Vale\",\"description\":\"Programa de Educa\u00e7\u00e3o Patrimonial\",\"potentialAction\":[{\"@type\":\"SearchAction\",\"target\":{\"@type\":\"EntryPoint\",\"urlTemplate\":\"https:\/\/tremdavale.org\/pt\/?s={search_term_string}\"},\"query-input\":{\"@type\":\"PropertyValueSpecification\",\"valueRequired\":true,\"valueName\":\"search_term_string\"}}],\"inLanguage\":\"pt-PT\"},{\"@type\":\"Person\",\"@id\":\"https:\/\/tremdavale.org\/pt\/#\/schema\/person\/50912137d47426d31329f246d02eaeca\",\"name\":\"admin\",\"image\":{\"@type\":\"ImageObject\",\"inLanguage\":\"pt-PT\",\"@id\":\"https:\/\/tremdavale.org\/pt\/#\/schema\/person\/image\/\",\"url\":\"https:\/\/secure.gravatar.com\/avatar\/b3564f0fda6ea47959fe96a4217203e79a167568a37409758659bc3ba443b452?s=96&d=mm&r=g\",\"contentUrl\":\"https:\/\/secure.gravatar.com\/avatar\/b3564f0fda6ea47959fe96a4217203e79a167568a37409758659bc3ba443b452?s=96&d=mm&r=g\",\"caption\":\"admin\"},\"sameAs\":[\"https:\/\/tremdavale.org\"],\"url\":\"https:\/\/tremdavale.org\/pt\/author\/admin\/\"}]}<\/script>\n<!-- \/ Yoast SEO plugin. -->","yoast_head_json":{"title":"Ouro Preto ganha nova biblioteca &#8212; Trem da Vale","robots":{"index":"index","follow":"follow","max-snippet":"max-snippet:-1","max-image-preview":"max-image-preview:large","max-video-preview":"max-video-preview:-1"},"canonical":"https:\/\/tremdavale.org\/pt\/ouro-preto-ganha-nova-biblioteca\/","og_locale":"pt_PT","og_type":"article","og_title":"Ouro Preto ganha nova biblioteca &#8212; Trem da Vale","og_description":"Esta\u00e7\u00e3o de Ouro Preto ganha Ponto de Leitura, pr\u00eamio concedido pelo Minist\u00e9rio da Cultura em reconhecimento \u00e0s a\u00e7\u00f5es do Programa Trem da Vale A partir do m\u00eas de julho, os moradores de Ouro Preto ganham um novo espa\u00e7o para leitura. A esta\u00e7\u00e3o de Ouro Preto, do Programa de Educa\u00e7\u00e3o Patrimonial &hellip;","og_url":"https:\/\/tremdavale.org\/pt\/ouro-preto-ganha-nova-biblioteca\/","og_site_name":"Trem da Vale","article_published_time":"2011-09-10T15:33:00+00:00","article_modified_time":"2025-10-10T11:57:00+00:00","og_image":[{"width":300,"height":223,"url":"https:\/\/tremdavale.org\/wp-content\/uploads\/imagem-da-nova-biblioteca-300x223.jpg","type":"image\/jpeg"}],"author":"admin","twitter_card":"summary_large_image","twitter_misc":{"Escrito por":"admin","Tempo estimado de leitura":"2 minutos"},"schema":{"@context":"https:\/\/schema.org","@graph":[{"@type":"WebPage","@id":"https:\/\/tremdavale.org\/pt\/ouro-preto-ganha-nova-biblioteca\/","url":"https:\/\/tremdavale.org\/pt\/ouro-preto-ganha-nova-biblioteca\/","name":"Ouro Preto ganha nova biblioteca &#8212; Trem da Vale","isPartOf":{"@id":"https:\/\/tremdavale.org\/pt\/#website"},"primaryImageOfPage":{"@id":"https:\/\/tremdavale.org\/pt\/ouro-preto-ganha-nova-biblioteca\/#primaryimage"},"image":{"@id":"https:\/\/tremdavale.org\/pt\/ouro-preto-ganha-nova-biblioteca\/#primaryimage"},"thumbnailUrl":"https:\/\/tremdavale.org\/wp-content\/uploads\/imagem-da-nova-biblioteca-300x223.jpg","datePublished":"2011-09-10T15:33:00+00:00","dateModified":"2025-10-10T11:57:00+00:00","author":{"@id":"https:\/\/tremdavale.org\/pt\/#\/schema\/person\/50912137d47426d31329f246d02eaeca"},"breadcrumb":{"@id":"https:\/\/tremdavale.org\/pt\/ouro-preto-ganha-nova-biblioteca\/#breadcrumb"},"inLanguage":"pt-PT","potentialAction":[{"@type":"ReadAction","target":["https:\/\/tremdavale.org\/pt\/ouro-preto-ganha-nova-biblioteca\/"]}]},{"@type":"ImageObject","inLanguage":"pt-PT","@id":"https:\/\/tremdavale.org\/pt\/ouro-preto-ganha-nova-biblioteca\/#primaryimage","url":"https:\/\/tremdavale.org\/wp-content\/uploads\/imagem-da-nova-biblioteca-300x223.jpg","contentUrl":"https:\/\/tremdavale.org\/wp-content\/uploads\/imagem-da-nova-biblioteca-300x223.jpg","width":300,"height":223},{"@type":"BreadcrumbList","@id":"https:\/\/tremdavale.org\/pt\/ouro-preto-ganha-nova-biblioteca\/#breadcrumb","itemListElement":[{"@type":"ListItem","position":1,"name":"In\u00edcio","item":"https:\/\/tremdavale.org\/pt\/"},{"@type":"ListItem","position":2,"name":"Ouro Preto ganha nova biblioteca"}]},{"@type":"WebSite","@id":"https:\/\/tremdavale.org\/pt\/#website","url":"https:\/\/tremdavale.org\/pt\/","name":"Trem da Vale","description":"Programa de Educa\u00e7\u00e3o Patrimonial","potentialAction":[{"@type":"SearchAction","target":{"@type":"EntryPoint","urlTemplate":"https:\/\/tremdavale.org\/pt\/?s={search_term_string}"},"query-input":{"@type":"PropertyValueSpecification","valueRequired":true,"valueName":"search_term_string"}}],"inLanguage":"pt-PT"},{"@type":"Person","@id":"https:\/\/tremdavale.org\/pt\/#\/schema\/person\/50912137d47426d31329f246d02eaeca","name":"admin","image":{"@type":"ImageObject","inLanguage":"pt-PT","@id":"https:\/\/tremdavale.org\/pt\/#\/schema\/person\/image\/","url":"https:\/\/secure.gravatar.com\/avatar\/b3564f0fda6ea47959fe96a4217203e79a167568a37409758659bc3ba443b452?s=96&d=mm&r=g","contentUrl":"https:\/\/secure.gravatar.com\/avatar\/b3564f0fda6ea47959fe96a4217203e79a167568a37409758659bc3ba443b452?s=96&d=mm&r=g","caption":"admin"},"sameAs":["https:\/\/tremdavale.org"],"url":"https:\/\/tremdavale.org\/pt\/author\/admin\/"}]}},"_links":{"self":[{"href":"https:\/\/tremdavale.org\/pt\/wp-json\/wp\/v2\/posts\/248","targetHints":{"allow":["GET"]}}],"collection":[{"href":"https:\/\/tremdavale.org\/pt\/wp-json\/wp\/v2\/posts"}],"about":[{"href":"https:\/\/tremdavale.org\/pt\/wp-json\/wp\/v2\/types\/post"}],"author":[{"embeddable":true,"href":"https:\/\/tremdavale.org\/pt\/wp-json\/wp\/v2\/users\/1"}],"replies":[{"embeddable":true,"href":"https:\/\/tremdavale.org\/pt\/wp-json\/wp\/v2\/comments?post=248"}],"version-history":[{"count":0,"href":"https:\/\/tremdavale.org\/pt\/wp-json\/wp\/v2\/posts\/248\/revisions"}],"wp:featuredmedia":[{"embeddable":true,"href":"https:\/\/tremdavale.org\/pt\/wp-json\/wp\/v2\/media\/501"}],"wp:attachment":[{"href":"https:\/\/tremdavale.org\/pt\/wp-json\/wp\/v2\/media?parent=248"}],"wp:term":[{"taxonomy":"category","embeddable":true,"href":"https:\/\/tremdavale.org\/pt\/wp-json\/wp\/v2\/categories?post=248"},{"taxonomy":"post_tag","embeddable":true,"href":"https:\/\/tremdavale.org\/pt\/wp-json\/wp\/v2\/tags?post=248"}],"curies":[{"name":"wp","href":"https:\/\/api.w.org\/{rel}","templated":true}]}}