{"id":250,"date":"2011-09-12T05:38:00","date_gmt":"2011-09-12T05:38:00","guid":{"rendered":"https:\/\/tremdavale.org\/?p=250"},"modified":"2025-10-10T11:57:00","modified_gmt":"2025-10-10T11:57:00","slug":"programa-trem-da-vale-5-anos-muito-alem-dos-trilhos","status":"publish","type":"post","link":"https:\/\/tremdavale.org\/pt\/programa-trem-da-vale-5-anos-muito-alem-dos-trilhos\/","title":{"rendered":"Programa Trem da Vale &#8211; 5 anos! Muito al\u00e9m dos trilhos"},"content":{"rendered":"<p><img loading=\"lazy\" decoding=\"async\" class=\"alignright size-medium\" title=\"_dsc1584_baixa\" src=\"\/wp-content\/uploads\/_dsc1584_baixa-300x200.jpg\" alt=\"_dsc1584_baixa\" width=\"300\" height=\"200\"><\/p>\n<p>No m\u00eas de maio, a Funda\u00e7\u00e3o Vale comemorou cinco anos de atividades do Programa de Educa\u00e7\u00e3o Patrimonial Trem da Vale!<\/p>\n<p style=\"text-align: justify;\">Implantado junto com a reativa\u00e7\u00e3o da linha f\u00e9rrea Ouro Preto-Mariana, o Programa faz parte da estrat\u00e9gia da Funda\u00e7\u00e3o Vale de valorizar a cultura e preservar a mem\u00f3ria patrimonial brasileira, promovendo ao mesmo tempo a forma\u00e7\u00e3o e o desenvolvimento dos indiv\u00edduos, especialmente os jovens. O p\u00fablico preferencial do Programa \u00e9 a popula\u00e7\u00e3o local, professores e alunos do Ensino Fundamental, entidades comunit\u00e1rias e visitantes em geral.<\/p>\n<p>Quem ainda n\u00e3o conhece a cultura local, passa a conhec\u00ea-la; quem j\u00e1 conhece bem, divulga seu conhecimento! A mem\u00f3ria \u00e9 a principal mat\u00e9ria prima das atividades do Trem da Vale.<\/p>\n<p>&nbsp;<\/p>\n","protected":false},"excerpt":{"rendered":"<p>No m\u00eas de maio, a Funda\u00e7\u00e3o Vale comemorou cinco anos de atividades do Programa de Educa\u00e7\u00e3o Patrimonial Trem da Vale! Implantado junto com a reativa\u00e7\u00e3o da linha f\u00e9rrea Ouro Preto-Mariana, o Programa faz parte da estrat\u00e9gia da Funda\u00e7\u00e3o Vale de valorizar a cultura e preservar a mem\u00f3ria patrimonial brasileira, promovendo &hellip;<\/p>\n","protected":false},"author":1,"featured_media":503,"comment_status":"open","ping_status":"closed","sticky":false,"template":"","format":"standard","meta":{"footnotes":""},"categories":[3],"tags":[],"class_list":["post-250","post","type-post","status-publish","format-standard","has-post-thumbnail","hentry","category-noticias"],"yoast_head":"<!-- This site is optimized with the Yoast SEO plugin v26.1.1 - https:\/\/yoast.com\/wordpress\/plugins\/seo\/ -->\n<title>Programa Trem da Vale - 5 anos! Muito al\u00e9m dos trilhos &#8212; Trem da Vale<\/title>\n<meta name=\"robots\" content=\"index, follow, max-snippet:-1, max-image-preview:large, max-video-preview:-1\" \/>\n<link rel=\"canonical\" href=\"https:\/\/tremdavale.org\/pt\/programa-trem-da-vale-5-anos-muito-alem-dos-trilhos\/\" \/>\n<meta property=\"og:locale\" content=\"pt_PT\" \/>\n<meta property=\"og:type\" content=\"article\" \/>\n<meta property=\"og:title\" content=\"Programa Trem da Vale - 5 anos! Muito al\u00e9m dos trilhos &#8212; Trem da Vale\" \/>\n<meta property=\"og:description\" content=\"No m\u00eas de maio, a Funda\u00e7\u00e3o Vale comemorou cinco anos de atividades do Programa de Educa\u00e7\u00e3o Patrimonial Trem da Vale! Implantado junto com a reativa\u00e7\u00e3o da linha f\u00e9rrea Ouro Preto-Mariana, o Programa faz parte da estrat\u00e9gia da Funda\u00e7\u00e3o Vale de valorizar a cultura e preservar a mem\u00f3ria patrimonial brasileira, promovendo &hellip;\" \/>\n<meta property=\"og:url\" content=\"https:\/\/tremdavale.org\/pt\/programa-trem-da-vale-5-anos-muito-alem-dos-trilhos\/\" \/>\n<meta property=\"og:site_name\" content=\"Trem da Vale\" \/>\n<meta property=\"article:published_time\" content=\"2011-09-12T05:38:00+00:00\" \/>\n<meta property=\"article:modified_time\" content=\"2025-10-10T11:57:00+00:00\" \/>\n<meta property=\"og:image\" content=\"https:\/\/tremdavale.org\/wp-content\/uploads\/_dsc1584_baixa-300x200.jpg\" \/>\n\t<meta property=\"og:image:width\" content=\"300\" \/>\n\t<meta property=\"og:image:height\" content=\"200\" \/>\n\t<meta property=\"og:image:type\" content=\"image\/jpeg\" \/>\n<meta name=\"author\" content=\"admin\" \/>\n<meta name=\"twitter:card\" content=\"summary_large_image\" \/>\n<meta name=\"twitter:label1\" content=\"Escrito por\" \/>\n\t<meta name=\"twitter:data1\" content=\"admin\" \/>\n\t<meta name=\"twitter:label2\" content=\"Tempo estimado de leitura\" \/>\n\t<meta name=\"twitter:data2\" content=\"1 minuto\" \/>\n<script type=\"application\/ld+json\" class=\"yoast-schema-graph\">{\"@context\":\"https:\/\/schema.org\",\"@graph\":[{\"@type\":\"WebPage\",\"@id\":\"https:\/\/tremdavale.org\/pt\/programa-trem-da-vale-5-anos-muito-alem-dos-trilhos\/\",\"url\":\"https:\/\/tremdavale.org\/pt\/programa-trem-da-vale-5-anos-muito-alem-dos-trilhos\/\",\"name\":\"Programa Trem da Vale - 5 anos! Muito al\u00e9m dos trilhos &#8212; Trem da Vale\",\"isPartOf\":{\"@id\":\"https:\/\/tremdavale.org\/pt\/#website\"},\"primaryImageOfPage\":{\"@id\":\"https:\/\/tremdavale.org\/pt\/programa-trem-da-vale-5-anos-muito-alem-dos-trilhos\/#primaryimage\"},\"image\":{\"@id\":\"https:\/\/tremdavale.org\/pt\/programa-trem-da-vale-5-anos-muito-alem-dos-trilhos\/#primaryimage\"},\"thumbnailUrl\":\"https:\/\/tremdavale.org\/wp-content\/uploads\/_dsc1584_baixa-300x200.jpg\",\"datePublished\":\"2011-09-12T05:38:00+00:00\",\"dateModified\":\"2025-10-10T11:57:00+00:00\",\"author\":{\"@id\":\"https:\/\/tremdavale.org\/pt\/#\/schema\/person\/50912137d47426d31329f246d02eaeca\"},\"breadcrumb\":{\"@id\":\"https:\/\/tremdavale.org\/pt\/programa-trem-da-vale-5-anos-muito-alem-dos-trilhos\/#breadcrumb\"},\"inLanguage\":\"pt-PT\",\"potentialAction\":[{\"@type\":\"ReadAction\",\"target\":[\"https:\/\/tremdavale.org\/pt\/programa-trem-da-vale-5-anos-muito-alem-dos-trilhos\/\"]}]},{\"@type\":\"ImageObject\",\"inLanguage\":\"pt-PT\",\"@id\":\"https:\/\/tremdavale.org\/pt\/programa-trem-da-vale-5-anos-muito-alem-dos-trilhos\/#primaryimage\",\"url\":\"https:\/\/tremdavale.org\/wp-content\/uploads\/_dsc1584_baixa-300x200.jpg\",\"contentUrl\":\"https:\/\/tremdavale.org\/wp-content\/uploads\/_dsc1584_baixa-300x200.jpg\",\"width\":300,\"height\":200},{\"@type\":\"BreadcrumbList\",\"@id\":\"https:\/\/tremdavale.org\/pt\/programa-trem-da-vale-5-anos-muito-alem-dos-trilhos\/#breadcrumb\",\"itemListElement\":[{\"@type\":\"ListItem\",\"position\":1,\"name\":\"In\u00edcio\",\"item\":\"https:\/\/tremdavale.org\/pt\/\"},{\"@type\":\"ListItem\",\"position\":2,\"name\":\"Programa Trem da Vale &#8211; 5 anos! Muito al\u00e9m dos trilhos\"}]},{\"@type\":\"WebSite\",\"@id\":\"https:\/\/tremdavale.org\/pt\/#website\",\"url\":\"https:\/\/tremdavale.org\/pt\/\",\"name\":\"Trem da Vale\",\"description\":\"Programa de Educa\u00e7\u00e3o Patrimonial\",\"potentialAction\":[{\"@type\":\"SearchAction\",\"target\":{\"@type\":\"EntryPoint\",\"urlTemplate\":\"https:\/\/tremdavale.org\/pt\/?s={search_term_string}\"},\"query-input\":{\"@type\":\"PropertyValueSpecification\",\"valueRequired\":true,\"valueName\":\"search_term_string\"}}],\"inLanguage\":\"pt-PT\"},{\"@type\":\"Person\",\"@id\":\"https:\/\/tremdavale.org\/pt\/#\/schema\/person\/50912137d47426d31329f246d02eaeca\",\"name\":\"admin\",\"image\":{\"@type\":\"ImageObject\",\"inLanguage\":\"pt-PT\",\"@id\":\"https:\/\/tremdavale.org\/pt\/#\/schema\/person\/image\/\",\"url\":\"https:\/\/secure.gravatar.com\/avatar\/b3564f0fda6ea47959fe96a4217203e79a167568a37409758659bc3ba443b452?s=96&d=mm&r=g\",\"contentUrl\":\"https:\/\/secure.gravatar.com\/avatar\/b3564f0fda6ea47959fe96a4217203e79a167568a37409758659bc3ba443b452?s=96&d=mm&r=g\",\"caption\":\"admin\"},\"sameAs\":[\"https:\/\/tremdavale.org\"],\"url\":\"https:\/\/tremdavale.org\/pt\/author\/admin\/\"}]}<\/script>\n<!-- \/ Yoast SEO plugin. -->","yoast_head_json":{"title":"Programa Trem da Vale - 5 anos! Muito al\u00e9m dos trilhos &#8212; Trem da Vale","robots":{"index":"index","follow":"follow","max-snippet":"max-snippet:-1","max-image-preview":"max-image-preview:large","max-video-preview":"max-video-preview:-1"},"canonical":"https:\/\/tremdavale.org\/pt\/programa-trem-da-vale-5-anos-muito-alem-dos-trilhos\/","og_locale":"pt_PT","og_type":"article","og_title":"Programa Trem da Vale - 5 anos! Muito al\u00e9m dos trilhos &#8212; Trem da Vale","og_description":"No m\u00eas de maio, a Funda\u00e7\u00e3o Vale comemorou cinco anos de atividades do Programa de Educa\u00e7\u00e3o Patrimonial Trem da Vale! Implantado junto com a reativa\u00e7\u00e3o da linha f\u00e9rrea Ouro Preto-Mariana, o Programa faz parte da estrat\u00e9gia da Funda\u00e7\u00e3o Vale de valorizar a cultura e preservar a mem\u00f3ria patrimonial brasileira, promovendo &hellip;","og_url":"https:\/\/tremdavale.org\/pt\/programa-trem-da-vale-5-anos-muito-alem-dos-trilhos\/","og_site_name":"Trem da Vale","article_published_time":"2011-09-12T05:38:00+00:00","article_modified_time":"2025-10-10T11:57:00+00:00","og_image":[{"width":300,"height":200,"url":"https:\/\/tremdavale.org\/wp-content\/uploads\/_dsc1584_baixa-300x200.jpg","type":"image\/jpeg"}],"author":"admin","twitter_card":"summary_large_image","twitter_misc":{"Escrito por":"admin","Tempo estimado de leitura":"1 minuto"},"schema":{"@context":"https:\/\/schema.org","@graph":[{"@type":"WebPage","@id":"https:\/\/tremdavale.org\/pt\/programa-trem-da-vale-5-anos-muito-alem-dos-trilhos\/","url":"https:\/\/tremdavale.org\/pt\/programa-trem-da-vale-5-anos-muito-alem-dos-trilhos\/","name":"Programa Trem da Vale - 5 anos! Muito al\u00e9m dos trilhos &#8212; Trem da Vale","isPartOf":{"@id":"https:\/\/tremdavale.org\/pt\/#website"},"primaryImageOfPage":{"@id":"https:\/\/tremdavale.org\/pt\/programa-trem-da-vale-5-anos-muito-alem-dos-trilhos\/#primaryimage"},"image":{"@id":"https:\/\/tremdavale.org\/pt\/programa-trem-da-vale-5-anos-muito-alem-dos-trilhos\/#primaryimage"},"thumbnailUrl":"https:\/\/tremdavale.org\/wp-content\/uploads\/_dsc1584_baixa-300x200.jpg","datePublished":"2011-09-12T05:38:00+00:00","dateModified":"2025-10-10T11:57:00+00:00","author":{"@id":"https:\/\/tremdavale.org\/pt\/#\/schema\/person\/50912137d47426d31329f246d02eaeca"},"breadcrumb":{"@id":"https:\/\/tremdavale.org\/pt\/programa-trem-da-vale-5-anos-muito-alem-dos-trilhos\/#breadcrumb"},"inLanguage":"pt-PT","potentialAction":[{"@type":"ReadAction","target":["https:\/\/tremdavale.org\/pt\/programa-trem-da-vale-5-anos-muito-alem-dos-trilhos\/"]}]},{"@type":"ImageObject","inLanguage":"pt-PT","@id":"https:\/\/tremdavale.org\/pt\/programa-trem-da-vale-5-anos-muito-alem-dos-trilhos\/#primaryimage","url":"https:\/\/tremdavale.org\/wp-content\/uploads\/_dsc1584_baixa-300x200.jpg","contentUrl":"https:\/\/tremdavale.org\/wp-content\/uploads\/_dsc1584_baixa-300x200.jpg","width":300,"height":200},{"@type":"BreadcrumbList","@id":"https:\/\/tremdavale.org\/pt\/programa-trem-da-vale-5-anos-muito-alem-dos-trilhos\/#breadcrumb","itemListElement":[{"@type":"ListItem","position":1,"name":"In\u00edcio","item":"https:\/\/tremdavale.org\/pt\/"},{"@type":"ListItem","position":2,"name":"Programa Trem da Vale &#8211; 5 anos! Muito al\u00e9m dos trilhos"}]},{"@type":"WebSite","@id":"https:\/\/tremdavale.org\/pt\/#website","url":"https:\/\/tremdavale.org\/pt\/","name":"Trem da Vale","description":"Programa de Educa\u00e7\u00e3o Patrimonial","potentialAction":[{"@type":"SearchAction","target":{"@type":"EntryPoint","urlTemplate":"https:\/\/tremdavale.org\/pt\/?s={search_term_string}"},"query-input":{"@type":"PropertyValueSpecification","valueRequired":true,"valueName":"search_term_string"}}],"inLanguage":"pt-PT"},{"@type":"Person","@id":"https:\/\/tremdavale.org\/pt\/#\/schema\/person\/50912137d47426d31329f246d02eaeca","name":"admin","image":{"@type":"ImageObject","inLanguage":"pt-PT","@id":"https:\/\/tremdavale.org\/pt\/#\/schema\/person\/image\/","url":"https:\/\/secure.gravatar.com\/avatar\/b3564f0fda6ea47959fe96a4217203e79a167568a37409758659bc3ba443b452?s=96&d=mm&r=g","contentUrl":"https:\/\/secure.gravatar.com\/avatar\/b3564f0fda6ea47959fe96a4217203e79a167568a37409758659bc3ba443b452?s=96&d=mm&r=g","caption":"admin"},"sameAs":["https:\/\/tremdavale.org"],"url":"https:\/\/tremdavale.org\/pt\/author\/admin\/"}]}},"_links":{"self":[{"href":"https:\/\/tremdavale.org\/pt\/wp-json\/wp\/v2\/posts\/250","targetHints":{"allow":["GET"]}}],"collection":[{"href":"https:\/\/tremdavale.org\/pt\/wp-json\/wp\/v2\/posts"}],"about":[{"href":"https:\/\/tremdavale.org\/pt\/wp-json\/wp\/v2\/types\/post"}],"author":[{"embeddable":true,"href":"https:\/\/tremdavale.org\/pt\/wp-json\/wp\/v2\/users\/1"}],"replies":[{"embeddable":true,"href":"https:\/\/tremdavale.org\/pt\/wp-json\/wp\/v2\/comments?post=250"}],"version-history":[{"count":0,"href":"https:\/\/tremdavale.org\/pt\/wp-json\/wp\/v2\/posts\/250\/revisions"}],"wp:featuredmedia":[{"embeddable":true,"href":"https:\/\/tremdavale.org\/pt\/wp-json\/wp\/v2\/media\/503"}],"wp:attachment":[{"href":"https:\/\/tremdavale.org\/pt\/wp-json\/wp\/v2\/media?parent=250"}],"wp:term":[{"taxonomy":"category","embeddable":true,"href":"https:\/\/tremdavale.org\/pt\/wp-json\/wp\/v2\/categories?post=250"},{"taxonomy":"post_tag","embeddable":true,"href":"https:\/\/tremdavale.org\/pt\/wp-json\/wp\/v2\/tags?post=250"}],"curies":[{"name":"wp","href":"https:\/\/api.w.org\/{rel}","templated":true}]}}