{"id":251,"date":"2014-04-30T00:56:00","date_gmt":"2014-04-30T00:56:00","guid":{"rendered":"https:\/\/tremdavale.org\/?p=251"},"modified":"2025-10-10T11:57:00","modified_gmt":"2025-10-10T11:57:00","slug":"programa-trem-da-vale-promove-circuito-estacao-no-carnaval","status":"publish","type":"post","link":"https:\/\/tremdavale.org\/pt\/programa-trem-da-vale-promove-circuito-estacao-no-carnaval\/","title":{"rendered":"Programa Trem da Vale promove Circuito Esta\u00e7\u00e3o Carnaval"},"content":{"rendered":"<p><span>Hoje, dia 28 de fevereiro, o Programa de Educa\u00e7\u00e3o Patrimonial Trem da Vale &#8211; PEPTV realizar\u00e1, na Esta\u00e7\u00e3o Ferrovi\u00e1ria de Ouro Preto, mais um Circuito Esta\u00e7\u00e3o, dessa vez, contemplando a tem\u00e1tica do Carnaval.<\/span><\/p>\n<p><span>Realizado mensalmente, o Circuito Esta\u00e7\u00e3o \u00e9 uma das a\u00e7\u00f5es do PEPTV que buscam a intera\u00e7\u00e3o com a comunidade local a fim de ampliar a participa\u00e7\u00e3o de entidades de bairro e grupos organizados nas a\u00e7\u00f5es do Programa,<\/span> <span>especialmente as institui\u00e7\u00f5es voltadas para o p\u00fablico da 3\u00aa idade. Trata-se de uma atividade de visita\u00e7\u00e3o<\/span> <span>mediada pelos espa\u00e7os e equipamentos culturais das esta\u00e7\u00f5es, que tem uma \u00eanfase especial, na Sala de Mem\u00f3rias, no caso da Esta\u00e7\u00e3o de Ouro Preto, e no Vag\u00e3o dos Sentidos, na Esta\u00e7\u00e3o de Mariana.<\/span><\/p>\n<p><span>Para o <em>Circuito Esta\u00e7\u00e3o Carnaval,<\/em> ser\u00e3o explorados trechos de depoimentos do acervo da Sala de Mem\u00f3rias &#8211; um espa\u00e7o museogr\u00e1fico contempor\u00e2neo, em que os visitantes s\u00e3o apresentados \u00e0 produ\u00e7\u00e3o do Vale Registrar, onde hist\u00f3ria, tradi\u00e7\u00e3o, conhecimento e sabedoria popular, registradas em depoimentos, s\u00e3o exibidas por monitores e recursos multim\u00eddias variados -, abordando lembran\u00e7as do carnaval de outrora em Mariana e Ouro Preto. Esse circuito ir\u00e1 abranger, ainda, um caf\u00e9 musical, na \u00e1rea do Vag\u00e3o Caf\u00e9 da plataforma da Esta\u00e7\u00e3o de Ouro Preto. O repert\u00f3rio musical, num convite \u00e0 folia, contemplar\u00e1 tradicionais marchinhas e sambas de carnaval.<\/span><\/p>\n<p>Para participar do Circuito Esta\u00e7\u00e3o, basta fazer o agendamento pelo telefone 3551-7310 ou por e-mail tremdavalenep@yahoo.com.br. Entre em contato conosco para mais informa\u00e7\u00f5es e agende o seu grupo.<\/p>\n<p>&nbsp;<\/p>\n<p>Circuito Esta\u00e7\u00e3o Ouro Preto &#8211; 09.03.2012<\/p>\n<p>&nbsp;<\/p>\n<p>Carnaval nas Esta\u00e7\u00f5es &#8211; Circuito Esta\u00e7\u00e3o &#8211; 05.02.2011<\/p>\n<p>&nbsp;<\/p>\n","protected":false},"excerpt":{"rendered":"<p>Hoje, dia 28 de fevereiro, o Programa de Educa\u00e7\u00e3o Patrimonial Trem da Vale &#8211; PEPTV realizar\u00e1, na Esta\u00e7\u00e3o Ferrovi\u00e1ria de Ouro Preto, mais um Circuito Esta\u00e7\u00e3o, dessa vez, contemplando a tem\u00e1tica do Carnaval. Realizado mensalmente, o Circuito Esta\u00e7\u00e3o \u00e9 uma das a\u00e7\u00f5es do PEPTV que buscam a intera\u00e7\u00e3o com a &hellip;<\/p>\n","protected":false},"author":1,"featured_media":0,"comment_status":"open","ping_status":"closed","sticky":false,"template":"","format":"standard","meta":{"footnotes":""},"categories":[3],"tags":[],"class_list":["post-251","post","type-post","status-publish","format-standard","hentry","category-noticias"],"yoast_head":"<!-- This site is optimized with the Yoast SEO plugin v26.1.1 - https:\/\/yoast.com\/wordpress\/plugins\/seo\/ -->\n<title>Programa Trem da Vale promove Circuito Esta\u00e7\u00e3o Carnaval &#8212; Trem da Vale<\/title>\n<meta name=\"robots\" content=\"index, follow, max-snippet:-1, max-image-preview:large, max-video-preview:-1\" \/>\n<link rel=\"canonical\" href=\"https:\/\/tremdavale.org\/pt\/programa-trem-da-vale-promove-circuito-estacao-no-carnaval\/\" \/>\n<meta property=\"og:locale\" content=\"pt_PT\" \/>\n<meta property=\"og:type\" content=\"article\" \/>\n<meta property=\"og:title\" content=\"Programa Trem da Vale promove Circuito Esta\u00e7\u00e3o Carnaval &#8212; Trem da Vale\" \/>\n<meta property=\"og:description\" content=\"Hoje, dia 28 de fevereiro, o Programa de Educa\u00e7\u00e3o Patrimonial Trem da Vale &#8211; PEPTV realizar\u00e1, na Esta\u00e7\u00e3o Ferrovi\u00e1ria de Ouro Preto, mais um Circuito Esta\u00e7\u00e3o, dessa vez, contemplando a tem\u00e1tica do Carnaval. Realizado mensalmente, o Circuito Esta\u00e7\u00e3o \u00e9 uma das a\u00e7\u00f5es do PEPTV que buscam a intera\u00e7\u00e3o com a &hellip;\" \/>\n<meta property=\"og:url\" content=\"https:\/\/tremdavale.org\/pt\/programa-trem-da-vale-promove-circuito-estacao-no-carnaval\/\" \/>\n<meta property=\"og:site_name\" content=\"Trem da Vale\" \/>\n<meta property=\"article:published_time\" content=\"2014-04-30T00:56:00+00:00\" \/>\n<meta property=\"article:modified_time\" content=\"2025-10-10T11:57:00+00:00\" \/>\n<meta name=\"author\" content=\"admin\" \/>\n<meta name=\"twitter:card\" content=\"summary_large_image\" \/>\n<meta name=\"twitter:label1\" content=\"Escrito por\" \/>\n\t<meta name=\"twitter:data1\" content=\"admin\" \/>\n\t<meta name=\"twitter:label2\" content=\"Tempo estimado de leitura\" \/>\n\t<meta name=\"twitter:data2\" content=\"1 minuto\" \/>\n<script type=\"application\/ld+json\" class=\"yoast-schema-graph\">{\"@context\":\"https:\/\/schema.org\",\"@graph\":[{\"@type\":\"WebPage\",\"@id\":\"https:\/\/tremdavale.org\/pt\/programa-trem-da-vale-promove-circuito-estacao-no-carnaval\/\",\"url\":\"https:\/\/tremdavale.org\/pt\/programa-trem-da-vale-promove-circuito-estacao-no-carnaval\/\",\"name\":\"Programa Trem da Vale promove Circuito Esta\u00e7\u00e3o Carnaval &#8212; Trem da Vale\",\"isPartOf\":{\"@id\":\"https:\/\/tremdavale.org\/pt\/#website\"},\"datePublished\":\"2014-04-30T00:56:00+00:00\",\"dateModified\":\"2025-10-10T11:57:00+00:00\",\"author\":{\"@id\":\"https:\/\/tremdavale.org\/pt\/#\/schema\/person\/50912137d47426d31329f246d02eaeca\"},\"breadcrumb\":{\"@id\":\"https:\/\/tremdavale.org\/pt\/programa-trem-da-vale-promove-circuito-estacao-no-carnaval\/#breadcrumb\"},\"inLanguage\":\"pt-PT\",\"potentialAction\":[{\"@type\":\"ReadAction\",\"target\":[\"https:\/\/tremdavale.org\/pt\/programa-trem-da-vale-promove-circuito-estacao-no-carnaval\/\"]}]},{\"@type\":\"BreadcrumbList\",\"@id\":\"https:\/\/tremdavale.org\/pt\/programa-trem-da-vale-promove-circuito-estacao-no-carnaval\/#breadcrumb\",\"itemListElement\":[{\"@type\":\"ListItem\",\"position\":1,\"name\":\"In\u00edcio\",\"item\":\"https:\/\/tremdavale.org\/pt\/\"},{\"@type\":\"ListItem\",\"position\":2,\"name\":\"Programa Trem da Vale promove Circuito Esta\u00e7\u00e3o Carnaval\"}]},{\"@type\":\"WebSite\",\"@id\":\"https:\/\/tremdavale.org\/pt\/#website\",\"url\":\"https:\/\/tremdavale.org\/pt\/\",\"name\":\"Trem da Vale\",\"description\":\"Programa de Educa\u00e7\u00e3o Patrimonial\",\"potentialAction\":[{\"@type\":\"SearchAction\",\"target\":{\"@type\":\"EntryPoint\",\"urlTemplate\":\"https:\/\/tremdavale.org\/pt\/?s={search_term_string}\"},\"query-input\":{\"@type\":\"PropertyValueSpecification\",\"valueRequired\":true,\"valueName\":\"search_term_string\"}}],\"inLanguage\":\"pt-PT\"},{\"@type\":\"Person\",\"@id\":\"https:\/\/tremdavale.org\/pt\/#\/schema\/person\/50912137d47426d31329f246d02eaeca\",\"name\":\"admin\",\"image\":{\"@type\":\"ImageObject\",\"inLanguage\":\"pt-PT\",\"@id\":\"https:\/\/tremdavale.org\/pt\/#\/schema\/person\/image\/\",\"url\":\"https:\/\/secure.gravatar.com\/avatar\/b3564f0fda6ea47959fe96a4217203e79a167568a37409758659bc3ba443b452?s=96&d=mm&r=g\",\"contentUrl\":\"https:\/\/secure.gravatar.com\/avatar\/b3564f0fda6ea47959fe96a4217203e79a167568a37409758659bc3ba443b452?s=96&d=mm&r=g\",\"caption\":\"admin\"},\"sameAs\":[\"https:\/\/tremdavale.org\"],\"url\":\"https:\/\/tremdavale.org\/pt\/author\/admin\/\"}]}<\/script>\n<!-- \/ Yoast SEO plugin. -->","yoast_head_json":{"title":"Programa Trem da Vale promove Circuito Esta\u00e7\u00e3o Carnaval &#8212; Trem da Vale","robots":{"index":"index","follow":"follow","max-snippet":"max-snippet:-1","max-image-preview":"max-image-preview:large","max-video-preview":"max-video-preview:-1"},"canonical":"https:\/\/tremdavale.org\/pt\/programa-trem-da-vale-promove-circuito-estacao-no-carnaval\/","og_locale":"pt_PT","og_type":"article","og_title":"Programa Trem da Vale promove Circuito Esta\u00e7\u00e3o Carnaval &#8212; Trem da Vale","og_description":"Hoje, dia 28 de fevereiro, o Programa de Educa\u00e7\u00e3o Patrimonial Trem da Vale &#8211; PEPTV realizar\u00e1, na Esta\u00e7\u00e3o Ferrovi\u00e1ria de Ouro Preto, mais um Circuito Esta\u00e7\u00e3o, dessa vez, contemplando a tem\u00e1tica do Carnaval. Realizado mensalmente, o Circuito Esta\u00e7\u00e3o \u00e9 uma das a\u00e7\u00f5es do PEPTV que buscam a intera\u00e7\u00e3o com a &hellip;","og_url":"https:\/\/tremdavale.org\/pt\/programa-trem-da-vale-promove-circuito-estacao-no-carnaval\/","og_site_name":"Trem da Vale","article_published_time":"2014-04-30T00:56:00+00:00","article_modified_time":"2025-10-10T11:57:00+00:00","author":"admin","twitter_card":"summary_large_image","twitter_misc":{"Escrito por":"admin","Tempo estimado de leitura":"1 minuto"},"schema":{"@context":"https:\/\/schema.org","@graph":[{"@type":"WebPage","@id":"https:\/\/tremdavale.org\/pt\/programa-trem-da-vale-promove-circuito-estacao-no-carnaval\/","url":"https:\/\/tremdavale.org\/pt\/programa-trem-da-vale-promove-circuito-estacao-no-carnaval\/","name":"Programa Trem da Vale promove Circuito Esta\u00e7\u00e3o Carnaval &#8212; Trem da Vale","isPartOf":{"@id":"https:\/\/tremdavale.org\/pt\/#website"},"datePublished":"2014-04-30T00:56:00+00:00","dateModified":"2025-10-10T11:57:00+00:00","author":{"@id":"https:\/\/tremdavale.org\/pt\/#\/schema\/person\/50912137d47426d31329f246d02eaeca"},"breadcrumb":{"@id":"https:\/\/tremdavale.org\/pt\/programa-trem-da-vale-promove-circuito-estacao-no-carnaval\/#breadcrumb"},"inLanguage":"pt-PT","potentialAction":[{"@type":"ReadAction","target":["https:\/\/tremdavale.org\/pt\/programa-trem-da-vale-promove-circuito-estacao-no-carnaval\/"]}]},{"@type":"BreadcrumbList","@id":"https:\/\/tremdavale.org\/pt\/programa-trem-da-vale-promove-circuito-estacao-no-carnaval\/#breadcrumb","itemListElement":[{"@type":"ListItem","position":1,"name":"In\u00edcio","item":"https:\/\/tremdavale.org\/pt\/"},{"@type":"ListItem","position":2,"name":"Programa Trem da Vale promove Circuito Esta\u00e7\u00e3o Carnaval"}]},{"@type":"WebSite","@id":"https:\/\/tremdavale.org\/pt\/#website","url":"https:\/\/tremdavale.org\/pt\/","name":"Trem da Vale","description":"Programa de Educa\u00e7\u00e3o Patrimonial","potentialAction":[{"@type":"SearchAction","target":{"@type":"EntryPoint","urlTemplate":"https:\/\/tremdavale.org\/pt\/?s={search_term_string}"},"query-input":{"@type":"PropertyValueSpecification","valueRequired":true,"valueName":"search_term_string"}}],"inLanguage":"pt-PT"},{"@type":"Person","@id":"https:\/\/tremdavale.org\/pt\/#\/schema\/person\/50912137d47426d31329f246d02eaeca","name":"admin","image":{"@type":"ImageObject","inLanguage":"pt-PT","@id":"https:\/\/tremdavale.org\/pt\/#\/schema\/person\/image\/","url":"https:\/\/secure.gravatar.com\/avatar\/b3564f0fda6ea47959fe96a4217203e79a167568a37409758659bc3ba443b452?s=96&d=mm&r=g","contentUrl":"https:\/\/secure.gravatar.com\/avatar\/b3564f0fda6ea47959fe96a4217203e79a167568a37409758659bc3ba443b452?s=96&d=mm&r=g","caption":"admin"},"sameAs":["https:\/\/tremdavale.org"],"url":"https:\/\/tremdavale.org\/pt\/author\/admin\/"}]}},"_links":{"self":[{"href":"https:\/\/tremdavale.org\/pt\/wp-json\/wp\/v2\/posts\/251","targetHints":{"allow":["GET"]}}],"collection":[{"href":"https:\/\/tremdavale.org\/pt\/wp-json\/wp\/v2\/posts"}],"about":[{"href":"https:\/\/tremdavale.org\/pt\/wp-json\/wp\/v2\/types\/post"}],"author":[{"embeddable":true,"href":"https:\/\/tremdavale.org\/pt\/wp-json\/wp\/v2\/users\/1"}],"replies":[{"embeddable":true,"href":"https:\/\/tremdavale.org\/pt\/wp-json\/wp\/v2\/comments?post=251"}],"version-history":[{"count":0,"href":"https:\/\/tremdavale.org\/pt\/wp-json\/wp\/v2\/posts\/251\/revisions"}],"wp:attachment":[{"href":"https:\/\/tremdavale.org\/pt\/wp-json\/wp\/v2\/media?parent=251"}],"wp:term":[{"taxonomy":"category","embeddable":true,"href":"https:\/\/tremdavale.org\/pt\/wp-json\/wp\/v2\/categories?post=251"},{"taxonomy":"post_tag","embeddable":true,"href":"https:\/\/tremdavale.org\/pt\/wp-json\/wp\/v2\/tags?post=251"}],"curies":[{"name":"wp","href":"https:\/\/api.w.org\/{rel}","templated":true}]}}