{"id":254,"date":"2011-09-09T09:24:00","date_gmt":"2011-09-09T09:24:00","guid":{"rendered":"https:\/\/tremdavale.org\/?p=254"},"modified":"2025-10-10T11:57:00","modified_gmt":"2025-10-10T11:57:00","slug":"programe-se-e-nao-perca-o-trem","status":"publish","type":"post","link":"https:\/\/tremdavale.org\/pt\/programe-se-e-nao-perca-o-trem\/","title":{"rendered":"Programe-se e n\u00e3o perca o Trem\u2026"},"content":{"rendered":"<p><img loading=\"lazy\" decoding=\"async\" class=\"size-medium\" title=\"trem-na-estacao-perfil\" src=\"\/wp-content\/uploads\/trem-na-estacao-perfil-300x233.jpg\" alt=\"Trem na Esta\u00e7\u00e3o de Mariana\/MG\" width=\"300\" height=\"233\"><\/p>\n<p>Trem na Esta\u00e7\u00e3o de Mariana\/MG<\/p>\n<p>&nbsp;<\/p>\n<p style=\"text-align: justify;\">Informamos que neste domingo, dia 03\/10, as Esta\u00e7\u00f5es de Ouro Preto e Mariana&nbsp;estar\u00e3o fechadas, em virtude do primeiro turno das Elei\u00e7\u00f5es 2010.<!--more--><\/p>\n<p style=\"text-align: justify;\">As Esta\u00e7\u00f5es voltam a funcionar normalmente com suas atividades e quadros de&nbsp;hor\u00e1rios, ap\u00f3s esta data.<\/p>\n<p style=\"text-align: justify;\">No dia da vota\u00e7\u00e3o, n\u00e3o esque\u00e7a de levar seus documentos (obrigat\u00f3rios):&nbsp;T\u00edtulo de eleitor e um documento de identidade com foto.<\/p>\n<p style=\"text-align: justify;\">Por isso, programe-se e n\u00e3o perca o Trem\u2026<\/p>\n<p style=\"text-align: justify;\">Dia 03\/10 \u00e9 dia de Votar!<\/p>\n<p style=\"text-align: justify;\">Para saber mais sobre as Elei\u00e7\u00f5es 2010, visite o site:<\/p>\n<p style=\"text-align: justify;\">http:\/\/www.tse.jus.br\/internet\/index.html<\/p>\n<p>&nbsp;<\/p>\n","protected":false},"excerpt":{"rendered":"<p>Trem na Esta\u00e7\u00e3o de Mariana\/MG &nbsp; Informamos que neste domingo, dia 03\/10, as Esta\u00e7\u00f5es de Ouro Preto e Mariana&nbsp;estar\u00e3o fechadas, em virtude do primeiro turno das Elei\u00e7\u00f5es 2010.<\/p>\n","protected":false},"author":1,"featured_media":506,"comment_status":"open","ping_status":"closed","sticky":false,"template":"","format":"standard","meta":{"footnotes":""},"categories":[3,5],"tags":[],"class_list":["post-254","post","type-post","status-publish","format-standard","has-post-thumbnail","hentry","category-noticias","category-noticias-destaque"],"yoast_head":"<!-- This site is optimized with the Yoast SEO plugin v26.1.1 - https:\/\/yoast.com\/wordpress\/plugins\/seo\/ -->\n<title>Programe-se e n\u00e3o perca o Trem\u2026 &#8212; Trem da Vale<\/title>\n<meta name=\"robots\" content=\"index, follow, max-snippet:-1, max-image-preview:large, max-video-preview:-1\" \/>\n<link rel=\"canonical\" href=\"https:\/\/tremdavale.org\/pt\/programe-se-e-nao-perca-o-trem\/\" \/>\n<meta property=\"og:locale\" content=\"pt_PT\" \/>\n<meta property=\"og:type\" content=\"article\" \/>\n<meta property=\"og:title\" content=\"Programe-se e n\u00e3o perca o Trem\u2026 &#8212; Trem da Vale\" \/>\n<meta property=\"og:description\" content=\"Trem na Esta\u00e7\u00e3o de Mariana\/MG &nbsp; Informamos que neste domingo, dia 03\/10, as Esta\u00e7\u00f5es de Ouro Preto e Mariana&nbsp;estar\u00e3o fechadas, em virtude do primeiro turno das Elei\u00e7\u00f5es 2010.\" \/>\n<meta property=\"og:url\" content=\"https:\/\/tremdavale.org\/pt\/programe-se-e-nao-perca-o-trem\/\" \/>\n<meta property=\"og:site_name\" content=\"Trem da Vale\" \/>\n<meta property=\"article:published_time\" content=\"2011-09-09T09:24:00+00:00\" \/>\n<meta property=\"article:modified_time\" content=\"2025-10-10T11:57:00+00:00\" \/>\n<meta property=\"og:image\" content=\"https:\/\/tremdavale.org\/wp-content\/uploads\/trem-na-estacao-perfil-300x233.jpg\" \/>\n\t<meta property=\"og:image:width\" content=\"300\" \/>\n\t<meta property=\"og:image:height\" content=\"233\" \/>\n\t<meta property=\"og:image:type\" content=\"image\/jpeg\" \/>\n<meta name=\"author\" content=\"admin\" \/>\n<meta name=\"twitter:card\" content=\"summary_large_image\" \/>\n<meta name=\"twitter:label1\" content=\"Escrito por\" \/>\n\t<meta name=\"twitter:data1\" content=\"admin\" \/>\n\t<meta name=\"twitter:label2\" content=\"Tempo estimado de leitura\" \/>\n\t<meta name=\"twitter:data2\" content=\"1 minuto\" \/>\n<script type=\"application\/ld+json\" class=\"yoast-schema-graph\">{\"@context\":\"https:\/\/schema.org\",\"@graph\":[{\"@type\":\"WebPage\",\"@id\":\"https:\/\/tremdavale.org\/pt\/programe-se-e-nao-perca-o-trem\/\",\"url\":\"https:\/\/tremdavale.org\/pt\/programe-se-e-nao-perca-o-trem\/\",\"name\":\"Programe-se e n\u00e3o perca o Trem\u2026 &#8212; Trem da Vale\",\"isPartOf\":{\"@id\":\"https:\/\/tremdavale.org\/pt\/#website\"},\"primaryImageOfPage\":{\"@id\":\"https:\/\/tremdavale.org\/pt\/programe-se-e-nao-perca-o-trem\/#primaryimage\"},\"image\":{\"@id\":\"https:\/\/tremdavale.org\/pt\/programe-se-e-nao-perca-o-trem\/#primaryimage\"},\"thumbnailUrl\":\"https:\/\/tremdavale.org\/wp-content\/uploads\/trem-na-estacao-perfil-300x233.jpg\",\"datePublished\":\"2011-09-09T09:24:00+00:00\",\"dateModified\":\"2025-10-10T11:57:00+00:00\",\"author\":{\"@id\":\"https:\/\/tremdavale.org\/pt\/#\/schema\/person\/50912137d47426d31329f246d02eaeca\"},\"breadcrumb\":{\"@id\":\"https:\/\/tremdavale.org\/pt\/programe-se-e-nao-perca-o-trem\/#breadcrumb\"},\"inLanguage\":\"pt-PT\",\"potentialAction\":[{\"@type\":\"ReadAction\",\"target\":[\"https:\/\/tremdavale.org\/pt\/programe-se-e-nao-perca-o-trem\/\"]}]},{\"@type\":\"ImageObject\",\"inLanguage\":\"pt-PT\",\"@id\":\"https:\/\/tremdavale.org\/pt\/programe-se-e-nao-perca-o-trem\/#primaryimage\",\"url\":\"https:\/\/tremdavale.org\/wp-content\/uploads\/trem-na-estacao-perfil-300x233.jpg\",\"contentUrl\":\"https:\/\/tremdavale.org\/wp-content\/uploads\/trem-na-estacao-perfil-300x233.jpg\",\"width\":300,\"height\":233},{\"@type\":\"BreadcrumbList\",\"@id\":\"https:\/\/tremdavale.org\/pt\/programe-se-e-nao-perca-o-trem\/#breadcrumb\",\"itemListElement\":[{\"@type\":\"ListItem\",\"position\":1,\"name\":\"In\u00edcio\",\"item\":\"https:\/\/tremdavale.org\/pt\/\"},{\"@type\":\"ListItem\",\"position\":2,\"name\":\"Programe-se e n\u00e3o perca o Trem\u2026\"}]},{\"@type\":\"WebSite\",\"@id\":\"https:\/\/tremdavale.org\/pt\/#website\",\"url\":\"https:\/\/tremdavale.org\/pt\/\",\"name\":\"Trem da Vale\",\"description\":\"Programa de Educa\u00e7\u00e3o Patrimonial\",\"potentialAction\":[{\"@type\":\"SearchAction\",\"target\":{\"@type\":\"EntryPoint\",\"urlTemplate\":\"https:\/\/tremdavale.org\/pt\/?s={search_term_string}\"},\"query-input\":{\"@type\":\"PropertyValueSpecification\",\"valueRequired\":true,\"valueName\":\"search_term_string\"}}],\"inLanguage\":\"pt-PT\"},{\"@type\":\"Person\",\"@id\":\"https:\/\/tremdavale.org\/pt\/#\/schema\/person\/50912137d47426d31329f246d02eaeca\",\"name\":\"admin\",\"image\":{\"@type\":\"ImageObject\",\"inLanguage\":\"pt-PT\",\"@id\":\"https:\/\/tremdavale.org\/pt\/#\/schema\/person\/image\/\",\"url\":\"https:\/\/secure.gravatar.com\/avatar\/b3564f0fda6ea47959fe96a4217203e79a167568a37409758659bc3ba443b452?s=96&d=mm&r=g\",\"contentUrl\":\"https:\/\/secure.gravatar.com\/avatar\/b3564f0fda6ea47959fe96a4217203e79a167568a37409758659bc3ba443b452?s=96&d=mm&r=g\",\"caption\":\"admin\"},\"sameAs\":[\"https:\/\/tremdavale.org\"],\"url\":\"https:\/\/tremdavale.org\/pt\/author\/admin\/\"}]}<\/script>\n<!-- \/ Yoast SEO plugin. -->","yoast_head_json":{"title":"Programe-se e n\u00e3o perca o Trem\u2026 &#8212; Trem da Vale","robots":{"index":"index","follow":"follow","max-snippet":"max-snippet:-1","max-image-preview":"max-image-preview:large","max-video-preview":"max-video-preview:-1"},"canonical":"https:\/\/tremdavale.org\/pt\/programe-se-e-nao-perca-o-trem\/","og_locale":"pt_PT","og_type":"article","og_title":"Programe-se e n\u00e3o perca o Trem\u2026 &#8212; Trem da Vale","og_description":"Trem na Esta\u00e7\u00e3o de Mariana\/MG &nbsp; Informamos que neste domingo, dia 03\/10, as Esta\u00e7\u00f5es de Ouro Preto e Mariana&nbsp;estar\u00e3o fechadas, em virtude do primeiro turno das Elei\u00e7\u00f5es 2010.","og_url":"https:\/\/tremdavale.org\/pt\/programe-se-e-nao-perca-o-trem\/","og_site_name":"Trem da Vale","article_published_time":"2011-09-09T09:24:00+00:00","article_modified_time":"2025-10-10T11:57:00+00:00","og_image":[{"width":300,"height":233,"url":"https:\/\/tremdavale.org\/wp-content\/uploads\/trem-na-estacao-perfil-300x233.jpg","type":"image\/jpeg"}],"author":"admin","twitter_card":"summary_large_image","twitter_misc":{"Escrito por":"admin","Tempo estimado de leitura":"1 minuto"},"schema":{"@context":"https:\/\/schema.org","@graph":[{"@type":"WebPage","@id":"https:\/\/tremdavale.org\/pt\/programe-se-e-nao-perca-o-trem\/","url":"https:\/\/tremdavale.org\/pt\/programe-se-e-nao-perca-o-trem\/","name":"Programe-se e n\u00e3o perca o Trem\u2026 &#8212; Trem da Vale","isPartOf":{"@id":"https:\/\/tremdavale.org\/pt\/#website"},"primaryImageOfPage":{"@id":"https:\/\/tremdavale.org\/pt\/programe-se-e-nao-perca-o-trem\/#primaryimage"},"image":{"@id":"https:\/\/tremdavale.org\/pt\/programe-se-e-nao-perca-o-trem\/#primaryimage"},"thumbnailUrl":"https:\/\/tremdavale.org\/wp-content\/uploads\/trem-na-estacao-perfil-300x233.jpg","datePublished":"2011-09-09T09:24:00+00:00","dateModified":"2025-10-10T11:57:00+00:00","author":{"@id":"https:\/\/tremdavale.org\/pt\/#\/schema\/person\/50912137d47426d31329f246d02eaeca"},"breadcrumb":{"@id":"https:\/\/tremdavale.org\/pt\/programe-se-e-nao-perca-o-trem\/#breadcrumb"},"inLanguage":"pt-PT","potentialAction":[{"@type":"ReadAction","target":["https:\/\/tremdavale.org\/pt\/programe-se-e-nao-perca-o-trem\/"]}]},{"@type":"ImageObject","inLanguage":"pt-PT","@id":"https:\/\/tremdavale.org\/pt\/programe-se-e-nao-perca-o-trem\/#primaryimage","url":"https:\/\/tremdavale.org\/wp-content\/uploads\/trem-na-estacao-perfil-300x233.jpg","contentUrl":"https:\/\/tremdavale.org\/wp-content\/uploads\/trem-na-estacao-perfil-300x233.jpg","width":300,"height":233},{"@type":"BreadcrumbList","@id":"https:\/\/tremdavale.org\/pt\/programe-se-e-nao-perca-o-trem\/#breadcrumb","itemListElement":[{"@type":"ListItem","position":1,"name":"In\u00edcio","item":"https:\/\/tremdavale.org\/pt\/"},{"@type":"ListItem","position":2,"name":"Programe-se e n\u00e3o perca o Trem\u2026"}]},{"@type":"WebSite","@id":"https:\/\/tremdavale.org\/pt\/#website","url":"https:\/\/tremdavale.org\/pt\/","name":"Trem da Vale","description":"Programa de Educa\u00e7\u00e3o Patrimonial","potentialAction":[{"@type":"SearchAction","target":{"@type":"EntryPoint","urlTemplate":"https:\/\/tremdavale.org\/pt\/?s={search_term_string}"},"query-input":{"@type":"PropertyValueSpecification","valueRequired":true,"valueName":"search_term_string"}}],"inLanguage":"pt-PT"},{"@type":"Person","@id":"https:\/\/tremdavale.org\/pt\/#\/schema\/person\/50912137d47426d31329f246d02eaeca","name":"admin","image":{"@type":"ImageObject","inLanguage":"pt-PT","@id":"https:\/\/tremdavale.org\/pt\/#\/schema\/person\/image\/","url":"https:\/\/secure.gravatar.com\/avatar\/b3564f0fda6ea47959fe96a4217203e79a167568a37409758659bc3ba443b452?s=96&d=mm&r=g","contentUrl":"https:\/\/secure.gravatar.com\/avatar\/b3564f0fda6ea47959fe96a4217203e79a167568a37409758659bc3ba443b452?s=96&d=mm&r=g","caption":"admin"},"sameAs":["https:\/\/tremdavale.org"],"url":"https:\/\/tremdavale.org\/pt\/author\/admin\/"}]}},"_links":{"self":[{"href":"https:\/\/tremdavale.org\/pt\/wp-json\/wp\/v2\/posts\/254","targetHints":{"allow":["GET"]}}],"collection":[{"href":"https:\/\/tremdavale.org\/pt\/wp-json\/wp\/v2\/posts"}],"about":[{"href":"https:\/\/tremdavale.org\/pt\/wp-json\/wp\/v2\/types\/post"}],"author":[{"embeddable":true,"href":"https:\/\/tremdavale.org\/pt\/wp-json\/wp\/v2\/users\/1"}],"replies":[{"embeddable":true,"href":"https:\/\/tremdavale.org\/pt\/wp-json\/wp\/v2\/comments?post=254"}],"version-history":[{"count":0,"href":"https:\/\/tremdavale.org\/pt\/wp-json\/wp\/v2\/posts\/254\/revisions"}],"wp:featuredmedia":[{"embeddable":true,"href":"https:\/\/tremdavale.org\/pt\/wp-json\/wp\/v2\/media\/506"}],"wp:attachment":[{"href":"https:\/\/tremdavale.org\/pt\/wp-json\/wp\/v2\/media?parent=254"}],"wp:term":[{"taxonomy":"category","embeddable":true,"href":"https:\/\/tremdavale.org\/pt\/wp-json\/wp\/v2\/categories?post=254"},{"taxonomy":"post_tag","embeddable":true,"href":"https:\/\/tremdavale.org\/pt\/wp-json\/wp\/v2\/tags?post=254"}],"curies":[{"name":"wp","href":"https:\/\/api.w.org\/{rel}","templated":true}]}}