{"id":256,"date":"2013-12-19T17:13:00","date_gmt":"2013-12-19T17:13:00","guid":{"rendered":"https:\/\/tremdavale.org\/?p=256"},"modified":"2025-10-10T11:57:00","modified_gmt":"2025-10-10T11:57:00","slug":"prorrogacao-das-inscricoes-para-a-v-mostra-intermunicipal-de-preservacao-patrimonial","status":"publish","type":"post","link":"https:\/\/tremdavale.org\/pt\/prorrogacao-das-inscricoes-para-a-v-mostra-intermunicipal-de-preservacao-patrimonial\/","title":{"rendered":"Prorroga\u00e7\u00e3o das Inscri\u00e7\u00f5es para a V Mostra Intermunicipal de Preserva\u00e7\u00e3o Patrimonial"},"content":{"rendered":"<p><img loading=\"lazy\" decoding=\"async\" class=\"aligncenter size-full\" title=\"mostra\" src=\"\/wp-content\/uploads\/mostra.jpg\" alt=\"mostra\" width=\"400\" height=\"304\"><\/p>\n<p>Foram prorrogadas at\u00e9 o dia 4 de Outubro de 2013 as inscri\u00e7\u00f5es para a&nbsp;<strong>5\u00aa Mostra Intermunicipal de Preserva\u00e7\u00e3o Patrimonial: \u201cTerrit\u00f3rios locais e regionais &#8211; culturas, identidades e mem\u00f3rias\u201d,<\/strong> <span style=\"font-size: 13px;\">uma iniciativa do Programa de Educa\u00e7\u00e3o Patrimonial Trem da Vale, em parceria com as Secretarias Municipais de Educa\u00e7\u00e3o de Mariana e Ouro Preto.<\/span><\/p>\n<p>A Mostra tem por objetivo&nbsp;promover e socializar as a\u00e7\u00f5es de valoriza\u00e7\u00e3o do patrim\u00f4nio cultural desenvolvidas por&nbsp;institui\u00e7\u00f5es de ensino, bem como institui\u00e7\u00f5es e grupos organizados da comunidade das cidades de&nbsp;<strong>Mariana, Ouro Preto, Acaiaca, Diogo de Vasconcelos e Itabirito<\/strong> (cidades de abrang\u00eancia da 25\u00aa Superintend\u00eancia Regional de Ensino de Ouro Preto), e seus respectivos distritos. A premia\u00e7\u00e3o se dar\u00e1 durante a realiza\u00e7\u00e3o da Mostra no&nbsp;<strong>dia 09 de novembro<\/strong> de 2013, e implicar\u00e1 na apresenta\u00e7\u00e3o dos Projetos desenvolvidos pelas Escolas ou Grupos Organizados com observ\u00e2ncia das disposi\u00e7\u00f5es deste Regulamento.<\/p>\n<p>Acesse&nbsp;aqui o edital&nbsp;<strong>e inscr<\/strong><span style=\"font-weight: bold; font-size: 13px;\">eva sua escola, grupo ou institui\u00e7\u00e3o!<\/span><\/p>\n<p><strong>Download da&nbsp;<\/strong>ficha de inscri\u00e7\u00e3o: <strong>para<\/strong><strong>institui\u00e7\u00e3o escolar<\/strong> <strong>ou<\/strong> <span style=\"font-weight: bold; font-size: 13px;\">para<\/span> <span style=\"font-weight: bold; font-size: 13px;\">institui\u00e7\u00e3o ou grupo organizado n\u00e3o escolar.<\/span><\/p>\n<p>&nbsp;<\/p>\n","protected":false},"excerpt":{"rendered":"<p>Foram prorrogadas at\u00e9 o dia 4 de Outubro de 2013 as inscri\u00e7\u00f5es para a&nbsp;5\u00aa Mostra Intermunicipal de Preserva\u00e7\u00e3o Patrimonial: \u201cTerrit\u00f3rios locais e regionais &#8211; culturas, identidades e mem\u00f3rias\u201d, uma iniciativa do Programa de Educa\u00e7\u00e3o Patrimonial Trem da Vale, em parceria com as Secretarias Municipais de Educa\u00e7\u00e3o de Mariana e Ouro &hellip;<\/p>\n","protected":false},"author":1,"featured_media":508,"comment_status":"open","ping_status":"closed","sticky":false,"template":"","format":"standard","meta":{"footnotes":""},"categories":[4],"tags":[],"class_list":["post-256","post","type-post","status-publish","format-standard","has-post-thumbnail","hentry","category-materia-news"],"yoast_head":"<!-- This site is optimized with the Yoast SEO plugin v26.1.1 - https:\/\/yoast.com\/wordpress\/plugins\/seo\/ -->\n<title>Prorroga\u00e7\u00e3o das Inscri\u00e7\u00f5es para a V Mostra Intermunicipal de Preserva\u00e7\u00e3o Patrimonial &#8212; Trem da Vale<\/title>\n<meta name=\"robots\" content=\"index, follow, max-snippet:-1, max-image-preview:large, max-video-preview:-1\" \/>\n<link rel=\"canonical\" href=\"https:\/\/tremdavale.org\/pt\/prorrogacao-das-inscricoes-para-a-v-mostra-intermunicipal-de-preservacao-patrimonial\/\" \/>\n<meta property=\"og:locale\" content=\"pt_PT\" \/>\n<meta property=\"og:type\" content=\"article\" \/>\n<meta property=\"og:title\" content=\"Prorroga\u00e7\u00e3o das Inscri\u00e7\u00f5es para a V Mostra Intermunicipal de Preserva\u00e7\u00e3o Patrimonial &#8212; Trem da Vale\" \/>\n<meta property=\"og:description\" content=\"Foram prorrogadas at\u00e9 o dia 4 de Outubro de 2013 as inscri\u00e7\u00f5es para a&nbsp;5\u00aa Mostra Intermunicipal de Preserva\u00e7\u00e3o Patrimonial: \u201cTerrit\u00f3rios locais e regionais &#8211; culturas, identidades e mem\u00f3rias\u201d, uma iniciativa do Programa de Educa\u00e7\u00e3o Patrimonial Trem da Vale, em parceria com as Secretarias Municipais de Educa\u00e7\u00e3o de Mariana e Ouro &hellip;\" \/>\n<meta property=\"og:url\" content=\"https:\/\/tremdavale.org\/pt\/prorrogacao-das-inscricoes-para-a-v-mostra-intermunicipal-de-preservacao-patrimonial\/\" \/>\n<meta property=\"og:site_name\" content=\"Trem da Vale\" \/>\n<meta property=\"article:published_time\" content=\"2013-12-19T17:13:00+00:00\" \/>\n<meta property=\"article:modified_time\" content=\"2025-10-10T11:57:00+00:00\" \/>\n<meta property=\"og:image\" content=\"https:\/\/tremdavale.org\/wp-content\/uploads\/mostra.jpg\" \/>\n\t<meta property=\"og:image:width\" content=\"400\" \/>\n\t<meta property=\"og:image:height\" content=\"304\" \/>\n\t<meta property=\"og:image:type\" content=\"image\/jpeg\" \/>\n<meta name=\"author\" content=\"admin\" \/>\n<meta name=\"twitter:card\" content=\"summary_large_image\" \/>\n<meta name=\"twitter:label1\" content=\"Escrito por\" \/>\n\t<meta name=\"twitter:data1\" content=\"admin\" \/>\n\t<meta name=\"twitter:label2\" content=\"Tempo estimado de leitura\" \/>\n\t<meta name=\"twitter:data2\" content=\"1 minuto\" \/>\n<script type=\"application\/ld+json\" class=\"yoast-schema-graph\">{\"@context\":\"https:\/\/schema.org\",\"@graph\":[{\"@type\":\"WebPage\",\"@id\":\"https:\/\/tremdavale.org\/pt\/prorrogacao-das-inscricoes-para-a-v-mostra-intermunicipal-de-preservacao-patrimonial\/\",\"url\":\"https:\/\/tremdavale.org\/pt\/prorrogacao-das-inscricoes-para-a-v-mostra-intermunicipal-de-preservacao-patrimonial\/\",\"name\":\"Prorroga\u00e7\u00e3o das Inscri\u00e7\u00f5es para a V Mostra Intermunicipal de Preserva\u00e7\u00e3o Patrimonial &#8212; Trem da Vale\",\"isPartOf\":{\"@id\":\"https:\/\/tremdavale.org\/pt\/#website\"},\"primaryImageOfPage\":{\"@id\":\"https:\/\/tremdavale.org\/pt\/prorrogacao-das-inscricoes-para-a-v-mostra-intermunicipal-de-preservacao-patrimonial\/#primaryimage\"},\"image\":{\"@id\":\"https:\/\/tremdavale.org\/pt\/prorrogacao-das-inscricoes-para-a-v-mostra-intermunicipal-de-preservacao-patrimonial\/#primaryimage\"},\"thumbnailUrl\":\"https:\/\/tremdavale.org\/wp-content\/uploads\/mostra.jpg\",\"datePublished\":\"2013-12-19T17:13:00+00:00\",\"dateModified\":\"2025-10-10T11:57:00+00:00\",\"author\":{\"@id\":\"https:\/\/tremdavale.org\/pt\/#\/schema\/person\/50912137d47426d31329f246d02eaeca\"},\"breadcrumb\":{\"@id\":\"https:\/\/tremdavale.org\/pt\/prorrogacao-das-inscricoes-para-a-v-mostra-intermunicipal-de-preservacao-patrimonial\/#breadcrumb\"},\"inLanguage\":\"pt-PT\",\"potentialAction\":[{\"@type\":\"ReadAction\",\"target\":[\"https:\/\/tremdavale.org\/pt\/prorrogacao-das-inscricoes-para-a-v-mostra-intermunicipal-de-preservacao-patrimonial\/\"]}]},{\"@type\":\"ImageObject\",\"inLanguage\":\"pt-PT\",\"@id\":\"https:\/\/tremdavale.org\/pt\/prorrogacao-das-inscricoes-para-a-v-mostra-intermunicipal-de-preservacao-patrimonial\/#primaryimage\",\"url\":\"https:\/\/tremdavale.org\/wp-content\/uploads\/mostra.jpg\",\"contentUrl\":\"https:\/\/tremdavale.org\/wp-content\/uploads\/mostra.jpg\",\"width\":400,\"height\":304},{\"@type\":\"BreadcrumbList\",\"@id\":\"https:\/\/tremdavale.org\/pt\/prorrogacao-das-inscricoes-para-a-v-mostra-intermunicipal-de-preservacao-patrimonial\/#breadcrumb\",\"itemListElement\":[{\"@type\":\"ListItem\",\"position\":1,\"name\":\"In\u00edcio\",\"item\":\"https:\/\/tremdavale.org\/pt\/\"},{\"@type\":\"ListItem\",\"position\":2,\"name\":\"Prorroga\u00e7\u00e3o das Inscri\u00e7\u00f5es para a V Mostra Intermunicipal de Preserva\u00e7\u00e3o Patrimonial\"}]},{\"@type\":\"WebSite\",\"@id\":\"https:\/\/tremdavale.org\/pt\/#website\",\"url\":\"https:\/\/tremdavale.org\/pt\/\",\"name\":\"Trem da Vale\",\"description\":\"Programa de Educa\u00e7\u00e3o Patrimonial\",\"potentialAction\":[{\"@type\":\"SearchAction\",\"target\":{\"@type\":\"EntryPoint\",\"urlTemplate\":\"https:\/\/tremdavale.org\/pt\/?s={search_term_string}\"},\"query-input\":{\"@type\":\"PropertyValueSpecification\",\"valueRequired\":true,\"valueName\":\"search_term_string\"}}],\"inLanguage\":\"pt-PT\"},{\"@type\":\"Person\",\"@id\":\"https:\/\/tremdavale.org\/pt\/#\/schema\/person\/50912137d47426d31329f246d02eaeca\",\"name\":\"admin\",\"image\":{\"@type\":\"ImageObject\",\"inLanguage\":\"pt-PT\",\"@id\":\"https:\/\/tremdavale.org\/pt\/#\/schema\/person\/image\/\",\"url\":\"https:\/\/secure.gravatar.com\/avatar\/b3564f0fda6ea47959fe96a4217203e79a167568a37409758659bc3ba443b452?s=96&d=mm&r=g\",\"contentUrl\":\"https:\/\/secure.gravatar.com\/avatar\/b3564f0fda6ea47959fe96a4217203e79a167568a37409758659bc3ba443b452?s=96&d=mm&r=g\",\"caption\":\"admin\"},\"sameAs\":[\"https:\/\/tremdavale.org\"],\"url\":\"https:\/\/tremdavale.org\/pt\/author\/admin\/\"}]}<\/script>\n<!-- \/ Yoast SEO plugin. -->","yoast_head_json":{"title":"Prorroga\u00e7\u00e3o das Inscri\u00e7\u00f5es para a V Mostra Intermunicipal de Preserva\u00e7\u00e3o Patrimonial &#8212; Trem da Vale","robots":{"index":"index","follow":"follow","max-snippet":"max-snippet:-1","max-image-preview":"max-image-preview:large","max-video-preview":"max-video-preview:-1"},"canonical":"https:\/\/tremdavale.org\/pt\/prorrogacao-das-inscricoes-para-a-v-mostra-intermunicipal-de-preservacao-patrimonial\/","og_locale":"pt_PT","og_type":"article","og_title":"Prorroga\u00e7\u00e3o das Inscri\u00e7\u00f5es para a V Mostra Intermunicipal de Preserva\u00e7\u00e3o Patrimonial &#8212; Trem da Vale","og_description":"Foram prorrogadas at\u00e9 o dia 4 de Outubro de 2013 as inscri\u00e7\u00f5es para a&nbsp;5\u00aa Mostra Intermunicipal de Preserva\u00e7\u00e3o Patrimonial: \u201cTerrit\u00f3rios locais e regionais &#8211; culturas, identidades e mem\u00f3rias\u201d, uma iniciativa do Programa de Educa\u00e7\u00e3o Patrimonial Trem da Vale, em parceria com as Secretarias Municipais de Educa\u00e7\u00e3o de Mariana e Ouro &hellip;","og_url":"https:\/\/tremdavale.org\/pt\/prorrogacao-das-inscricoes-para-a-v-mostra-intermunicipal-de-preservacao-patrimonial\/","og_site_name":"Trem da Vale","article_published_time":"2013-12-19T17:13:00+00:00","article_modified_time":"2025-10-10T11:57:00+00:00","og_image":[{"width":400,"height":304,"url":"https:\/\/tremdavale.org\/wp-content\/uploads\/mostra.jpg","type":"image\/jpeg"}],"author":"admin","twitter_card":"summary_large_image","twitter_misc":{"Escrito por":"admin","Tempo estimado de leitura":"1 minuto"},"schema":{"@context":"https:\/\/schema.org","@graph":[{"@type":"WebPage","@id":"https:\/\/tremdavale.org\/pt\/prorrogacao-das-inscricoes-para-a-v-mostra-intermunicipal-de-preservacao-patrimonial\/","url":"https:\/\/tremdavale.org\/pt\/prorrogacao-das-inscricoes-para-a-v-mostra-intermunicipal-de-preservacao-patrimonial\/","name":"Prorroga\u00e7\u00e3o das Inscri\u00e7\u00f5es para a V Mostra Intermunicipal de Preserva\u00e7\u00e3o Patrimonial &#8212; Trem da Vale","isPartOf":{"@id":"https:\/\/tremdavale.org\/pt\/#website"},"primaryImageOfPage":{"@id":"https:\/\/tremdavale.org\/pt\/prorrogacao-das-inscricoes-para-a-v-mostra-intermunicipal-de-preservacao-patrimonial\/#primaryimage"},"image":{"@id":"https:\/\/tremdavale.org\/pt\/prorrogacao-das-inscricoes-para-a-v-mostra-intermunicipal-de-preservacao-patrimonial\/#primaryimage"},"thumbnailUrl":"https:\/\/tremdavale.org\/wp-content\/uploads\/mostra.jpg","datePublished":"2013-12-19T17:13:00+00:00","dateModified":"2025-10-10T11:57:00+00:00","author":{"@id":"https:\/\/tremdavale.org\/pt\/#\/schema\/person\/50912137d47426d31329f246d02eaeca"},"breadcrumb":{"@id":"https:\/\/tremdavale.org\/pt\/prorrogacao-das-inscricoes-para-a-v-mostra-intermunicipal-de-preservacao-patrimonial\/#breadcrumb"},"inLanguage":"pt-PT","potentialAction":[{"@type":"ReadAction","target":["https:\/\/tremdavale.org\/pt\/prorrogacao-das-inscricoes-para-a-v-mostra-intermunicipal-de-preservacao-patrimonial\/"]}]},{"@type":"ImageObject","inLanguage":"pt-PT","@id":"https:\/\/tremdavale.org\/pt\/prorrogacao-das-inscricoes-para-a-v-mostra-intermunicipal-de-preservacao-patrimonial\/#primaryimage","url":"https:\/\/tremdavale.org\/wp-content\/uploads\/mostra.jpg","contentUrl":"https:\/\/tremdavale.org\/wp-content\/uploads\/mostra.jpg","width":400,"height":304},{"@type":"BreadcrumbList","@id":"https:\/\/tremdavale.org\/pt\/prorrogacao-das-inscricoes-para-a-v-mostra-intermunicipal-de-preservacao-patrimonial\/#breadcrumb","itemListElement":[{"@type":"ListItem","position":1,"name":"In\u00edcio","item":"https:\/\/tremdavale.org\/pt\/"},{"@type":"ListItem","position":2,"name":"Prorroga\u00e7\u00e3o das Inscri\u00e7\u00f5es para a V Mostra Intermunicipal de Preserva\u00e7\u00e3o Patrimonial"}]},{"@type":"WebSite","@id":"https:\/\/tremdavale.org\/pt\/#website","url":"https:\/\/tremdavale.org\/pt\/","name":"Trem da Vale","description":"Programa de Educa\u00e7\u00e3o Patrimonial","potentialAction":[{"@type":"SearchAction","target":{"@type":"EntryPoint","urlTemplate":"https:\/\/tremdavale.org\/pt\/?s={search_term_string}"},"query-input":{"@type":"PropertyValueSpecification","valueRequired":true,"valueName":"search_term_string"}}],"inLanguage":"pt-PT"},{"@type":"Person","@id":"https:\/\/tremdavale.org\/pt\/#\/schema\/person\/50912137d47426d31329f246d02eaeca","name":"admin","image":{"@type":"ImageObject","inLanguage":"pt-PT","@id":"https:\/\/tremdavale.org\/pt\/#\/schema\/person\/image\/","url":"https:\/\/secure.gravatar.com\/avatar\/b3564f0fda6ea47959fe96a4217203e79a167568a37409758659bc3ba443b452?s=96&d=mm&r=g","contentUrl":"https:\/\/secure.gravatar.com\/avatar\/b3564f0fda6ea47959fe96a4217203e79a167568a37409758659bc3ba443b452?s=96&d=mm&r=g","caption":"admin"},"sameAs":["https:\/\/tremdavale.org"],"url":"https:\/\/tremdavale.org\/pt\/author\/admin\/"}]}},"_links":{"self":[{"href":"https:\/\/tremdavale.org\/pt\/wp-json\/wp\/v2\/posts\/256","targetHints":{"allow":["GET"]}}],"collection":[{"href":"https:\/\/tremdavale.org\/pt\/wp-json\/wp\/v2\/posts"}],"about":[{"href":"https:\/\/tremdavale.org\/pt\/wp-json\/wp\/v2\/types\/post"}],"author":[{"embeddable":true,"href":"https:\/\/tremdavale.org\/pt\/wp-json\/wp\/v2\/users\/1"}],"replies":[{"embeddable":true,"href":"https:\/\/tremdavale.org\/pt\/wp-json\/wp\/v2\/comments?post=256"}],"version-history":[{"count":0,"href":"https:\/\/tremdavale.org\/pt\/wp-json\/wp\/v2\/posts\/256\/revisions"}],"wp:featuredmedia":[{"embeddable":true,"href":"https:\/\/tremdavale.org\/pt\/wp-json\/wp\/v2\/media\/508"}],"wp:attachment":[{"href":"https:\/\/tremdavale.org\/pt\/wp-json\/wp\/v2\/media?parent=256"}],"wp:term":[{"taxonomy":"category","embeddable":true,"href":"https:\/\/tremdavale.org\/pt\/wp-json\/wp\/v2\/categories?post=256"},{"taxonomy":"post_tag","embeddable":true,"href":"https:\/\/tremdavale.org\/pt\/wp-json\/wp\/v2\/tags?post=256"}],"curies":[{"name":"wp","href":"https:\/\/api.w.org\/{rel}","templated":true}]}}