{"id":261,"date":"2013-08-25T05:18:00","date_gmt":"2013-08-25T05:18:00","guid":{"rendered":"https:\/\/tremdavale.org\/?p=261"},"modified":"2025-10-10T11:57:00","modified_gmt":"2025-10-10T11:57:00","slug":"sarau-agora-e-outrora","status":"publish","type":"post","link":"https:\/\/tremdavale.org\/pt\/sarau-agora-e-outrora\/","title":{"rendered":"Sarau \u201cAgora e Outrora\u201d"},"content":{"rendered":"<p><span>No dia 19 de maio foi realizado na Esta\u00e7\u00e3o da Mariana o Sarau \u201cAgora e Outrora\u201d, a\u00e7\u00e3o que integra as atividades de incentivo \u00e0 leituras das Bibliotecas do Programa Trem da Vale.<\/span><\/p>\n<p>&nbsp;<\/p>\n<p><span>O Sarau, inserido na 10\u00aa Semana de Museus que teve como tema \u201cMuseus em um mundo em transforma\u00e7\u00e3o: novos desafios, novas inspira\u00e7\u00f5es\u201d, contemplou hist\u00f3rias de ontem e hoje, al\u00e9m de poesias de autores renomados como Carlos Drummond de Andrade, Ad\u00e9lia Prado e Fernando Pessoa.<\/span><\/p>\n<p>&nbsp;<\/p>\n<p><span>A apresenta\u00e7\u00e3o teatral ficou a cargo da companhia 2\u00d72 e o grupo musical foi o Ch\u00e1 de Caboclo Regional.<\/span><\/p>\n<p>&nbsp;<\/p>\n<p><span>A a\u00e7\u00e3o tamb\u00e9m contou com a participa\u00e7\u00e3o de leitores das bibliotecas que declamaram com muito entusiasmo as poesias.<\/span><\/p>\n<p>&nbsp;<\/p>\n<p><img loading=\"lazy\" decoding=\"async\" class=\"size-medium alignleft\" src=\"\/wp-content\/uploads\/foto_sarau_marilene_marinho-300x200.jpg\" alt=\"foto_sarau_marilene_marinho\" width=\"210\" height=\"140\"><\/p>\n<p>&nbsp;<\/p>\n","protected":false},"excerpt":{"rendered":"<p>No dia 19 de maio foi realizado na Esta\u00e7\u00e3o da Mariana o Sarau \u201cAgora e Outrora\u201d, a\u00e7\u00e3o que integra as atividades de incentivo \u00e0 leituras das Bibliotecas do Programa Trem da Vale. &nbsp; O Sarau, inserido na 10\u00aa Semana de Museus que teve como tema \u201cMuseus em um mundo em &hellip;<\/p>\n","protected":false},"author":1,"featured_media":511,"comment_status":"open","ping_status":"closed","sticky":false,"template":"","format":"standard","meta":{"footnotes":""},"categories":[2],"tags":[],"class_list":["post-261","post","type-post","status-publish","format-standard","has-post-thumbnail","hentry","category-destaques-home"],"yoast_head":"<!-- This site is optimized with the Yoast SEO plugin v26.1.1 - https:\/\/yoast.com\/wordpress\/plugins\/seo\/ -->\n<title>Sarau \u201cAgora e Outrora\u201d &#8212; Trem da Vale<\/title>\n<meta name=\"robots\" content=\"index, follow, max-snippet:-1, max-image-preview:large, max-video-preview:-1\" \/>\n<link rel=\"canonical\" href=\"https:\/\/tremdavale.org\/pt\/sarau-agora-e-outrora\/\" \/>\n<meta property=\"og:locale\" content=\"pt_PT\" \/>\n<meta property=\"og:type\" content=\"article\" \/>\n<meta property=\"og:title\" content=\"Sarau \u201cAgora e Outrora\u201d &#8212; Trem da Vale\" \/>\n<meta property=\"og:description\" content=\"No dia 19 de maio foi realizado na Esta\u00e7\u00e3o da Mariana o Sarau \u201cAgora e Outrora\u201d, a\u00e7\u00e3o que integra as atividades de incentivo \u00e0 leituras das Bibliotecas do Programa Trem da Vale. &nbsp; O Sarau, inserido na 10\u00aa Semana de Museus que teve como tema \u201cMuseus em um mundo em &hellip;\" \/>\n<meta property=\"og:url\" content=\"https:\/\/tremdavale.org\/pt\/sarau-agora-e-outrora\/\" \/>\n<meta property=\"og:site_name\" content=\"Trem da Vale\" \/>\n<meta property=\"article:published_time\" content=\"2013-08-25T05:18:00+00:00\" \/>\n<meta property=\"article:modified_time\" content=\"2025-10-10T11:57:00+00:00\" \/>\n<meta property=\"og:image\" content=\"https:\/\/tremdavale.org\/wp-content\/uploads\/foto_sarau_marilene_marinho-300x200.jpg\" \/>\n\t<meta property=\"og:image:width\" content=\"300\" \/>\n\t<meta property=\"og:image:height\" content=\"200\" \/>\n\t<meta property=\"og:image:type\" content=\"image\/jpeg\" \/>\n<meta name=\"author\" content=\"admin\" \/>\n<meta name=\"twitter:card\" content=\"summary_large_image\" \/>\n<meta name=\"twitter:label1\" content=\"Escrito por\" \/>\n\t<meta name=\"twitter:data1\" content=\"admin\" \/>\n\t<meta name=\"twitter:label2\" content=\"Tempo estimado de leitura\" \/>\n\t<meta name=\"twitter:data2\" content=\"1 minuto\" \/>\n<script type=\"application\/ld+json\" class=\"yoast-schema-graph\">{\"@context\":\"https:\/\/schema.org\",\"@graph\":[{\"@type\":\"WebPage\",\"@id\":\"https:\/\/tremdavale.org\/pt\/sarau-agora-e-outrora\/\",\"url\":\"https:\/\/tremdavale.org\/pt\/sarau-agora-e-outrora\/\",\"name\":\"Sarau \u201cAgora e Outrora\u201d &#8212; Trem da Vale\",\"isPartOf\":{\"@id\":\"https:\/\/tremdavale.org\/pt\/#website\"},\"primaryImageOfPage\":{\"@id\":\"https:\/\/tremdavale.org\/pt\/sarau-agora-e-outrora\/#primaryimage\"},\"image\":{\"@id\":\"https:\/\/tremdavale.org\/pt\/sarau-agora-e-outrora\/#primaryimage\"},\"thumbnailUrl\":\"https:\/\/tremdavale.org\/wp-content\/uploads\/foto_sarau_marilene_marinho-300x200.jpg\",\"datePublished\":\"2013-08-25T05:18:00+00:00\",\"dateModified\":\"2025-10-10T11:57:00+00:00\",\"author\":{\"@id\":\"https:\/\/tremdavale.org\/pt\/#\/schema\/person\/50912137d47426d31329f246d02eaeca\"},\"breadcrumb\":{\"@id\":\"https:\/\/tremdavale.org\/pt\/sarau-agora-e-outrora\/#breadcrumb\"},\"inLanguage\":\"pt-PT\",\"potentialAction\":[{\"@type\":\"ReadAction\",\"target\":[\"https:\/\/tremdavale.org\/pt\/sarau-agora-e-outrora\/\"]}]},{\"@type\":\"ImageObject\",\"inLanguage\":\"pt-PT\",\"@id\":\"https:\/\/tremdavale.org\/pt\/sarau-agora-e-outrora\/#primaryimage\",\"url\":\"https:\/\/tremdavale.org\/wp-content\/uploads\/foto_sarau_marilene_marinho-300x200.jpg\",\"contentUrl\":\"https:\/\/tremdavale.org\/wp-content\/uploads\/foto_sarau_marilene_marinho-300x200.jpg\",\"width\":300,\"height\":200},{\"@type\":\"BreadcrumbList\",\"@id\":\"https:\/\/tremdavale.org\/pt\/sarau-agora-e-outrora\/#breadcrumb\",\"itemListElement\":[{\"@type\":\"ListItem\",\"position\":1,\"name\":\"In\u00edcio\",\"item\":\"https:\/\/tremdavale.org\/pt\/\"},{\"@type\":\"ListItem\",\"position\":2,\"name\":\"Sarau \u201cAgora e Outrora\u201d\"}]},{\"@type\":\"WebSite\",\"@id\":\"https:\/\/tremdavale.org\/pt\/#website\",\"url\":\"https:\/\/tremdavale.org\/pt\/\",\"name\":\"Trem da Vale\",\"description\":\"Programa de Educa\u00e7\u00e3o Patrimonial\",\"potentialAction\":[{\"@type\":\"SearchAction\",\"target\":{\"@type\":\"EntryPoint\",\"urlTemplate\":\"https:\/\/tremdavale.org\/pt\/?s={search_term_string}\"},\"query-input\":{\"@type\":\"PropertyValueSpecification\",\"valueRequired\":true,\"valueName\":\"search_term_string\"}}],\"inLanguage\":\"pt-PT\"},{\"@type\":\"Person\",\"@id\":\"https:\/\/tremdavale.org\/pt\/#\/schema\/person\/50912137d47426d31329f246d02eaeca\",\"name\":\"admin\",\"image\":{\"@type\":\"ImageObject\",\"inLanguage\":\"pt-PT\",\"@id\":\"https:\/\/tremdavale.org\/pt\/#\/schema\/person\/image\/\",\"url\":\"https:\/\/secure.gravatar.com\/avatar\/b3564f0fda6ea47959fe96a4217203e79a167568a37409758659bc3ba443b452?s=96&d=mm&r=g\",\"contentUrl\":\"https:\/\/secure.gravatar.com\/avatar\/b3564f0fda6ea47959fe96a4217203e79a167568a37409758659bc3ba443b452?s=96&d=mm&r=g\",\"caption\":\"admin\"},\"sameAs\":[\"https:\/\/tremdavale.org\"],\"url\":\"https:\/\/tremdavale.org\/pt\/author\/admin\/\"}]}<\/script>\n<!-- \/ Yoast SEO plugin. -->","yoast_head_json":{"title":"Sarau \u201cAgora e Outrora\u201d &#8212; Trem da Vale","robots":{"index":"index","follow":"follow","max-snippet":"max-snippet:-1","max-image-preview":"max-image-preview:large","max-video-preview":"max-video-preview:-1"},"canonical":"https:\/\/tremdavale.org\/pt\/sarau-agora-e-outrora\/","og_locale":"pt_PT","og_type":"article","og_title":"Sarau \u201cAgora e Outrora\u201d &#8212; Trem da Vale","og_description":"No dia 19 de maio foi realizado na Esta\u00e7\u00e3o da Mariana o Sarau \u201cAgora e Outrora\u201d, a\u00e7\u00e3o que integra as atividades de incentivo \u00e0 leituras das Bibliotecas do Programa Trem da Vale. &nbsp; O Sarau, inserido na 10\u00aa Semana de Museus que teve como tema \u201cMuseus em um mundo em &hellip;","og_url":"https:\/\/tremdavale.org\/pt\/sarau-agora-e-outrora\/","og_site_name":"Trem da Vale","article_published_time":"2013-08-25T05:18:00+00:00","article_modified_time":"2025-10-10T11:57:00+00:00","og_image":[{"width":300,"height":200,"url":"https:\/\/tremdavale.org\/wp-content\/uploads\/foto_sarau_marilene_marinho-300x200.jpg","type":"image\/jpeg"}],"author":"admin","twitter_card":"summary_large_image","twitter_misc":{"Escrito por":"admin","Tempo estimado de leitura":"1 minuto"},"schema":{"@context":"https:\/\/schema.org","@graph":[{"@type":"WebPage","@id":"https:\/\/tremdavale.org\/pt\/sarau-agora-e-outrora\/","url":"https:\/\/tremdavale.org\/pt\/sarau-agora-e-outrora\/","name":"Sarau \u201cAgora e Outrora\u201d &#8212; Trem da Vale","isPartOf":{"@id":"https:\/\/tremdavale.org\/pt\/#website"},"primaryImageOfPage":{"@id":"https:\/\/tremdavale.org\/pt\/sarau-agora-e-outrora\/#primaryimage"},"image":{"@id":"https:\/\/tremdavale.org\/pt\/sarau-agora-e-outrora\/#primaryimage"},"thumbnailUrl":"https:\/\/tremdavale.org\/wp-content\/uploads\/foto_sarau_marilene_marinho-300x200.jpg","datePublished":"2013-08-25T05:18:00+00:00","dateModified":"2025-10-10T11:57:00+00:00","author":{"@id":"https:\/\/tremdavale.org\/pt\/#\/schema\/person\/50912137d47426d31329f246d02eaeca"},"breadcrumb":{"@id":"https:\/\/tremdavale.org\/pt\/sarau-agora-e-outrora\/#breadcrumb"},"inLanguage":"pt-PT","potentialAction":[{"@type":"ReadAction","target":["https:\/\/tremdavale.org\/pt\/sarau-agora-e-outrora\/"]}]},{"@type":"ImageObject","inLanguage":"pt-PT","@id":"https:\/\/tremdavale.org\/pt\/sarau-agora-e-outrora\/#primaryimage","url":"https:\/\/tremdavale.org\/wp-content\/uploads\/foto_sarau_marilene_marinho-300x200.jpg","contentUrl":"https:\/\/tremdavale.org\/wp-content\/uploads\/foto_sarau_marilene_marinho-300x200.jpg","width":300,"height":200},{"@type":"BreadcrumbList","@id":"https:\/\/tremdavale.org\/pt\/sarau-agora-e-outrora\/#breadcrumb","itemListElement":[{"@type":"ListItem","position":1,"name":"In\u00edcio","item":"https:\/\/tremdavale.org\/pt\/"},{"@type":"ListItem","position":2,"name":"Sarau \u201cAgora e Outrora\u201d"}]},{"@type":"WebSite","@id":"https:\/\/tremdavale.org\/pt\/#website","url":"https:\/\/tremdavale.org\/pt\/","name":"Trem da Vale","description":"Programa de Educa\u00e7\u00e3o Patrimonial","potentialAction":[{"@type":"SearchAction","target":{"@type":"EntryPoint","urlTemplate":"https:\/\/tremdavale.org\/pt\/?s={search_term_string}"},"query-input":{"@type":"PropertyValueSpecification","valueRequired":true,"valueName":"search_term_string"}}],"inLanguage":"pt-PT"},{"@type":"Person","@id":"https:\/\/tremdavale.org\/pt\/#\/schema\/person\/50912137d47426d31329f246d02eaeca","name":"admin","image":{"@type":"ImageObject","inLanguage":"pt-PT","@id":"https:\/\/tremdavale.org\/pt\/#\/schema\/person\/image\/","url":"https:\/\/secure.gravatar.com\/avatar\/b3564f0fda6ea47959fe96a4217203e79a167568a37409758659bc3ba443b452?s=96&d=mm&r=g","contentUrl":"https:\/\/secure.gravatar.com\/avatar\/b3564f0fda6ea47959fe96a4217203e79a167568a37409758659bc3ba443b452?s=96&d=mm&r=g","caption":"admin"},"sameAs":["https:\/\/tremdavale.org"],"url":"https:\/\/tremdavale.org\/pt\/author\/admin\/"}]}},"_links":{"self":[{"href":"https:\/\/tremdavale.org\/pt\/wp-json\/wp\/v2\/posts\/261","targetHints":{"allow":["GET"]}}],"collection":[{"href":"https:\/\/tremdavale.org\/pt\/wp-json\/wp\/v2\/posts"}],"about":[{"href":"https:\/\/tremdavale.org\/pt\/wp-json\/wp\/v2\/types\/post"}],"author":[{"embeddable":true,"href":"https:\/\/tremdavale.org\/pt\/wp-json\/wp\/v2\/users\/1"}],"replies":[{"embeddable":true,"href":"https:\/\/tremdavale.org\/pt\/wp-json\/wp\/v2\/comments?post=261"}],"version-history":[{"count":0,"href":"https:\/\/tremdavale.org\/pt\/wp-json\/wp\/v2\/posts\/261\/revisions"}],"wp:featuredmedia":[{"embeddable":true,"href":"https:\/\/tremdavale.org\/pt\/wp-json\/wp\/v2\/media\/511"}],"wp:attachment":[{"href":"https:\/\/tremdavale.org\/pt\/wp-json\/wp\/v2\/media?parent=261"}],"wp:term":[{"taxonomy":"category","embeddable":true,"href":"https:\/\/tremdavale.org\/pt\/wp-json\/wp\/v2\/categories?post=261"},{"taxonomy":"post_tag","embeddable":true,"href":"https:\/\/tremdavale.org\/pt\/wp-json\/wp\/v2\/tags?post=261"}],"curies":[{"name":"wp","href":"https:\/\/api.w.org\/{rel}","templated":true}]}}