{"id":262,"date":"2013-08-25T04:50:00","date_gmt":"2013-08-25T04:50:00","guid":{"rendered":"https:\/\/tremdavale.org\/?p=262"},"modified":"2025-10-10T11:57:00","modified_gmt":"2025-10-10T11:57:00","slug":"sarau-as-sem-razoes-do-amor","status":"publish","type":"post","link":"https:\/\/tremdavale.org\/pt\/sarau-as-sem-razoes-do-amor\/","title":{"rendered":"Sarau \u201cAs sem-raz\u00f5es do amor\u201d"},"content":{"rendered":"<p style=\"text-align: center;\"><strong><em><img loading=\"lazy\" decoding=\"async\" class=\"aligncenter size-medium\" title=\"sarau_as-semrazoes-do-amor_2013\" src=\"\/wp-content\/uploads\/sarau_as-semrazoes-do-amor_2013-300x65.jpg\" alt=\"sarau_as-semrazoes-do-amor_2013\" width=\"300\" height=\"65\"><\/em><\/strong><\/p>\n<p><span>As Bibliotecas Infanto-Juvenis do Programa de Educa\u00e7\u00e3o Patrimonial Trem da Vale t\u00eam o prazer de convid\u00e1-lo para o Sarau \u201cAs sem-raz\u00f5es do amor\u201d.<\/span><\/p>\n<p>&nbsp;<\/p>\n<p><span><span>Inserido no \u00e2mbito do Festival de Inverno de Ouro Preto e Mariana \u2013 F\u00f3rum das Artes 2013, que tem como tema a diversidade, o Sarau \u201cAs sem-raz\u00f5es do amor\u201d ir\u00e1 abranger m\u00fasicas, poemas, contos e textos que contemplam a tem\u00e1tica do \u2018tresloucado amor\u2019, em suas diversas formas de express\u00e3o.<\/span><\/span><\/p>\n<p>&nbsp;<\/p>\n<p><span>O enredo do sarau foi inspirado nas hist\u00f3rias de amor de personagens tradicionais locais: especialmente a hist\u00f3ria de amor de Mar\u00edlia e Dirceu, o amor proibido de Sinh\u00e1 Ol\u00edmpia e o amor imposs\u00edvel de Alphonsus de Guimaraens; e ser\u00e1 desenvolvido a partir da Lenda do Amor (uma lenda Argentina) e de excertos do Serm\u00e3o do Mandato (ou \u201cDos rem\u00e9dios do amor), de Pe. Antonio Vieira (1643), que explicitam o amor infinito, incondicional e transcendente.<\/span><\/p>\n<p>&nbsp;<\/p>\n<p><span>Al\u00e9m da declama\u00e7\u00e3o de poemas, o sarau ir\u00e1 contemplar interven\u00e7\u00f5es c\u00eanicas, com destaque para o inusitado encontro entre <em>Alphonsus de Guimaraens<\/em> e <em>Sinh\u00e1 Ol\u00edmpia<\/em>, dois dos \u2018arautos\u2019 desse encontro l\u00edrico.<\/span><\/p>\n<p>&nbsp;<\/p>\n<p><span>Este sarau, que integra o Plano de Incentivo \u00e0 Leitura das Bibliotecas das Esta\u00e7\u00f5es, visa promover um espa\u00e7o de arte e cultura que estimule a leitura, a aprecia\u00e7\u00e3o musical e a valoriza\u00e7\u00e3o do Patrim\u00f4nio Cultural da nossa regi\u00e3o.<\/span><\/p>\n<p><span><strong>DIA 20 DE JULHO (S\u00c1BADO),<\/strong><\/span><\/p>\n<p><strong>\u00c0s 16h30, na Tenda Cultural da Esta\u00e7\u00e3o de Ouro Preto<\/strong><\/p>\n<p>&nbsp;<\/p>\n<p><span>Participem!<\/span><\/p>\n<p>&nbsp;<\/p>\n","protected":false},"excerpt":{"rendered":"<p>As Bibliotecas Infanto-Juvenis do Programa de Educa\u00e7\u00e3o Patrimonial Trem da Vale t\u00eam o prazer de convid\u00e1-lo para o Sarau \u201cAs sem-raz\u00f5es do amor\u201d. &nbsp; Inserido no \u00e2mbito do Festival de Inverno de Ouro Preto e Mariana \u2013 F\u00f3rum das Artes 2013, que tem como tema a diversidade, o Sarau \u201cAs &hellip;<\/p>\n","protected":false},"author":1,"featured_media":512,"comment_status":"open","ping_status":"closed","sticky":false,"template":"","format":"standard","meta":{"footnotes":""},"categories":[2],"tags":[],"class_list":["post-262","post","type-post","status-publish","format-standard","has-post-thumbnail","hentry","category-destaques-home"],"yoast_head":"<!-- This site is optimized with the Yoast SEO plugin v26.1.1 - https:\/\/yoast.com\/wordpress\/plugins\/seo\/ -->\n<title>Sarau \u201cAs sem-raz\u00f5es do amor\u201d &#8212; Trem da Vale<\/title>\n<meta name=\"robots\" content=\"index, follow, max-snippet:-1, max-image-preview:large, max-video-preview:-1\" \/>\n<link rel=\"canonical\" href=\"https:\/\/tremdavale.org\/pt\/sarau-as-sem-razoes-do-amor\/\" \/>\n<meta property=\"og:locale\" content=\"pt_PT\" \/>\n<meta property=\"og:type\" content=\"article\" \/>\n<meta property=\"og:title\" content=\"Sarau \u201cAs sem-raz\u00f5es do amor\u201d &#8212; Trem da Vale\" \/>\n<meta property=\"og:description\" content=\"As Bibliotecas Infanto-Juvenis do Programa de Educa\u00e7\u00e3o Patrimonial Trem da Vale t\u00eam o prazer de convid\u00e1-lo para o Sarau \u201cAs sem-raz\u00f5es do amor\u201d. &nbsp; Inserido no \u00e2mbito do Festival de Inverno de Ouro Preto e Mariana \u2013 F\u00f3rum das Artes 2013, que tem como tema a diversidade, o Sarau \u201cAs &hellip;\" \/>\n<meta property=\"og:url\" content=\"https:\/\/tremdavale.org\/pt\/sarau-as-sem-razoes-do-amor\/\" \/>\n<meta property=\"og:site_name\" content=\"Trem da Vale\" \/>\n<meta property=\"article:published_time\" content=\"2013-08-25T04:50:00+00:00\" \/>\n<meta property=\"article:modified_time\" content=\"2025-10-10T11:57:00+00:00\" \/>\n<meta property=\"og:image\" content=\"https:\/\/tremdavale.org\/wp-content\/uploads\/sarau_as-semrazoes-do-amor_2013-300x65.jpg\" \/>\n\t<meta property=\"og:image:width\" content=\"300\" \/>\n\t<meta property=\"og:image:height\" content=\"65\" \/>\n\t<meta property=\"og:image:type\" content=\"image\/jpeg\" \/>\n<meta name=\"author\" content=\"admin\" \/>\n<meta name=\"twitter:card\" content=\"summary_large_image\" \/>\n<meta name=\"twitter:label1\" content=\"Escrito por\" \/>\n\t<meta name=\"twitter:data1\" content=\"admin\" \/>\n\t<meta name=\"twitter:label2\" content=\"Tempo estimado de leitura\" \/>\n\t<meta name=\"twitter:data2\" content=\"1 minuto\" \/>\n<script type=\"application\/ld+json\" class=\"yoast-schema-graph\">{\"@context\":\"https:\/\/schema.org\",\"@graph\":[{\"@type\":\"WebPage\",\"@id\":\"https:\/\/tremdavale.org\/pt\/sarau-as-sem-razoes-do-amor\/\",\"url\":\"https:\/\/tremdavale.org\/pt\/sarau-as-sem-razoes-do-amor\/\",\"name\":\"Sarau \u201cAs sem-raz\u00f5es do amor\u201d &#8212; Trem da Vale\",\"isPartOf\":{\"@id\":\"https:\/\/tremdavale.org\/pt\/#website\"},\"primaryImageOfPage\":{\"@id\":\"https:\/\/tremdavale.org\/pt\/sarau-as-sem-razoes-do-amor\/#primaryimage\"},\"image\":{\"@id\":\"https:\/\/tremdavale.org\/pt\/sarau-as-sem-razoes-do-amor\/#primaryimage\"},\"thumbnailUrl\":\"https:\/\/tremdavale.org\/wp-content\/uploads\/sarau_as-semrazoes-do-amor_2013-300x65.jpg\",\"datePublished\":\"2013-08-25T04:50:00+00:00\",\"dateModified\":\"2025-10-10T11:57:00+00:00\",\"author\":{\"@id\":\"https:\/\/tremdavale.org\/pt\/#\/schema\/person\/50912137d47426d31329f246d02eaeca\"},\"breadcrumb\":{\"@id\":\"https:\/\/tremdavale.org\/pt\/sarau-as-sem-razoes-do-amor\/#breadcrumb\"},\"inLanguage\":\"pt-PT\",\"potentialAction\":[{\"@type\":\"ReadAction\",\"target\":[\"https:\/\/tremdavale.org\/pt\/sarau-as-sem-razoes-do-amor\/\"]}]},{\"@type\":\"ImageObject\",\"inLanguage\":\"pt-PT\",\"@id\":\"https:\/\/tremdavale.org\/pt\/sarau-as-sem-razoes-do-amor\/#primaryimage\",\"url\":\"https:\/\/tremdavale.org\/wp-content\/uploads\/sarau_as-semrazoes-do-amor_2013-300x65.jpg\",\"contentUrl\":\"https:\/\/tremdavale.org\/wp-content\/uploads\/sarau_as-semrazoes-do-amor_2013-300x65.jpg\",\"width\":300,\"height\":65},{\"@type\":\"BreadcrumbList\",\"@id\":\"https:\/\/tremdavale.org\/pt\/sarau-as-sem-razoes-do-amor\/#breadcrumb\",\"itemListElement\":[{\"@type\":\"ListItem\",\"position\":1,\"name\":\"In\u00edcio\",\"item\":\"https:\/\/tremdavale.org\/pt\/\"},{\"@type\":\"ListItem\",\"position\":2,\"name\":\"Sarau \u201cAs sem-raz\u00f5es do amor\u201d\"}]},{\"@type\":\"WebSite\",\"@id\":\"https:\/\/tremdavale.org\/pt\/#website\",\"url\":\"https:\/\/tremdavale.org\/pt\/\",\"name\":\"Trem da Vale\",\"description\":\"Programa de Educa\u00e7\u00e3o Patrimonial\",\"potentialAction\":[{\"@type\":\"SearchAction\",\"target\":{\"@type\":\"EntryPoint\",\"urlTemplate\":\"https:\/\/tremdavale.org\/pt\/?s={search_term_string}\"},\"query-input\":{\"@type\":\"PropertyValueSpecification\",\"valueRequired\":true,\"valueName\":\"search_term_string\"}}],\"inLanguage\":\"pt-PT\"},{\"@type\":\"Person\",\"@id\":\"https:\/\/tremdavale.org\/pt\/#\/schema\/person\/50912137d47426d31329f246d02eaeca\",\"name\":\"admin\",\"image\":{\"@type\":\"ImageObject\",\"inLanguage\":\"pt-PT\",\"@id\":\"https:\/\/tremdavale.org\/pt\/#\/schema\/person\/image\/\",\"url\":\"https:\/\/secure.gravatar.com\/avatar\/b3564f0fda6ea47959fe96a4217203e79a167568a37409758659bc3ba443b452?s=96&d=mm&r=g\",\"contentUrl\":\"https:\/\/secure.gravatar.com\/avatar\/b3564f0fda6ea47959fe96a4217203e79a167568a37409758659bc3ba443b452?s=96&d=mm&r=g\",\"caption\":\"admin\"},\"sameAs\":[\"https:\/\/tremdavale.org\"],\"url\":\"https:\/\/tremdavale.org\/pt\/author\/admin\/\"}]}<\/script>\n<!-- \/ Yoast SEO plugin. -->","yoast_head_json":{"title":"Sarau \u201cAs sem-raz\u00f5es do amor\u201d &#8212; Trem da Vale","robots":{"index":"index","follow":"follow","max-snippet":"max-snippet:-1","max-image-preview":"max-image-preview:large","max-video-preview":"max-video-preview:-1"},"canonical":"https:\/\/tremdavale.org\/pt\/sarau-as-sem-razoes-do-amor\/","og_locale":"pt_PT","og_type":"article","og_title":"Sarau \u201cAs sem-raz\u00f5es do amor\u201d &#8212; Trem da Vale","og_description":"As Bibliotecas Infanto-Juvenis do Programa de Educa\u00e7\u00e3o Patrimonial Trem da Vale t\u00eam o prazer de convid\u00e1-lo para o Sarau \u201cAs sem-raz\u00f5es do amor\u201d. &nbsp; Inserido no \u00e2mbito do Festival de Inverno de Ouro Preto e Mariana \u2013 F\u00f3rum das Artes 2013, que tem como tema a diversidade, o Sarau \u201cAs &hellip;","og_url":"https:\/\/tremdavale.org\/pt\/sarau-as-sem-razoes-do-amor\/","og_site_name":"Trem da Vale","article_published_time":"2013-08-25T04:50:00+00:00","article_modified_time":"2025-10-10T11:57:00+00:00","og_image":[{"width":300,"height":65,"url":"https:\/\/tremdavale.org\/wp-content\/uploads\/sarau_as-semrazoes-do-amor_2013-300x65.jpg","type":"image\/jpeg"}],"author":"admin","twitter_card":"summary_large_image","twitter_misc":{"Escrito por":"admin","Tempo estimado de leitura":"1 minuto"},"schema":{"@context":"https:\/\/schema.org","@graph":[{"@type":"WebPage","@id":"https:\/\/tremdavale.org\/pt\/sarau-as-sem-razoes-do-amor\/","url":"https:\/\/tremdavale.org\/pt\/sarau-as-sem-razoes-do-amor\/","name":"Sarau \u201cAs sem-raz\u00f5es do amor\u201d &#8212; Trem da Vale","isPartOf":{"@id":"https:\/\/tremdavale.org\/pt\/#website"},"primaryImageOfPage":{"@id":"https:\/\/tremdavale.org\/pt\/sarau-as-sem-razoes-do-amor\/#primaryimage"},"image":{"@id":"https:\/\/tremdavale.org\/pt\/sarau-as-sem-razoes-do-amor\/#primaryimage"},"thumbnailUrl":"https:\/\/tremdavale.org\/wp-content\/uploads\/sarau_as-semrazoes-do-amor_2013-300x65.jpg","datePublished":"2013-08-25T04:50:00+00:00","dateModified":"2025-10-10T11:57:00+00:00","author":{"@id":"https:\/\/tremdavale.org\/pt\/#\/schema\/person\/50912137d47426d31329f246d02eaeca"},"breadcrumb":{"@id":"https:\/\/tremdavale.org\/pt\/sarau-as-sem-razoes-do-amor\/#breadcrumb"},"inLanguage":"pt-PT","potentialAction":[{"@type":"ReadAction","target":["https:\/\/tremdavale.org\/pt\/sarau-as-sem-razoes-do-amor\/"]}]},{"@type":"ImageObject","inLanguage":"pt-PT","@id":"https:\/\/tremdavale.org\/pt\/sarau-as-sem-razoes-do-amor\/#primaryimage","url":"https:\/\/tremdavale.org\/wp-content\/uploads\/sarau_as-semrazoes-do-amor_2013-300x65.jpg","contentUrl":"https:\/\/tremdavale.org\/wp-content\/uploads\/sarau_as-semrazoes-do-amor_2013-300x65.jpg","width":300,"height":65},{"@type":"BreadcrumbList","@id":"https:\/\/tremdavale.org\/pt\/sarau-as-sem-razoes-do-amor\/#breadcrumb","itemListElement":[{"@type":"ListItem","position":1,"name":"In\u00edcio","item":"https:\/\/tremdavale.org\/pt\/"},{"@type":"ListItem","position":2,"name":"Sarau \u201cAs sem-raz\u00f5es do amor\u201d"}]},{"@type":"WebSite","@id":"https:\/\/tremdavale.org\/pt\/#website","url":"https:\/\/tremdavale.org\/pt\/","name":"Trem da Vale","description":"Programa de Educa\u00e7\u00e3o Patrimonial","potentialAction":[{"@type":"SearchAction","target":{"@type":"EntryPoint","urlTemplate":"https:\/\/tremdavale.org\/pt\/?s={search_term_string}"},"query-input":{"@type":"PropertyValueSpecification","valueRequired":true,"valueName":"search_term_string"}}],"inLanguage":"pt-PT"},{"@type":"Person","@id":"https:\/\/tremdavale.org\/pt\/#\/schema\/person\/50912137d47426d31329f246d02eaeca","name":"admin","image":{"@type":"ImageObject","inLanguage":"pt-PT","@id":"https:\/\/tremdavale.org\/pt\/#\/schema\/person\/image\/","url":"https:\/\/secure.gravatar.com\/avatar\/b3564f0fda6ea47959fe96a4217203e79a167568a37409758659bc3ba443b452?s=96&d=mm&r=g","contentUrl":"https:\/\/secure.gravatar.com\/avatar\/b3564f0fda6ea47959fe96a4217203e79a167568a37409758659bc3ba443b452?s=96&d=mm&r=g","caption":"admin"},"sameAs":["https:\/\/tremdavale.org"],"url":"https:\/\/tremdavale.org\/pt\/author\/admin\/"}]}},"_links":{"self":[{"href":"https:\/\/tremdavale.org\/pt\/wp-json\/wp\/v2\/posts\/262","targetHints":{"allow":["GET"]}}],"collection":[{"href":"https:\/\/tremdavale.org\/pt\/wp-json\/wp\/v2\/posts"}],"about":[{"href":"https:\/\/tremdavale.org\/pt\/wp-json\/wp\/v2\/types\/post"}],"author":[{"embeddable":true,"href":"https:\/\/tremdavale.org\/pt\/wp-json\/wp\/v2\/users\/1"}],"replies":[{"embeddable":true,"href":"https:\/\/tremdavale.org\/pt\/wp-json\/wp\/v2\/comments?post=262"}],"version-history":[{"count":0,"href":"https:\/\/tremdavale.org\/pt\/wp-json\/wp\/v2\/posts\/262\/revisions"}],"wp:featuredmedia":[{"embeddable":true,"href":"https:\/\/tremdavale.org\/pt\/wp-json\/wp\/v2\/media\/512"}],"wp:attachment":[{"href":"https:\/\/tremdavale.org\/pt\/wp-json\/wp\/v2\/media?parent=262"}],"wp:term":[{"taxonomy":"category","embeddable":true,"href":"https:\/\/tremdavale.org\/pt\/wp-json\/wp\/v2\/categories?post=262"},{"taxonomy":"post_tag","embeddable":true,"href":"https:\/\/tremdavale.org\/pt\/wp-json\/wp\/v2\/tags?post=262"}],"curies":[{"name":"wp","href":"https:\/\/api.w.org\/{rel}","templated":true}]}}