{"id":266,"date":"2011-09-11T21:46:00","date_gmt":"2011-09-11T21:46:00","guid":{"rendered":"https:\/\/tremdavale.org\/?p=266"},"modified":"2025-10-10T11:57:00","modified_gmt":"2025-10-10T11:57:00","slug":"sarau-na-estacao-leva-o-encanto-da-palavra-para-os-moradores-de-mariana","status":"publish","type":"post","link":"https:\/\/tremdavale.org\/pt\/sarau-na-estacao-leva-o-encanto-da-palavra-para-os-moradores-de-mariana\/","title":{"rendered":"Sarau na Esta\u00e7\u00e3o leva o encanto da palavra para os moradores de Mariana"},"content":{"rendered":"<p>Com muita m\u00fasica e poesia, o Sarau \u201cCores e Sons de Mariana &#8211; Notas de uma tradi\u00e7\u00e3o musical\u201d homenageou as bandas e grupos musicais da regi\u00e3o no \u00faltimo s\u00e1bado.<!--more--><\/p>\n<p><img loading=\"lazy\" decoding=\"async\" class=\"size-medium\" title=\"foto-sarau2\" src=\"\/wp-content\/uploads\/foto-sarau2-300x200.jpg\" alt=\"Apresenta\u00e7\u00e3o da \" sociedade=\"\" musical=\"\" xv=\"\" de=\"\" width=\"300\" height=\"200\"><\/p>\n<p>O Sarau teve in\u00edcio com a apresenta\u00e7\u00e3o da sociedade musical \u201cUni\u00e3o XV de Novembro\u201d, que seguiu tocando pelas ruas do centro de Mariana at\u00e9 chegar \u00e0 esta\u00e7\u00e3o.<\/p>\n<p>A Diretora-Secret\u00e1ria do grupo, Dona Hebe Rola dos Santos, falou um pouco sobre a hist\u00f3ria da banda e apresentou o repert\u00f3rio, que incluiu m\u00fasicas de Raul Seixas e a c\u00e9lebre can\u00e7\u00e3o <em>La Mer<\/em>, originalmente composta pelo cantor franc\u00eas Charles Trenet.<\/p>\n<p>A \u201cUni\u00e3o XV de Novembro\u201d &nbsp;encerrou sua apresenta\u00e7\u00e3o com o <em>Hino de Mariana<\/em> e o <em>Parab\u00e9ns a voc\u00ea<\/em>, em comemora\u00e7\u00e3o ao seu anivers\u00e1rio e ao da banda \u201cSanta Cec\u00edlia\u201d de Passagem de Mariana, celebrados no m\u00eas de novembro.<\/p>\n<p>Ap\u00f3s a apresenta\u00e7\u00e3o, o Sarau foi aberto a declama\u00e7\u00f5es. O p\u00fablico presente recitou os poemas contidos nas pastas e livros disponibilizados pela Biblioteca do Programa, e as crian\u00e7as estouraram bal\u00f5es dentro dos quais havia poemas.<\/p>\n<p>Em seguida, houv<strong>e apresenta\u00e7\u00e3o da<\/strong> <strong>Fanfarra da Institui\u00e7\u00e3o \u201cObras Sociais de Monsenhor<\/strong><strong>Horta\u201d,<\/strong>regida por&nbsp;<em>Marcelo Silv\u00e9rio da Cruz<\/em>, professor de m\u00fasica da Institui\u00e7\u00e3o.<\/p>\n<p>Mais de cem pessoas, incluindo os componentes dos grupos musicais da regi\u00e3o, prestigiaram a tradi\u00e7\u00e3o musical em Minas Gerais durante o Sarau, transformando o evento num grande sucesso.<\/p>\n<p>&nbsp;<\/p>\n","protected":false},"excerpt":{"rendered":"<p>Com muita m\u00fasica e poesia, o Sarau \u201cCores e Sons de Mariana &#8211; Notas de uma tradi\u00e7\u00e3o musical\u201d homenageou as bandas e grupos musicais da regi\u00e3o no \u00faltimo s\u00e1bado.<\/p>\n","protected":false},"author":1,"featured_media":515,"comment_status":"open","ping_status":"closed","sticky":false,"template":"","format":"standard","meta":{"footnotes":""},"categories":[3,5],"tags":[],"class_list":["post-266","post","type-post","status-publish","format-standard","has-post-thumbnail","hentry","category-noticias","category-noticias-destaque"],"yoast_head":"<!-- This site is optimized with the Yoast SEO plugin v26.1.1 - https:\/\/yoast.com\/wordpress\/plugins\/seo\/ -->\n<title>Sarau na Esta\u00e7\u00e3o leva o encanto da palavra para os moradores de Mariana &#8212; Trem da Vale<\/title>\n<meta name=\"robots\" content=\"index, follow, max-snippet:-1, max-image-preview:large, max-video-preview:-1\" \/>\n<link rel=\"canonical\" href=\"https:\/\/tremdavale.org\/pt\/sarau-na-estacao-leva-o-encanto-da-palavra-para-os-moradores-de-mariana\/\" \/>\n<meta property=\"og:locale\" content=\"pt_PT\" \/>\n<meta property=\"og:type\" content=\"article\" \/>\n<meta property=\"og:title\" content=\"Sarau na Esta\u00e7\u00e3o leva o encanto da palavra para os moradores de Mariana &#8212; Trem da Vale\" \/>\n<meta property=\"og:description\" content=\"Com muita m\u00fasica e poesia, o Sarau \u201cCores e Sons de Mariana &#8211; Notas de uma tradi\u00e7\u00e3o musical\u201d homenageou as bandas e grupos musicais da regi\u00e3o no \u00faltimo s\u00e1bado.\" \/>\n<meta property=\"og:url\" content=\"https:\/\/tremdavale.org\/pt\/sarau-na-estacao-leva-o-encanto-da-palavra-para-os-moradores-de-mariana\/\" \/>\n<meta property=\"og:site_name\" content=\"Trem da Vale\" \/>\n<meta property=\"article:published_time\" content=\"2011-09-11T21:46:00+00:00\" \/>\n<meta property=\"article:modified_time\" content=\"2025-10-10T11:57:00+00:00\" \/>\n<meta property=\"og:image\" content=\"https:\/\/tremdavale.org\/wp-content\/uploads\/foto-sarau2-300x200.jpg\" \/>\n\t<meta property=\"og:image:width\" content=\"300\" \/>\n\t<meta property=\"og:image:height\" content=\"200\" \/>\n\t<meta property=\"og:image:type\" content=\"image\/jpeg\" \/>\n<meta name=\"author\" content=\"admin\" \/>\n<meta name=\"twitter:card\" content=\"summary_large_image\" \/>\n<meta name=\"twitter:label1\" content=\"Escrito por\" \/>\n\t<meta name=\"twitter:data1\" content=\"admin\" \/>\n\t<meta name=\"twitter:label2\" content=\"Tempo estimado de leitura\" \/>\n\t<meta name=\"twitter:data2\" content=\"1 minuto\" \/>\n<script type=\"application\/ld+json\" class=\"yoast-schema-graph\">{\"@context\":\"https:\/\/schema.org\",\"@graph\":[{\"@type\":\"WebPage\",\"@id\":\"https:\/\/tremdavale.org\/pt\/sarau-na-estacao-leva-o-encanto-da-palavra-para-os-moradores-de-mariana\/\",\"url\":\"https:\/\/tremdavale.org\/pt\/sarau-na-estacao-leva-o-encanto-da-palavra-para-os-moradores-de-mariana\/\",\"name\":\"Sarau na Esta\u00e7\u00e3o leva o encanto da palavra para os moradores de Mariana &#8212; Trem da Vale\",\"isPartOf\":{\"@id\":\"https:\/\/tremdavale.org\/pt\/#website\"},\"primaryImageOfPage\":{\"@id\":\"https:\/\/tremdavale.org\/pt\/sarau-na-estacao-leva-o-encanto-da-palavra-para-os-moradores-de-mariana\/#primaryimage\"},\"image\":{\"@id\":\"https:\/\/tremdavale.org\/pt\/sarau-na-estacao-leva-o-encanto-da-palavra-para-os-moradores-de-mariana\/#primaryimage\"},\"thumbnailUrl\":\"https:\/\/tremdavale.org\/wp-content\/uploads\/foto-sarau2-300x200.jpg\",\"datePublished\":\"2011-09-11T21:46:00+00:00\",\"dateModified\":\"2025-10-10T11:57:00+00:00\",\"author\":{\"@id\":\"https:\/\/tremdavale.org\/pt\/#\/schema\/person\/50912137d47426d31329f246d02eaeca\"},\"breadcrumb\":{\"@id\":\"https:\/\/tremdavale.org\/pt\/sarau-na-estacao-leva-o-encanto-da-palavra-para-os-moradores-de-mariana\/#breadcrumb\"},\"inLanguage\":\"pt-PT\",\"potentialAction\":[{\"@type\":\"ReadAction\",\"target\":[\"https:\/\/tremdavale.org\/pt\/sarau-na-estacao-leva-o-encanto-da-palavra-para-os-moradores-de-mariana\/\"]}]},{\"@type\":\"ImageObject\",\"inLanguage\":\"pt-PT\",\"@id\":\"https:\/\/tremdavale.org\/pt\/sarau-na-estacao-leva-o-encanto-da-palavra-para-os-moradores-de-mariana\/#primaryimage\",\"url\":\"https:\/\/tremdavale.org\/wp-content\/uploads\/foto-sarau2-300x200.jpg\",\"contentUrl\":\"https:\/\/tremdavale.org\/wp-content\/uploads\/foto-sarau2-300x200.jpg\",\"width\":300,\"height\":200},{\"@type\":\"BreadcrumbList\",\"@id\":\"https:\/\/tremdavale.org\/pt\/sarau-na-estacao-leva-o-encanto-da-palavra-para-os-moradores-de-mariana\/#breadcrumb\",\"itemListElement\":[{\"@type\":\"ListItem\",\"position\":1,\"name\":\"In\u00edcio\",\"item\":\"https:\/\/tremdavale.org\/pt\/\"},{\"@type\":\"ListItem\",\"position\":2,\"name\":\"Sarau na Esta\u00e7\u00e3o leva o encanto da palavra para os moradores de Mariana\"}]},{\"@type\":\"WebSite\",\"@id\":\"https:\/\/tremdavale.org\/pt\/#website\",\"url\":\"https:\/\/tremdavale.org\/pt\/\",\"name\":\"Trem da Vale\",\"description\":\"Programa de Educa\u00e7\u00e3o Patrimonial\",\"potentialAction\":[{\"@type\":\"SearchAction\",\"target\":{\"@type\":\"EntryPoint\",\"urlTemplate\":\"https:\/\/tremdavale.org\/pt\/?s={search_term_string}\"},\"query-input\":{\"@type\":\"PropertyValueSpecification\",\"valueRequired\":true,\"valueName\":\"search_term_string\"}}],\"inLanguage\":\"pt-PT\"},{\"@type\":\"Person\",\"@id\":\"https:\/\/tremdavale.org\/pt\/#\/schema\/person\/50912137d47426d31329f246d02eaeca\",\"name\":\"admin\",\"image\":{\"@type\":\"ImageObject\",\"inLanguage\":\"pt-PT\",\"@id\":\"https:\/\/tremdavale.org\/pt\/#\/schema\/person\/image\/\",\"url\":\"https:\/\/secure.gravatar.com\/avatar\/b3564f0fda6ea47959fe96a4217203e79a167568a37409758659bc3ba443b452?s=96&d=mm&r=g\",\"contentUrl\":\"https:\/\/secure.gravatar.com\/avatar\/b3564f0fda6ea47959fe96a4217203e79a167568a37409758659bc3ba443b452?s=96&d=mm&r=g\",\"caption\":\"admin\"},\"sameAs\":[\"https:\/\/tremdavale.org\"],\"url\":\"https:\/\/tremdavale.org\/pt\/author\/admin\/\"}]}<\/script>\n<!-- \/ Yoast SEO plugin. -->","yoast_head_json":{"title":"Sarau na Esta\u00e7\u00e3o leva o encanto da palavra para os moradores de Mariana &#8212; Trem da Vale","robots":{"index":"index","follow":"follow","max-snippet":"max-snippet:-1","max-image-preview":"max-image-preview:large","max-video-preview":"max-video-preview:-1"},"canonical":"https:\/\/tremdavale.org\/pt\/sarau-na-estacao-leva-o-encanto-da-palavra-para-os-moradores-de-mariana\/","og_locale":"pt_PT","og_type":"article","og_title":"Sarau na Esta\u00e7\u00e3o leva o encanto da palavra para os moradores de Mariana &#8212; Trem da Vale","og_description":"Com muita m\u00fasica e poesia, o Sarau \u201cCores e Sons de Mariana &#8211; Notas de uma tradi\u00e7\u00e3o musical\u201d homenageou as bandas e grupos musicais da regi\u00e3o no \u00faltimo s\u00e1bado.","og_url":"https:\/\/tremdavale.org\/pt\/sarau-na-estacao-leva-o-encanto-da-palavra-para-os-moradores-de-mariana\/","og_site_name":"Trem da Vale","article_published_time":"2011-09-11T21:46:00+00:00","article_modified_time":"2025-10-10T11:57:00+00:00","og_image":[{"width":300,"height":200,"url":"https:\/\/tremdavale.org\/wp-content\/uploads\/foto-sarau2-300x200.jpg","type":"image\/jpeg"}],"author":"admin","twitter_card":"summary_large_image","twitter_misc":{"Escrito por":"admin","Tempo estimado de leitura":"1 minuto"},"schema":{"@context":"https:\/\/schema.org","@graph":[{"@type":"WebPage","@id":"https:\/\/tremdavale.org\/pt\/sarau-na-estacao-leva-o-encanto-da-palavra-para-os-moradores-de-mariana\/","url":"https:\/\/tremdavale.org\/pt\/sarau-na-estacao-leva-o-encanto-da-palavra-para-os-moradores-de-mariana\/","name":"Sarau na Esta\u00e7\u00e3o leva o encanto da palavra para os moradores de Mariana &#8212; Trem da Vale","isPartOf":{"@id":"https:\/\/tremdavale.org\/pt\/#website"},"primaryImageOfPage":{"@id":"https:\/\/tremdavale.org\/pt\/sarau-na-estacao-leva-o-encanto-da-palavra-para-os-moradores-de-mariana\/#primaryimage"},"image":{"@id":"https:\/\/tremdavale.org\/pt\/sarau-na-estacao-leva-o-encanto-da-palavra-para-os-moradores-de-mariana\/#primaryimage"},"thumbnailUrl":"https:\/\/tremdavale.org\/wp-content\/uploads\/foto-sarau2-300x200.jpg","datePublished":"2011-09-11T21:46:00+00:00","dateModified":"2025-10-10T11:57:00+00:00","author":{"@id":"https:\/\/tremdavale.org\/pt\/#\/schema\/person\/50912137d47426d31329f246d02eaeca"},"breadcrumb":{"@id":"https:\/\/tremdavale.org\/pt\/sarau-na-estacao-leva-o-encanto-da-palavra-para-os-moradores-de-mariana\/#breadcrumb"},"inLanguage":"pt-PT","potentialAction":[{"@type":"ReadAction","target":["https:\/\/tremdavale.org\/pt\/sarau-na-estacao-leva-o-encanto-da-palavra-para-os-moradores-de-mariana\/"]}]},{"@type":"ImageObject","inLanguage":"pt-PT","@id":"https:\/\/tremdavale.org\/pt\/sarau-na-estacao-leva-o-encanto-da-palavra-para-os-moradores-de-mariana\/#primaryimage","url":"https:\/\/tremdavale.org\/wp-content\/uploads\/foto-sarau2-300x200.jpg","contentUrl":"https:\/\/tremdavale.org\/wp-content\/uploads\/foto-sarau2-300x200.jpg","width":300,"height":200},{"@type":"BreadcrumbList","@id":"https:\/\/tremdavale.org\/pt\/sarau-na-estacao-leva-o-encanto-da-palavra-para-os-moradores-de-mariana\/#breadcrumb","itemListElement":[{"@type":"ListItem","position":1,"name":"In\u00edcio","item":"https:\/\/tremdavale.org\/pt\/"},{"@type":"ListItem","position":2,"name":"Sarau na Esta\u00e7\u00e3o leva o encanto da palavra para os moradores de Mariana"}]},{"@type":"WebSite","@id":"https:\/\/tremdavale.org\/pt\/#website","url":"https:\/\/tremdavale.org\/pt\/","name":"Trem da Vale","description":"Programa de Educa\u00e7\u00e3o Patrimonial","potentialAction":[{"@type":"SearchAction","target":{"@type":"EntryPoint","urlTemplate":"https:\/\/tremdavale.org\/pt\/?s={search_term_string}"},"query-input":{"@type":"PropertyValueSpecification","valueRequired":true,"valueName":"search_term_string"}}],"inLanguage":"pt-PT"},{"@type":"Person","@id":"https:\/\/tremdavale.org\/pt\/#\/schema\/person\/50912137d47426d31329f246d02eaeca","name":"admin","image":{"@type":"ImageObject","inLanguage":"pt-PT","@id":"https:\/\/tremdavale.org\/pt\/#\/schema\/person\/image\/","url":"https:\/\/secure.gravatar.com\/avatar\/b3564f0fda6ea47959fe96a4217203e79a167568a37409758659bc3ba443b452?s=96&d=mm&r=g","contentUrl":"https:\/\/secure.gravatar.com\/avatar\/b3564f0fda6ea47959fe96a4217203e79a167568a37409758659bc3ba443b452?s=96&d=mm&r=g","caption":"admin"},"sameAs":["https:\/\/tremdavale.org"],"url":"https:\/\/tremdavale.org\/pt\/author\/admin\/"}]}},"_links":{"self":[{"href":"https:\/\/tremdavale.org\/pt\/wp-json\/wp\/v2\/posts\/266","targetHints":{"allow":["GET"]}}],"collection":[{"href":"https:\/\/tremdavale.org\/pt\/wp-json\/wp\/v2\/posts"}],"about":[{"href":"https:\/\/tremdavale.org\/pt\/wp-json\/wp\/v2\/types\/post"}],"author":[{"embeddable":true,"href":"https:\/\/tremdavale.org\/pt\/wp-json\/wp\/v2\/users\/1"}],"replies":[{"embeddable":true,"href":"https:\/\/tremdavale.org\/pt\/wp-json\/wp\/v2\/comments?post=266"}],"version-history":[{"count":0,"href":"https:\/\/tremdavale.org\/pt\/wp-json\/wp\/v2\/posts\/266\/revisions"}],"wp:featuredmedia":[{"embeddable":true,"href":"https:\/\/tremdavale.org\/pt\/wp-json\/wp\/v2\/media\/515"}],"wp:attachment":[{"href":"https:\/\/tremdavale.org\/pt\/wp-json\/wp\/v2\/media?parent=266"}],"wp:term":[{"taxonomy":"category","embeddable":true,"href":"https:\/\/tremdavale.org\/pt\/wp-json\/wp\/v2\/categories?post=266"},{"taxonomy":"post_tag","embeddable":true,"href":"https:\/\/tremdavale.org\/pt\/wp-json\/wp\/v2\/tags?post=266"}],"curies":[{"name":"wp","href":"https:\/\/api.w.org\/{rel}","templated":true}]}}