{"id":268,"date":"2011-09-22T03:25:00","date_gmt":"2011-09-22T03:25:00","guid":{"rendered":"https:\/\/tremdavale.org\/?p=268"},"modified":"2025-10-10T11:57:00","modified_gmt":"2025-10-10T11:57:00","slug":"sarau-linguagem-dos-sinos-na-estacao-de-mariana","status":"publish","type":"post","link":"https:\/\/tremdavale.org\/pt\/sarau-linguagem-dos-sinos-na-estacao-de-mariana\/","title":{"rendered":"Sarau \u201cLinguagem dos Sinos\u201d na Esta\u00e7\u00e3o de Mariana"},"content":{"rendered":"<p><img loading=\"lazy\" decoding=\"async\" class=\"size-full\" title=\"proj_proprios_inventariosinos022\" src=\"\/wp-content\/uploads\/proj_proprios_inventariosinos022.jpg\" alt=\"Sarau \" linguagem=\"\" dos=\"\" width=\"160\" height=\"240\"><\/p>\n<p>No \u00e2mbito da programa\u00e7\u00e3o do \u201cFestival de Inverno de Ouro Preto e Mariana &#8211; F\u00f3rum das Artes 2010\u2033, a Biblioteca Infanto-Juvenil da Esta\u00e7\u00e3o de Mariana convida a todos para o <strong>Sarau \u201cLinguagem dos Sinos\u201d<\/strong>, que ser\u00e1 realizado no dia 17 de Julho (s\u00e1bado), \u00e0s 15 horas.<!--more--><\/p>\n<p>Tradi\u00e7\u00e3o milenar, o toque dos sinos de Minas Gerais, al\u00e9m de ser uma peculiar forma de comunica\u00e7\u00e3o e linguagem sonora, \u00e9 uma importante heran\u00e7a hist\u00f3rico-art\u00edstica que marca o dia-a-dia dos moradores de Ouro Preto e Mariana, por meio dos dobres e repiques que ecoam diariamente do alto das catedrais barrocas.<\/p>\n<p>Neste contexto, o Sarau \u201cLinguagem dos Sinos\u201d visa promover a aprecia\u00e7\u00e3o musical e liter\u00e1ria, bem como a valoriza\u00e7\u00e3o do patrim\u00f4nio cultural da regi\u00e3o, atrav\u00e9s da pr\u00e1tica sineira e da hist\u00f3ria oral.<\/p>\n<p>Um \u201cCard\u00e1pio Liter\u00e1rio\u201d, especialmente criado para o Sarau com sugest\u00f5es de m\u00fasicas, poesias, contos e textos de escritores brasileiros, ser\u00e1 oferecido aos participantes para serem declamados durante o evento. Ap\u00f3s o Sarau, haver\u00e1 o \u201cCortejo Cultural Toque dos Sinos\u201d, seguindo da Esta\u00e7\u00e3o em dire\u00e7\u00e3o \u00e0 Pra\u00e7a Minas Gerais.<\/p>\n<p><strong>SARAU \u201cLINGUAGEM DOS SINOS\u201d<\/strong><\/p>\n<p>Data &#8211; 17 de Julho (s\u00e1bado)<\/p>\n<p>Hor\u00e1rio &#8211; 15h<\/p>\n<p>Local &#8211; Esta\u00e7\u00e3o Ferrovi\u00e1ria de Mariana<\/p>\n<p>Mais informa\u00e7\u00f5es pelo telefone: (31) 3558-3104<\/p>\n<p>&nbsp;<\/p>\n","protected":false},"excerpt":{"rendered":"<p>No \u00e2mbito da programa\u00e7\u00e3o do \u201cFestival de Inverno de Ouro Preto e Mariana &#8211; F\u00f3rum das Artes 2010\u2033, a Biblioteca Infanto-Juvenil da Esta\u00e7\u00e3o de Mariana convida a todos para o Sarau \u201cLinguagem dos Sinos\u201d, que ser\u00e1 realizado no dia 17 de Julho (s\u00e1bado), \u00e0s 15 horas.<\/p>\n","protected":false},"author":1,"featured_media":516,"comment_status":"open","ping_status":"closed","sticky":false,"template":"","format":"standard","meta":{"footnotes":""},"categories":[3],"tags":[],"class_list":["post-268","post","type-post","status-publish","format-standard","has-post-thumbnail","hentry","category-noticias"],"yoast_head":"<!-- This site is optimized with the Yoast SEO plugin v26.1.1 - https:\/\/yoast.com\/wordpress\/plugins\/seo\/ -->\n<title>Sarau \u201cLinguagem dos Sinos\u201d na Esta\u00e7\u00e3o de Mariana &#8212; Trem da Vale<\/title>\n<meta name=\"robots\" content=\"index, follow, max-snippet:-1, max-image-preview:large, max-video-preview:-1\" \/>\n<link rel=\"canonical\" href=\"https:\/\/tremdavale.org\/pt\/sarau-linguagem-dos-sinos-na-estacao-de-mariana\/\" \/>\n<meta property=\"og:locale\" content=\"pt_PT\" \/>\n<meta property=\"og:type\" content=\"article\" \/>\n<meta property=\"og:title\" content=\"Sarau \u201cLinguagem dos Sinos\u201d na Esta\u00e7\u00e3o de Mariana &#8212; Trem da Vale\" \/>\n<meta property=\"og:description\" content=\"No \u00e2mbito da programa\u00e7\u00e3o do \u201cFestival de Inverno de Ouro Preto e Mariana &#8211; F\u00f3rum das Artes 2010\u2033, a Biblioteca Infanto-Juvenil da Esta\u00e7\u00e3o de Mariana convida a todos para o Sarau \u201cLinguagem dos Sinos\u201d, que ser\u00e1 realizado no dia 17 de Julho (s\u00e1bado), \u00e0s 15 horas.\" \/>\n<meta property=\"og:url\" content=\"https:\/\/tremdavale.org\/pt\/sarau-linguagem-dos-sinos-na-estacao-de-mariana\/\" \/>\n<meta property=\"og:site_name\" content=\"Trem da Vale\" \/>\n<meta property=\"article:published_time\" content=\"2011-09-22T03:25:00+00:00\" \/>\n<meta property=\"article:modified_time\" content=\"2025-10-10T11:57:00+00:00\" \/>\n<meta property=\"og:image\" content=\"https:\/\/tremdavale.org\/wp-content\/uploads\/proj_proprios_inventariosinos022.jpg\" \/>\n\t<meta property=\"og:image:width\" content=\"160\" \/>\n\t<meta property=\"og:image:height\" content=\"240\" \/>\n\t<meta property=\"og:image:type\" content=\"image\/jpeg\" \/>\n<meta name=\"author\" content=\"admin\" \/>\n<meta name=\"twitter:card\" content=\"summary_large_image\" \/>\n<meta name=\"twitter:label1\" content=\"Escrito por\" \/>\n\t<meta name=\"twitter:data1\" content=\"admin\" \/>\n\t<meta name=\"twitter:label2\" content=\"Tempo estimado de leitura\" \/>\n\t<meta name=\"twitter:data2\" content=\"1 minuto\" \/>\n<script type=\"application\/ld+json\" class=\"yoast-schema-graph\">{\"@context\":\"https:\/\/schema.org\",\"@graph\":[{\"@type\":\"WebPage\",\"@id\":\"https:\/\/tremdavale.org\/pt\/sarau-linguagem-dos-sinos-na-estacao-de-mariana\/\",\"url\":\"https:\/\/tremdavale.org\/pt\/sarau-linguagem-dos-sinos-na-estacao-de-mariana\/\",\"name\":\"Sarau \u201cLinguagem dos Sinos\u201d na Esta\u00e7\u00e3o de Mariana &#8212; Trem da Vale\",\"isPartOf\":{\"@id\":\"https:\/\/tremdavale.org\/pt\/#website\"},\"primaryImageOfPage\":{\"@id\":\"https:\/\/tremdavale.org\/pt\/sarau-linguagem-dos-sinos-na-estacao-de-mariana\/#primaryimage\"},\"image\":{\"@id\":\"https:\/\/tremdavale.org\/pt\/sarau-linguagem-dos-sinos-na-estacao-de-mariana\/#primaryimage\"},\"thumbnailUrl\":\"https:\/\/tremdavale.org\/wp-content\/uploads\/proj_proprios_inventariosinos022.jpg\",\"datePublished\":\"2011-09-22T03:25:00+00:00\",\"dateModified\":\"2025-10-10T11:57:00+00:00\",\"author\":{\"@id\":\"https:\/\/tremdavale.org\/pt\/#\/schema\/person\/50912137d47426d31329f246d02eaeca\"},\"breadcrumb\":{\"@id\":\"https:\/\/tremdavale.org\/pt\/sarau-linguagem-dos-sinos-na-estacao-de-mariana\/#breadcrumb\"},\"inLanguage\":\"pt-PT\",\"potentialAction\":[{\"@type\":\"ReadAction\",\"target\":[\"https:\/\/tremdavale.org\/pt\/sarau-linguagem-dos-sinos-na-estacao-de-mariana\/\"]}]},{\"@type\":\"ImageObject\",\"inLanguage\":\"pt-PT\",\"@id\":\"https:\/\/tremdavale.org\/pt\/sarau-linguagem-dos-sinos-na-estacao-de-mariana\/#primaryimage\",\"url\":\"https:\/\/tremdavale.org\/wp-content\/uploads\/proj_proprios_inventariosinos022.jpg\",\"contentUrl\":\"https:\/\/tremdavale.org\/wp-content\/uploads\/proj_proprios_inventariosinos022.jpg\",\"width\":160,\"height\":240},{\"@type\":\"BreadcrumbList\",\"@id\":\"https:\/\/tremdavale.org\/pt\/sarau-linguagem-dos-sinos-na-estacao-de-mariana\/#breadcrumb\",\"itemListElement\":[{\"@type\":\"ListItem\",\"position\":1,\"name\":\"In\u00edcio\",\"item\":\"https:\/\/tremdavale.org\/pt\/\"},{\"@type\":\"ListItem\",\"position\":2,\"name\":\"Sarau \u201cLinguagem dos Sinos\u201d na Esta\u00e7\u00e3o de Mariana\"}]},{\"@type\":\"WebSite\",\"@id\":\"https:\/\/tremdavale.org\/pt\/#website\",\"url\":\"https:\/\/tremdavale.org\/pt\/\",\"name\":\"Trem da Vale\",\"description\":\"Programa de Educa\u00e7\u00e3o Patrimonial\",\"potentialAction\":[{\"@type\":\"SearchAction\",\"target\":{\"@type\":\"EntryPoint\",\"urlTemplate\":\"https:\/\/tremdavale.org\/pt\/?s={search_term_string}\"},\"query-input\":{\"@type\":\"PropertyValueSpecification\",\"valueRequired\":true,\"valueName\":\"search_term_string\"}}],\"inLanguage\":\"pt-PT\"},{\"@type\":\"Person\",\"@id\":\"https:\/\/tremdavale.org\/pt\/#\/schema\/person\/50912137d47426d31329f246d02eaeca\",\"name\":\"admin\",\"image\":{\"@type\":\"ImageObject\",\"inLanguage\":\"pt-PT\",\"@id\":\"https:\/\/tremdavale.org\/pt\/#\/schema\/person\/image\/\",\"url\":\"https:\/\/secure.gravatar.com\/avatar\/b3564f0fda6ea47959fe96a4217203e79a167568a37409758659bc3ba443b452?s=96&d=mm&r=g\",\"contentUrl\":\"https:\/\/secure.gravatar.com\/avatar\/b3564f0fda6ea47959fe96a4217203e79a167568a37409758659bc3ba443b452?s=96&d=mm&r=g\",\"caption\":\"admin\"},\"sameAs\":[\"https:\/\/tremdavale.org\"],\"url\":\"https:\/\/tremdavale.org\/pt\/author\/admin\/\"}]}<\/script>\n<!-- \/ Yoast SEO plugin. -->","yoast_head_json":{"title":"Sarau \u201cLinguagem dos Sinos\u201d na Esta\u00e7\u00e3o de Mariana &#8212; Trem da Vale","robots":{"index":"index","follow":"follow","max-snippet":"max-snippet:-1","max-image-preview":"max-image-preview:large","max-video-preview":"max-video-preview:-1"},"canonical":"https:\/\/tremdavale.org\/pt\/sarau-linguagem-dos-sinos-na-estacao-de-mariana\/","og_locale":"pt_PT","og_type":"article","og_title":"Sarau \u201cLinguagem dos Sinos\u201d na Esta\u00e7\u00e3o de Mariana &#8212; Trem da Vale","og_description":"No \u00e2mbito da programa\u00e7\u00e3o do \u201cFestival de Inverno de Ouro Preto e Mariana &#8211; F\u00f3rum das Artes 2010\u2033, a Biblioteca Infanto-Juvenil da Esta\u00e7\u00e3o de Mariana convida a todos para o Sarau \u201cLinguagem dos Sinos\u201d, que ser\u00e1 realizado no dia 17 de Julho (s\u00e1bado), \u00e0s 15 horas.","og_url":"https:\/\/tremdavale.org\/pt\/sarau-linguagem-dos-sinos-na-estacao-de-mariana\/","og_site_name":"Trem da Vale","article_published_time":"2011-09-22T03:25:00+00:00","article_modified_time":"2025-10-10T11:57:00+00:00","og_image":[{"width":160,"height":240,"url":"https:\/\/tremdavale.org\/wp-content\/uploads\/proj_proprios_inventariosinos022.jpg","type":"image\/jpeg"}],"author":"admin","twitter_card":"summary_large_image","twitter_misc":{"Escrito por":"admin","Tempo estimado de leitura":"1 minuto"},"schema":{"@context":"https:\/\/schema.org","@graph":[{"@type":"WebPage","@id":"https:\/\/tremdavale.org\/pt\/sarau-linguagem-dos-sinos-na-estacao-de-mariana\/","url":"https:\/\/tremdavale.org\/pt\/sarau-linguagem-dos-sinos-na-estacao-de-mariana\/","name":"Sarau \u201cLinguagem dos Sinos\u201d na Esta\u00e7\u00e3o de Mariana &#8212; Trem da Vale","isPartOf":{"@id":"https:\/\/tremdavale.org\/pt\/#website"},"primaryImageOfPage":{"@id":"https:\/\/tremdavale.org\/pt\/sarau-linguagem-dos-sinos-na-estacao-de-mariana\/#primaryimage"},"image":{"@id":"https:\/\/tremdavale.org\/pt\/sarau-linguagem-dos-sinos-na-estacao-de-mariana\/#primaryimage"},"thumbnailUrl":"https:\/\/tremdavale.org\/wp-content\/uploads\/proj_proprios_inventariosinos022.jpg","datePublished":"2011-09-22T03:25:00+00:00","dateModified":"2025-10-10T11:57:00+00:00","author":{"@id":"https:\/\/tremdavale.org\/pt\/#\/schema\/person\/50912137d47426d31329f246d02eaeca"},"breadcrumb":{"@id":"https:\/\/tremdavale.org\/pt\/sarau-linguagem-dos-sinos-na-estacao-de-mariana\/#breadcrumb"},"inLanguage":"pt-PT","potentialAction":[{"@type":"ReadAction","target":["https:\/\/tremdavale.org\/pt\/sarau-linguagem-dos-sinos-na-estacao-de-mariana\/"]}]},{"@type":"ImageObject","inLanguage":"pt-PT","@id":"https:\/\/tremdavale.org\/pt\/sarau-linguagem-dos-sinos-na-estacao-de-mariana\/#primaryimage","url":"https:\/\/tremdavale.org\/wp-content\/uploads\/proj_proprios_inventariosinos022.jpg","contentUrl":"https:\/\/tremdavale.org\/wp-content\/uploads\/proj_proprios_inventariosinos022.jpg","width":160,"height":240},{"@type":"BreadcrumbList","@id":"https:\/\/tremdavale.org\/pt\/sarau-linguagem-dos-sinos-na-estacao-de-mariana\/#breadcrumb","itemListElement":[{"@type":"ListItem","position":1,"name":"In\u00edcio","item":"https:\/\/tremdavale.org\/pt\/"},{"@type":"ListItem","position":2,"name":"Sarau \u201cLinguagem dos Sinos\u201d na Esta\u00e7\u00e3o de Mariana"}]},{"@type":"WebSite","@id":"https:\/\/tremdavale.org\/pt\/#website","url":"https:\/\/tremdavale.org\/pt\/","name":"Trem da Vale","description":"Programa de Educa\u00e7\u00e3o Patrimonial","potentialAction":[{"@type":"SearchAction","target":{"@type":"EntryPoint","urlTemplate":"https:\/\/tremdavale.org\/pt\/?s={search_term_string}"},"query-input":{"@type":"PropertyValueSpecification","valueRequired":true,"valueName":"search_term_string"}}],"inLanguage":"pt-PT"},{"@type":"Person","@id":"https:\/\/tremdavale.org\/pt\/#\/schema\/person\/50912137d47426d31329f246d02eaeca","name":"admin","image":{"@type":"ImageObject","inLanguage":"pt-PT","@id":"https:\/\/tremdavale.org\/pt\/#\/schema\/person\/image\/","url":"https:\/\/secure.gravatar.com\/avatar\/b3564f0fda6ea47959fe96a4217203e79a167568a37409758659bc3ba443b452?s=96&d=mm&r=g","contentUrl":"https:\/\/secure.gravatar.com\/avatar\/b3564f0fda6ea47959fe96a4217203e79a167568a37409758659bc3ba443b452?s=96&d=mm&r=g","caption":"admin"},"sameAs":["https:\/\/tremdavale.org"],"url":"https:\/\/tremdavale.org\/pt\/author\/admin\/"}]}},"_links":{"self":[{"href":"https:\/\/tremdavale.org\/pt\/wp-json\/wp\/v2\/posts\/268","targetHints":{"allow":["GET"]}}],"collection":[{"href":"https:\/\/tremdavale.org\/pt\/wp-json\/wp\/v2\/posts"}],"about":[{"href":"https:\/\/tremdavale.org\/pt\/wp-json\/wp\/v2\/types\/post"}],"author":[{"embeddable":true,"href":"https:\/\/tremdavale.org\/pt\/wp-json\/wp\/v2\/users\/1"}],"replies":[{"embeddable":true,"href":"https:\/\/tremdavale.org\/pt\/wp-json\/wp\/v2\/comments?post=268"}],"version-history":[{"count":0,"href":"https:\/\/tremdavale.org\/pt\/wp-json\/wp\/v2\/posts\/268\/revisions"}],"wp:featuredmedia":[{"embeddable":true,"href":"https:\/\/tremdavale.org\/pt\/wp-json\/wp\/v2\/media\/516"}],"wp:attachment":[{"href":"https:\/\/tremdavale.org\/pt\/wp-json\/wp\/v2\/media?parent=268"}],"wp:term":[{"taxonomy":"category","embeddable":true,"href":"https:\/\/tremdavale.org\/pt\/wp-json\/wp\/v2\/categories?post=268"},{"taxonomy":"post_tag","embeddable":true,"href":"https:\/\/tremdavale.org\/pt\/wp-json\/wp\/v2\/tags?post=268"}],"curies":[{"name":"wp","href":"https:\/\/api.w.org\/{rel}","templated":true}]}}