{"id":269,"date":"2013-08-25T09:54:00","date_gmt":"2013-08-25T09:54:00","guid":{"rendered":"https:\/\/tremdavale.org\/?p=269"},"modified":"2025-10-10T11:57:00","modified_gmt":"2025-10-10T11:57:00","slug":"sarau-o-amarelo-vivo-o-rosa-violaceo-o-azul-pureza-e-o-verde-cantante-samba-modernismo-e-identidade","status":"publish","type":"post","link":"https:\/\/tremdavale.org\/pt\/sarau-o-amarelo-vivo-o-rosa-violaceo-o-azul-pureza-e-o-verde-cantante-samba-modernismo-e-identidade\/","title":{"rendered":"Sarau \u201cO amarelo vivo, o rosa viol\u00e1ceo, o azul pureza e o verde cantante\u201d: Samba, Modernismo e Identidade."},"content":{"rendered":"<p><span>Na tarde do \u00faltimo s\u00e1bado, 21 de Julho, o Programa de Educa\u00e7\u00e3o Patrimonial Trem da Vale, por meio das Bibliotecas Infantojuvenis das Esta\u00e7\u00f5es, promoveu o Sarau <strong>\u201cO amarelo vivo, o rosa viol\u00e1ceo, o azul pureza e o verde cantante\u201d: Samba, Modernismo e Identidade.<\/strong><\/span><\/p>\n<p><span>Inserido no \u00e2mbito do Festival de Inverno de Ouro Preto e Mariana \u2013 F\u00f3rum das Artes 2012, que tem como tema: \u201cLatinoam\u00e9rica \u00bfLibertas, Libertad, Liberdade?\u201d, o sarau abrangeu m\u00fasicas, poemas, contos e textos que contemplaram a tem\u00e1tica do \u201cModernismo e a busca de ra\u00edzes\u201d, onde a t\u00f4nica \u00e9 a ideia de patrim\u00f4nio relacionada \u00e0 afirma\u00e7\u00e3o de uma identidade nacional.<\/span><\/p>\n<p><span>O Sarau foi idealizado pela Equipe do Vale Conhecer e apresentado pelo grupo teatral \u201cCia Trem que Pula\u201d, que representou a chegada dos modernistas a Ouro Preto e inusitado encontro desses com a <em>D. Olympia<\/em> \u2013 uma figura lend\u00e1ria ouro-pretana.<\/span><\/p>\n<p><span>A Equipe do Vale Conhecer elaborou \u2018minuciosamente\u2019, al\u00e9m do roteiro e repert\u00f3rio musical e de poemas, todo o cen\u00e1rio \u2013 um bar alusivo ao tradicional <em>Restaurante do Toffolo<\/em> de Ouro Preto. &nbsp;O pano de fundo desse sarau foi a visita dos modernistas a Ouro Preto no ano de 1924 &#8211; ocasi\u00e3o em que a Vila Rica \u00e9 \u2018redescoberta\u2019 e, motivados pela necessidade de compreender a cultura brasileira e de resgatar seus valores aut\u00f3ctones, na busca por uma tradi\u00e7\u00e3o genuinamente nacional, os modernistas se encantam com essa cidade de outrora que, em 1938, \u00e9 tombada pelo patrim\u00f4nio hist\u00f3rico nacional.<\/span><\/p>\n<p><span>Executado pelo quarteto <em>\u00c9rika Curtiss<\/em> (Voz), <em>Daniel Troquete<\/em> (voz e viola<em>), M\u00e1rcio Lima<\/em> (flauta transversal), <em>Gertison Vagner<\/em> (Percus\u00e3o), o repert\u00f3rio musical desse encontro l\u00edrico contemplou o samba \u2013 s\u00edmbolo de identidade nacional brasileira, al\u00e9m de can\u00e7\u00f5es folcl\u00f3ricas e de outros compositores de destaque local e nacional.<\/span><\/p>\n<p><span>O Sarau teve in\u00edcio na Pra\u00e7a do Coreto, com uma interven\u00e7\u00e3o c\u00eanica e, em cortejo, seguiu para a Tenda Cultural, onde o evento prosseguiu. Cerca de 160 pessoas estiveram presentes e todos foram convidados a declamar, criar, recitar, cantar, ouvir, ler e interpretar poesias e celebrar as nossas ra\u00edzes, embarcando com D. Olympia e os modernistas num inusitado \u201ctrem das cores\u201d. Vale destacar a participa\u00e7\u00e3o do p\u00fablico infantil que frequenta a Biblioteca da Esta\u00e7\u00e3o de Ouro Preto, que declamou poemas previamente trabalhados pela equipe das Bibliotecas do Programa Trem da Vale.<\/span><\/p>\n<p style=\"text-align: center;\"><img loading=\"lazy\" decoding=\"async\" class=\"aligncenter size-medium\" title=\"36\" src=\"\/wp-content\/uploads\/36-300x200.jpg\" alt=\"36\" width=\"240\" height=\"160\"><\/p>\n<p style=\"text-align: center;\"><img loading=\"lazy\" decoding=\"async\" class=\"aligncenter size-medium\" title=\"12\" src=\"\/wp-content\/uploads\/12-300x200.jpg\" alt=\"12\" width=\"300\" height=\"200\"><\/p>\n<p style=\"text-align: center;\"><img loading=\"lazy\" decoding=\"async\" class=\"aligncenter size-medium\" title=\"5\" src=\"\/wp-content\/uploads\/5-300x200.jpg\" alt=\"5\" width=\"300\" height=\"200\"><\/p>\n<p>&nbsp;<\/p>\n","protected":false},"excerpt":{"rendered":"<p>Na tarde do \u00faltimo s\u00e1bado, 21 de Julho, o Programa de Educa\u00e7\u00e3o Patrimonial Trem da Vale, por meio das Bibliotecas Infantojuvenis das Esta\u00e7\u00f5es, promoveu o Sarau \u201cO amarelo vivo, o rosa viol\u00e1ceo, o azul pureza e o verde cantante\u201d: Samba, Modernismo e Identidade. Inserido no \u00e2mbito do Festival de Inverno &hellip;<\/p>\n","protected":false},"author":1,"featured_media":517,"comment_status":"open","ping_status":"closed","sticky":false,"template":"","format":"standard","meta":{"footnotes":""},"categories":[3],"tags":[],"class_list":["post-269","post","type-post","status-publish","format-standard","has-post-thumbnail","hentry","category-noticias"],"yoast_head":"<!-- This site is optimized with the Yoast SEO plugin v26.1.1 - https:\/\/yoast.com\/wordpress\/plugins\/seo\/ -->\n<title>Sarau \u201cO amarelo vivo, o rosa viol\u00e1ceo, o azul pureza e o verde cantante\u201d: Samba, Modernismo e Identidade. &#8212; Trem da Vale<\/title>\n<meta name=\"robots\" content=\"index, follow, max-snippet:-1, max-image-preview:large, max-video-preview:-1\" \/>\n<link rel=\"canonical\" href=\"https:\/\/tremdavale.org\/pt\/sarau-o-amarelo-vivo-o-rosa-violaceo-o-azul-pureza-e-o-verde-cantante-samba-modernismo-e-identidade\/\" \/>\n<meta property=\"og:locale\" content=\"pt_PT\" \/>\n<meta property=\"og:type\" content=\"article\" \/>\n<meta property=\"og:title\" content=\"Sarau \u201cO amarelo vivo, o rosa viol\u00e1ceo, o azul pureza e o verde cantante\u201d: Samba, Modernismo e Identidade. &#8212; Trem da Vale\" \/>\n<meta property=\"og:description\" content=\"Na tarde do \u00faltimo s\u00e1bado, 21 de Julho, o Programa de Educa\u00e7\u00e3o Patrimonial Trem da Vale, por meio das Bibliotecas Infantojuvenis das Esta\u00e7\u00f5es, promoveu o Sarau \u201cO amarelo vivo, o rosa viol\u00e1ceo, o azul pureza e o verde cantante\u201d: Samba, Modernismo e Identidade. Inserido no \u00e2mbito do Festival de Inverno &hellip;\" \/>\n<meta property=\"og:url\" content=\"https:\/\/tremdavale.org\/pt\/sarau-o-amarelo-vivo-o-rosa-violaceo-o-azul-pureza-e-o-verde-cantante-samba-modernismo-e-identidade\/\" \/>\n<meta property=\"og:site_name\" content=\"Trem da Vale\" \/>\n<meta property=\"article:published_time\" content=\"2013-08-25T09:54:00+00:00\" \/>\n<meta property=\"article:modified_time\" content=\"2025-10-10T11:57:00+00:00\" \/>\n<meta property=\"og:image\" content=\"https:\/\/tremdavale.org\/wp-content\/uploads\/36-300x200.jpg\" \/>\n\t<meta property=\"og:image:width\" content=\"300\" \/>\n\t<meta property=\"og:image:height\" content=\"200\" \/>\n\t<meta property=\"og:image:type\" content=\"image\/jpeg\" \/>\n<meta name=\"author\" content=\"admin\" \/>\n<meta name=\"twitter:card\" content=\"summary_large_image\" \/>\n<meta name=\"twitter:label1\" content=\"Escrito por\" \/>\n\t<meta name=\"twitter:data1\" content=\"admin\" \/>\n\t<meta name=\"twitter:label2\" content=\"Tempo estimado de leitura\" \/>\n\t<meta name=\"twitter:data2\" content=\"2 minutos\" \/>\n<script type=\"application\/ld+json\" class=\"yoast-schema-graph\">{\"@context\":\"https:\/\/schema.org\",\"@graph\":[{\"@type\":\"WebPage\",\"@id\":\"https:\/\/tremdavale.org\/pt\/sarau-o-amarelo-vivo-o-rosa-violaceo-o-azul-pureza-e-o-verde-cantante-samba-modernismo-e-identidade\/\",\"url\":\"https:\/\/tremdavale.org\/pt\/sarau-o-amarelo-vivo-o-rosa-violaceo-o-azul-pureza-e-o-verde-cantante-samba-modernismo-e-identidade\/\",\"name\":\"Sarau \u201cO amarelo vivo, o rosa viol\u00e1ceo, o azul pureza e o verde cantante\u201d: Samba, Modernismo e Identidade. &#8212; Trem da Vale\",\"isPartOf\":{\"@id\":\"https:\/\/tremdavale.org\/pt\/#website\"},\"primaryImageOfPage\":{\"@id\":\"https:\/\/tremdavale.org\/pt\/sarau-o-amarelo-vivo-o-rosa-violaceo-o-azul-pureza-e-o-verde-cantante-samba-modernismo-e-identidade\/#primaryimage\"},\"image\":{\"@id\":\"https:\/\/tremdavale.org\/pt\/sarau-o-amarelo-vivo-o-rosa-violaceo-o-azul-pureza-e-o-verde-cantante-samba-modernismo-e-identidade\/#primaryimage\"},\"thumbnailUrl\":\"https:\/\/tremdavale.org\/wp-content\/uploads\/36-300x200.jpg\",\"datePublished\":\"2013-08-25T09:54:00+00:00\",\"dateModified\":\"2025-10-10T11:57:00+00:00\",\"author\":{\"@id\":\"https:\/\/tremdavale.org\/pt\/#\/schema\/person\/50912137d47426d31329f246d02eaeca\"},\"breadcrumb\":{\"@id\":\"https:\/\/tremdavale.org\/pt\/sarau-o-amarelo-vivo-o-rosa-violaceo-o-azul-pureza-e-o-verde-cantante-samba-modernismo-e-identidade\/#breadcrumb\"},\"inLanguage\":\"pt-PT\",\"potentialAction\":[{\"@type\":\"ReadAction\",\"target\":[\"https:\/\/tremdavale.org\/pt\/sarau-o-amarelo-vivo-o-rosa-violaceo-o-azul-pureza-e-o-verde-cantante-samba-modernismo-e-identidade\/\"]}]},{\"@type\":\"ImageObject\",\"inLanguage\":\"pt-PT\",\"@id\":\"https:\/\/tremdavale.org\/pt\/sarau-o-amarelo-vivo-o-rosa-violaceo-o-azul-pureza-e-o-verde-cantante-samba-modernismo-e-identidade\/#primaryimage\",\"url\":\"https:\/\/tremdavale.org\/wp-content\/uploads\/36-300x200.jpg\",\"contentUrl\":\"https:\/\/tremdavale.org\/wp-content\/uploads\/36-300x200.jpg\",\"width\":300,\"height\":200},{\"@type\":\"BreadcrumbList\",\"@id\":\"https:\/\/tremdavale.org\/pt\/sarau-o-amarelo-vivo-o-rosa-violaceo-o-azul-pureza-e-o-verde-cantante-samba-modernismo-e-identidade\/#breadcrumb\",\"itemListElement\":[{\"@type\":\"ListItem\",\"position\":1,\"name\":\"In\u00edcio\",\"item\":\"https:\/\/tremdavale.org\/pt\/\"},{\"@type\":\"ListItem\",\"position\":2,\"name\":\"Sarau \u201cO amarelo vivo, o rosa viol\u00e1ceo, o azul pureza e o verde cantante\u201d: Samba, Modernismo e Identidade.\"}]},{\"@type\":\"WebSite\",\"@id\":\"https:\/\/tremdavale.org\/pt\/#website\",\"url\":\"https:\/\/tremdavale.org\/pt\/\",\"name\":\"Trem da Vale\",\"description\":\"Programa de Educa\u00e7\u00e3o Patrimonial\",\"potentialAction\":[{\"@type\":\"SearchAction\",\"target\":{\"@type\":\"EntryPoint\",\"urlTemplate\":\"https:\/\/tremdavale.org\/pt\/?s={search_term_string}\"},\"query-input\":{\"@type\":\"PropertyValueSpecification\",\"valueRequired\":true,\"valueName\":\"search_term_string\"}}],\"inLanguage\":\"pt-PT\"},{\"@type\":\"Person\",\"@id\":\"https:\/\/tremdavale.org\/pt\/#\/schema\/person\/50912137d47426d31329f246d02eaeca\",\"name\":\"admin\",\"image\":{\"@type\":\"ImageObject\",\"inLanguage\":\"pt-PT\",\"@id\":\"https:\/\/tremdavale.org\/pt\/#\/schema\/person\/image\/\",\"url\":\"https:\/\/secure.gravatar.com\/avatar\/b3564f0fda6ea47959fe96a4217203e79a167568a37409758659bc3ba443b452?s=96&d=mm&r=g\",\"contentUrl\":\"https:\/\/secure.gravatar.com\/avatar\/b3564f0fda6ea47959fe96a4217203e79a167568a37409758659bc3ba443b452?s=96&d=mm&r=g\",\"caption\":\"admin\"},\"sameAs\":[\"https:\/\/tremdavale.org\"],\"url\":\"https:\/\/tremdavale.org\/pt\/author\/admin\/\"}]}<\/script>\n<!-- \/ Yoast SEO plugin. -->","yoast_head_json":{"title":"Sarau \u201cO amarelo vivo, o rosa viol\u00e1ceo, o azul pureza e o verde cantante\u201d: Samba, Modernismo e Identidade. &#8212; Trem da Vale","robots":{"index":"index","follow":"follow","max-snippet":"max-snippet:-1","max-image-preview":"max-image-preview:large","max-video-preview":"max-video-preview:-1"},"canonical":"https:\/\/tremdavale.org\/pt\/sarau-o-amarelo-vivo-o-rosa-violaceo-o-azul-pureza-e-o-verde-cantante-samba-modernismo-e-identidade\/","og_locale":"pt_PT","og_type":"article","og_title":"Sarau \u201cO amarelo vivo, o rosa viol\u00e1ceo, o azul pureza e o verde cantante\u201d: Samba, Modernismo e Identidade. &#8212; Trem da Vale","og_description":"Na tarde do \u00faltimo s\u00e1bado, 21 de Julho, o Programa de Educa\u00e7\u00e3o Patrimonial Trem da Vale, por meio das Bibliotecas Infantojuvenis das Esta\u00e7\u00f5es, promoveu o Sarau \u201cO amarelo vivo, o rosa viol\u00e1ceo, o azul pureza e o verde cantante\u201d: Samba, Modernismo e Identidade. Inserido no \u00e2mbito do Festival de Inverno &hellip;","og_url":"https:\/\/tremdavale.org\/pt\/sarau-o-amarelo-vivo-o-rosa-violaceo-o-azul-pureza-e-o-verde-cantante-samba-modernismo-e-identidade\/","og_site_name":"Trem da Vale","article_published_time":"2013-08-25T09:54:00+00:00","article_modified_time":"2025-10-10T11:57:00+00:00","og_image":[{"width":300,"height":200,"url":"https:\/\/tremdavale.org\/wp-content\/uploads\/36-300x200.jpg","type":"image\/jpeg"}],"author":"admin","twitter_card":"summary_large_image","twitter_misc":{"Escrito por":"admin","Tempo estimado de leitura":"2 minutos"},"schema":{"@context":"https:\/\/schema.org","@graph":[{"@type":"WebPage","@id":"https:\/\/tremdavale.org\/pt\/sarau-o-amarelo-vivo-o-rosa-violaceo-o-azul-pureza-e-o-verde-cantante-samba-modernismo-e-identidade\/","url":"https:\/\/tremdavale.org\/pt\/sarau-o-amarelo-vivo-o-rosa-violaceo-o-azul-pureza-e-o-verde-cantante-samba-modernismo-e-identidade\/","name":"Sarau \u201cO amarelo vivo, o rosa viol\u00e1ceo, o azul pureza e o verde cantante\u201d: Samba, Modernismo e Identidade. &#8212; Trem da Vale","isPartOf":{"@id":"https:\/\/tremdavale.org\/pt\/#website"},"primaryImageOfPage":{"@id":"https:\/\/tremdavale.org\/pt\/sarau-o-amarelo-vivo-o-rosa-violaceo-o-azul-pureza-e-o-verde-cantante-samba-modernismo-e-identidade\/#primaryimage"},"image":{"@id":"https:\/\/tremdavale.org\/pt\/sarau-o-amarelo-vivo-o-rosa-violaceo-o-azul-pureza-e-o-verde-cantante-samba-modernismo-e-identidade\/#primaryimage"},"thumbnailUrl":"https:\/\/tremdavale.org\/wp-content\/uploads\/36-300x200.jpg","datePublished":"2013-08-25T09:54:00+00:00","dateModified":"2025-10-10T11:57:00+00:00","author":{"@id":"https:\/\/tremdavale.org\/pt\/#\/schema\/person\/50912137d47426d31329f246d02eaeca"},"breadcrumb":{"@id":"https:\/\/tremdavale.org\/pt\/sarau-o-amarelo-vivo-o-rosa-violaceo-o-azul-pureza-e-o-verde-cantante-samba-modernismo-e-identidade\/#breadcrumb"},"inLanguage":"pt-PT","potentialAction":[{"@type":"ReadAction","target":["https:\/\/tremdavale.org\/pt\/sarau-o-amarelo-vivo-o-rosa-violaceo-o-azul-pureza-e-o-verde-cantante-samba-modernismo-e-identidade\/"]}]},{"@type":"ImageObject","inLanguage":"pt-PT","@id":"https:\/\/tremdavale.org\/pt\/sarau-o-amarelo-vivo-o-rosa-violaceo-o-azul-pureza-e-o-verde-cantante-samba-modernismo-e-identidade\/#primaryimage","url":"https:\/\/tremdavale.org\/wp-content\/uploads\/36-300x200.jpg","contentUrl":"https:\/\/tremdavale.org\/wp-content\/uploads\/36-300x200.jpg","width":300,"height":200},{"@type":"BreadcrumbList","@id":"https:\/\/tremdavale.org\/pt\/sarau-o-amarelo-vivo-o-rosa-violaceo-o-azul-pureza-e-o-verde-cantante-samba-modernismo-e-identidade\/#breadcrumb","itemListElement":[{"@type":"ListItem","position":1,"name":"In\u00edcio","item":"https:\/\/tremdavale.org\/pt\/"},{"@type":"ListItem","position":2,"name":"Sarau \u201cO amarelo vivo, o rosa viol\u00e1ceo, o azul pureza e o verde cantante\u201d: Samba, Modernismo e Identidade."}]},{"@type":"WebSite","@id":"https:\/\/tremdavale.org\/pt\/#website","url":"https:\/\/tremdavale.org\/pt\/","name":"Trem da Vale","description":"Programa de Educa\u00e7\u00e3o Patrimonial","potentialAction":[{"@type":"SearchAction","target":{"@type":"EntryPoint","urlTemplate":"https:\/\/tremdavale.org\/pt\/?s={search_term_string}"},"query-input":{"@type":"PropertyValueSpecification","valueRequired":true,"valueName":"search_term_string"}}],"inLanguage":"pt-PT"},{"@type":"Person","@id":"https:\/\/tremdavale.org\/pt\/#\/schema\/person\/50912137d47426d31329f246d02eaeca","name":"admin","image":{"@type":"ImageObject","inLanguage":"pt-PT","@id":"https:\/\/tremdavale.org\/pt\/#\/schema\/person\/image\/","url":"https:\/\/secure.gravatar.com\/avatar\/b3564f0fda6ea47959fe96a4217203e79a167568a37409758659bc3ba443b452?s=96&d=mm&r=g","contentUrl":"https:\/\/secure.gravatar.com\/avatar\/b3564f0fda6ea47959fe96a4217203e79a167568a37409758659bc3ba443b452?s=96&d=mm&r=g","caption":"admin"},"sameAs":["https:\/\/tremdavale.org"],"url":"https:\/\/tremdavale.org\/pt\/author\/admin\/"}]}},"_links":{"self":[{"href":"https:\/\/tremdavale.org\/pt\/wp-json\/wp\/v2\/posts\/269","targetHints":{"allow":["GET"]}}],"collection":[{"href":"https:\/\/tremdavale.org\/pt\/wp-json\/wp\/v2\/posts"}],"about":[{"href":"https:\/\/tremdavale.org\/pt\/wp-json\/wp\/v2\/types\/post"}],"author":[{"embeddable":true,"href":"https:\/\/tremdavale.org\/pt\/wp-json\/wp\/v2\/users\/1"}],"replies":[{"embeddable":true,"href":"https:\/\/tremdavale.org\/pt\/wp-json\/wp\/v2\/comments?post=269"}],"version-history":[{"count":0,"href":"https:\/\/tremdavale.org\/pt\/wp-json\/wp\/v2\/posts\/269\/revisions"}],"wp:featuredmedia":[{"embeddable":true,"href":"https:\/\/tremdavale.org\/pt\/wp-json\/wp\/v2\/media\/517"}],"wp:attachment":[{"href":"https:\/\/tremdavale.org\/pt\/wp-json\/wp\/v2\/media?parent=269"}],"wp:term":[{"taxonomy":"category","embeddable":true,"href":"https:\/\/tremdavale.org\/pt\/wp-json\/wp\/v2\/categories?post=269"},{"taxonomy":"post_tag","embeddable":true,"href":"https:\/\/tremdavale.org\/pt\/wp-json\/wp\/v2\/tags?post=269"}],"curies":[{"name":"wp","href":"https:\/\/api.w.org\/{rel}","templated":true}]}}