{"id":270,"date":"2011-09-10T16:49:00","date_gmt":"2011-09-10T16:49:00","guid":{"rendered":"https:\/\/tremdavale.org\/?p=270"},"modified":"2025-10-10T11:57:00","modified_gmt":"2025-10-10T11:57:00","slug":"semana-da-crianca-nas-estacoes","status":"publish","type":"post","link":"https:\/\/tremdavale.org\/pt\/semana-da-crianca-nas-estacoes\/","title":{"rendered":"Semana da Crian\u00e7a nas esta\u00e7\u00f5es"},"content":{"rendered":"<p><img loading=\"lazy\" decoding=\"async\" class=\"size-medium\" title=\"e-m-dom-luciano-ed-infantil-15-04-10-tamara-marques-12\" src=\"\/wp-content\/uploads\/e-m-dom-luciano-ed-infantil-15-04-10-tamara-marques-12-300x199.jpg\" alt=\"Crian\u00e7as da Escola Municipal Dom Luciano.\" width=\"300\" height=\"199\"><\/p>\n<p>Crian\u00e7as da Escola Municipal Dom Luciano.<\/p>\n<p>&nbsp;<\/p>\n<p style=\"text-align: justify;\">Na Semana da Crian\u00e7a, o&nbsp;Programa de Educa\u00e7\u00e3o Patrimonial Trem da Vale convida toda a fam\u00edlia a participar das atividades l\u00fadicas e educativas realizadas nas esta\u00e7\u00f5es ferrovi\u00e1rias de Ouro Preto e Mariana, voltadas para o p\u00fablico infanto-juvenil, com foco na valoriza\u00e7\u00e3o das tradi\u00e7\u00f5es locais.<\/p>\n<p style=\"text-align: justify;\"><span><!--more--><\/span><\/p>\n<p style=\"text-align: justify;\"><span>Fazem parte da programa\u00e7\u00e3o atividades de incentivo \u00e0 leitura, como o Sarau \u201c\u00c9 o bicho\u201d, Conta\u00e7\u00f5es de Hist\u00f3rias e \u201cHora do Conto\u201d, al\u00e9m de oficinas culturais, sess\u00f5es de cinema, campeonatos de dama e xadrez, performances musicais e a apresenta\u00e7\u00e3o teatral \u201cAndarilhos dos Sonhos\u201d. Haver\u00e1 tamb\u00e9m resgate de brincadeiras tradicionais, como pula corda, amarelinha, el\u00e1stico, bolinha de gude e belisca.<\/span><\/p>\n<p style=\"text-align: justify;\"><span>As atividades acontecem entre os dias 8 e 12 de outubro. No per\u00edodo, as viagens de trem ser\u00e3o realizadas em hor\u00e1rios especiais.<\/span><\/p>\n<p style=\"text-align: justify;\"><span style=\"text-decoration: underline;\">Confira aqui os hor\u00e1rios de embarque.<\/span><\/p>\n<p>&nbsp;<\/p>\n<table border=\"1\" cellspacing=\"0\" cellpadding=\"0\">\n<tbody>\n<tr>\n<td colspan=\"7\" width=\"100%\" valign=\"top\">\n<p align=\"center\">PROGRAMA DE EDUCA\u00c7\u00c3O PATRIMONIAL TREM DA VALE<\/p>\n<p align=\"center\">Vale Conhecer e Vale Promover<\/p>\n<p align=\"center\">PROGRAMA\u00c7\u00c3O DA SEMANA DAS CRIAN\u00c7AS NAS ESTA\u00c7\u00d5ES &#8211; 2010<\/p>\n<\/td>\n<\/tr>\n<tr>\n<td colspan=\"2\" width=\"7%\" valign=\"top\">\n<p align=\"center\">LOCAL<\/p>\n<\/td>\n<td width=\"18%\" valign=\"top\">\n<p align=\"center\">08-09<\/p>\n<p align=\"center\">SEXTA-FEIRA<\/p>\n<\/td>\n<td width=\"18%\" valign=\"top\">\n<p align=\"center\">09-09<\/p>\n<p align=\"center\">S\u00c1BADO<\/p>\n<\/td>\n<td width=\"18%\" valign=\"top\">\n<p align=\"center\">10-10<\/p>\n<p align=\"center\">DOMINGO<\/p>\n<\/td>\n<td width=\"18%\" valign=\"top\">\n<p align=\"center\">11-10<\/p>\n<p align=\"center\">SEGUNDA<\/p>\n<\/td>\n<td width=\"18%\" valign=\"top\">\n<p align=\"center\">12-10<\/p>\n<p align=\"center\">TER\u00c7A<\/p>\n<\/td>\n<\/tr>\n<tr>\n<td colspan=\"2\" rowspan=\"7\" width=\"7%\" valign=\"top\">\n<p align=\"center\">MARIANA<\/p>\n<\/td>\n<td rowspan=\"7\" width=\"18%\">\n<p align=\"center\">9:30 &#8211; Sarau \u201c\u00c9 o Bicho\u201d<\/p>\n<\/td>\n<td rowspan=\"2\" width=\"18%\">\n<p align=\"center\">9:30 \u00e0s 14:30 &#8211; Varal de Poesias<\/p>\n<\/td>\n<td width=\"18%\">\n<p align=\"center\">9:30 \u00e0s 14:30 &#8211; Varal de Poesias<\/p>\n<\/td>\n<td rowspan=\"2\" width=\"18%\">\n<p align=\"center\">9:30 \u00e0s 11:00- Campeonato de Metalofone na Pra\u00e7a L\u00fadico-Musical<\/p>\n<\/td>\n<td width=\"18%\">\n<p align=\"center\">10:00 &#8211; Hora do Conto na Biblioteca<\/p>\n<\/td>\n<\/tr>\n<tr>\n<td width=\"18%\">\n<p align=\"center\">10:00 \u00e0s 11:00 &#8211; Anima\u00e7\u00e3o Infantil: Pintura Facial<\/p>\n<\/td>\n<td width=\"18%\">\n<p align=\"center\">13:30 &#8211; Campeonato de Dama<\/p>\n<\/td>\n<\/tr>\n<tr>\n<td rowspan=\"2\" width=\"18%\">\n<p align=\"center\">10:00 \u00e0s 11:00 &#8211; Anima\u00e7\u00e3o Infantil: Pintura Facial<\/p>\n<\/td>\n<td width=\"18%\">\n<p align=\"center\">11:00 -Apresenta\u00e7\u00e3o da Fanfarra Sons da Vida<\/p>\n<\/td>\n<td rowspan=\"2\" width=\"18%\">\n<p align=\"center\">10:00 &#8211; Conta\u00e7\u00e3o de Hist\u00f3rias na Sala Multiuso (Grupo Reciclinove)<\/p>\n<\/td>\n<td rowspan=\"2\" width=\"18%\">\n<p align=\"center\">11:00 \u00e0s 12:00 &#8211; Anima\u00e7\u00e3o Infantil: Pintura Facial<\/p>\n<\/td>\n<\/tr>\n<tr>\n<td width=\"18%\">\n<p align=\"center\">13:00 &#8211; Roda de Capoeira na Pra\u00e7a L\u00fadico-Musical<\/p>\n<\/td>\n<\/tr>\n<tr>\n<td rowspan=\"2\" width=\"18%\">\n<p align=\"center\">14:30 &#8211; Campeonato de Xadrez<\/p>\n<\/td>\n<td width=\"18%\">\n<p align=\"center\">14:30 &#8211; Campeonato de Dama<\/p>\n<\/td>\n<td width=\"18%\">\n<p align=\"center\">14:30 &#8211; Campeonato de Xadrez<\/p>\n<\/td>\n<td rowspan=\"2\" width=\"18%\">\n<p align=\"center\">15:00- Espet\u00e1culo Andarilho dos Sonhos\u201d, com o grupo Virundangas<\/p>\n<\/td>\n<\/tr>\n<tr>\n<td width=\"18%\">\n<p align=\"center\">15:00 \u00e0s 16:00 &#8211; Anima\u00e7\u00e3o Infantil: Pintura Facial<\/p>\n<\/td>\n<td width=\"18%\">\n<p align=\"center\">15:00 \u00e0s 16:00 &#8211; Anima\u00e7\u00e3o Infantil: Pintura Facial<\/p>\n<\/td>\n<\/tr>\n<tr>\n<td width=\"18%\">\n<p align=\"center\">O dia todo &#8211; Brincadeiras na Pra\u00e7a L\u00fadico-Musical: Peteca, Pula Corda, Amarelinha, El\u00e1stico, Bolinha de gude, Corrida de Saco, Belisca (Tr\u00eas Marias)<\/p>\n<p align=\"center\">(Obs.: Ver programa\u00e7\u00e3o de brincadeiras)<\/p>\n<\/td>\n<td width=\"18%\">\n<p align=\"center\">O dia todo &#8211; Brincadeiras na Pra\u00e7a L\u00fadico-Musical: Peteca, Pula Corda, Amarelinha, El\u00e1stico, Bolinha de gude, Corrida de Saco, Belisca (Tr\u00eas Marias)<\/p>\n<p align=\"center\">(Obs.: Ver programa\u00e7\u00e3o de brincadeiras)<\/p>\n<\/td>\n<td width=\"18%\">\n<p align=\"center\">O dia todo &#8211; Brincadeiras na Pra\u00e7a L\u00fadico-Musical: Peteca, Pula Corda, Amarelinha, El\u00e1stico, Bolinha de gude, Corrida de Saco, Belisca (Tr\u00eas Marias)<\/p>\n<p align=\"center\">(Obs.: Ver programa\u00e7\u00e3o de brincadeiras)<\/p>\n<\/td>\n<td width=\"18%\">\n<p align=\"center\">O dia todo &#8211; Brincadeiras na Pra\u00e7a L\u00fadico-Musical: Peteca, Pula Corda, Amarelinha, El\u00e1stico, Bolinha de gude, Corrida de Saco, Belisca (Tr\u00eas Marias)<\/p>\n<p align=\"center\">(Obs.: Ver programa\u00e7\u00e3o de brincadeiras)<\/p>\n<\/td>\n<\/tr>\n<tr>\n<td colspan=\"7\" width=\"100%\" valign=\"top\">\n<p align=\"center\">(Obs.: Ver programa\u00e7\u00e3o de brincadeiras)<\/p>\n<\/td>\n<\/tr>\n<tr>\n<td rowspan=\"3\" width=\"5%\" valign=\"top\">\n<p align=\"center\">OURO PRETO<\/p>\n<\/td>\n<td colspan=\"2\" rowspan=\"3\" width=\"20%\">\n<p align=\"center\">14:00 &#8211; Oficina de Bonecos \u201cZ\u00e9 Pereira\u201d<\/p>\n<\/td>\n<td width=\"18%\">\n<p align=\"center\">9:30 \u00e0s 14:30 &#8211; Varal de Poesias<\/p>\n<\/td>\n<td width=\"18%\">\n<p align=\"center\">9:30 \u00e0s 14:30 &#8211; Varal de Poesias<\/p>\n<\/td>\n<td width=\"18%\">\n<p align=\"center\">9:30 \u00e0s 14:30 &#8211; Varal de Poesias<\/p>\n<\/td>\n<td width=\"18%\">\n<p align=\"center\">9:30 \u00e0s 14:30 &#8211; Varal de Poesias<\/p>\n<\/td>\n<\/tr>\n<tr>\n<td width=\"18%\">\n<p align=\"center\">10:00 &#8211; Hora do Conto na Biblioteca<\/p>\n<\/td>\n<td width=\"18%\">\n<p align=\"center\">10:00 &#8211; Hora do Conto na Biblioteca<\/p>\n<\/td>\n<td width=\"18%\">\n<p align=\"center\">10:00 &#8211; Hora do Conto na Biblioteca<\/p>\n<\/td>\n<td width=\"18%\">\n<p align=\"center\">10:00 &#8211; Hora do Conto na Biblioteca<\/p>\n<\/td>\n<\/tr>\n<tr>\n<td width=\"18%\">\n<p align=\"center\">14:30 \u00e0s 15:30 &#8211; Oficina de musicaliza\u00e7\u00e3o no Vag\u00e3o Sonoro Ambiental<\/p>\n<\/td>\n<td width=\"18%\">\n<p align=\"center\">14:30 \u00e0s 15:30 &#8211; Oficina de musicaliza\u00e7\u00e3o no Vag\u00e3o Sonoro Ambiental<\/p>\n<\/td>\n<td width=\"18%\">\n<p align=\"center\">14:00 &#8211; Cineminha com pipoca, na Tenda Cultural<\/p>\n<\/td>\n<td width=\"18%\">\n<p align=\"center\">14:30 \u00e0s 15:30 &#8211; Oficina de musicaliza\u00e7\u00e3o no Vag\u00e3o Sonoro Ambiental<\/p>\n<\/td>\n<\/tr>\n<\/tbody>\n<\/table>\n<p>&nbsp;<\/p>\n","protected":false},"excerpt":{"rendered":"<p>Crian\u00e7as da Escola Municipal Dom Luciano. &nbsp; Na Semana da Crian\u00e7a, o&nbsp;Programa de Educa\u00e7\u00e3o Patrimonial Trem da Vale convida toda a fam\u00edlia a participar das atividades l\u00fadicas e educativas realizadas nas esta\u00e7\u00f5es ferrovi\u00e1rias de Ouro Preto e Mariana, voltadas para o p\u00fablico infanto-juvenil, com foco na valoriza\u00e7\u00e3o das tradi\u00e7\u00f5es locais.<\/p>\n","protected":false},"author":1,"featured_media":518,"comment_status":"open","ping_status":"closed","sticky":false,"template":"","format":"standard","meta":{"footnotes":""},"categories":[3,5],"tags":[],"class_list":["post-270","post","type-post","status-publish","format-standard","has-post-thumbnail","hentry","category-noticias","category-noticias-destaque"],"yoast_head":"<!-- This site is optimized with the Yoast SEO plugin v26.1.1 - https:\/\/yoast.com\/wordpress\/plugins\/seo\/ -->\n<title>Semana da Crian\u00e7a nas esta\u00e7\u00f5es &#8212; Trem da Vale<\/title>\n<meta name=\"robots\" content=\"index, follow, max-snippet:-1, max-image-preview:large, max-video-preview:-1\" \/>\n<link rel=\"canonical\" href=\"https:\/\/tremdavale.org\/pt\/semana-da-crianca-nas-estacoes\/\" \/>\n<meta property=\"og:locale\" content=\"pt_PT\" \/>\n<meta property=\"og:type\" content=\"article\" \/>\n<meta property=\"og:title\" content=\"Semana da Crian\u00e7a nas esta\u00e7\u00f5es &#8212; Trem da Vale\" \/>\n<meta property=\"og:description\" content=\"Crian\u00e7as da Escola Municipal Dom Luciano. &nbsp; Na Semana da Crian\u00e7a, o&nbsp;Programa de Educa\u00e7\u00e3o Patrimonial Trem da Vale convida toda a fam\u00edlia a participar das atividades l\u00fadicas e educativas realizadas nas esta\u00e7\u00f5es ferrovi\u00e1rias de Ouro Preto e Mariana, voltadas para o p\u00fablico infanto-juvenil, com foco na valoriza\u00e7\u00e3o das tradi\u00e7\u00f5es locais.\" \/>\n<meta property=\"og:url\" content=\"https:\/\/tremdavale.org\/pt\/semana-da-crianca-nas-estacoes\/\" \/>\n<meta property=\"og:site_name\" content=\"Trem da Vale\" \/>\n<meta property=\"article:published_time\" content=\"2011-09-10T16:49:00+00:00\" \/>\n<meta property=\"article:modified_time\" content=\"2025-10-10T11:57:00+00:00\" \/>\n<meta property=\"og:image\" content=\"https:\/\/tremdavale.org\/wp-content\/uploads\/e-m-dom-luciano-ed-infantil-15-04-10-tamara-marques-12-300x199.jpg\" \/>\n\t<meta property=\"og:image:width\" content=\"300\" \/>\n\t<meta property=\"og:image:height\" content=\"199\" \/>\n\t<meta property=\"og:image:type\" content=\"image\/jpeg\" \/>\n<meta name=\"author\" content=\"admin\" \/>\n<meta name=\"twitter:card\" content=\"summary_large_image\" \/>\n<meta name=\"twitter:label1\" content=\"Escrito por\" \/>\n\t<meta name=\"twitter:data1\" content=\"admin\" \/>\n\t<meta name=\"twitter:label2\" content=\"Tempo estimado de leitura\" \/>\n\t<meta name=\"twitter:data2\" content=\"3 minutos\" \/>\n<script type=\"application\/ld+json\" class=\"yoast-schema-graph\">{\"@context\":\"https:\/\/schema.org\",\"@graph\":[{\"@type\":\"WebPage\",\"@id\":\"https:\/\/tremdavale.org\/pt\/semana-da-crianca-nas-estacoes\/\",\"url\":\"https:\/\/tremdavale.org\/pt\/semana-da-crianca-nas-estacoes\/\",\"name\":\"Semana da Crian\u00e7a nas esta\u00e7\u00f5es &#8212; Trem da Vale\",\"isPartOf\":{\"@id\":\"https:\/\/tremdavale.org\/pt\/#website\"},\"primaryImageOfPage\":{\"@id\":\"https:\/\/tremdavale.org\/pt\/semana-da-crianca-nas-estacoes\/#primaryimage\"},\"image\":{\"@id\":\"https:\/\/tremdavale.org\/pt\/semana-da-crianca-nas-estacoes\/#primaryimage\"},\"thumbnailUrl\":\"https:\/\/tremdavale.org\/wp-content\/uploads\/e-m-dom-luciano-ed-infantil-15-04-10-tamara-marques-12-300x199.jpg\",\"datePublished\":\"2011-09-10T16:49:00+00:00\",\"dateModified\":\"2025-10-10T11:57:00+00:00\",\"author\":{\"@id\":\"https:\/\/tremdavale.org\/pt\/#\/schema\/person\/50912137d47426d31329f246d02eaeca\"},\"breadcrumb\":{\"@id\":\"https:\/\/tremdavale.org\/pt\/semana-da-crianca-nas-estacoes\/#breadcrumb\"},\"inLanguage\":\"pt-PT\",\"potentialAction\":[{\"@type\":\"ReadAction\",\"target\":[\"https:\/\/tremdavale.org\/pt\/semana-da-crianca-nas-estacoes\/\"]}]},{\"@type\":\"ImageObject\",\"inLanguage\":\"pt-PT\",\"@id\":\"https:\/\/tremdavale.org\/pt\/semana-da-crianca-nas-estacoes\/#primaryimage\",\"url\":\"https:\/\/tremdavale.org\/wp-content\/uploads\/e-m-dom-luciano-ed-infantil-15-04-10-tamara-marques-12-300x199.jpg\",\"contentUrl\":\"https:\/\/tremdavale.org\/wp-content\/uploads\/e-m-dom-luciano-ed-infantil-15-04-10-tamara-marques-12-300x199.jpg\",\"width\":300,\"height\":199},{\"@type\":\"BreadcrumbList\",\"@id\":\"https:\/\/tremdavale.org\/pt\/semana-da-crianca-nas-estacoes\/#breadcrumb\",\"itemListElement\":[{\"@type\":\"ListItem\",\"position\":1,\"name\":\"In\u00edcio\",\"item\":\"https:\/\/tremdavale.org\/pt\/\"},{\"@type\":\"ListItem\",\"position\":2,\"name\":\"Semana da Crian\u00e7a nas esta\u00e7\u00f5es\"}]},{\"@type\":\"WebSite\",\"@id\":\"https:\/\/tremdavale.org\/pt\/#website\",\"url\":\"https:\/\/tremdavale.org\/pt\/\",\"name\":\"Trem da Vale\",\"description\":\"Programa de Educa\u00e7\u00e3o Patrimonial\",\"potentialAction\":[{\"@type\":\"SearchAction\",\"target\":{\"@type\":\"EntryPoint\",\"urlTemplate\":\"https:\/\/tremdavale.org\/pt\/?s={search_term_string}\"},\"query-input\":{\"@type\":\"PropertyValueSpecification\",\"valueRequired\":true,\"valueName\":\"search_term_string\"}}],\"inLanguage\":\"pt-PT\"},{\"@type\":\"Person\",\"@id\":\"https:\/\/tremdavale.org\/pt\/#\/schema\/person\/50912137d47426d31329f246d02eaeca\",\"name\":\"admin\",\"image\":{\"@type\":\"ImageObject\",\"inLanguage\":\"pt-PT\",\"@id\":\"https:\/\/tremdavale.org\/pt\/#\/schema\/person\/image\/\",\"url\":\"https:\/\/secure.gravatar.com\/avatar\/b3564f0fda6ea47959fe96a4217203e79a167568a37409758659bc3ba443b452?s=96&d=mm&r=g\",\"contentUrl\":\"https:\/\/secure.gravatar.com\/avatar\/b3564f0fda6ea47959fe96a4217203e79a167568a37409758659bc3ba443b452?s=96&d=mm&r=g\",\"caption\":\"admin\"},\"sameAs\":[\"https:\/\/tremdavale.org\"],\"url\":\"https:\/\/tremdavale.org\/pt\/author\/admin\/\"}]}<\/script>\n<!-- \/ Yoast SEO plugin. -->","yoast_head_json":{"title":"Semana da Crian\u00e7a nas esta\u00e7\u00f5es &#8212; Trem da Vale","robots":{"index":"index","follow":"follow","max-snippet":"max-snippet:-1","max-image-preview":"max-image-preview:large","max-video-preview":"max-video-preview:-1"},"canonical":"https:\/\/tremdavale.org\/pt\/semana-da-crianca-nas-estacoes\/","og_locale":"pt_PT","og_type":"article","og_title":"Semana da Crian\u00e7a nas esta\u00e7\u00f5es &#8212; Trem da Vale","og_description":"Crian\u00e7as da Escola Municipal Dom Luciano. &nbsp; Na Semana da Crian\u00e7a, o&nbsp;Programa de Educa\u00e7\u00e3o Patrimonial Trem da Vale convida toda a fam\u00edlia a participar das atividades l\u00fadicas e educativas realizadas nas esta\u00e7\u00f5es ferrovi\u00e1rias de Ouro Preto e Mariana, voltadas para o p\u00fablico infanto-juvenil, com foco na valoriza\u00e7\u00e3o das tradi\u00e7\u00f5es locais.","og_url":"https:\/\/tremdavale.org\/pt\/semana-da-crianca-nas-estacoes\/","og_site_name":"Trem da Vale","article_published_time":"2011-09-10T16:49:00+00:00","article_modified_time":"2025-10-10T11:57:00+00:00","og_image":[{"width":300,"height":199,"url":"https:\/\/tremdavale.org\/wp-content\/uploads\/e-m-dom-luciano-ed-infantil-15-04-10-tamara-marques-12-300x199.jpg","type":"image\/jpeg"}],"author":"admin","twitter_card":"summary_large_image","twitter_misc":{"Escrito por":"admin","Tempo estimado de leitura":"3 minutos"},"schema":{"@context":"https:\/\/schema.org","@graph":[{"@type":"WebPage","@id":"https:\/\/tremdavale.org\/pt\/semana-da-crianca-nas-estacoes\/","url":"https:\/\/tremdavale.org\/pt\/semana-da-crianca-nas-estacoes\/","name":"Semana da Crian\u00e7a nas esta\u00e7\u00f5es &#8212; Trem da Vale","isPartOf":{"@id":"https:\/\/tremdavale.org\/pt\/#website"},"primaryImageOfPage":{"@id":"https:\/\/tremdavale.org\/pt\/semana-da-crianca-nas-estacoes\/#primaryimage"},"image":{"@id":"https:\/\/tremdavale.org\/pt\/semana-da-crianca-nas-estacoes\/#primaryimage"},"thumbnailUrl":"https:\/\/tremdavale.org\/wp-content\/uploads\/e-m-dom-luciano-ed-infantil-15-04-10-tamara-marques-12-300x199.jpg","datePublished":"2011-09-10T16:49:00+00:00","dateModified":"2025-10-10T11:57:00+00:00","author":{"@id":"https:\/\/tremdavale.org\/pt\/#\/schema\/person\/50912137d47426d31329f246d02eaeca"},"breadcrumb":{"@id":"https:\/\/tremdavale.org\/pt\/semana-da-crianca-nas-estacoes\/#breadcrumb"},"inLanguage":"pt-PT","potentialAction":[{"@type":"ReadAction","target":["https:\/\/tremdavale.org\/pt\/semana-da-crianca-nas-estacoes\/"]}]},{"@type":"ImageObject","inLanguage":"pt-PT","@id":"https:\/\/tremdavale.org\/pt\/semana-da-crianca-nas-estacoes\/#primaryimage","url":"https:\/\/tremdavale.org\/wp-content\/uploads\/e-m-dom-luciano-ed-infantil-15-04-10-tamara-marques-12-300x199.jpg","contentUrl":"https:\/\/tremdavale.org\/wp-content\/uploads\/e-m-dom-luciano-ed-infantil-15-04-10-tamara-marques-12-300x199.jpg","width":300,"height":199},{"@type":"BreadcrumbList","@id":"https:\/\/tremdavale.org\/pt\/semana-da-crianca-nas-estacoes\/#breadcrumb","itemListElement":[{"@type":"ListItem","position":1,"name":"In\u00edcio","item":"https:\/\/tremdavale.org\/pt\/"},{"@type":"ListItem","position":2,"name":"Semana da Crian\u00e7a nas esta\u00e7\u00f5es"}]},{"@type":"WebSite","@id":"https:\/\/tremdavale.org\/pt\/#website","url":"https:\/\/tremdavale.org\/pt\/","name":"Trem da Vale","description":"Programa de Educa\u00e7\u00e3o Patrimonial","potentialAction":[{"@type":"SearchAction","target":{"@type":"EntryPoint","urlTemplate":"https:\/\/tremdavale.org\/pt\/?s={search_term_string}"},"query-input":{"@type":"PropertyValueSpecification","valueRequired":true,"valueName":"search_term_string"}}],"inLanguage":"pt-PT"},{"@type":"Person","@id":"https:\/\/tremdavale.org\/pt\/#\/schema\/person\/50912137d47426d31329f246d02eaeca","name":"admin","image":{"@type":"ImageObject","inLanguage":"pt-PT","@id":"https:\/\/tremdavale.org\/pt\/#\/schema\/person\/image\/","url":"https:\/\/secure.gravatar.com\/avatar\/b3564f0fda6ea47959fe96a4217203e79a167568a37409758659bc3ba443b452?s=96&d=mm&r=g","contentUrl":"https:\/\/secure.gravatar.com\/avatar\/b3564f0fda6ea47959fe96a4217203e79a167568a37409758659bc3ba443b452?s=96&d=mm&r=g","caption":"admin"},"sameAs":["https:\/\/tremdavale.org"],"url":"https:\/\/tremdavale.org\/pt\/author\/admin\/"}]}},"_links":{"self":[{"href":"https:\/\/tremdavale.org\/pt\/wp-json\/wp\/v2\/posts\/270","targetHints":{"allow":["GET"]}}],"collection":[{"href":"https:\/\/tremdavale.org\/pt\/wp-json\/wp\/v2\/posts"}],"about":[{"href":"https:\/\/tremdavale.org\/pt\/wp-json\/wp\/v2\/types\/post"}],"author":[{"embeddable":true,"href":"https:\/\/tremdavale.org\/pt\/wp-json\/wp\/v2\/users\/1"}],"replies":[{"embeddable":true,"href":"https:\/\/tremdavale.org\/pt\/wp-json\/wp\/v2\/comments?post=270"}],"version-history":[{"count":0,"href":"https:\/\/tremdavale.org\/pt\/wp-json\/wp\/v2\/posts\/270\/revisions"}],"wp:featuredmedia":[{"embeddable":true,"href":"https:\/\/tremdavale.org\/pt\/wp-json\/wp\/v2\/media\/518"}],"wp:attachment":[{"href":"https:\/\/tremdavale.org\/pt\/wp-json\/wp\/v2\/media?parent=270"}],"wp:term":[{"taxonomy":"category","embeddable":true,"href":"https:\/\/tremdavale.org\/pt\/wp-json\/wp\/v2\/categories?post=270"},{"taxonomy":"post_tag","embeddable":true,"href":"https:\/\/tremdavale.org\/pt\/wp-json\/wp\/v2\/tags?post=270"}],"curies":[{"name":"wp","href":"https:\/\/api.w.org\/{rel}","templated":true}]}}