{"id":271,"date":"2013-08-25T09:55:00","date_gmt":"2013-08-25T09:55:00","guid":{"rendered":"https:\/\/tremdavale.org\/?p=271"},"modified":"2025-10-10T11:57:00","modified_gmt":"2025-10-10T11:57:00","slug":"semana-da-crianca-nas-estacoessemana-da-crianca-nas-estacoes","status":"publish","type":"post","link":"https:\/\/tremdavale.org\/pt\/semana-da-crianca-nas-estacoessemana-da-crianca-nas-estacoes\/","title":{"rendered":"Semana da Crian\u00e7a nas Esta\u00e7\u00f5es"},"content":{"rendered":"<p>No m\u00eas de outubro o Trem da Vale preparou uma programa\u00e7\u00e3o com atividades especiais, todas gratuitas, para comemorar o Dia das Crian\u00e7as nas Esta\u00e7\u00f5es de Ouro Preto e Mariana.<\/p>\n<p>Confira a programa\u00e7\u00e3o completa*:<\/p>\n<p><strong>Dia 05\/10<\/strong><\/p>\n<p><strong>14h<\/strong>&#8211; Sarau \u201cToda mem\u00f3ria guarda uma inf\u00e2ncia\u201d (Tenda Cultural-Esta\u00e7\u00e3o de Ouro Preto)<\/p>\n<p><strong>Dia 06\/10<\/strong><\/p>\n<p><strong>10h<\/strong> \u2013 Hora do Conto Especial (Bibliotecas de Ouro Preto e Mariana)<\/p>\n<p><strong>14h<\/strong> \u2013 Exibi\u00e7\u00e3o Dango Balango (Sala Multiuso da Esta\u00e7\u00e3o de Mariana)<\/p>\n<p><strong>15:3oh<\/strong> \u2013 Grupo Maria Cutia apresenta \u201cNa Roda\u201d Espet\u00e1culo Brincante (Tenda Cultural-Esta\u00e7\u00e3o de Ouro Preto)<\/p>\n<p><img loading=\"lazy\" decoding=\"async\" class=\"size-medium\" title=\"maria-cutia2_creditos-divulgacao-maria-cutia\" src=\"\/wp-content\/uploads\/maria-cutia2_creditos-divulgacao-maria-cutia-300x225.jpg\" alt=\"maria-cutia2_creditos-divulgacao-maria-cutia\" width=\"300\" height=\"225\"><\/p>\n<p><span style=\"font-weight: bold; text-align: left;\">Dias 08 \u00e0 10\/10<\/span><\/p>\n<p style=\"text-align: left;\"><strong>14 \u00e0s 17 h<\/strong> \u2013 Oficina de Inicia\u00e7\u00e3o Musical \u2013 UAKTI.<\/p>\n<p style=\"text-align: left;\">As inscri\u00e7\u00f5es para a oficina poder\u00e3o ser feitas nas bibliotecas das Esta\u00e7\u00f5es de Ouro Preto e Mariana.<\/p>\n<p style=\"text-align: left;\"><strong>Dias 09 \u00e0 11\/10<\/strong><\/p>\n<p style=\"text-align: left;\"><strong>09 \u00e0s 12h &#8211;<\/strong> Oficina de Inicia\u00e7\u00e3o Musical \u2013 UAKTI (Esta\u00e7\u00e3o de Ouro Preto)<\/p>\n<p><strong>Dia 09\/10<\/strong><\/p>\n<p><strong>10h &#8211;<\/strong> Hora do Conto Especial (Bibliotecas de Ouro Preto e Mariana)<\/p>\n<p><strong>14h &#8211;<\/strong> Hora do Conto Especial (Bibliotecas de Ouro Preto e Mariana)<\/p>\n<p><strong>Dia 10\/10<\/strong><\/p>\n<p><strong>10h &#8211;<\/strong> Hora do Conto Especial (Bibliotecas de Ouro Preto e Mariana)<\/p>\n<p><strong>14h &#8211;<\/strong> Hora do Conto Especial (Bibliotecas de Ouro Preto e Mariana)<\/p>\n<p><strong>15h &#8211;<\/strong> Sess\u00e3o de Contos com a Trupe Maria Farinha \u201cToda mem\u00f3ria guarda uma inf\u00e2ncia\u2026\u201d (Esta\u00e7\u00e3o de Mariana)<\/p>\n<p>&nbsp;<\/p>\n<p><img loading=\"lazy\" decoding=\"async\" class=\"size-medium\" title=\"bandoanunciador4\" src=\"\/wp-content\/uploads\/bandoanunciador4-300x224.jpg\" alt=\"bandoanunciador4\" width=\"300\" height=\"224\"><\/p>\n<p>Trupe Maria Farinha no Trem da Vale.<\/p>\n<p>&nbsp;<\/p>\n<p><strong>Dia 11\/10<\/strong><\/p>\n<p style=\"text-align: left;\"><strong>10h &#8211;<\/strong> Exibi\u00e7\u00e3o Dango Balango (Sala Multiuso da Esta\u00e7\u00e3o de Mariana)<\/p>\n<p style=\"text-align: left;\"><strong>Dia 12\/10<\/strong><\/p>\n<p style=\"text-align: left;\"><strong>09:30h<\/strong> \u2013 Chuva de Poesias (Esta\u00e7\u00e3o de Ouro Preto)<\/p>\n<p style=\"text-align: left;\"><strong>14h<\/strong> \u2013 Exibi\u00e7\u00e3o Dango Balango (Sala Multiuso da Esta\u00e7\u00e3o de Mariana)<\/p>\n<p style=\"text-align: left;\"><strong>15h<\/strong> \u2013 Ca\u00e7a ao Tesouro (Esta\u00e7\u00e3o de Ouro Preto)<\/p>\n<p style=\"text-align: left;\"><strong>16:30h<\/strong> \u2013 Grupo Ziriguibum (Pra\u00e7a L\u00fadico Musical de Mariana)<\/p>\n<p>&nbsp;<\/p>\n<p><img loading=\"lazy\" decoding=\"async\" class=\"size-medium\" title=\"ziriguibum_creditos_guto-muniz_foto2\" src=\"\/wp-content\/uploads\/ziriguibum_creditos_guto-muniz_foto2-300x223.jpg\" alt=\"ziriguibum_creditos_guto-muniz_foto2\" width=\"300\" height=\"223\"><\/p>\n<p>Show do Ziriguibum. Cr\u00e9ditos: Guto Muniz<\/p>\n<p>&nbsp;<\/p>\n<p style=\"text-align: left;\"><strong>Dia 13\/10<\/strong><\/p>\n<p style=\"text-align: left;\"><strong>10h &#8211;<\/strong> Gincana com Brincadeiras e Brindes (Pra\u00e7a L\u00fadico Musical de Mariana)<\/p>\n<p style=\"text-align: left;\"><strong>11h &#8211;<\/strong> Grupo Ziriguibum (Tenda Cultural de Ouro Preto)<\/p>\n<p style=\"text-align: left;\"><strong>14h &#8211;<\/strong> Exibi\u00e7\u00e3o Dango Balango (Sala Multiuso de Mariana)<\/p>\n<p style=\"text-align: left;\"><strong>16h<\/strong> \u2013 Espet\u00e1culo Arande Gr\u00f3vore (Pra\u00e7a L\u00fadico Musical de Mariana)<\/p>\n<p><img loading=\"lazy\" decoding=\"async\" class=\"size-medium\" title=\"arande-grovore_creditos_bianca-aun\" src=\"\/wp-content\/uploads\/arande-grovore_creditos_bianca-aun-300x208.jpg\" alt=\"arande-grovore_creditos_bianca-aun\" width=\"300\" height=\"208\"><\/p>\n<p style=\"text-align: left;\"><span style=\"font-weight: bold;\">Dia 14\/10<\/span><\/p>\n<p><strong>10h &#8211;<\/strong> Exibi\u00e7\u00e3o Dango Balango<\/p>\n<p><strong>14h &#8211;<\/strong> Oficina de Massinhas com Marcelo Xavier<\/p>\n<p>&nbsp;<\/p>\n<p><img loading=\"lazy\" decoding=\"async\" class=\"size-medium\" title=\"marcelo-xavier-410x3121\" src=\"\/wp-content\/uploads\/marcelo-xavier-410x3121-300x228.jpg\" alt=\"marcelo-xavier-410x3121\" width=\"300\" height=\"228\"><\/p>\n<p>Marcelo Xavier ministrar\u00e1 Oficina de Modelagem de Massinha, na Sala Multiuso de Mariana.<\/p>\n<p>&nbsp;<\/p>\n<p style=\"text-align: left;\"><strong>15:30h &#8211;<\/strong> <span>Cinema Nacional no Trem da Vale com \u201cCastelo R\u00e1-tim-bum &#8211; O filme\u201d<\/span><\/p>\n<p style=\"text-align: left;\"><span><br \/><\/span><\/p>\n<p><img loading=\"lazy\" decoding=\"async\" class=\"size-medium\" title=\"castelo\" src=\"\/wp-content\/uploads\/castelo-300x200.jpg\" alt=\"castelo\" width=\"300\" height=\"200\"><\/p>\n<p>*Mais informa\u00e7\u00f5es pelos telefones: (31) 3551-1759 \/ (31) 3551-7310 (Ouro Preto) e (31) 3558-3104 (Mariana)<\/p>\n<p>&nbsp;<\/p>\n","protected":false},"excerpt":{"rendered":"<p>No m\u00eas de outubro o Trem da Vale preparou uma programa\u00e7\u00e3o com atividades especiais, todas gratuitas, para comemorar o Dia das Crian\u00e7as nas Esta\u00e7\u00f5es de Ouro Preto e Mariana. Confira a programa\u00e7\u00e3o completa*: Dia 05\/10 14h&#8211; Sarau \u201cToda mem\u00f3ria guarda uma inf\u00e2ncia\u201d (Tenda Cultural-Esta\u00e7\u00e3o de Ouro Preto) Dia 06\/10 10h &hellip;<\/p>\n","protected":false},"author":1,"featured_media":519,"comment_status":"open","ping_status":"closed","sticky":false,"template":"","format":"standard","meta":{"footnotes":""},"categories":[2],"tags":[],"class_list":["post-271","post","type-post","status-publish","format-standard","has-post-thumbnail","hentry","category-destaques-home"],"yoast_head":"<!-- This site is optimized with the Yoast SEO plugin v26.1.1 - https:\/\/yoast.com\/wordpress\/plugins\/seo\/ -->\n<title>Semana da Crian\u00e7a nas Esta\u00e7\u00f5es &#8212; Trem da Vale<\/title>\n<meta name=\"robots\" content=\"index, follow, max-snippet:-1, max-image-preview:large, max-video-preview:-1\" \/>\n<link rel=\"canonical\" href=\"https:\/\/tremdavale.org\/pt\/semana-da-crianca-nas-estacoessemana-da-crianca-nas-estacoes\/\" \/>\n<meta property=\"og:locale\" content=\"pt_PT\" \/>\n<meta property=\"og:type\" content=\"article\" \/>\n<meta property=\"og:title\" content=\"Semana da Crian\u00e7a nas Esta\u00e7\u00f5es &#8212; Trem da Vale\" \/>\n<meta property=\"og:description\" content=\"No m\u00eas de outubro o Trem da Vale preparou uma programa\u00e7\u00e3o com atividades especiais, todas gratuitas, para comemorar o Dia das Crian\u00e7as nas Esta\u00e7\u00f5es de Ouro Preto e Mariana. Confira a programa\u00e7\u00e3o completa*: Dia 05\/10 14h&#8211; Sarau \u201cToda mem\u00f3ria guarda uma inf\u00e2ncia\u201d (Tenda Cultural-Esta\u00e7\u00e3o de Ouro Preto) Dia 06\/10 10h &hellip;\" \/>\n<meta property=\"og:url\" content=\"https:\/\/tremdavale.org\/pt\/semana-da-crianca-nas-estacoessemana-da-crianca-nas-estacoes\/\" \/>\n<meta property=\"og:site_name\" content=\"Trem da Vale\" \/>\n<meta property=\"article:published_time\" content=\"2013-08-25T09:55:00+00:00\" \/>\n<meta property=\"article:modified_time\" content=\"2025-10-10T11:57:00+00:00\" \/>\n<meta property=\"og:image\" content=\"https:\/\/tremdavale.org\/wp-content\/uploads\/maria-cutia2_creditos-divulgacao-maria-cutia-300x225.jpg\" \/>\n\t<meta property=\"og:image:width\" content=\"300\" \/>\n\t<meta property=\"og:image:height\" content=\"225\" \/>\n\t<meta property=\"og:image:type\" content=\"image\/jpeg\" \/>\n<meta name=\"author\" content=\"admin\" \/>\n<meta name=\"twitter:card\" content=\"summary_large_image\" \/>\n<meta name=\"twitter:label1\" content=\"Escrito por\" \/>\n\t<meta name=\"twitter:data1\" content=\"admin\" \/>\n\t<meta name=\"twitter:label2\" content=\"Tempo estimado de leitura\" \/>\n\t<meta name=\"twitter:data2\" content=\"2 minutos\" \/>\n<script type=\"application\/ld+json\" class=\"yoast-schema-graph\">{\"@context\":\"https:\/\/schema.org\",\"@graph\":[{\"@type\":\"WebPage\",\"@id\":\"https:\/\/tremdavale.org\/pt\/semana-da-crianca-nas-estacoessemana-da-crianca-nas-estacoes\/\",\"url\":\"https:\/\/tremdavale.org\/pt\/semana-da-crianca-nas-estacoessemana-da-crianca-nas-estacoes\/\",\"name\":\"Semana da Crian\u00e7a nas Esta\u00e7\u00f5es &#8212; Trem da Vale\",\"isPartOf\":{\"@id\":\"https:\/\/tremdavale.org\/pt\/#website\"},\"primaryImageOfPage\":{\"@id\":\"https:\/\/tremdavale.org\/pt\/semana-da-crianca-nas-estacoessemana-da-crianca-nas-estacoes\/#primaryimage\"},\"image\":{\"@id\":\"https:\/\/tremdavale.org\/pt\/semana-da-crianca-nas-estacoessemana-da-crianca-nas-estacoes\/#primaryimage\"},\"thumbnailUrl\":\"https:\/\/tremdavale.org\/wp-content\/uploads\/maria-cutia2_creditos-divulgacao-maria-cutia-300x225.jpg\",\"datePublished\":\"2013-08-25T09:55:00+00:00\",\"dateModified\":\"2025-10-10T11:57:00+00:00\",\"author\":{\"@id\":\"https:\/\/tremdavale.org\/pt\/#\/schema\/person\/50912137d47426d31329f246d02eaeca\"},\"breadcrumb\":{\"@id\":\"https:\/\/tremdavale.org\/pt\/semana-da-crianca-nas-estacoessemana-da-crianca-nas-estacoes\/#breadcrumb\"},\"inLanguage\":\"pt-PT\",\"potentialAction\":[{\"@type\":\"ReadAction\",\"target\":[\"https:\/\/tremdavale.org\/pt\/semana-da-crianca-nas-estacoessemana-da-crianca-nas-estacoes\/\"]}]},{\"@type\":\"ImageObject\",\"inLanguage\":\"pt-PT\",\"@id\":\"https:\/\/tremdavale.org\/pt\/semana-da-crianca-nas-estacoessemana-da-crianca-nas-estacoes\/#primaryimage\",\"url\":\"https:\/\/tremdavale.org\/wp-content\/uploads\/maria-cutia2_creditos-divulgacao-maria-cutia-300x225.jpg\",\"contentUrl\":\"https:\/\/tremdavale.org\/wp-content\/uploads\/maria-cutia2_creditos-divulgacao-maria-cutia-300x225.jpg\",\"width\":300,\"height\":225},{\"@type\":\"BreadcrumbList\",\"@id\":\"https:\/\/tremdavale.org\/pt\/semana-da-crianca-nas-estacoessemana-da-crianca-nas-estacoes\/#breadcrumb\",\"itemListElement\":[{\"@type\":\"ListItem\",\"position\":1,\"name\":\"In\u00edcio\",\"item\":\"https:\/\/tremdavale.org\/pt\/\"},{\"@type\":\"ListItem\",\"position\":2,\"name\":\"Semana da Crian\u00e7a nas Esta\u00e7\u00f5es\"}]},{\"@type\":\"WebSite\",\"@id\":\"https:\/\/tremdavale.org\/pt\/#website\",\"url\":\"https:\/\/tremdavale.org\/pt\/\",\"name\":\"Trem da Vale\",\"description\":\"Programa de Educa\u00e7\u00e3o Patrimonial\",\"potentialAction\":[{\"@type\":\"SearchAction\",\"target\":{\"@type\":\"EntryPoint\",\"urlTemplate\":\"https:\/\/tremdavale.org\/pt\/?s={search_term_string}\"},\"query-input\":{\"@type\":\"PropertyValueSpecification\",\"valueRequired\":true,\"valueName\":\"search_term_string\"}}],\"inLanguage\":\"pt-PT\"},{\"@type\":\"Person\",\"@id\":\"https:\/\/tremdavale.org\/pt\/#\/schema\/person\/50912137d47426d31329f246d02eaeca\",\"name\":\"admin\",\"image\":{\"@type\":\"ImageObject\",\"inLanguage\":\"pt-PT\",\"@id\":\"https:\/\/tremdavale.org\/pt\/#\/schema\/person\/image\/\",\"url\":\"https:\/\/secure.gravatar.com\/avatar\/b3564f0fda6ea47959fe96a4217203e79a167568a37409758659bc3ba443b452?s=96&d=mm&r=g\",\"contentUrl\":\"https:\/\/secure.gravatar.com\/avatar\/b3564f0fda6ea47959fe96a4217203e79a167568a37409758659bc3ba443b452?s=96&d=mm&r=g\",\"caption\":\"admin\"},\"sameAs\":[\"https:\/\/tremdavale.org\"],\"url\":\"https:\/\/tremdavale.org\/pt\/author\/admin\/\"}]}<\/script>\n<!-- \/ Yoast SEO plugin. -->","yoast_head_json":{"title":"Semana da Crian\u00e7a nas Esta\u00e7\u00f5es &#8212; Trem da Vale","robots":{"index":"index","follow":"follow","max-snippet":"max-snippet:-1","max-image-preview":"max-image-preview:large","max-video-preview":"max-video-preview:-1"},"canonical":"https:\/\/tremdavale.org\/pt\/semana-da-crianca-nas-estacoessemana-da-crianca-nas-estacoes\/","og_locale":"pt_PT","og_type":"article","og_title":"Semana da Crian\u00e7a nas Esta\u00e7\u00f5es &#8212; Trem da Vale","og_description":"No m\u00eas de outubro o Trem da Vale preparou uma programa\u00e7\u00e3o com atividades especiais, todas gratuitas, para comemorar o Dia das Crian\u00e7as nas Esta\u00e7\u00f5es de Ouro Preto e Mariana. Confira a programa\u00e7\u00e3o completa*: Dia 05\/10 14h&#8211; Sarau \u201cToda mem\u00f3ria guarda uma inf\u00e2ncia\u201d (Tenda Cultural-Esta\u00e7\u00e3o de Ouro Preto) Dia 06\/10 10h &hellip;","og_url":"https:\/\/tremdavale.org\/pt\/semana-da-crianca-nas-estacoessemana-da-crianca-nas-estacoes\/","og_site_name":"Trem da Vale","article_published_time":"2013-08-25T09:55:00+00:00","article_modified_time":"2025-10-10T11:57:00+00:00","og_image":[{"width":300,"height":225,"url":"https:\/\/tremdavale.org\/wp-content\/uploads\/maria-cutia2_creditos-divulgacao-maria-cutia-300x225.jpg","type":"image\/jpeg"}],"author":"admin","twitter_card":"summary_large_image","twitter_misc":{"Escrito por":"admin","Tempo estimado de leitura":"2 minutos"},"schema":{"@context":"https:\/\/schema.org","@graph":[{"@type":"WebPage","@id":"https:\/\/tremdavale.org\/pt\/semana-da-crianca-nas-estacoessemana-da-crianca-nas-estacoes\/","url":"https:\/\/tremdavale.org\/pt\/semana-da-crianca-nas-estacoessemana-da-crianca-nas-estacoes\/","name":"Semana da Crian\u00e7a nas Esta\u00e7\u00f5es &#8212; Trem da Vale","isPartOf":{"@id":"https:\/\/tremdavale.org\/pt\/#website"},"primaryImageOfPage":{"@id":"https:\/\/tremdavale.org\/pt\/semana-da-crianca-nas-estacoessemana-da-crianca-nas-estacoes\/#primaryimage"},"image":{"@id":"https:\/\/tremdavale.org\/pt\/semana-da-crianca-nas-estacoessemana-da-crianca-nas-estacoes\/#primaryimage"},"thumbnailUrl":"https:\/\/tremdavale.org\/wp-content\/uploads\/maria-cutia2_creditos-divulgacao-maria-cutia-300x225.jpg","datePublished":"2013-08-25T09:55:00+00:00","dateModified":"2025-10-10T11:57:00+00:00","author":{"@id":"https:\/\/tremdavale.org\/pt\/#\/schema\/person\/50912137d47426d31329f246d02eaeca"},"breadcrumb":{"@id":"https:\/\/tremdavale.org\/pt\/semana-da-crianca-nas-estacoessemana-da-crianca-nas-estacoes\/#breadcrumb"},"inLanguage":"pt-PT","potentialAction":[{"@type":"ReadAction","target":["https:\/\/tremdavale.org\/pt\/semana-da-crianca-nas-estacoessemana-da-crianca-nas-estacoes\/"]}]},{"@type":"ImageObject","inLanguage":"pt-PT","@id":"https:\/\/tremdavale.org\/pt\/semana-da-crianca-nas-estacoessemana-da-crianca-nas-estacoes\/#primaryimage","url":"https:\/\/tremdavale.org\/wp-content\/uploads\/maria-cutia2_creditos-divulgacao-maria-cutia-300x225.jpg","contentUrl":"https:\/\/tremdavale.org\/wp-content\/uploads\/maria-cutia2_creditos-divulgacao-maria-cutia-300x225.jpg","width":300,"height":225},{"@type":"BreadcrumbList","@id":"https:\/\/tremdavale.org\/pt\/semana-da-crianca-nas-estacoessemana-da-crianca-nas-estacoes\/#breadcrumb","itemListElement":[{"@type":"ListItem","position":1,"name":"In\u00edcio","item":"https:\/\/tremdavale.org\/pt\/"},{"@type":"ListItem","position":2,"name":"Semana da Crian\u00e7a nas Esta\u00e7\u00f5es"}]},{"@type":"WebSite","@id":"https:\/\/tremdavale.org\/pt\/#website","url":"https:\/\/tremdavale.org\/pt\/","name":"Trem da Vale","description":"Programa de Educa\u00e7\u00e3o Patrimonial","potentialAction":[{"@type":"SearchAction","target":{"@type":"EntryPoint","urlTemplate":"https:\/\/tremdavale.org\/pt\/?s={search_term_string}"},"query-input":{"@type":"PropertyValueSpecification","valueRequired":true,"valueName":"search_term_string"}}],"inLanguage":"pt-PT"},{"@type":"Person","@id":"https:\/\/tremdavale.org\/pt\/#\/schema\/person\/50912137d47426d31329f246d02eaeca","name":"admin","image":{"@type":"ImageObject","inLanguage":"pt-PT","@id":"https:\/\/tremdavale.org\/pt\/#\/schema\/person\/image\/","url":"https:\/\/secure.gravatar.com\/avatar\/b3564f0fda6ea47959fe96a4217203e79a167568a37409758659bc3ba443b452?s=96&d=mm&r=g","contentUrl":"https:\/\/secure.gravatar.com\/avatar\/b3564f0fda6ea47959fe96a4217203e79a167568a37409758659bc3ba443b452?s=96&d=mm&r=g","caption":"admin"},"sameAs":["https:\/\/tremdavale.org"],"url":"https:\/\/tremdavale.org\/pt\/author\/admin\/"}]}},"_links":{"self":[{"href":"https:\/\/tremdavale.org\/pt\/wp-json\/wp\/v2\/posts\/271","targetHints":{"allow":["GET"]}}],"collection":[{"href":"https:\/\/tremdavale.org\/pt\/wp-json\/wp\/v2\/posts"}],"about":[{"href":"https:\/\/tremdavale.org\/pt\/wp-json\/wp\/v2\/types\/post"}],"author":[{"embeddable":true,"href":"https:\/\/tremdavale.org\/pt\/wp-json\/wp\/v2\/users\/1"}],"replies":[{"embeddable":true,"href":"https:\/\/tremdavale.org\/pt\/wp-json\/wp\/v2\/comments?post=271"}],"version-history":[{"count":0,"href":"https:\/\/tremdavale.org\/pt\/wp-json\/wp\/v2\/posts\/271\/revisions"}],"wp:featuredmedia":[{"embeddable":true,"href":"https:\/\/tremdavale.org\/pt\/wp-json\/wp\/v2\/media\/519"}],"wp:attachment":[{"href":"https:\/\/tremdavale.org\/pt\/wp-json\/wp\/v2\/media?parent=271"}],"wp:term":[{"taxonomy":"category","embeddable":true,"href":"https:\/\/tremdavale.org\/pt\/wp-json\/wp\/v2\/categories?post=271"},{"taxonomy":"post_tag","embeddable":true,"href":"https:\/\/tremdavale.org\/pt\/wp-json\/wp\/v2\/tags?post=271"}],"curies":[{"name":"wp","href":"https:\/\/api.w.org\/{rel}","templated":true}]}}