{"id":273,"date":"2011-09-10T16:27:00","date_gmt":"2011-09-10T16:27:00","guid":{"rendered":"https:\/\/tremdavale.org\/?p=273"},"modified":"2025-10-10T11:57:00","modified_gmt":"2025-10-10T11:57:00","slug":"sessao-de-contos-na-tenda-cultural","status":"publish","type":"post","link":"https:\/\/tremdavale.org\/pt\/sessao-de-contos-na-tenda-cultural\/","title":{"rendered":"Sess\u00e3o de Contos na Tenda Cultural"},"content":{"rendered":"<p><strong><em><\/em><\/strong><\/p>\n<p><strong>Grupo Aletria leva o universo encantado das hist\u00f3rias populares para as crian\u00e7as de Ouro Preto<\/strong><em><strong><!--more--><\/strong><\/em><\/p>\n<p>&nbsp;<\/p>\n<p><img loading=\"lazy\" decoding=\"async\" class=\"size-medium\" title=\"contacao-de-historias-aletria-13-11-2009-fotos-bruna-tropia-92\" src=\"\/wp-content\/uploads\/contacao-de-historias-aletria-13-11-2009-fotos-bruna-tropia-92-300x200.jpg\" alt=\"Crian\u00e7as assistem atentamento \u00e0 apresenta\u00e7\u00e3o\" width=\"300\" height=\"200\"><\/p>\n<p>Crian\u00e7as assistem atentamento \u00e0 apresenta\u00e7\u00e3o<\/p>\n<p>&nbsp;<\/p>\n<p>No dia 13 de novembro, mais de duzentas e cinq\u00fcenta crian\u00e7as participaram da Sess\u00e3o de Contos com o Grupo Aletria na Tenda Cultural da Esta\u00e7\u00e3o.<\/p>\n<p>As escolas p\u00fablicas da regi\u00e3o levaram suas turmas de educa\u00e7\u00e3o infantil para assistir \u00e0 conta\u00e7\u00e3o de hist\u00f3rias, oferecendo \u00e0s crian\u00e7as o contato com o universo da hist\u00f3ria oral, por meio de contos que remetem \u00e0s tradi\u00e7\u00f5es, \u00e0s artes, \u00e0 culin\u00e1ria, e aos costumes e crendices de um determinado povo.<\/p>\n<p>O evento contou com a participa\u00e7\u00e3o de 42 crian\u00e7as da Educa\u00e7\u00e3o Infantil da Escola Estadual Mar\u00edlia de Dirceu, que estiveram presentes pela manh\u00e3. \u00c0 tarde, 120 alunos da Escola Municipal H\u00e9lio Homem de Faria e 110 crian\u00e7as da Escola Estadual Mar\u00edlia de Dirceu, assistiram \u00e0 apresenta\u00e7\u00e3o.<\/p>\n<p>Os atores Pierre Andr\u00e9 e Beatriz Myrha do Instituto Cultural Aletria, grupo que atua na preserva\u00e7\u00e3o da arte de contar hist\u00f3rias atrav\u00e9s da difus\u00e3o da tradi\u00e7\u00e3o oral, contaram causos, lendas e mitos para as crian\u00e7as, encantando a todos com as surpreendentes hist\u00f3rias que fazem parte da cultura popular.<\/p>\n<p>&nbsp;<\/p>\n","protected":false},"excerpt":{"rendered":"<p>Grupo Aletria leva o universo encantado das hist\u00f3rias populares para as crian\u00e7as de Ouro Preto<\/p>\n","protected":false},"author":1,"featured_media":521,"comment_status":"open","ping_status":"closed","sticky":false,"template":"","format":"standard","meta":{"footnotes":""},"categories":[3,7],"tags":[],"class_list":["post-273","post","type-post","status-publish","format-standard","has-post-thumbnail","hentry","category-noticias","category-noticias-home"],"yoast_head":"<!-- This site is optimized with the Yoast SEO plugin v26.1.1 - https:\/\/yoast.com\/wordpress\/plugins\/seo\/ -->\n<title>Sess\u00e3o de Contos na Tenda Cultural &#8212; Trem da Vale<\/title>\n<meta name=\"robots\" content=\"index, follow, max-snippet:-1, max-image-preview:large, max-video-preview:-1\" \/>\n<link rel=\"canonical\" href=\"https:\/\/tremdavale.org\/pt\/sessao-de-contos-na-tenda-cultural\/\" \/>\n<meta property=\"og:locale\" content=\"pt_PT\" \/>\n<meta property=\"og:type\" content=\"article\" \/>\n<meta property=\"og:title\" content=\"Sess\u00e3o de Contos na Tenda Cultural &#8212; Trem da Vale\" \/>\n<meta property=\"og:description\" content=\"Grupo Aletria leva o universo encantado das hist\u00f3rias populares para as crian\u00e7as de Ouro Preto\" \/>\n<meta property=\"og:url\" content=\"https:\/\/tremdavale.org\/pt\/sessao-de-contos-na-tenda-cultural\/\" \/>\n<meta property=\"og:site_name\" content=\"Trem da Vale\" \/>\n<meta property=\"article:published_time\" content=\"2011-09-10T16:27:00+00:00\" \/>\n<meta property=\"article:modified_time\" content=\"2025-10-10T11:57:00+00:00\" \/>\n<meta property=\"og:image\" content=\"https:\/\/tremdavale.org\/wp-content\/uploads\/contacao-de-historias-aletria-13-11-2009-fotos-bruna-tropia-92-300x200.jpg\" \/>\n\t<meta property=\"og:image:width\" content=\"300\" \/>\n\t<meta property=\"og:image:height\" content=\"200\" \/>\n\t<meta property=\"og:image:type\" content=\"image\/jpeg\" \/>\n<meta name=\"author\" content=\"admin\" \/>\n<meta name=\"twitter:card\" content=\"summary_large_image\" \/>\n<meta name=\"twitter:label1\" content=\"Escrito por\" \/>\n\t<meta name=\"twitter:data1\" content=\"admin\" \/>\n\t<meta name=\"twitter:label2\" content=\"Tempo estimado de leitura\" \/>\n\t<meta name=\"twitter:data2\" content=\"1 minuto\" \/>\n<script type=\"application\/ld+json\" class=\"yoast-schema-graph\">{\"@context\":\"https:\/\/schema.org\",\"@graph\":[{\"@type\":\"WebPage\",\"@id\":\"https:\/\/tremdavale.org\/pt\/sessao-de-contos-na-tenda-cultural\/\",\"url\":\"https:\/\/tremdavale.org\/pt\/sessao-de-contos-na-tenda-cultural\/\",\"name\":\"Sess\u00e3o de Contos na Tenda Cultural &#8212; Trem da Vale\",\"isPartOf\":{\"@id\":\"https:\/\/tremdavale.org\/pt\/#website\"},\"primaryImageOfPage\":{\"@id\":\"https:\/\/tremdavale.org\/pt\/sessao-de-contos-na-tenda-cultural\/#primaryimage\"},\"image\":{\"@id\":\"https:\/\/tremdavale.org\/pt\/sessao-de-contos-na-tenda-cultural\/#primaryimage\"},\"thumbnailUrl\":\"https:\/\/tremdavale.org\/wp-content\/uploads\/contacao-de-historias-aletria-13-11-2009-fotos-bruna-tropia-92-300x200.jpg\",\"datePublished\":\"2011-09-10T16:27:00+00:00\",\"dateModified\":\"2025-10-10T11:57:00+00:00\",\"author\":{\"@id\":\"https:\/\/tremdavale.org\/pt\/#\/schema\/person\/50912137d47426d31329f246d02eaeca\"},\"breadcrumb\":{\"@id\":\"https:\/\/tremdavale.org\/pt\/sessao-de-contos-na-tenda-cultural\/#breadcrumb\"},\"inLanguage\":\"pt-PT\",\"potentialAction\":[{\"@type\":\"ReadAction\",\"target\":[\"https:\/\/tremdavale.org\/pt\/sessao-de-contos-na-tenda-cultural\/\"]}]},{\"@type\":\"ImageObject\",\"inLanguage\":\"pt-PT\",\"@id\":\"https:\/\/tremdavale.org\/pt\/sessao-de-contos-na-tenda-cultural\/#primaryimage\",\"url\":\"https:\/\/tremdavale.org\/wp-content\/uploads\/contacao-de-historias-aletria-13-11-2009-fotos-bruna-tropia-92-300x200.jpg\",\"contentUrl\":\"https:\/\/tremdavale.org\/wp-content\/uploads\/contacao-de-historias-aletria-13-11-2009-fotos-bruna-tropia-92-300x200.jpg\",\"width\":300,\"height\":200},{\"@type\":\"BreadcrumbList\",\"@id\":\"https:\/\/tremdavale.org\/pt\/sessao-de-contos-na-tenda-cultural\/#breadcrumb\",\"itemListElement\":[{\"@type\":\"ListItem\",\"position\":1,\"name\":\"In\u00edcio\",\"item\":\"https:\/\/tremdavale.org\/pt\/\"},{\"@type\":\"ListItem\",\"position\":2,\"name\":\"Sess\u00e3o de Contos na Tenda Cultural\"}]},{\"@type\":\"WebSite\",\"@id\":\"https:\/\/tremdavale.org\/pt\/#website\",\"url\":\"https:\/\/tremdavale.org\/pt\/\",\"name\":\"Trem da Vale\",\"description\":\"Programa de Educa\u00e7\u00e3o Patrimonial\",\"potentialAction\":[{\"@type\":\"SearchAction\",\"target\":{\"@type\":\"EntryPoint\",\"urlTemplate\":\"https:\/\/tremdavale.org\/pt\/?s={search_term_string}\"},\"query-input\":{\"@type\":\"PropertyValueSpecification\",\"valueRequired\":true,\"valueName\":\"search_term_string\"}}],\"inLanguage\":\"pt-PT\"},{\"@type\":\"Person\",\"@id\":\"https:\/\/tremdavale.org\/pt\/#\/schema\/person\/50912137d47426d31329f246d02eaeca\",\"name\":\"admin\",\"image\":{\"@type\":\"ImageObject\",\"inLanguage\":\"pt-PT\",\"@id\":\"https:\/\/tremdavale.org\/pt\/#\/schema\/person\/image\/\",\"url\":\"https:\/\/secure.gravatar.com\/avatar\/b3564f0fda6ea47959fe96a4217203e79a167568a37409758659bc3ba443b452?s=96&d=mm&r=g\",\"contentUrl\":\"https:\/\/secure.gravatar.com\/avatar\/b3564f0fda6ea47959fe96a4217203e79a167568a37409758659bc3ba443b452?s=96&d=mm&r=g\",\"caption\":\"admin\"},\"sameAs\":[\"https:\/\/tremdavale.org\"],\"url\":\"https:\/\/tremdavale.org\/pt\/author\/admin\/\"}]}<\/script>\n<!-- \/ Yoast SEO plugin. -->","yoast_head_json":{"title":"Sess\u00e3o de Contos na Tenda Cultural &#8212; Trem da Vale","robots":{"index":"index","follow":"follow","max-snippet":"max-snippet:-1","max-image-preview":"max-image-preview:large","max-video-preview":"max-video-preview:-1"},"canonical":"https:\/\/tremdavale.org\/pt\/sessao-de-contos-na-tenda-cultural\/","og_locale":"pt_PT","og_type":"article","og_title":"Sess\u00e3o de Contos na Tenda Cultural &#8212; Trem da Vale","og_description":"Grupo Aletria leva o universo encantado das hist\u00f3rias populares para as crian\u00e7as de Ouro Preto","og_url":"https:\/\/tremdavale.org\/pt\/sessao-de-contos-na-tenda-cultural\/","og_site_name":"Trem da Vale","article_published_time":"2011-09-10T16:27:00+00:00","article_modified_time":"2025-10-10T11:57:00+00:00","og_image":[{"width":300,"height":200,"url":"https:\/\/tremdavale.org\/wp-content\/uploads\/contacao-de-historias-aletria-13-11-2009-fotos-bruna-tropia-92-300x200.jpg","type":"image\/jpeg"}],"author":"admin","twitter_card":"summary_large_image","twitter_misc":{"Escrito por":"admin","Tempo estimado de leitura":"1 minuto"},"schema":{"@context":"https:\/\/schema.org","@graph":[{"@type":"WebPage","@id":"https:\/\/tremdavale.org\/pt\/sessao-de-contos-na-tenda-cultural\/","url":"https:\/\/tremdavale.org\/pt\/sessao-de-contos-na-tenda-cultural\/","name":"Sess\u00e3o de Contos na Tenda Cultural &#8212; Trem da Vale","isPartOf":{"@id":"https:\/\/tremdavale.org\/pt\/#website"},"primaryImageOfPage":{"@id":"https:\/\/tremdavale.org\/pt\/sessao-de-contos-na-tenda-cultural\/#primaryimage"},"image":{"@id":"https:\/\/tremdavale.org\/pt\/sessao-de-contos-na-tenda-cultural\/#primaryimage"},"thumbnailUrl":"https:\/\/tremdavale.org\/wp-content\/uploads\/contacao-de-historias-aletria-13-11-2009-fotos-bruna-tropia-92-300x200.jpg","datePublished":"2011-09-10T16:27:00+00:00","dateModified":"2025-10-10T11:57:00+00:00","author":{"@id":"https:\/\/tremdavale.org\/pt\/#\/schema\/person\/50912137d47426d31329f246d02eaeca"},"breadcrumb":{"@id":"https:\/\/tremdavale.org\/pt\/sessao-de-contos-na-tenda-cultural\/#breadcrumb"},"inLanguage":"pt-PT","potentialAction":[{"@type":"ReadAction","target":["https:\/\/tremdavale.org\/pt\/sessao-de-contos-na-tenda-cultural\/"]}]},{"@type":"ImageObject","inLanguage":"pt-PT","@id":"https:\/\/tremdavale.org\/pt\/sessao-de-contos-na-tenda-cultural\/#primaryimage","url":"https:\/\/tremdavale.org\/wp-content\/uploads\/contacao-de-historias-aletria-13-11-2009-fotos-bruna-tropia-92-300x200.jpg","contentUrl":"https:\/\/tremdavale.org\/wp-content\/uploads\/contacao-de-historias-aletria-13-11-2009-fotos-bruna-tropia-92-300x200.jpg","width":300,"height":200},{"@type":"BreadcrumbList","@id":"https:\/\/tremdavale.org\/pt\/sessao-de-contos-na-tenda-cultural\/#breadcrumb","itemListElement":[{"@type":"ListItem","position":1,"name":"In\u00edcio","item":"https:\/\/tremdavale.org\/pt\/"},{"@type":"ListItem","position":2,"name":"Sess\u00e3o de Contos na Tenda Cultural"}]},{"@type":"WebSite","@id":"https:\/\/tremdavale.org\/pt\/#website","url":"https:\/\/tremdavale.org\/pt\/","name":"Trem da Vale","description":"Programa de Educa\u00e7\u00e3o Patrimonial","potentialAction":[{"@type":"SearchAction","target":{"@type":"EntryPoint","urlTemplate":"https:\/\/tremdavale.org\/pt\/?s={search_term_string}"},"query-input":{"@type":"PropertyValueSpecification","valueRequired":true,"valueName":"search_term_string"}}],"inLanguage":"pt-PT"},{"@type":"Person","@id":"https:\/\/tremdavale.org\/pt\/#\/schema\/person\/50912137d47426d31329f246d02eaeca","name":"admin","image":{"@type":"ImageObject","inLanguage":"pt-PT","@id":"https:\/\/tremdavale.org\/pt\/#\/schema\/person\/image\/","url":"https:\/\/secure.gravatar.com\/avatar\/b3564f0fda6ea47959fe96a4217203e79a167568a37409758659bc3ba443b452?s=96&d=mm&r=g","contentUrl":"https:\/\/secure.gravatar.com\/avatar\/b3564f0fda6ea47959fe96a4217203e79a167568a37409758659bc3ba443b452?s=96&d=mm&r=g","caption":"admin"},"sameAs":["https:\/\/tremdavale.org"],"url":"https:\/\/tremdavale.org\/pt\/author\/admin\/"}]}},"_links":{"self":[{"href":"https:\/\/tremdavale.org\/pt\/wp-json\/wp\/v2\/posts\/273","targetHints":{"allow":["GET"]}}],"collection":[{"href":"https:\/\/tremdavale.org\/pt\/wp-json\/wp\/v2\/posts"}],"about":[{"href":"https:\/\/tremdavale.org\/pt\/wp-json\/wp\/v2\/types\/post"}],"author":[{"embeddable":true,"href":"https:\/\/tremdavale.org\/pt\/wp-json\/wp\/v2\/users\/1"}],"replies":[{"embeddable":true,"href":"https:\/\/tremdavale.org\/pt\/wp-json\/wp\/v2\/comments?post=273"}],"version-history":[{"count":0,"href":"https:\/\/tremdavale.org\/pt\/wp-json\/wp\/v2\/posts\/273\/revisions"}],"wp:featuredmedia":[{"embeddable":true,"href":"https:\/\/tremdavale.org\/pt\/wp-json\/wp\/v2\/media\/521"}],"wp:attachment":[{"href":"https:\/\/tremdavale.org\/pt\/wp-json\/wp\/v2\/media?parent=273"}],"wp:term":[{"taxonomy":"category","embeddable":true,"href":"https:\/\/tremdavale.org\/pt\/wp-json\/wp\/v2\/categories?post=273"},{"taxonomy":"post_tag","embeddable":true,"href":"https:\/\/tremdavale.org\/pt\/wp-json\/wp\/v2\/tags?post=273"}],"curies":[{"name":"wp","href":"https:\/\/api.w.org\/{rel}","templated":true}]}}