{"id":274,"date":"2012-04-08T01:05:00","date_gmt":"2012-04-08T01:05:00","guid":{"rendered":"https:\/\/tremdavale.org\/?p=274"},"modified":"2025-10-10T11:57:00","modified_gmt":"2025-10-10T11:57:00","slug":"sexta-cultural-movimenta-a-estacao-de-ouro-preto","status":"publish","type":"post","link":"https:\/\/tremdavale.org\/pt\/sexta-cultural-movimenta-a-estacao-de-ouro-preto\/","title":{"rendered":"Sexta Cultural movimenta a Esta\u00e7\u00e3o de Ouro Preto"},"content":{"rendered":"<p><span>O Programa Trem da Vale promoveu, no \u00faltimo dia 09.03, a primeira \u201cSexta Cultural\u201d de 2012 na esta\u00e7\u00e3o de Ouro Preto.<\/span><\/p>\n<p>&nbsp;<\/p>\n<p><img loading=\"lazy\" decoding=\"async\" class=\"size-medium\" title=\"dsc_0011\" src=\"\/wp-content\/uploads\/dsc_0011-300x199.jpg\" alt=\"dsc_0011\" width=\"300\" height=\"199\"><\/p>\n<p>Foto: Fernanda Renn\u00f3.<\/p>\n<p>&nbsp;<\/p>\n<p><span>Al\u00e9m do objetivo de promover os espa\u00e7os da Esta\u00e7\u00e3o Ferrovi\u00e1ria de Ouro Preto, com destaque para a rec\u00e9m-inaugurada <em>Sala de Mem\u00f3rias<\/em>, essa a\u00e7\u00e3o visa sensibilizar o p\u00fablico para as quest\u00f5es da preserva\u00e7\u00e3o patrimonial a partir da apreens\u00e3o espacial por meio de a\u00e7\u00f5es culturais e da (re)leitura dos lugares cotidianos de mem\u00f3ria, atrav\u00e9s do exerc\u00edcio da percep\u00e7\u00e3o ambiental ampliada: registros visuais, auditivos, olfativos e t\u00e1teis; tomando como base os pilares da Educa\u00e7\u00e3o Patrimonial.<\/span><\/p>\n<p>&nbsp;<\/p>\n<p><img loading=\"lazy\" decoding=\"async\" class=\"size-medium\" title=\"sexta-cultural-090312-fotos-fernanda-renno-37\" src=\"\/wp-content\/uploads\/sexta-cultural-090312-fotos-fernanda-renno-37-300x199.jpg\" alt=\"sexta-cultural-090312-fotos-fernanda-renno-37\" width=\"300\" height=\"199\"><\/p>\n<p>Foto: Fernanda Renn\u00f3.<\/p>\n<p>&nbsp;<\/p>\n<p><span>Os convidados da vez foram o SIAME \u2013 Servi\u00e7o Interprofissional de Atendimento \u00e0 Mulher, institui\u00e7\u00e3o situada na Pra\u00e7a da Esta\u00e7\u00e3o de Ouro Preto; vizinhos da esta\u00e7\u00e3o de Ouro Preto e o historiador Bernardo Andrade, quem mediou a visita\u00e7\u00e3o pelos espa\u00e7os da esta\u00e7\u00e3o.<\/span><\/p>\n<p><span>Na ocasi\u00e3o, foram utilizados recortes dos roteiros sensoriais criados para a Trilha Sensorial de Ouro Preto, explorando-se a esta\u00e7\u00e3o e seu entorno, buscando enfatizar os espa\u00e7os e equipamentos da esta\u00e7\u00e3o, o contexto hist\u00f3rico, curiosidades, lendas, causos.<\/span><\/p>\n<p><span>O p\u00fablico presente mostrou-se muito satisfeito. A maioria das pessoas interagiu com o historiador Bernardo e com representantes da Equipe do Programa Trem da Vale, enriquecendo o encontro com suas hist\u00f3rias e causos ligados \u00e0 esta\u00e7\u00e3o de Ouro Preto e ao trem.<\/span><\/p>\n<p><span>O evento encerrou com um delicioso caf\u00e9 colonial realizado no vag\u00e3o Caf\u00e9.<\/span><\/p>\n<p><span>Essa a\u00e7\u00e3o acontecer\u00e1 toda segunda sexta feira de cada m\u00eas.&nbsp; Consulte nossa programa\u00e7\u00e3o.<\/span><\/p>\n<p>&nbsp;<\/p>\n","protected":false},"excerpt":{"rendered":"<p>O Programa Trem da Vale promoveu, no \u00faltimo dia 09.03, a primeira \u201cSexta Cultural\u201d de 2012 na esta\u00e7\u00e3o de Ouro Preto. &nbsp; Foto: Fernanda Renn\u00f3. &nbsp; Al\u00e9m do objetivo de promover os espa\u00e7os da Esta\u00e7\u00e3o Ferrovi\u00e1ria de Ouro Preto, com destaque para a rec\u00e9m-inaugurada Sala de Mem\u00f3rias, essa a\u00e7\u00e3o visa &hellip;<\/p>\n","protected":false},"author":1,"featured_media":522,"comment_status":"open","ping_status":"closed","sticky":false,"template":"","format":"standard","meta":{"footnotes":""},"categories":[2],"tags":[],"class_list":["post-274","post","type-post","status-publish","format-standard","has-post-thumbnail","hentry","category-destaques-home"],"yoast_head":"<!-- This site is optimized with the Yoast SEO plugin v26.1.1 - https:\/\/yoast.com\/wordpress\/plugins\/seo\/ -->\n<title>Sexta Cultural movimenta a Esta\u00e7\u00e3o de Ouro Preto &#8212; Trem da Vale<\/title>\n<meta name=\"robots\" content=\"index, follow, max-snippet:-1, max-image-preview:large, max-video-preview:-1\" \/>\n<link rel=\"canonical\" href=\"https:\/\/tremdavale.org\/pt\/sexta-cultural-movimenta-a-estacao-de-ouro-preto\/\" \/>\n<meta property=\"og:locale\" content=\"pt_PT\" \/>\n<meta property=\"og:type\" content=\"article\" \/>\n<meta property=\"og:title\" content=\"Sexta Cultural movimenta a Esta\u00e7\u00e3o de Ouro Preto &#8212; Trem da Vale\" \/>\n<meta property=\"og:description\" content=\"O Programa Trem da Vale promoveu, no \u00faltimo dia 09.03, a primeira \u201cSexta Cultural\u201d de 2012 na esta\u00e7\u00e3o de Ouro Preto. &nbsp; Foto: Fernanda Renn\u00f3. &nbsp; Al\u00e9m do objetivo de promover os espa\u00e7os da Esta\u00e7\u00e3o Ferrovi\u00e1ria de Ouro Preto, com destaque para a rec\u00e9m-inaugurada Sala de Mem\u00f3rias, essa a\u00e7\u00e3o visa &hellip;\" \/>\n<meta property=\"og:url\" content=\"https:\/\/tremdavale.org\/pt\/sexta-cultural-movimenta-a-estacao-de-ouro-preto\/\" \/>\n<meta property=\"og:site_name\" content=\"Trem da Vale\" \/>\n<meta property=\"article:published_time\" content=\"2012-04-08T01:05:00+00:00\" \/>\n<meta property=\"article:modified_time\" content=\"2025-10-10T11:57:00+00:00\" \/>\n<meta property=\"og:image\" content=\"https:\/\/tremdavale.org\/wp-content\/uploads\/dsc_0011-300x199.jpg\" \/>\n\t<meta property=\"og:image:width\" content=\"300\" \/>\n\t<meta property=\"og:image:height\" content=\"199\" \/>\n\t<meta property=\"og:image:type\" content=\"image\/jpeg\" \/>\n<meta name=\"author\" content=\"admin\" \/>\n<meta name=\"twitter:card\" content=\"summary_large_image\" \/>\n<meta name=\"twitter:label1\" content=\"Escrito por\" \/>\n\t<meta name=\"twitter:data1\" content=\"admin\" \/>\n\t<meta name=\"twitter:label2\" content=\"Tempo estimado de leitura\" \/>\n\t<meta name=\"twitter:data2\" content=\"1 minuto\" \/>\n<script type=\"application\/ld+json\" class=\"yoast-schema-graph\">{\"@context\":\"https:\/\/schema.org\",\"@graph\":[{\"@type\":\"WebPage\",\"@id\":\"https:\/\/tremdavale.org\/pt\/sexta-cultural-movimenta-a-estacao-de-ouro-preto\/\",\"url\":\"https:\/\/tremdavale.org\/pt\/sexta-cultural-movimenta-a-estacao-de-ouro-preto\/\",\"name\":\"Sexta Cultural movimenta a Esta\u00e7\u00e3o de Ouro Preto &#8212; Trem da Vale\",\"isPartOf\":{\"@id\":\"https:\/\/tremdavale.org\/pt\/#website\"},\"primaryImageOfPage\":{\"@id\":\"https:\/\/tremdavale.org\/pt\/sexta-cultural-movimenta-a-estacao-de-ouro-preto\/#primaryimage\"},\"image\":{\"@id\":\"https:\/\/tremdavale.org\/pt\/sexta-cultural-movimenta-a-estacao-de-ouro-preto\/#primaryimage\"},\"thumbnailUrl\":\"https:\/\/tremdavale.org\/wp-content\/uploads\/dsc_0011-300x199.jpg\",\"datePublished\":\"2012-04-08T01:05:00+00:00\",\"dateModified\":\"2025-10-10T11:57:00+00:00\",\"author\":{\"@id\":\"https:\/\/tremdavale.org\/pt\/#\/schema\/person\/50912137d47426d31329f246d02eaeca\"},\"breadcrumb\":{\"@id\":\"https:\/\/tremdavale.org\/pt\/sexta-cultural-movimenta-a-estacao-de-ouro-preto\/#breadcrumb\"},\"inLanguage\":\"pt-PT\",\"potentialAction\":[{\"@type\":\"ReadAction\",\"target\":[\"https:\/\/tremdavale.org\/pt\/sexta-cultural-movimenta-a-estacao-de-ouro-preto\/\"]}]},{\"@type\":\"ImageObject\",\"inLanguage\":\"pt-PT\",\"@id\":\"https:\/\/tremdavale.org\/pt\/sexta-cultural-movimenta-a-estacao-de-ouro-preto\/#primaryimage\",\"url\":\"https:\/\/tremdavale.org\/wp-content\/uploads\/dsc_0011-300x199.jpg\",\"contentUrl\":\"https:\/\/tremdavale.org\/wp-content\/uploads\/dsc_0011-300x199.jpg\",\"width\":300,\"height\":199},{\"@type\":\"BreadcrumbList\",\"@id\":\"https:\/\/tremdavale.org\/pt\/sexta-cultural-movimenta-a-estacao-de-ouro-preto\/#breadcrumb\",\"itemListElement\":[{\"@type\":\"ListItem\",\"position\":1,\"name\":\"In\u00edcio\",\"item\":\"https:\/\/tremdavale.org\/pt\/\"},{\"@type\":\"ListItem\",\"position\":2,\"name\":\"Sexta Cultural movimenta a Esta\u00e7\u00e3o de Ouro Preto\"}]},{\"@type\":\"WebSite\",\"@id\":\"https:\/\/tremdavale.org\/pt\/#website\",\"url\":\"https:\/\/tremdavale.org\/pt\/\",\"name\":\"Trem da Vale\",\"description\":\"Programa de Educa\u00e7\u00e3o Patrimonial\",\"potentialAction\":[{\"@type\":\"SearchAction\",\"target\":{\"@type\":\"EntryPoint\",\"urlTemplate\":\"https:\/\/tremdavale.org\/pt\/?s={search_term_string}\"},\"query-input\":{\"@type\":\"PropertyValueSpecification\",\"valueRequired\":true,\"valueName\":\"search_term_string\"}}],\"inLanguage\":\"pt-PT\"},{\"@type\":\"Person\",\"@id\":\"https:\/\/tremdavale.org\/pt\/#\/schema\/person\/50912137d47426d31329f246d02eaeca\",\"name\":\"admin\",\"image\":{\"@type\":\"ImageObject\",\"inLanguage\":\"pt-PT\",\"@id\":\"https:\/\/tremdavale.org\/pt\/#\/schema\/person\/image\/\",\"url\":\"https:\/\/secure.gravatar.com\/avatar\/b3564f0fda6ea47959fe96a4217203e79a167568a37409758659bc3ba443b452?s=96&d=mm&r=g\",\"contentUrl\":\"https:\/\/secure.gravatar.com\/avatar\/b3564f0fda6ea47959fe96a4217203e79a167568a37409758659bc3ba443b452?s=96&d=mm&r=g\",\"caption\":\"admin\"},\"sameAs\":[\"https:\/\/tremdavale.org\"],\"url\":\"https:\/\/tremdavale.org\/pt\/author\/admin\/\"}]}<\/script>\n<!-- \/ Yoast SEO plugin. -->","yoast_head_json":{"title":"Sexta Cultural movimenta a Esta\u00e7\u00e3o de Ouro Preto &#8212; Trem da Vale","robots":{"index":"index","follow":"follow","max-snippet":"max-snippet:-1","max-image-preview":"max-image-preview:large","max-video-preview":"max-video-preview:-1"},"canonical":"https:\/\/tremdavale.org\/pt\/sexta-cultural-movimenta-a-estacao-de-ouro-preto\/","og_locale":"pt_PT","og_type":"article","og_title":"Sexta Cultural movimenta a Esta\u00e7\u00e3o de Ouro Preto &#8212; Trem da Vale","og_description":"O Programa Trem da Vale promoveu, no \u00faltimo dia 09.03, a primeira \u201cSexta Cultural\u201d de 2012 na esta\u00e7\u00e3o de Ouro Preto. &nbsp; Foto: Fernanda Renn\u00f3. &nbsp; Al\u00e9m do objetivo de promover os espa\u00e7os da Esta\u00e7\u00e3o Ferrovi\u00e1ria de Ouro Preto, com destaque para a rec\u00e9m-inaugurada Sala de Mem\u00f3rias, essa a\u00e7\u00e3o visa &hellip;","og_url":"https:\/\/tremdavale.org\/pt\/sexta-cultural-movimenta-a-estacao-de-ouro-preto\/","og_site_name":"Trem da Vale","article_published_time":"2012-04-08T01:05:00+00:00","article_modified_time":"2025-10-10T11:57:00+00:00","og_image":[{"width":300,"height":199,"url":"https:\/\/tremdavale.org\/wp-content\/uploads\/dsc_0011-300x199.jpg","type":"image\/jpeg"}],"author":"admin","twitter_card":"summary_large_image","twitter_misc":{"Escrito por":"admin","Tempo estimado de leitura":"1 minuto"},"schema":{"@context":"https:\/\/schema.org","@graph":[{"@type":"WebPage","@id":"https:\/\/tremdavale.org\/pt\/sexta-cultural-movimenta-a-estacao-de-ouro-preto\/","url":"https:\/\/tremdavale.org\/pt\/sexta-cultural-movimenta-a-estacao-de-ouro-preto\/","name":"Sexta Cultural movimenta a Esta\u00e7\u00e3o de Ouro Preto &#8212; Trem da Vale","isPartOf":{"@id":"https:\/\/tremdavale.org\/pt\/#website"},"primaryImageOfPage":{"@id":"https:\/\/tremdavale.org\/pt\/sexta-cultural-movimenta-a-estacao-de-ouro-preto\/#primaryimage"},"image":{"@id":"https:\/\/tremdavale.org\/pt\/sexta-cultural-movimenta-a-estacao-de-ouro-preto\/#primaryimage"},"thumbnailUrl":"https:\/\/tremdavale.org\/wp-content\/uploads\/dsc_0011-300x199.jpg","datePublished":"2012-04-08T01:05:00+00:00","dateModified":"2025-10-10T11:57:00+00:00","author":{"@id":"https:\/\/tremdavale.org\/pt\/#\/schema\/person\/50912137d47426d31329f246d02eaeca"},"breadcrumb":{"@id":"https:\/\/tremdavale.org\/pt\/sexta-cultural-movimenta-a-estacao-de-ouro-preto\/#breadcrumb"},"inLanguage":"pt-PT","potentialAction":[{"@type":"ReadAction","target":["https:\/\/tremdavale.org\/pt\/sexta-cultural-movimenta-a-estacao-de-ouro-preto\/"]}]},{"@type":"ImageObject","inLanguage":"pt-PT","@id":"https:\/\/tremdavale.org\/pt\/sexta-cultural-movimenta-a-estacao-de-ouro-preto\/#primaryimage","url":"https:\/\/tremdavale.org\/wp-content\/uploads\/dsc_0011-300x199.jpg","contentUrl":"https:\/\/tremdavale.org\/wp-content\/uploads\/dsc_0011-300x199.jpg","width":300,"height":199},{"@type":"BreadcrumbList","@id":"https:\/\/tremdavale.org\/pt\/sexta-cultural-movimenta-a-estacao-de-ouro-preto\/#breadcrumb","itemListElement":[{"@type":"ListItem","position":1,"name":"In\u00edcio","item":"https:\/\/tremdavale.org\/pt\/"},{"@type":"ListItem","position":2,"name":"Sexta Cultural movimenta a Esta\u00e7\u00e3o de Ouro Preto"}]},{"@type":"WebSite","@id":"https:\/\/tremdavale.org\/pt\/#website","url":"https:\/\/tremdavale.org\/pt\/","name":"Trem da Vale","description":"Programa de Educa\u00e7\u00e3o Patrimonial","potentialAction":[{"@type":"SearchAction","target":{"@type":"EntryPoint","urlTemplate":"https:\/\/tremdavale.org\/pt\/?s={search_term_string}"},"query-input":{"@type":"PropertyValueSpecification","valueRequired":true,"valueName":"search_term_string"}}],"inLanguage":"pt-PT"},{"@type":"Person","@id":"https:\/\/tremdavale.org\/pt\/#\/schema\/person\/50912137d47426d31329f246d02eaeca","name":"admin","image":{"@type":"ImageObject","inLanguage":"pt-PT","@id":"https:\/\/tremdavale.org\/pt\/#\/schema\/person\/image\/","url":"https:\/\/secure.gravatar.com\/avatar\/b3564f0fda6ea47959fe96a4217203e79a167568a37409758659bc3ba443b452?s=96&d=mm&r=g","contentUrl":"https:\/\/secure.gravatar.com\/avatar\/b3564f0fda6ea47959fe96a4217203e79a167568a37409758659bc3ba443b452?s=96&d=mm&r=g","caption":"admin"},"sameAs":["https:\/\/tremdavale.org"],"url":"https:\/\/tremdavale.org\/pt\/author\/admin\/"}]}},"_links":{"self":[{"href":"https:\/\/tremdavale.org\/pt\/wp-json\/wp\/v2\/posts\/274","targetHints":{"allow":["GET"]}}],"collection":[{"href":"https:\/\/tremdavale.org\/pt\/wp-json\/wp\/v2\/posts"}],"about":[{"href":"https:\/\/tremdavale.org\/pt\/wp-json\/wp\/v2\/types\/post"}],"author":[{"embeddable":true,"href":"https:\/\/tremdavale.org\/pt\/wp-json\/wp\/v2\/users\/1"}],"replies":[{"embeddable":true,"href":"https:\/\/tremdavale.org\/pt\/wp-json\/wp\/v2\/comments?post=274"}],"version-history":[{"count":0,"href":"https:\/\/tremdavale.org\/pt\/wp-json\/wp\/v2\/posts\/274\/revisions"}],"wp:featuredmedia":[{"embeddable":true,"href":"https:\/\/tremdavale.org\/pt\/wp-json\/wp\/v2\/media\/522"}],"wp:attachment":[{"href":"https:\/\/tremdavale.org\/pt\/wp-json\/wp\/v2\/media?parent=274"}],"wp:term":[{"taxonomy":"category","embeddable":true,"href":"https:\/\/tremdavale.org\/pt\/wp-json\/wp\/v2\/categories?post=274"},{"taxonomy":"post_tag","embeddable":true,"href":"https:\/\/tremdavale.org\/pt\/wp-json\/wp\/v2\/tags?post=274"}],"curies":[{"name":"wp","href":"https:\/\/api.w.org\/{rel}","templated":true}]}}