{"id":275,"date":"2011-09-10T06:25:00","date_gmt":"2011-09-10T06:25:00","guid":{"rendered":"https:\/\/tremdavale.org\/?p=275"},"modified":"2025-10-10T11:57:00","modified_gmt":"2025-10-10T11:57:00","slug":"sucesso-de-publico-no-trem-da-vale","status":"publish","type":"post","link":"https:\/\/tremdavale.org\/pt\/sucesso-de-publico-no-trem-da-vale\/","title":{"rendered":"Sucesso de p\u00fablico no Trem da Vale"},"content":{"rendered":"<p style=\"text-align: center;\"><img loading=\"lazy\" decoding=\"async\" class=\"aligncenter size-full\" title=\"trem-gratuito-apresentacao-estacao2\" src=\"\/wp-content\/uploads\/trem-gratuito-apresentacao-estacao2.jpg\" alt=\"trem-gratuito-apresentacao-estacao2\" width=\"301\" height=\"202\"><\/p>\n<p style=\"text-align: left;\">Na \u00faltima semana do Festival de Inverno, milhares de pessoas visitaram as Esta\u00e7\u00f5es do Programa Trem da Vale e fizeram a viagem de locomotiva entre Ouro Preto e Mariana.<\/p>\n<p>Na quinta-feira, dia 23 de julho, houve uma viagem especial destinada ao p\u00fablico do festival que participou de oficinas e outras atividades nas Esta\u00e7\u00f5es do Programa. O Trem partiu de Ouro Preto \u00e0s 10h, com destino a Mariana, onde houve apresenta\u00e7\u00e3o da Banda Navegantes, que relembrou os tempos do Clube da Esquina com can\u00e7\u00f5es de Milton Nascimento, L\u00f4 Borges, Fernando Brant, dentre outros. Chegando a Ouro Preto, os m\u00fasicos se apresentaram no Coreto da Esta\u00e7\u00e3o.<\/p>\n<p>No s\u00e1bado, mais de 2.000 pessoas passaram pelas Esta\u00e7\u00f5es do Programa. Al\u00e9m das quatro viagens previstas para esse dia, foram realizadas duas viagens extras para atender ao p\u00fablico do Festival de Inverno, todas com lota\u00e7\u00e3o m\u00e1xima.<\/p>\n<p>Para os que preferiram aproveitar a noite em Mariana, o Trem da Vale, em parceria com o Festival de Inverno, realizou uma viagem noturna, que partiu de Ouro Preto \u00e0s 19h. Durante o percurso, houve a apresenta\u00e7\u00e3o musical \u201cTuca Andrade e Primo: Duo de Bandolim e Viol\u00e3o\u201d e o esquete teatral \u201cO Matuto Doente das Partes\u201d, da Trupe Finca P\u00e9, que percorreram o interior do Trem se alternando entre os vag\u00f5es.<\/p>\n<p>Tamb\u00e9m a noite, na Esta\u00e7\u00e3o de Ouro Preto, houve apresenta\u00e7\u00e3o da pe\u00e7a \u201cO Grande Circo Misto\u201d, do Grupo Trampulim Teatro de An\u00f4nimo, Cia Navegante e Os Losna. O espet\u00e1culo aconteceu na Tenda Cultural da Esta\u00e7\u00e3o, e teve lota\u00e7\u00e3o de p\u00fablico.<\/p>\n<p>&nbsp;<\/p>\n","protected":false},"excerpt":{"rendered":"<p>Na \u00faltima semana do Festival de Inverno, milhares de pessoas visitaram as Esta\u00e7\u00f5es do Programa Trem da Vale e fizeram a viagem de locomotiva entre Ouro Preto e Mariana. Na quinta-feira, dia 23 de julho, houve uma viagem especial destinada ao p\u00fablico do festival que participou de oficinas e outras &hellip;<\/p>\n","protected":false},"author":1,"featured_media":523,"comment_status":"open","ping_status":"closed","sticky":false,"template":"","format":"standard","meta":{"footnotes":""},"categories":[3],"tags":[],"class_list":["post-275","post","type-post","status-publish","format-standard","has-post-thumbnail","hentry","category-noticias"],"yoast_head":"<!-- This site is optimized with the Yoast SEO plugin v26.1.1 - https:\/\/yoast.com\/wordpress\/plugins\/seo\/ -->\n<title>Sucesso de p\u00fablico no Trem da Vale &#8212; Trem da Vale<\/title>\n<meta name=\"robots\" content=\"index, follow, max-snippet:-1, max-image-preview:large, max-video-preview:-1\" \/>\n<link rel=\"canonical\" href=\"https:\/\/tremdavale.org\/pt\/sucesso-de-publico-no-trem-da-vale\/\" \/>\n<meta property=\"og:locale\" content=\"pt_PT\" \/>\n<meta property=\"og:type\" content=\"article\" \/>\n<meta property=\"og:title\" content=\"Sucesso de p\u00fablico no Trem da Vale &#8212; Trem da Vale\" \/>\n<meta property=\"og:description\" content=\"Na \u00faltima semana do Festival de Inverno, milhares de pessoas visitaram as Esta\u00e7\u00f5es do Programa Trem da Vale e fizeram a viagem de locomotiva entre Ouro Preto e Mariana. Na quinta-feira, dia 23 de julho, houve uma viagem especial destinada ao p\u00fablico do festival que participou de oficinas e outras &hellip;\" \/>\n<meta property=\"og:url\" content=\"https:\/\/tremdavale.org\/pt\/sucesso-de-publico-no-trem-da-vale\/\" \/>\n<meta property=\"og:site_name\" content=\"Trem da Vale\" \/>\n<meta property=\"article:published_time\" content=\"2011-09-10T06:25:00+00:00\" \/>\n<meta property=\"article:modified_time\" content=\"2025-10-10T11:57:00+00:00\" \/>\n<meta property=\"og:image\" content=\"https:\/\/tremdavale.org\/wp-content\/uploads\/trem-gratuito-apresentacao-estacao2.jpg\" \/>\n\t<meta property=\"og:image:width\" content=\"1024\" \/>\n\t<meta property=\"og:image:height\" content=\"685\" \/>\n\t<meta property=\"og:image:type\" content=\"image\/jpeg\" \/>\n<meta name=\"author\" content=\"admin\" \/>\n<meta name=\"twitter:card\" content=\"summary_large_image\" \/>\n<meta name=\"twitter:label1\" content=\"Escrito por\" \/>\n\t<meta name=\"twitter:data1\" content=\"admin\" \/>\n\t<meta name=\"twitter:label2\" content=\"Tempo estimado de leitura\" \/>\n\t<meta name=\"twitter:data2\" content=\"1 minuto\" \/>\n<script type=\"application\/ld+json\" class=\"yoast-schema-graph\">{\"@context\":\"https:\/\/schema.org\",\"@graph\":[{\"@type\":\"WebPage\",\"@id\":\"https:\/\/tremdavale.org\/pt\/sucesso-de-publico-no-trem-da-vale\/\",\"url\":\"https:\/\/tremdavale.org\/pt\/sucesso-de-publico-no-trem-da-vale\/\",\"name\":\"Sucesso de p\u00fablico no Trem da Vale &#8212; Trem da Vale\",\"isPartOf\":{\"@id\":\"https:\/\/tremdavale.org\/pt\/#website\"},\"primaryImageOfPage\":{\"@id\":\"https:\/\/tremdavale.org\/pt\/sucesso-de-publico-no-trem-da-vale\/#primaryimage\"},\"image\":{\"@id\":\"https:\/\/tremdavale.org\/pt\/sucesso-de-publico-no-trem-da-vale\/#primaryimage\"},\"thumbnailUrl\":\"https:\/\/tremdavale.org\/wp-content\/uploads\/trem-gratuito-apresentacao-estacao2.jpg\",\"datePublished\":\"2011-09-10T06:25:00+00:00\",\"dateModified\":\"2025-10-10T11:57:00+00:00\",\"author\":{\"@id\":\"https:\/\/tremdavale.org\/pt\/#\/schema\/person\/50912137d47426d31329f246d02eaeca\"},\"breadcrumb\":{\"@id\":\"https:\/\/tremdavale.org\/pt\/sucesso-de-publico-no-trem-da-vale\/#breadcrumb\"},\"inLanguage\":\"pt-PT\",\"potentialAction\":[{\"@type\":\"ReadAction\",\"target\":[\"https:\/\/tremdavale.org\/pt\/sucesso-de-publico-no-trem-da-vale\/\"]}]},{\"@type\":\"ImageObject\",\"inLanguage\":\"pt-PT\",\"@id\":\"https:\/\/tremdavale.org\/pt\/sucesso-de-publico-no-trem-da-vale\/#primaryimage\",\"url\":\"https:\/\/tremdavale.org\/wp-content\/uploads\/trem-gratuito-apresentacao-estacao2.jpg\",\"contentUrl\":\"https:\/\/tremdavale.org\/wp-content\/uploads\/trem-gratuito-apresentacao-estacao2.jpg\",\"width\":3872,\"height\":2592},{\"@type\":\"BreadcrumbList\",\"@id\":\"https:\/\/tremdavale.org\/pt\/sucesso-de-publico-no-trem-da-vale\/#breadcrumb\",\"itemListElement\":[{\"@type\":\"ListItem\",\"position\":1,\"name\":\"In\u00edcio\",\"item\":\"https:\/\/tremdavale.org\/pt\/\"},{\"@type\":\"ListItem\",\"position\":2,\"name\":\"Sucesso de p\u00fablico no Trem da Vale\"}]},{\"@type\":\"WebSite\",\"@id\":\"https:\/\/tremdavale.org\/pt\/#website\",\"url\":\"https:\/\/tremdavale.org\/pt\/\",\"name\":\"Trem da Vale\",\"description\":\"Programa de Educa\u00e7\u00e3o Patrimonial\",\"potentialAction\":[{\"@type\":\"SearchAction\",\"target\":{\"@type\":\"EntryPoint\",\"urlTemplate\":\"https:\/\/tremdavale.org\/pt\/?s={search_term_string}\"},\"query-input\":{\"@type\":\"PropertyValueSpecification\",\"valueRequired\":true,\"valueName\":\"search_term_string\"}}],\"inLanguage\":\"pt-PT\"},{\"@type\":\"Person\",\"@id\":\"https:\/\/tremdavale.org\/pt\/#\/schema\/person\/50912137d47426d31329f246d02eaeca\",\"name\":\"admin\",\"image\":{\"@type\":\"ImageObject\",\"inLanguage\":\"pt-PT\",\"@id\":\"https:\/\/tremdavale.org\/pt\/#\/schema\/person\/image\/\",\"url\":\"https:\/\/secure.gravatar.com\/avatar\/b3564f0fda6ea47959fe96a4217203e79a167568a37409758659bc3ba443b452?s=96&d=mm&r=g\",\"contentUrl\":\"https:\/\/secure.gravatar.com\/avatar\/b3564f0fda6ea47959fe96a4217203e79a167568a37409758659bc3ba443b452?s=96&d=mm&r=g\",\"caption\":\"admin\"},\"sameAs\":[\"https:\/\/tremdavale.org\"],\"url\":\"https:\/\/tremdavale.org\/pt\/author\/admin\/\"}]}<\/script>\n<!-- \/ Yoast SEO plugin. -->","yoast_head_json":{"title":"Sucesso de p\u00fablico no Trem da Vale &#8212; Trem da Vale","robots":{"index":"index","follow":"follow","max-snippet":"max-snippet:-1","max-image-preview":"max-image-preview:large","max-video-preview":"max-video-preview:-1"},"canonical":"https:\/\/tremdavale.org\/pt\/sucesso-de-publico-no-trem-da-vale\/","og_locale":"pt_PT","og_type":"article","og_title":"Sucesso de p\u00fablico no Trem da Vale &#8212; Trem da Vale","og_description":"Na \u00faltima semana do Festival de Inverno, milhares de pessoas visitaram as Esta\u00e7\u00f5es do Programa Trem da Vale e fizeram a viagem de locomotiva entre Ouro Preto e Mariana. Na quinta-feira, dia 23 de julho, houve uma viagem especial destinada ao p\u00fablico do festival que participou de oficinas e outras &hellip;","og_url":"https:\/\/tremdavale.org\/pt\/sucesso-de-publico-no-trem-da-vale\/","og_site_name":"Trem da Vale","article_published_time":"2011-09-10T06:25:00+00:00","article_modified_time":"2025-10-10T11:57:00+00:00","og_image":[{"url":"https:\/\/tremdavale.org\/wp-content\/uploads\/trem-gratuito-apresentacao-estacao2.jpg","width":1024,"height":685,"type":"image\/jpeg"}],"author":"admin","twitter_card":"summary_large_image","twitter_misc":{"Escrito por":"admin","Tempo estimado de leitura":"1 minuto"},"schema":{"@context":"https:\/\/schema.org","@graph":[{"@type":"WebPage","@id":"https:\/\/tremdavale.org\/pt\/sucesso-de-publico-no-trem-da-vale\/","url":"https:\/\/tremdavale.org\/pt\/sucesso-de-publico-no-trem-da-vale\/","name":"Sucesso de p\u00fablico no Trem da Vale &#8212; Trem da Vale","isPartOf":{"@id":"https:\/\/tremdavale.org\/pt\/#website"},"primaryImageOfPage":{"@id":"https:\/\/tremdavale.org\/pt\/sucesso-de-publico-no-trem-da-vale\/#primaryimage"},"image":{"@id":"https:\/\/tremdavale.org\/pt\/sucesso-de-publico-no-trem-da-vale\/#primaryimage"},"thumbnailUrl":"https:\/\/tremdavale.org\/wp-content\/uploads\/trem-gratuito-apresentacao-estacao2.jpg","datePublished":"2011-09-10T06:25:00+00:00","dateModified":"2025-10-10T11:57:00+00:00","author":{"@id":"https:\/\/tremdavale.org\/pt\/#\/schema\/person\/50912137d47426d31329f246d02eaeca"},"breadcrumb":{"@id":"https:\/\/tremdavale.org\/pt\/sucesso-de-publico-no-trem-da-vale\/#breadcrumb"},"inLanguage":"pt-PT","potentialAction":[{"@type":"ReadAction","target":["https:\/\/tremdavale.org\/pt\/sucesso-de-publico-no-trem-da-vale\/"]}]},{"@type":"ImageObject","inLanguage":"pt-PT","@id":"https:\/\/tremdavale.org\/pt\/sucesso-de-publico-no-trem-da-vale\/#primaryimage","url":"https:\/\/tremdavale.org\/wp-content\/uploads\/trem-gratuito-apresentacao-estacao2.jpg","contentUrl":"https:\/\/tremdavale.org\/wp-content\/uploads\/trem-gratuito-apresentacao-estacao2.jpg","width":3872,"height":2592},{"@type":"BreadcrumbList","@id":"https:\/\/tremdavale.org\/pt\/sucesso-de-publico-no-trem-da-vale\/#breadcrumb","itemListElement":[{"@type":"ListItem","position":1,"name":"In\u00edcio","item":"https:\/\/tremdavale.org\/pt\/"},{"@type":"ListItem","position":2,"name":"Sucesso de p\u00fablico no Trem da Vale"}]},{"@type":"WebSite","@id":"https:\/\/tremdavale.org\/pt\/#website","url":"https:\/\/tremdavale.org\/pt\/","name":"Trem da Vale","description":"Programa de Educa\u00e7\u00e3o Patrimonial","potentialAction":[{"@type":"SearchAction","target":{"@type":"EntryPoint","urlTemplate":"https:\/\/tremdavale.org\/pt\/?s={search_term_string}"},"query-input":{"@type":"PropertyValueSpecification","valueRequired":true,"valueName":"search_term_string"}}],"inLanguage":"pt-PT"},{"@type":"Person","@id":"https:\/\/tremdavale.org\/pt\/#\/schema\/person\/50912137d47426d31329f246d02eaeca","name":"admin","image":{"@type":"ImageObject","inLanguage":"pt-PT","@id":"https:\/\/tremdavale.org\/pt\/#\/schema\/person\/image\/","url":"https:\/\/secure.gravatar.com\/avatar\/b3564f0fda6ea47959fe96a4217203e79a167568a37409758659bc3ba443b452?s=96&d=mm&r=g","contentUrl":"https:\/\/secure.gravatar.com\/avatar\/b3564f0fda6ea47959fe96a4217203e79a167568a37409758659bc3ba443b452?s=96&d=mm&r=g","caption":"admin"},"sameAs":["https:\/\/tremdavale.org"],"url":"https:\/\/tremdavale.org\/pt\/author\/admin\/"}]}},"_links":{"self":[{"href":"https:\/\/tremdavale.org\/pt\/wp-json\/wp\/v2\/posts\/275","targetHints":{"allow":["GET"]}}],"collection":[{"href":"https:\/\/tremdavale.org\/pt\/wp-json\/wp\/v2\/posts"}],"about":[{"href":"https:\/\/tremdavale.org\/pt\/wp-json\/wp\/v2\/types\/post"}],"author":[{"embeddable":true,"href":"https:\/\/tremdavale.org\/pt\/wp-json\/wp\/v2\/users\/1"}],"replies":[{"embeddable":true,"href":"https:\/\/tremdavale.org\/pt\/wp-json\/wp\/v2\/comments?post=275"}],"version-history":[{"count":0,"href":"https:\/\/tremdavale.org\/pt\/wp-json\/wp\/v2\/posts\/275\/revisions"}],"wp:featuredmedia":[{"embeddable":true,"href":"https:\/\/tremdavale.org\/pt\/wp-json\/wp\/v2\/media\/523"}],"wp:attachment":[{"href":"https:\/\/tremdavale.org\/pt\/wp-json\/wp\/v2\/media?parent=275"}],"wp:term":[{"taxonomy":"category","embeddable":true,"href":"https:\/\/tremdavale.org\/pt\/wp-json\/wp\/v2\/categories?post=275"},{"taxonomy":"post_tag","embeddable":true,"href":"https:\/\/tremdavale.org\/pt\/wp-json\/wp\/v2\/tags?post=275"}],"curies":[{"name":"wp","href":"https:\/\/api.w.org\/{rel}","templated":true}]}}