{"id":276,"date":"2013-12-19T17:05:00","date_gmt":"2013-12-19T17:05:00","guid":{"rendered":"https:\/\/tremdavale.org\/?p=276"},"modified":"2025-10-10T11:57:00","modified_gmt":"2025-10-10T11:57:00","slug":"tecelagem-foi-o-tema-da-acao-educativa-que-culminou-com-um-encontro-intergeracional-no-trem-da-vale","status":"publish","type":"post","link":"https:\/\/tremdavale.org\/pt\/tecelagem-foi-o-tema-da-acao-educativa-que-culminou-com-um-encontro-intergeracional-no-trem-da-vale\/","title":{"rendered":"\u2018Tecelagem\u2019 foi o tema da A\u00e7\u00e3o Educativa que culminou com um Encontro Intergeracional no Trem da Vale"},"content":{"rendered":"<p>No \u00faltimo dia 29 de outubro, ter\u00e7a-feira, na Esta\u00e7\u00e3o Ferrovi\u00e1ria de Ouro Preto, o Programa Trem da Vale promoveu o Bate-papo com o Entrevistado do Vale Registrar e o Jogo da Mem\u00f3ria na Sala de Mem\u00f3rias contemplando a tem\u00e1tica \u201cTecelagem\u201d. Essa a\u00e7\u00e3o consiste numa atividade de educa\u00e7\u00e3o patrimonial, voltada para alunos do Ensino Fundamental, que explora, de maneira l\u00fadica, os conte\u00fados videogr\u00e1ficos da Sala de Mem\u00f3rias da Esta\u00e7\u00e3o &#8211; um espa\u00e7o museogr\u00e1fico contempor\u00e2neo, em que os visitantes s\u00e3o apresentados \u00e0 produ\u00e7\u00e3o do Vale Registrar; hist\u00f3ria, tradi\u00e7\u00e3o, conhecimento e sabedoria popular registradas e exibidas por monitores e recursos multim\u00eddias variados. Um dos objetivos dessa a\u00e7\u00e3o \u00e9 promover um interc\u00e2mbio intergeracional entre entrevistados do Vale Registrar e o p\u00fablico de alunos do Ensino Fundamental de escolas da regi\u00e3o.<\/p>\n<p>Os convidados da vez foram Efig\u00eania Sacramento Ferreira (Dona Nenzinha) e Vicente Juliano de Oliveira, ex-funcion\u00e1rios da antiga f\u00e1brica de tecidos de Ouro Preto &#8211; a Companhia Industrial Ouro-Pretana, entrevistados&nbsp;do Vale Registrar &#8211; (Hist\u00f3ria Tem\u00e1tica &#8211; Tecelagem), e os alunos do 4\u00ba ano da Escola Municipal Prof. H\u00e9lio Homem de Faria &#8211; uma escola situada no <em>caminho da f\u00e1brica<\/em>.<\/p>\n<p>A a\u00e7\u00e3o educativa desenvolveu-se em duas etapas. A primeira, na escola, consistiu numa atividade pr\u00e9via de leitura compartilhada, sobre o tema Tecelagem, sob orienta\u00e7\u00e3o da equipe das Bibliotecas das Esta\u00e7\u00f5es. A atividade explorou informa\u00e7\u00f5es hist\u00f3ricas, vida social e processos de produ\u00e7\u00e3o da antiga f\u00e1brica de tecidos, por meio da publica\u00e7\u00e3o \u201cFios e Tramas: A ind\u00fastria t\u00eaxtil em Mariana e Ouro Preto\u201d, do Programa Trem da Vale &#8211; um livro que trata da experi\u00eancia de moradores de Mariana e de Ouro Preto cuja vida esteve, em parte, entrela\u00e7ada com as f\u00e1bricas de tecidos que funcionaram nas duas cidades no s\u00e9culo XX; al\u00e9m da literatura infantil por meio dos poemas&nbsp; <strong>Ateli\u00ea<\/strong>, <strong>Ponto a ponto<\/strong>, <strong>O homem que costura<\/strong>, <strong>Artes\u00e3o Artista<\/strong> e <strong>Fuxiqueira<\/strong>, extra\u00eddos do livro <strong>Entre Linhas<\/strong> de <em>Angela Leite de Souza<\/em>. A segunda etapa consistiu numa a\u00e7\u00e3o educativa na Sala de Mem\u00f3rias com a atividade criativa do Jogo da Mem\u00f3ria \u2018Tecelagem\u2019 &#8211; um jogo de tabuleiro de sequ\u00eancia l\u00f3gica, criado especialmente para essa a\u00e7\u00e3o, que explorou informa\u00e7\u00f5es e curiosidades sobre a f\u00e1brica de tecidos por meio de imagens relacionadas a fragmentos extra\u00eddos do acervo videogr\u00e1fico da Sala de Mem\u00f3rias e da exposi\u00e7\u00e3o tempor\u00e1ria \u201cFios de Mem\u00f3ria\u201d, bem como das literaturas contempladas na primeira etapa, culminando no bate-papo com os entrevistados.<\/p>\n<p>Os entrevistados convidados, Vicente e Efig\u00eania, compartilharam com as crian\u00e7as presentes um pouco da experi\u00eancia deles enquanto trabalhadores da f\u00e1brica de tecidos, ressaltando a import\u00e2ncia dos estudos, da dedica\u00e7\u00e3o e do comprometimento para a vida profissional.<\/p>\n<p>Na ocasi\u00e3o, as crian\u00e7as tiveram contato com uma m\u00e1quina de tear artesanal, e aprenderam um pouco sobre o seu funcionamento. O entrevistado Vicente fez uma demonstra\u00e7\u00e3o das etapas de fabrica\u00e7\u00e3o do tecido utilizando o pequeno tear como ilustra\u00e7\u00e3o. Esse tear foi gentilmente cedido pelo Sr. Welington Freire Pereira, propriet\u00e1rio da Tecelagem WS, para o desenvolvimento dessa atividade educacional com as crian\u00e7as.<\/p>\n<p>Durante o bate-papo, as crian\u00e7as interagiram com os entrevistados e fizeram perguntas sobre o trabalho na f\u00e1brica, sobre os bairros de Ouro Preto que surgiram em fun\u00e7\u00e3o da f\u00e1brica e sobre curiosidades em rela\u00e7\u00e3o \u00e0 vida pessoal dos entrevistados; al\u00e9m de relataram ter parentes, vizinhos ou conhecidos que tamb\u00e9m trabalharam na antiga f\u00e1brica de tecidos.<\/p>\n<p>Foi uma manh\u00e3 rica e produtiva &#8211; al\u00e9m dos ensinamentos sobre a produ\u00e7\u00e3o industrial, os entrevistados compartilharam com as crian\u00e7as e adultos presentes preciosos ensinamentos de vida.<\/p>\n<p>&nbsp;<\/p>\n<p><img loading=\"lazy\" decoding=\"async\" class=\"size-medium\" title=\"16\" src=\"\/wp-content\/uploads\/16-300x199.jpg\" alt=\"Jogo da mem\u00f3ria na Sala de Mem\u00f3rias: Alunos do 4\u00ba ano da E. M. Prof. H\u00e9lio Homem de Faria durante jogando o \u201cJogo da Mem\u00f3ria - \u2018Tecelagem\u2019 \u2013 Foto: Maril\u00eane Marinho\" width=\"300\" height=\"199\"><\/p>\n<p>Alunos do 4\u00ba ano da E. M. Prof. H\u00e9lio Homem de Faria durante o \u201cJogo da Mem\u00f3ria &#8211; \u2018Tecelagem\u2019 na Sala de Mem\u00f3rias \u2013 Foto: Maril\u00eane Marinho<\/p>\n<p>&nbsp;<\/p>\n<p><img loading=\"lazy\" decoding=\"async\" class=\"size-medium\" title=\"23\" src=\"\/wp-content\/uploads\/23-300x200.jpg\" alt=\"Encontro Intergeracional na Esta\u00e7\u00e3o - Bate-Papo com o Entrevistado do Vale Registrar: Vicente Juliano e Efig\u00eania Sacramento durante o bate-papo com os alunos do 4\u00ba ano da E. M. Prof. H\u00e9lio Homem de Faria, na plataforma da Esta\u00e7\u00e3o \u2013 Foto: Maril\u00eane Marinho\" width=\"300\" height=\"200\"><\/p>\n<p>Encontro Intergeracional na Esta\u00e7\u00e3o &#8211; o Entrevistado do Vale Registrar: Vicente Juliano e Efig\u00eania Sacramento durante o bate-papo com os alunos do 4\u00ba ano da E. M. Prof. H\u00e9lio Homem de Faria, na plataforma da Esta\u00e7\u00e3o \u2013 Foto: Maril\u00eane Marinho<\/p>\n<p>&nbsp;<\/p>\n<p><img loading=\"lazy\" decoding=\"async\" class=\"size-medium\" title=\"310\" src=\"\/wp-content\/uploads\/310-300x199.jpg\" alt=\"Encontro Intergeracional na Esta\u00e7\u00e3o - Bate-Papo com o Entrevistado do Vale Registrar: O entrevistado durante a demonstra\u00e7\u00e3o das etapas de fabrica\u00e7\u00e3o do tecido utilizando o pequeno tear como ilustra\u00e7\u00e3o \u2013 Foto: Maril\u00eane Marinho\" width=\"300\" height=\"199\"><\/p>\n<p>Encontro Intergeracional na Esta\u00e7\u00e3o &#8211; Bate-Papo com o Entrevistado do Vale Registrar, Vicente Juliano, durante a demonstra\u00e7\u00e3o das etapas de fabrica\u00e7\u00e3o do tecido utilizando o pequeno tear como ilustra\u00e7\u00e3o \u2013 Foto: Maril\u00eane Marinho<\/p>\n<p>&nbsp;<\/p>\n","protected":false},"excerpt":{"rendered":"<p>No \u00faltimo dia 29 de outubro, ter\u00e7a-feira, na Esta\u00e7\u00e3o Ferrovi\u00e1ria de Ouro Preto, o Programa Trem da Vale promoveu o Bate-papo com o Entrevistado do Vale Registrar e o Jogo da Mem\u00f3ria na Sala de Mem\u00f3rias contemplando a tem\u00e1tica \u201cTecelagem\u201d. Essa a\u00e7\u00e3o consiste numa atividade de educa\u00e7\u00e3o patrimonial, voltada para &hellip;<\/p>\n","protected":false},"author":1,"featured_media":524,"comment_status":"open","ping_status":"closed","sticky":false,"template":"","format":"standard","meta":{"footnotes":""},"categories":[2],"tags":[],"class_list":["post-276","post","type-post","status-publish","format-standard","has-post-thumbnail","hentry","category-destaques-home"],"yoast_head":"<!-- This site is optimized with the Yoast SEO plugin v26.1.1 - https:\/\/yoast.com\/wordpress\/plugins\/seo\/ -->\n<title>\u2018Tecelagem\u2019 foi o tema da A\u00e7\u00e3o Educativa que culminou com um Encontro Intergeracional no Trem da Vale &#8212; Trem da Vale<\/title>\n<meta name=\"robots\" content=\"index, follow, max-snippet:-1, max-image-preview:large, max-video-preview:-1\" \/>\n<link rel=\"canonical\" href=\"https:\/\/tremdavale.org\/pt\/tecelagem-foi-o-tema-da-acao-educativa-que-culminou-com-um-encontro-intergeracional-no-trem-da-vale\/\" \/>\n<meta property=\"og:locale\" content=\"pt_PT\" \/>\n<meta property=\"og:type\" content=\"article\" \/>\n<meta property=\"og:title\" content=\"\u2018Tecelagem\u2019 foi o tema da A\u00e7\u00e3o Educativa que culminou com um Encontro Intergeracional no Trem da Vale &#8212; Trem da Vale\" \/>\n<meta property=\"og:description\" content=\"No \u00faltimo dia 29 de outubro, ter\u00e7a-feira, na Esta\u00e7\u00e3o Ferrovi\u00e1ria de Ouro Preto, o Programa Trem da Vale promoveu o Bate-papo com o Entrevistado do Vale Registrar e o Jogo da Mem\u00f3ria na Sala de Mem\u00f3rias contemplando a tem\u00e1tica \u201cTecelagem\u201d. Essa a\u00e7\u00e3o consiste numa atividade de educa\u00e7\u00e3o patrimonial, voltada para &hellip;\" \/>\n<meta property=\"og:url\" content=\"https:\/\/tremdavale.org\/pt\/tecelagem-foi-o-tema-da-acao-educativa-que-culminou-com-um-encontro-intergeracional-no-trem-da-vale\/\" \/>\n<meta property=\"og:site_name\" content=\"Trem da Vale\" \/>\n<meta property=\"article:published_time\" content=\"2013-12-19T17:05:00+00:00\" \/>\n<meta property=\"article:modified_time\" content=\"2025-10-10T11:57:00+00:00\" \/>\n<meta property=\"og:image\" content=\"https:\/\/tremdavale.org\/wp-content\/uploads\/16-300x199.jpg\" \/>\n\t<meta property=\"og:image:width\" content=\"300\" \/>\n\t<meta property=\"og:image:height\" content=\"199\" \/>\n\t<meta property=\"og:image:type\" content=\"image\/jpeg\" \/>\n<meta name=\"author\" content=\"admin\" \/>\n<meta name=\"twitter:card\" content=\"summary_large_image\" \/>\n<meta name=\"twitter:label1\" content=\"Escrito por\" \/>\n\t<meta name=\"twitter:data1\" content=\"admin\" \/>\n\t<meta name=\"twitter:label2\" content=\"Tempo estimado de leitura\" \/>\n\t<meta name=\"twitter:data2\" content=\"4 minutos\" \/>\n<script type=\"application\/ld+json\" class=\"yoast-schema-graph\">{\"@context\":\"https:\/\/schema.org\",\"@graph\":[{\"@type\":\"WebPage\",\"@id\":\"https:\/\/tremdavale.org\/pt\/tecelagem-foi-o-tema-da-acao-educativa-que-culminou-com-um-encontro-intergeracional-no-trem-da-vale\/\",\"url\":\"https:\/\/tremdavale.org\/pt\/tecelagem-foi-o-tema-da-acao-educativa-que-culminou-com-um-encontro-intergeracional-no-trem-da-vale\/\",\"name\":\"\u2018Tecelagem\u2019 foi o tema da A\u00e7\u00e3o Educativa que culminou com um Encontro Intergeracional no Trem da Vale &#8212; Trem da Vale\",\"isPartOf\":{\"@id\":\"https:\/\/tremdavale.org\/pt\/#website\"},\"primaryImageOfPage\":{\"@id\":\"https:\/\/tremdavale.org\/pt\/tecelagem-foi-o-tema-da-acao-educativa-que-culminou-com-um-encontro-intergeracional-no-trem-da-vale\/#primaryimage\"},\"image\":{\"@id\":\"https:\/\/tremdavale.org\/pt\/tecelagem-foi-o-tema-da-acao-educativa-que-culminou-com-um-encontro-intergeracional-no-trem-da-vale\/#primaryimage\"},\"thumbnailUrl\":\"https:\/\/tremdavale.org\/wp-content\/uploads\/16-300x199.jpg\",\"datePublished\":\"2013-12-19T17:05:00+00:00\",\"dateModified\":\"2025-10-10T11:57:00+00:00\",\"author\":{\"@id\":\"https:\/\/tremdavale.org\/pt\/#\/schema\/person\/50912137d47426d31329f246d02eaeca\"},\"breadcrumb\":{\"@id\":\"https:\/\/tremdavale.org\/pt\/tecelagem-foi-o-tema-da-acao-educativa-que-culminou-com-um-encontro-intergeracional-no-trem-da-vale\/#breadcrumb\"},\"inLanguage\":\"pt-PT\",\"potentialAction\":[{\"@type\":\"ReadAction\",\"target\":[\"https:\/\/tremdavale.org\/pt\/tecelagem-foi-o-tema-da-acao-educativa-que-culminou-com-um-encontro-intergeracional-no-trem-da-vale\/\"]}]},{\"@type\":\"ImageObject\",\"inLanguage\":\"pt-PT\",\"@id\":\"https:\/\/tremdavale.org\/pt\/tecelagem-foi-o-tema-da-acao-educativa-que-culminou-com-um-encontro-intergeracional-no-trem-da-vale\/#primaryimage\",\"url\":\"https:\/\/tremdavale.org\/wp-content\/uploads\/16-300x199.jpg\",\"contentUrl\":\"https:\/\/tremdavale.org\/wp-content\/uploads\/16-300x199.jpg\",\"width\":300,\"height\":199},{\"@type\":\"BreadcrumbList\",\"@id\":\"https:\/\/tremdavale.org\/pt\/tecelagem-foi-o-tema-da-acao-educativa-que-culminou-com-um-encontro-intergeracional-no-trem-da-vale\/#breadcrumb\",\"itemListElement\":[{\"@type\":\"ListItem\",\"position\":1,\"name\":\"In\u00edcio\",\"item\":\"https:\/\/tremdavale.org\/pt\/\"},{\"@type\":\"ListItem\",\"position\":2,\"name\":\"\u2018Tecelagem\u2019 foi o tema da A\u00e7\u00e3o Educativa que culminou com um Encontro Intergeracional no Trem da Vale\"}]},{\"@type\":\"WebSite\",\"@id\":\"https:\/\/tremdavale.org\/pt\/#website\",\"url\":\"https:\/\/tremdavale.org\/pt\/\",\"name\":\"Trem da Vale\",\"description\":\"Programa de Educa\u00e7\u00e3o Patrimonial\",\"potentialAction\":[{\"@type\":\"SearchAction\",\"target\":{\"@type\":\"EntryPoint\",\"urlTemplate\":\"https:\/\/tremdavale.org\/pt\/?s={search_term_string}\"},\"query-input\":{\"@type\":\"PropertyValueSpecification\",\"valueRequired\":true,\"valueName\":\"search_term_string\"}}],\"inLanguage\":\"pt-PT\"},{\"@type\":\"Person\",\"@id\":\"https:\/\/tremdavale.org\/pt\/#\/schema\/person\/50912137d47426d31329f246d02eaeca\",\"name\":\"admin\",\"image\":{\"@type\":\"ImageObject\",\"inLanguage\":\"pt-PT\",\"@id\":\"https:\/\/tremdavale.org\/pt\/#\/schema\/person\/image\/\",\"url\":\"https:\/\/secure.gravatar.com\/avatar\/b3564f0fda6ea47959fe96a4217203e79a167568a37409758659bc3ba443b452?s=96&d=mm&r=g\",\"contentUrl\":\"https:\/\/secure.gravatar.com\/avatar\/b3564f0fda6ea47959fe96a4217203e79a167568a37409758659bc3ba443b452?s=96&d=mm&r=g\",\"caption\":\"admin\"},\"sameAs\":[\"https:\/\/tremdavale.org\"],\"url\":\"https:\/\/tremdavale.org\/pt\/author\/admin\/\"}]}<\/script>\n<!-- \/ Yoast SEO plugin. -->","yoast_head_json":{"title":"\u2018Tecelagem\u2019 foi o tema da A\u00e7\u00e3o Educativa que culminou com um Encontro Intergeracional no Trem da Vale &#8212; Trem da Vale","robots":{"index":"index","follow":"follow","max-snippet":"max-snippet:-1","max-image-preview":"max-image-preview:large","max-video-preview":"max-video-preview:-1"},"canonical":"https:\/\/tremdavale.org\/pt\/tecelagem-foi-o-tema-da-acao-educativa-que-culminou-com-um-encontro-intergeracional-no-trem-da-vale\/","og_locale":"pt_PT","og_type":"article","og_title":"\u2018Tecelagem\u2019 foi o tema da A\u00e7\u00e3o Educativa que culminou com um Encontro Intergeracional no Trem da Vale &#8212; Trem da Vale","og_description":"No \u00faltimo dia 29 de outubro, ter\u00e7a-feira, na Esta\u00e7\u00e3o Ferrovi\u00e1ria de Ouro Preto, o Programa Trem da Vale promoveu o Bate-papo com o Entrevistado do Vale Registrar e o Jogo da Mem\u00f3ria na Sala de Mem\u00f3rias contemplando a tem\u00e1tica \u201cTecelagem\u201d. Essa a\u00e7\u00e3o consiste numa atividade de educa\u00e7\u00e3o patrimonial, voltada para &hellip;","og_url":"https:\/\/tremdavale.org\/pt\/tecelagem-foi-o-tema-da-acao-educativa-que-culminou-com-um-encontro-intergeracional-no-trem-da-vale\/","og_site_name":"Trem da Vale","article_published_time":"2013-12-19T17:05:00+00:00","article_modified_time":"2025-10-10T11:57:00+00:00","og_image":[{"width":300,"height":199,"url":"https:\/\/tremdavale.org\/wp-content\/uploads\/16-300x199.jpg","type":"image\/jpeg"}],"author":"admin","twitter_card":"summary_large_image","twitter_misc":{"Escrito por":"admin","Tempo estimado de leitura":"4 minutos"},"schema":{"@context":"https:\/\/schema.org","@graph":[{"@type":"WebPage","@id":"https:\/\/tremdavale.org\/pt\/tecelagem-foi-o-tema-da-acao-educativa-que-culminou-com-um-encontro-intergeracional-no-trem-da-vale\/","url":"https:\/\/tremdavale.org\/pt\/tecelagem-foi-o-tema-da-acao-educativa-que-culminou-com-um-encontro-intergeracional-no-trem-da-vale\/","name":"\u2018Tecelagem\u2019 foi o tema da A\u00e7\u00e3o Educativa que culminou com um Encontro Intergeracional no Trem da Vale &#8212; Trem da Vale","isPartOf":{"@id":"https:\/\/tremdavale.org\/pt\/#website"},"primaryImageOfPage":{"@id":"https:\/\/tremdavale.org\/pt\/tecelagem-foi-o-tema-da-acao-educativa-que-culminou-com-um-encontro-intergeracional-no-trem-da-vale\/#primaryimage"},"image":{"@id":"https:\/\/tremdavale.org\/pt\/tecelagem-foi-o-tema-da-acao-educativa-que-culminou-com-um-encontro-intergeracional-no-trem-da-vale\/#primaryimage"},"thumbnailUrl":"https:\/\/tremdavale.org\/wp-content\/uploads\/16-300x199.jpg","datePublished":"2013-12-19T17:05:00+00:00","dateModified":"2025-10-10T11:57:00+00:00","author":{"@id":"https:\/\/tremdavale.org\/pt\/#\/schema\/person\/50912137d47426d31329f246d02eaeca"},"breadcrumb":{"@id":"https:\/\/tremdavale.org\/pt\/tecelagem-foi-o-tema-da-acao-educativa-que-culminou-com-um-encontro-intergeracional-no-trem-da-vale\/#breadcrumb"},"inLanguage":"pt-PT","potentialAction":[{"@type":"ReadAction","target":["https:\/\/tremdavale.org\/pt\/tecelagem-foi-o-tema-da-acao-educativa-que-culminou-com-um-encontro-intergeracional-no-trem-da-vale\/"]}]},{"@type":"ImageObject","inLanguage":"pt-PT","@id":"https:\/\/tremdavale.org\/pt\/tecelagem-foi-o-tema-da-acao-educativa-que-culminou-com-um-encontro-intergeracional-no-trem-da-vale\/#primaryimage","url":"https:\/\/tremdavale.org\/wp-content\/uploads\/16-300x199.jpg","contentUrl":"https:\/\/tremdavale.org\/wp-content\/uploads\/16-300x199.jpg","width":300,"height":199},{"@type":"BreadcrumbList","@id":"https:\/\/tremdavale.org\/pt\/tecelagem-foi-o-tema-da-acao-educativa-que-culminou-com-um-encontro-intergeracional-no-trem-da-vale\/#breadcrumb","itemListElement":[{"@type":"ListItem","position":1,"name":"In\u00edcio","item":"https:\/\/tremdavale.org\/pt\/"},{"@type":"ListItem","position":2,"name":"\u2018Tecelagem\u2019 foi o tema da A\u00e7\u00e3o Educativa que culminou com um Encontro Intergeracional no Trem da Vale"}]},{"@type":"WebSite","@id":"https:\/\/tremdavale.org\/pt\/#website","url":"https:\/\/tremdavale.org\/pt\/","name":"Trem da Vale","description":"Programa de Educa\u00e7\u00e3o Patrimonial","potentialAction":[{"@type":"SearchAction","target":{"@type":"EntryPoint","urlTemplate":"https:\/\/tremdavale.org\/pt\/?s={search_term_string}"},"query-input":{"@type":"PropertyValueSpecification","valueRequired":true,"valueName":"search_term_string"}}],"inLanguage":"pt-PT"},{"@type":"Person","@id":"https:\/\/tremdavale.org\/pt\/#\/schema\/person\/50912137d47426d31329f246d02eaeca","name":"admin","image":{"@type":"ImageObject","inLanguage":"pt-PT","@id":"https:\/\/tremdavale.org\/pt\/#\/schema\/person\/image\/","url":"https:\/\/secure.gravatar.com\/avatar\/b3564f0fda6ea47959fe96a4217203e79a167568a37409758659bc3ba443b452?s=96&d=mm&r=g","contentUrl":"https:\/\/secure.gravatar.com\/avatar\/b3564f0fda6ea47959fe96a4217203e79a167568a37409758659bc3ba443b452?s=96&d=mm&r=g","caption":"admin"},"sameAs":["https:\/\/tremdavale.org"],"url":"https:\/\/tremdavale.org\/pt\/author\/admin\/"}]}},"_links":{"self":[{"href":"https:\/\/tremdavale.org\/pt\/wp-json\/wp\/v2\/posts\/276","targetHints":{"allow":["GET"]}}],"collection":[{"href":"https:\/\/tremdavale.org\/pt\/wp-json\/wp\/v2\/posts"}],"about":[{"href":"https:\/\/tremdavale.org\/pt\/wp-json\/wp\/v2\/types\/post"}],"author":[{"embeddable":true,"href":"https:\/\/tremdavale.org\/pt\/wp-json\/wp\/v2\/users\/1"}],"replies":[{"embeddable":true,"href":"https:\/\/tremdavale.org\/pt\/wp-json\/wp\/v2\/comments?post=276"}],"version-history":[{"count":0,"href":"https:\/\/tremdavale.org\/pt\/wp-json\/wp\/v2\/posts\/276\/revisions"}],"wp:featuredmedia":[{"embeddable":true,"href":"https:\/\/tremdavale.org\/pt\/wp-json\/wp\/v2\/media\/524"}],"wp:attachment":[{"href":"https:\/\/tremdavale.org\/pt\/wp-json\/wp\/v2\/media?parent=276"}],"wp:term":[{"taxonomy":"category","embeddable":true,"href":"https:\/\/tremdavale.org\/pt\/wp-json\/wp\/v2\/categories?post=276"},{"taxonomy":"post_tag","embeddable":true,"href":"https:\/\/tremdavale.org\/pt\/wp-json\/wp\/v2\/tags?post=276"}],"curies":[{"name":"wp","href":"https:\/\/api.w.org\/{rel}","templated":true}]}}