{"id":280,"date":"2013-08-25T05:18:00","date_gmt":"2013-08-25T05:18:00","guid":{"rendered":"https:\/\/tremdavale.org\/?p=280"},"modified":"2025-10-10T11:57:00","modified_gmt":"2025-10-10T11:57:00","slug":"tesouros-de-papel","status":"publish","type":"post","link":"https:\/\/tremdavale.org\/pt\/tesouros-de-papel\/","title":{"rendered":"Tesouros de papel"},"content":{"rendered":"<p>No m\u00eas de setembro de 2011, a equipe do Vale Registrar recebeu, em empr\u00e9stimo, fotos e documentos pertencentes aos acervos pessoais dos entrevistados do N\u00facleo de Hist\u00f3ria Oral: Elp\u00eddio Ara\u00fajo Vieira, Ephig\u00eania Ant\u00f4nia de S\u00e3o Jos\u00e9 Ign\u00e1cio dos Anjos (Dona L\u00e9a), Salvador Gentil dos Santos e Rafael Arcanjo Santos. O material, gentilmente cedido, veio acrescentar importantes fontes de pesquisa para o desenvolvimento dos trabalhos que se encontram em elabora\u00e7\u00e3o pelo N\u00facleo, como o \u201cAlmanaque do Trem\u201d e as publica\u00e7\u00f5es sobre as antigas f\u00e1bricas de tecidos de Mariana e Ouro Preto; al\u00e9m de poss\u00edveis desdobramentos futuros.<\/p>\n<p>&nbsp;<\/p>\n<p><img loading=\"lazy\" decoding=\"async\" class=\"size-medium\" title=\"03-emprestimo-de-acervo\" src=\"\/wp-content\/uploads\/03-emprestimo-de-acervo-300x199.jpg\" alt=\"Antigos jornais de Mariana, pertencentes ao acervo pessoal do entrevistado Rafael Arcanjo Santos, cedidos em empr\u00e9stimo, no Vag\u00e3o Oficina de V\u00eddeo \/ Sala de Hist\u00f3rias, na Esta\u00e7\u00e3o Ferrovi\u00e1ria de Mariana. Foto: Wesley Souza \" width=\"300\" height=\"199\"><\/p>\n<p>Antigos jornais de Mariana, pertencentes ao acervo pessoal do entrevistado Rafael Arcanjo Santos, cedidos em empr\u00e9stimo, no Vag\u00e3o Oficina de V\u00eddeo \/ Sala de Hist\u00f3rias, na Esta\u00e7\u00e3o Ferrovi\u00e1ria de Mariana. Foto: Wesley Souza<\/p>\n<p>&nbsp;<\/p>\n<p>O Programa de Educa\u00e7\u00e3o Patrimonial Trem da Vale e, em especial, o Vale Registrar, agradecem a confian\u00e7a e o apoio, e parabeniza a todos eles pelo exemplo de preserva\u00e7\u00e3o do patrim\u00f4nio cultural, ao guardar e compartilhar documentos que permitem recuperar trechos significativos da hist\u00f3ria de suas cidades.<\/p>\n<p>&nbsp;<\/p>\n<p><img loading=\"lazy\" decoding=\"async\" class=\"size-medium\" title=\"02-emprestimo-de-acervo\" src=\"\/wp-content\/uploads\/02-emprestimo-de-acervo-300x199.jpg\" alt=\"O pesquisador Eder Melo e o entrevistado do Vale Registrar, Rafael Arcanjo Santos, propriet\u00e1rio do acervo de antigos jornais de Mariana, seguram os exemplares emprestados em sua resid\u00eancia, na Rua Direita, em Mariana. Foto: Wesley Souza \" width=\"300\" height=\"199\"><\/p>\n<p>O pesquisador Eder Melo e o entrevistado do Vale Registrar, Rafael Arcanjo Santos, propriet\u00e1rio do acervo de antigos jornais de Mariana, seguram os exemplares emprestados em sua resid\u00eancia, na Rua Direita, em Mariana. Foto: Wesley Souza<\/p>\n<p>&nbsp;<\/p>\n<p><img loading=\"lazy\" decoding=\"async\" class=\"size-medium\" title=\"01-emprestimo-de-acervo\" src=\"\/wp-content\/uploads\/01-emprestimo-de-acervo-300x199.jpg\" alt=\"O pesquisador Eder Melo e o entrevistado do Vale Registrar, Rafael Arcanjo Santos, propriet\u00e1rio do acervo de antigos jornais de Mariana, separam exemplares para o empr\u00e9stimo. Foto: Wesley Souza \" width=\"300\" height=\"199\"><\/p>\n<p>O pesquisador Eder Melo e o entrevistado do Vale Registrar, Rafael Arcanjo Santos, propriet\u00e1rio do acervo de antigos jornais de Mariana, separam exemplares para o empr\u00e9stimo. Foto: Wesley Souza<\/p>\n<p>&nbsp;<\/p>\n","protected":false},"excerpt":{"rendered":"<p>No m\u00eas de setembro de 2011, a equipe do Vale Registrar recebeu, em empr\u00e9stimo, fotos e documentos pertencentes aos acervos pessoais dos entrevistados do N\u00facleo de Hist\u00f3ria Oral: Elp\u00eddio Ara\u00fajo Vieira, Ephig\u00eania Ant\u00f4nia de S\u00e3o Jos\u00e9 Ign\u00e1cio dos Anjos (Dona L\u00e9a), Salvador Gentil dos Santos e Rafael Arcanjo Santos. O &hellip;<\/p>\n","protected":false},"author":1,"featured_media":528,"comment_status":"open","ping_status":"closed","sticky":false,"template":"","format":"standard","meta":{"footnotes":""},"categories":[3],"tags":[],"class_list":["post-280","post","type-post","status-publish","format-standard","has-post-thumbnail","hentry","category-noticias"],"yoast_head":"<!-- This site is optimized with the Yoast SEO plugin v26.1.1 - https:\/\/yoast.com\/wordpress\/plugins\/seo\/ -->\n<title>Tesouros de papel &#8212; Trem da Vale<\/title>\n<meta name=\"robots\" content=\"index, follow, max-snippet:-1, max-image-preview:large, max-video-preview:-1\" \/>\n<link rel=\"canonical\" href=\"https:\/\/tremdavale.org\/pt\/tesouros-de-papel\/\" \/>\n<meta property=\"og:locale\" content=\"pt_PT\" \/>\n<meta property=\"og:type\" content=\"article\" \/>\n<meta property=\"og:title\" content=\"Tesouros de papel &#8212; Trem da Vale\" \/>\n<meta property=\"og:description\" content=\"No m\u00eas de setembro de 2011, a equipe do Vale Registrar recebeu, em empr\u00e9stimo, fotos e documentos pertencentes aos acervos pessoais dos entrevistados do N\u00facleo de Hist\u00f3ria Oral: Elp\u00eddio Ara\u00fajo Vieira, Ephig\u00eania Ant\u00f4nia de S\u00e3o Jos\u00e9 Ign\u00e1cio dos Anjos (Dona L\u00e9a), Salvador Gentil dos Santos e Rafael Arcanjo Santos. O &hellip;\" \/>\n<meta property=\"og:url\" content=\"https:\/\/tremdavale.org\/pt\/tesouros-de-papel\/\" \/>\n<meta property=\"og:site_name\" content=\"Trem da Vale\" \/>\n<meta property=\"article:published_time\" content=\"2013-08-25T05:18:00+00:00\" \/>\n<meta property=\"article:modified_time\" content=\"2025-10-10T11:57:00+00:00\" \/>\n<meta property=\"og:image\" content=\"https:\/\/tremdavale.org\/wp-content\/uploads\/03-emprestimo-de-acervo-300x199.jpg\" \/>\n\t<meta property=\"og:image:width\" content=\"300\" \/>\n\t<meta property=\"og:image:height\" content=\"199\" \/>\n\t<meta property=\"og:image:type\" content=\"image\/jpeg\" \/>\n<meta name=\"author\" content=\"admin\" \/>\n<meta name=\"twitter:card\" content=\"summary_large_image\" \/>\n<meta name=\"twitter:label1\" content=\"Escrito por\" \/>\n\t<meta name=\"twitter:data1\" content=\"admin\" \/>\n\t<meta name=\"twitter:label2\" content=\"Tempo estimado de leitura\" \/>\n\t<meta name=\"twitter:data2\" content=\"1 minuto\" \/>\n<script type=\"application\/ld+json\" class=\"yoast-schema-graph\">{\"@context\":\"https:\/\/schema.org\",\"@graph\":[{\"@type\":\"WebPage\",\"@id\":\"https:\/\/tremdavale.org\/pt\/tesouros-de-papel\/\",\"url\":\"https:\/\/tremdavale.org\/pt\/tesouros-de-papel\/\",\"name\":\"Tesouros de papel &#8212; Trem da Vale\",\"isPartOf\":{\"@id\":\"https:\/\/tremdavale.org\/pt\/#website\"},\"primaryImageOfPage\":{\"@id\":\"https:\/\/tremdavale.org\/pt\/tesouros-de-papel\/#primaryimage\"},\"image\":{\"@id\":\"https:\/\/tremdavale.org\/pt\/tesouros-de-papel\/#primaryimage\"},\"thumbnailUrl\":\"https:\/\/tremdavale.org\/wp-content\/uploads\/03-emprestimo-de-acervo-300x199.jpg\",\"datePublished\":\"2013-08-25T05:18:00+00:00\",\"dateModified\":\"2025-10-10T11:57:00+00:00\",\"author\":{\"@id\":\"https:\/\/tremdavale.org\/pt\/#\/schema\/person\/50912137d47426d31329f246d02eaeca\"},\"breadcrumb\":{\"@id\":\"https:\/\/tremdavale.org\/pt\/tesouros-de-papel\/#breadcrumb\"},\"inLanguage\":\"pt-PT\",\"potentialAction\":[{\"@type\":\"ReadAction\",\"target\":[\"https:\/\/tremdavale.org\/pt\/tesouros-de-papel\/\"]}]},{\"@type\":\"ImageObject\",\"inLanguage\":\"pt-PT\",\"@id\":\"https:\/\/tremdavale.org\/pt\/tesouros-de-papel\/#primaryimage\",\"url\":\"https:\/\/tremdavale.org\/wp-content\/uploads\/03-emprestimo-de-acervo-300x199.jpg\",\"contentUrl\":\"https:\/\/tremdavale.org\/wp-content\/uploads\/03-emprestimo-de-acervo-300x199.jpg\",\"width\":300,\"height\":199},{\"@type\":\"BreadcrumbList\",\"@id\":\"https:\/\/tremdavale.org\/pt\/tesouros-de-papel\/#breadcrumb\",\"itemListElement\":[{\"@type\":\"ListItem\",\"position\":1,\"name\":\"In\u00edcio\",\"item\":\"https:\/\/tremdavale.org\/pt\/\"},{\"@type\":\"ListItem\",\"position\":2,\"name\":\"Tesouros de papel\"}]},{\"@type\":\"WebSite\",\"@id\":\"https:\/\/tremdavale.org\/pt\/#website\",\"url\":\"https:\/\/tremdavale.org\/pt\/\",\"name\":\"Trem da Vale\",\"description\":\"Programa de Educa\u00e7\u00e3o Patrimonial\",\"potentialAction\":[{\"@type\":\"SearchAction\",\"target\":{\"@type\":\"EntryPoint\",\"urlTemplate\":\"https:\/\/tremdavale.org\/pt\/?s={search_term_string}\"},\"query-input\":{\"@type\":\"PropertyValueSpecification\",\"valueRequired\":true,\"valueName\":\"search_term_string\"}}],\"inLanguage\":\"pt-PT\"},{\"@type\":\"Person\",\"@id\":\"https:\/\/tremdavale.org\/pt\/#\/schema\/person\/50912137d47426d31329f246d02eaeca\",\"name\":\"admin\",\"image\":{\"@type\":\"ImageObject\",\"inLanguage\":\"pt-PT\",\"@id\":\"https:\/\/tremdavale.org\/pt\/#\/schema\/person\/image\/\",\"url\":\"https:\/\/secure.gravatar.com\/avatar\/b3564f0fda6ea47959fe96a4217203e79a167568a37409758659bc3ba443b452?s=96&d=mm&r=g\",\"contentUrl\":\"https:\/\/secure.gravatar.com\/avatar\/b3564f0fda6ea47959fe96a4217203e79a167568a37409758659bc3ba443b452?s=96&d=mm&r=g\",\"caption\":\"admin\"},\"sameAs\":[\"https:\/\/tremdavale.org\"],\"url\":\"https:\/\/tremdavale.org\/pt\/author\/admin\/\"}]}<\/script>\n<!-- \/ Yoast SEO plugin. -->","yoast_head_json":{"title":"Tesouros de papel &#8212; Trem da Vale","robots":{"index":"index","follow":"follow","max-snippet":"max-snippet:-1","max-image-preview":"max-image-preview:large","max-video-preview":"max-video-preview:-1"},"canonical":"https:\/\/tremdavale.org\/pt\/tesouros-de-papel\/","og_locale":"pt_PT","og_type":"article","og_title":"Tesouros de papel &#8212; Trem da Vale","og_description":"No m\u00eas de setembro de 2011, a equipe do Vale Registrar recebeu, em empr\u00e9stimo, fotos e documentos pertencentes aos acervos pessoais dos entrevistados do N\u00facleo de Hist\u00f3ria Oral: Elp\u00eddio Ara\u00fajo Vieira, Ephig\u00eania Ant\u00f4nia de S\u00e3o Jos\u00e9 Ign\u00e1cio dos Anjos (Dona L\u00e9a), Salvador Gentil dos Santos e Rafael Arcanjo Santos. O &hellip;","og_url":"https:\/\/tremdavale.org\/pt\/tesouros-de-papel\/","og_site_name":"Trem da Vale","article_published_time":"2013-08-25T05:18:00+00:00","article_modified_time":"2025-10-10T11:57:00+00:00","og_image":[{"width":300,"height":199,"url":"https:\/\/tremdavale.org\/wp-content\/uploads\/03-emprestimo-de-acervo-300x199.jpg","type":"image\/jpeg"}],"author":"admin","twitter_card":"summary_large_image","twitter_misc":{"Escrito por":"admin","Tempo estimado de leitura":"1 minuto"},"schema":{"@context":"https:\/\/schema.org","@graph":[{"@type":"WebPage","@id":"https:\/\/tremdavale.org\/pt\/tesouros-de-papel\/","url":"https:\/\/tremdavale.org\/pt\/tesouros-de-papel\/","name":"Tesouros de papel &#8212; Trem da Vale","isPartOf":{"@id":"https:\/\/tremdavale.org\/pt\/#website"},"primaryImageOfPage":{"@id":"https:\/\/tremdavale.org\/pt\/tesouros-de-papel\/#primaryimage"},"image":{"@id":"https:\/\/tremdavale.org\/pt\/tesouros-de-papel\/#primaryimage"},"thumbnailUrl":"https:\/\/tremdavale.org\/wp-content\/uploads\/03-emprestimo-de-acervo-300x199.jpg","datePublished":"2013-08-25T05:18:00+00:00","dateModified":"2025-10-10T11:57:00+00:00","author":{"@id":"https:\/\/tremdavale.org\/pt\/#\/schema\/person\/50912137d47426d31329f246d02eaeca"},"breadcrumb":{"@id":"https:\/\/tremdavale.org\/pt\/tesouros-de-papel\/#breadcrumb"},"inLanguage":"pt-PT","potentialAction":[{"@type":"ReadAction","target":["https:\/\/tremdavale.org\/pt\/tesouros-de-papel\/"]}]},{"@type":"ImageObject","inLanguage":"pt-PT","@id":"https:\/\/tremdavale.org\/pt\/tesouros-de-papel\/#primaryimage","url":"https:\/\/tremdavale.org\/wp-content\/uploads\/03-emprestimo-de-acervo-300x199.jpg","contentUrl":"https:\/\/tremdavale.org\/wp-content\/uploads\/03-emprestimo-de-acervo-300x199.jpg","width":300,"height":199},{"@type":"BreadcrumbList","@id":"https:\/\/tremdavale.org\/pt\/tesouros-de-papel\/#breadcrumb","itemListElement":[{"@type":"ListItem","position":1,"name":"In\u00edcio","item":"https:\/\/tremdavale.org\/pt\/"},{"@type":"ListItem","position":2,"name":"Tesouros de papel"}]},{"@type":"WebSite","@id":"https:\/\/tremdavale.org\/pt\/#website","url":"https:\/\/tremdavale.org\/pt\/","name":"Trem da Vale","description":"Programa de Educa\u00e7\u00e3o Patrimonial","potentialAction":[{"@type":"SearchAction","target":{"@type":"EntryPoint","urlTemplate":"https:\/\/tremdavale.org\/pt\/?s={search_term_string}"},"query-input":{"@type":"PropertyValueSpecification","valueRequired":true,"valueName":"search_term_string"}}],"inLanguage":"pt-PT"},{"@type":"Person","@id":"https:\/\/tremdavale.org\/pt\/#\/schema\/person\/50912137d47426d31329f246d02eaeca","name":"admin","image":{"@type":"ImageObject","inLanguage":"pt-PT","@id":"https:\/\/tremdavale.org\/pt\/#\/schema\/person\/image\/","url":"https:\/\/secure.gravatar.com\/avatar\/b3564f0fda6ea47959fe96a4217203e79a167568a37409758659bc3ba443b452?s=96&d=mm&r=g","contentUrl":"https:\/\/secure.gravatar.com\/avatar\/b3564f0fda6ea47959fe96a4217203e79a167568a37409758659bc3ba443b452?s=96&d=mm&r=g","caption":"admin"},"sameAs":["https:\/\/tremdavale.org"],"url":"https:\/\/tremdavale.org\/pt\/author\/admin\/"}]}},"_links":{"self":[{"href":"https:\/\/tremdavale.org\/pt\/wp-json\/wp\/v2\/posts\/280","targetHints":{"allow":["GET"]}}],"collection":[{"href":"https:\/\/tremdavale.org\/pt\/wp-json\/wp\/v2\/posts"}],"about":[{"href":"https:\/\/tremdavale.org\/pt\/wp-json\/wp\/v2\/types\/post"}],"author":[{"embeddable":true,"href":"https:\/\/tremdavale.org\/pt\/wp-json\/wp\/v2\/users\/1"}],"replies":[{"embeddable":true,"href":"https:\/\/tremdavale.org\/pt\/wp-json\/wp\/v2\/comments?post=280"}],"version-history":[{"count":0,"href":"https:\/\/tremdavale.org\/pt\/wp-json\/wp\/v2\/posts\/280\/revisions"}],"wp:featuredmedia":[{"embeddable":true,"href":"https:\/\/tremdavale.org\/pt\/wp-json\/wp\/v2\/media\/528"}],"wp:attachment":[{"href":"https:\/\/tremdavale.org\/pt\/wp-json\/wp\/v2\/media?parent=280"}],"wp:term":[{"taxonomy":"category","embeddable":true,"href":"https:\/\/tremdavale.org\/pt\/wp-json\/wp\/v2\/categories?post=280"},{"taxonomy":"post_tag","embeddable":true,"href":"https:\/\/tremdavale.org\/pt\/wp-json\/wp\/v2\/tags?post=280"}],"curies":[{"name":"wp","href":"https:\/\/api.w.org\/{rel}","templated":true}]}}