{"id":281,"date":"2014-04-30T00:57:00","date_gmt":"2014-04-30T00:57:00","guid":{"rendered":"https:\/\/tremdavale.org\/?p=281"},"modified":"2025-10-10T11:57:00","modified_gmt":"2025-10-10T11:57:00","slug":"trem-da-vale-abre-agendamentos-para-os-circuitos","status":"publish","type":"post","link":"https:\/\/tremdavale.org\/pt\/trem-da-vale-abre-agendamentos-para-os-circuitos\/","title":{"rendered":"Trem da Vale abre agendamentos para os Circuitos"},"content":{"rendered":"<p>Sempre oferecido \u00e0s quintas-feiras, os Circuitos Diferenciados s\u00e3o atividades que visam a difus\u00e3o dos patrim\u00f4nios culturais e naturais a partir da viagem gratuita de trem e dos conte\u00fados museogr\u00e1ficos das esta\u00e7\u00f5es \u00e2ncora do Programa &#8211; Esta\u00e7\u00e3o Ferrovi\u00e1ria de Mariana e Esta\u00e7\u00e3o Ferrovi\u00e1ria de Ouro Preto.<\/p>\n<p>O programa \u00e9 composto por viagem de trem, visita\u00e7\u00e3o guiada aos espa\u00e7os e equipamentos culturais instalados nas esta\u00e7\u00f5es e, para o p\u00fablico escolar, s\u00e3o oferecidas a\u00e7\u00f5es educativas e informativas de forma l\u00fadica e din\u00e2mica. Durante o passeio de trem, os passageiros contam com a presen\u00e7a de monitores que fornecem informa\u00e7\u00f5es e curiosidades sobre o percurso.<\/p>\n<p>Os Circuitos Diferenciados s\u00e3o destinados aos moradores de Ouro Preto, Mariana e regi\u00e3o, por meio do <strong><em>Circuito Comunidade<\/em><\/strong>, e aos alunos e professores, que participam do <strong><em>Circuito Escolas<\/em><\/strong>.<\/p>\n<p>Para o ano de 2014, ser\u00e3o promovidos 2 Circuitos Diferenciados por m\u00eas, sempre \u00e0s quintas-feiras. As partidas para as viagens de ida e volta ocorrem \u00e0s 8:30, 11:00 e 13:30 &#8211; esses hor\u00e1rios s\u00e3o alternados entre as duas esta\u00e7\u00f5es. A possibilidade da realiza\u00e7\u00e3o da viagem em apenas um trecho (apenas viagem de ida) tamb\u00e9m \u00e9 oferecida, sempre nos hor\u00e1rios das 8:30 ou 16:00.<\/p>\n<p>&nbsp;<\/p>\n<p>Os agendamentos dos Circuitos podem ser feitos diretamente nas Esta\u00e7\u00f5es ou pelo telefone 3551-7310 ou, ainda, pelo e-mail tremdavalenep@yahoo.com.br.<\/p>\n<p>As vagas s\u00e3o limitadas. Agende j\u00e1 o seu grupo e participe!<\/p>\n<p>&nbsp;<\/p>\n<p>Circuito Escolas: a\u00e7\u00e3o educativa na Biblioteca da Esta\u00e7\u00e3o de Mariana (acervo Trem da Vale)<\/p>\n<p>&nbsp;<\/p>\n<p>Circuito Escolas: a\u00e7\u00e3o educativa no Vag\u00e3o Sonoro-Ambiental (acervo Trem da Vale)<\/p>\n<p>&nbsp;<\/p>\n<p>Circuitos Diferenciados: Embarque Circuito Comunidade (acervo Trem da Vale)<\/p>\n<p>&nbsp;<\/p>\n<p>Circuitos Diferenciados: Embarque Circuito Comunidade (acervo Trem da Vale)<\/p>\n<p>&nbsp;<\/p>\n","protected":false},"excerpt":{"rendered":"<p>Sempre oferecido \u00e0s quintas-feiras, os Circuitos Diferenciados s\u00e3o atividades que visam a difus\u00e3o dos patrim\u00f4nios culturais e naturais a partir da viagem gratuita de trem e dos conte\u00fados museogr\u00e1ficos das esta\u00e7\u00f5es \u00e2ncora do Programa &#8211; Esta\u00e7\u00e3o Ferrovi\u00e1ria de Mariana e Esta\u00e7\u00e3o Ferrovi\u00e1ria de Ouro Preto. O programa \u00e9 composto por &hellip;<\/p>\n","protected":false},"author":1,"featured_media":0,"comment_status":"open","ping_status":"closed","sticky":false,"template":"","format":"standard","meta":{"footnotes":""},"categories":[2],"tags":[],"class_list":["post-281","post","type-post","status-publish","format-standard","hentry","category-destaques-home"],"yoast_head":"<!-- This site is optimized with the Yoast SEO plugin v26.1.1 - https:\/\/yoast.com\/wordpress\/plugins\/seo\/ -->\n<title>Trem da Vale abre agendamentos para os Circuitos &#8212; Trem da Vale<\/title>\n<meta name=\"robots\" content=\"index, follow, max-snippet:-1, max-image-preview:large, max-video-preview:-1\" \/>\n<link rel=\"canonical\" href=\"https:\/\/tremdavale.org\/pt\/trem-da-vale-abre-agendamentos-para-os-circuitos\/\" \/>\n<meta property=\"og:locale\" content=\"pt_PT\" \/>\n<meta property=\"og:type\" content=\"article\" \/>\n<meta property=\"og:title\" content=\"Trem da Vale abre agendamentos para os Circuitos &#8212; Trem da Vale\" \/>\n<meta property=\"og:description\" content=\"Sempre oferecido \u00e0s quintas-feiras, os Circuitos Diferenciados s\u00e3o atividades que visam a difus\u00e3o dos patrim\u00f4nios culturais e naturais a partir da viagem gratuita de trem e dos conte\u00fados museogr\u00e1ficos das esta\u00e7\u00f5es \u00e2ncora do Programa &#8211; Esta\u00e7\u00e3o Ferrovi\u00e1ria de Mariana e Esta\u00e7\u00e3o Ferrovi\u00e1ria de Ouro Preto. O programa \u00e9 composto por &hellip;\" \/>\n<meta property=\"og:url\" content=\"https:\/\/tremdavale.org\/pt\/trem-da-vale-abre-agendamentos-para-os-circuitos\/\" \/>\n<meta property=\"og:site_name\" content=\"Trem da Vale\" \/>\n<meta property=\"article:published_time\" content=\"2014-04-30T00:57:00+00:00\" \/>\n<meta property=\"article:modified_time\" content=\"2025-10-10T11:57:00+00:00\" \/>\n<meta name=\"author\" content=\"admin\" \/>\n<meta name=\"twitter:card\" content=\"summary_large_image\" \/>\n<meta name=\"twitter:label1\" content=\"Escrito por\" \/>\n\t<meta name=\"twitter:data1\" content=\"admin\" \/>\n\t<meta name=\"twitter:label2\" content=\"Tempo estimado de leitura\" \/>\n\t<meta name=\"twitter:data2\" content=\"2 minutos\" \/>\n<script type=\"application\/ld+json\" class=\"yoast-schema-graph\">{\"@context\":\"https:\/\/schema.org\",\"@graph\":[{\"@type\":\"WebPage\",\"@id\":\"https:\/\/tremdavale.org\/pt\/trem-da-vale-abre-agendamentos-para-os-circuitos\/\",\"url\":\"https:\/\/tremdavale.org\/pt\/trem-da-vale-abre-agendamentos-para-os-circuitos\/\",\"name\":\"Trem da Vale abre agendamentos para os Circuitos &#8212; Trem da Vale\",\"isPartOf\":{\"@id\":\"https:\/\/tremdavale.org\/pt\/#website\"},\"datePublished\":\"2014-04-30T00:57:00+00:00\",\"dateModified\":\"2025-10-10T11:57:00+00:00\",\"author\":{\"@id\":\"https:\/\/tremdavale.org\/pt\/#\/schema\/person\/50912137d47426d31329f246d02eaeca\"},\"breadcrumb\":{\"@id\":\"https:\/\/tremdavale.org\/pt\/trem-da-vale-abre-agendamentos-para-os-circuitos\/#breadcrumb\"},\"inLanguage\":\"pt-PT\",\"potentialAction\":[{\"@type\":\"ReadAction\",\"target\":[\"https:\/\/tremdavale.org\/pt\/trem-da-vale-abre-agendamentos-para-os-circuitos\/\"]}]},{\"@type\":\"BreadcrumbList\",\"@id\":\"https:\/\/tremdavale.org\/pt\/trem-da-vale-abre-agendamentos-para-os-circuitos\/#breadcrumb\",\"itemListElement\":[{\"@type\":\"ListItem\",\"position\":1,\"name\":\"In\u00edcio\",\"item\":\"https:\/\/tremdavale.org\/pt\/\"},{\"@type\":\"ListItem\",\"position\":2,\"name\":\"Trem da Vale abre agendamentos para os Circuitos\"}]},{\"@type\":\"WebSite\",\"@id\":\"https:\/\/tremdavale.org\/pt\/#website\",\"url\":\"https:\/\/tremdavale.org\/pt\/\",\"name\":\"Trem da Vale\",\"description\":\"Programa de Educa\u00e7\u00e3o Patrimonial\",\"potentialAction\":[{\"@type\":\"SearchAction\",\"target\":{\"@type\":\"EntryPoint\",\"urlTemplate\":\"https:\/\/tremdavale.org\/pt\/?s={search_term_string}\"},\"query-input\":{\"@type\":\"PropertyValueSpecification\",\"valueRequired\":true,\"valueName\":\"search_term_string\"}}],\"inLanguage\":\"pt-PT\"},{\"@type\":\"Person\",\"@id\":\"https:\/\/tremdavale.org\/pt\/#\/schema\/person\/50912137d47426d31329f246d02eaeca\",\"name\":\"admin\",\"image\":{\"@type\":\"ImageObject\",\"inLanguage\":\"pt-PT\",\"@id\":\"https:\/\/tremdavale.org\/pt\/#\/schema\/person\/image\/\",\"url\":\"https:\/\/secure.gravatar.com\/avatar\/b3564f0fda6ea47959fe96a4217203e79a167568a37409758659bc3ba443b452?s=96&d=mm&r=g\",\"contentUrl\":\"https:\/\/secure.gravatar.com\/avatar\/b3564f0fda6ea47959fe96a4217203e79a167568a37409758659bc3ba443b452?s=96&d=mm&r=g\",\"caption\":\"admin\"},\"sameAs\":[\"https:\/\/tremdavale.org\"],\"url\":\"https:\/\/tremdavale.org\/pt\/author\/admin\/\"}]}<\/script>\n<!-- \/ Yoast SEO plugin. -->","yoast_head_json":{"title":"Trem da Vale abre agendamentos para os Circuitos &#8212; Trem da Vale","robots":{"index":"index","follow":"follow","max-snippet":"max-snippet:-1","max-image-preview":"max-image-preview:large","max-video-preview":"max-video-preview:-1"},"canonical":"https:\/\/tremdavale.org\/pt\/trem-da-vale-abre-agendamentos-para-os-circuitos\/","og_locale":"pt_PT","og_type":"article","og_title":"Trem da Vale abre agendamentos para os Circuitos &#8212; Trem da Vale","og_description":"Sempre oferecido \u00e0s quintas-feiras, os Circuitos Diferenciados s\u00e3o atividades que visam a difus\u00e3o dos patrim\u00f4nios culturais e naturais a partir da viagem gratuita de trem e dos conte\u00fados museogr\u00e1ficos das esta\u00e7\u00f5es \u00e2ncora do Programa &#8211; Esta\u00e7\u00e3o Ferrovi\u00e1ria de Mariana e Esta\u00e7\u00e3o Ferrovi\u00e1ria de Ouro Preto. O programa \u00e9 composto por &hellip;","og_url":"https:\/\/tremdavale.org\/pt\/trem-da-vale-abre-agendamentos-para-os-circuitos\/","og_site_name":"Trem da Vale","article_published_time":"2014-04-30T00:57:00+00:00","article_modified_time":"2025-10-10T11:57:00+00:00","author":"admin","twitter_card":"summary_large_image","twitter_misc":{"Escrito por":"admin","Tempo estimado de leitura":"2 minutos"},"schema":{"@context":"https:\/\/schema.org","@graph":[{"@type":"WebPage","@id":"https:\/\/tremdavale.org\/pt\/trem-da-vale-abre-agendamentos-para-os-circuitos\/","url":"https:\/\/tremdavale.org\/pt\/trem-da-vale-abre-agendamentos-para-os-circuitos\/","name":"Trem da Vale abre agendamentos para os Circuitos &#8212; Trem da Vale","isPartOf":{"@id":"https:\/\/tremdavale.org\/pt\/#website"},"datePublished":"2014-04-30T00:57:00+00:00","dateModified":"2025-10-10T11:57:00+00:00","author":{"@id":"https:\/\/tremdavale.org\/pt\/#\/schema\/person\/50912137d47426d31329f246d02eaeca"},"breadcrumb":{"@id":"https:\/\/tremdavale.org\/pt\/trem-da-vale-abre-agendamentos-para-os-circuitos\/#breadcrumb"},"inLanguage":"pt-PT","potentialAction":[{"@type":"ReadAction","target":["https:\/\/tremdavale.org\/pt\/trem-da-vale-abre-agendamentos-para-os-circuitos\/"]}]},{"@type":"BreadcrumbList","@id":"https:\/\/tremdavale.org\/pt\/trem-da-vale-abre-agendamentos-para-os-circuitos\/#breadcrumb","itemListElement":[{"@type":"ListItem","position":1,"name":"In\u00edcio","item":"https:\/\/tremdavale.org\/pt\/"},{"@type":"ListItem","position":2,"name":"Trem da Vale abre agendamentos para os Circuitos"}]},{"@type":"WebSite","@id":"https:\/\/tremdavale.org\/pt\/#website","url":"https:\/\/tremdavale.org\/pt\/","name":"Trem da Vale","description":"Programa de Educa\u00e7\u00e3o Patrimonial","potentialAction":[{"@type":"SearchAction","target":{"@type":"EntryPoint","urlTemplate":"https:\/\/tremdavale.org\/pt\/?s={search_term_string}"},"query-input":{"@type":"PropertyValueSpecification","valueRequired":true,"valueName":"search_term_string"}}],"inLanguage":"pt-PT"},{"@type":"Person","@id":"https:\/\/tremdavale.org\/pt\/#\/schema\/person\/50912137d47426d31329f246d02eaeca","name":"admin","image":{"@type":"ImageObject","inLanguage":"pt-PT","@id":"https:\/\/tremdavale.org\/pt\/#\/schema\/person\/image\/","url":"https:\/\/secure.gravatar.com\/avatar\/b3564f0fda6ea47959fe96a4217203e79a167568a37409758659bc3ba443b452?s=96&d=mm&r=g","contentUrl":"https:\/\/secure.gravatar.com\/avatar\/b3564f0fda6ea47959fe96a4217203e79a167568a37409758659bc3ba443b452?s=96&d=mm&r=g","caption":"admin"},"sameAs":["https:\/\/tremdavale.org"],"url":"https:\/\/tremdavale.org\/pt\/author\/admin\/"}]}},"_links":{"self":[{"href":"https:\/\/tremdavale.org\/pt\/wp-json\/wp\/v2\/posts\/281","targetHints":{"allow":["GET"]}}],"collection":[{"href":"https:\/\/tremdavale.org\/pt\/wp-json\/wp\/v2\/posts"}],"about":[{"href":"https:\/\/tremdavale.org\/pt\/wp-json\/wp\/v2\/types\/post"}],"author":[{"embeddable":true,"href":"https:\/\/tremdavale.org\/pt\/wp-json\/wp\/v2\/users\/1"}],"replies":[{"embeddable":true,"href":"https:\/\/tremdavale.org\/pt\/wp-json\/wp\/v2\/comments?post=281"}],"version-history":[{"count":0,"href":"https:\/\/tremdavale.org\/pt\/wp-json\/wp\/v2\/posts\/281\/revisions"}],"wp:attachment":[{"href":"https:\/\/tremdavale.org\/pt\/wp-json\/wp\/v2\/media?parent=281"}],"wp:term":[{"taxonomy":"category","embeddable":true,"href":"https:\/\/tremdavale.org\/pt\/wp-json\/wp\/v2\/categories?post=281"},{"taxonomy":"post_tag","embeddable":true,"href":"https:\/\/tremdavale.org\/pt\/wp-json\/wp\/v2\/tags?post=281"}],"curies":[{"name":"wp","href":"https:\/\/api.w.org\/{rel}","templated":true}]}}