{"id":282,"date":"2011-09-12T01:15:00","date_gmt":"2011-09-12T01:15:00","guid":{"rendered":"https:\/\/tremdavale.org\/?p=282"},"modified":"2025-10-10T11:57:00","modified_gmt":"2025-10-10T11:57:00","slug":"trem-da-vale-agrega-parceiros-na-promocao-do-patrimonio","status":"publish","type":"post","link":"https:\/\/tremdavale.org\/pt\/trem-da-vale-agrega-parceiros-na-promocao-do-patrimonio\/","title":{"rendered":"Trem da Vale agrega parceiros na promo\u00e7\u00e3o do patrim\u00f4nio"},"content":{"rendered":"<p>H\u00e1 quatro anos trabalhando na preserva\u00e7\u00e3o e difus\u00e3o do patrim\u00f4nio cultural de Ouro Preto, Mariana e regi\u00e3o, o Trem da Vale mobiliza diversas institui\u00e7\u00f5es em a\u00e7\u00f5es voltadas para a comunidade local.<\/p>\n<p>Dentre nossos parceiros, figuram institui\u00e7\u00f5es educacionais, como o Instituto Federal de Educa\u00e7\u00e3o Tecnol\u00f3gica &#8211; IFMG e a Universidade Federal de Ouro Preto &#8211; UFOP. Tamb\u00e9m s\u00e3o parceiras entidades culturais, a exemplo do Museu Aleijadinho; Museu de Ci\u00eancia e T\u00e9cnica da Escola de Minas; Centro Cultural do Padre Faria; Multicultural Empresa J\u00fanior de Artes C\u00eanicas e M\u00fasica da UFOP; Oskindoteca; Grupo de Teatro Reciclinove; e ainda grupos e associa\u00e7\u00f5es locais, como a Associa\u00e7\u00e3o das Senhoras Artes\u00e3s de Ouro Preto &#8211; ASA.<\/p>\n<p>O Trem da Vale tamb\u00e9m agrega como parceiros a Associa\u00e7\u00e3o de Pais e Amigos dos Excepcionais &#8211; APAE, junto com a qual promove atividades voltadas para crian\u00e7as especiais; e a ONG OCA, por meio do Projeto \u201cCirco, Arte, Educa\u00e7\u00e3o e Cidadania\u201d, para o qual foram doados todos os equipamentos do antigo \u201cCirco da Esta\u00e7\u00e3o\u201d. Al\u00e9m disso, o Trem da Vale realiza atividades em parceria com o F\u00f3rum das Letras, encontro liter\u00e1rio que acontece anualmente na cidade de Ouro Preto, e com o F\u00f3rum de Igualdade Racial de Ouro Preto &#8211; FIROP. Cabe mencionar ainda a parceria do Programa com as Prefeituras de Ouro Preto e Mariana e o apoio dos correios.<\/p>\n<p>Muitas das atividades desenvolvidas pelo Trem da Vale no decorrer desses quatro anos de atua\u00e7\u00e3o nas duas cidades s\u00f3 foram poss\u00edveis gra\u00e7as a essas parcerias, que contribuem para que as a\u00e7\u00f5es do Programa de Educa\u00e7\u00e3o Patrimonial se consolidem de forma ampla e plural.<\/p>\n<p>&nbsp;<\/p>\n","protected":false},"excerpt":{"rendered":"<p>H\u00e1 quatro anos trabalhando na preserva\u00e7\u00e3o e difus\u00e3o do patrim\u00f4nio cultural de Ouro Preto, Mariana e regi\u00e3o, o Trem da Vale mobiliza diversas institui\u00e7\u00f5es em a\u00e7\u00f5es voltadas para a comunidade local. Dentre nossos parceiros, figuram institui\u00e7\u00f5es educacionais, como o Instituto Federal de Educa\u00e7\u00e3o Tecnol\u00f3gica &#8211; IFMG e a Universidade Federal &hellip;<\/p>\n","protected":false},"author":1,"featured_media":0,"comment_status":"open","ping_status":"closed","sticky":false,"template":"","format":"standard","meta":{"footnotes":""},"categories":[3],"tags":[],"class_list":["post-282","post","type-post","status-publish","format-standard","hentry","category-noticias"],"yoast_head":"<!-- This site is optimized with the Yoast SEO plugin v26.1.1 - https:\/\/yoast.com\/wordpress\/plugins\/seo\/ -->\n<title>Trem da Vale agrega parceiros na promo\u00e7\u00e3o do patrim\u00f4nio &#8212; Trem da Vale<\/title>\n<meta name=\"robots\" content=\"index, follow, max-snippet:-1, max-image-preview:large, max-video-preview:-1\" \/>\n<link rel=\"canonical\" href=\"https:\/\/tremdavale.org\/pt\/trem-da-vale-agrega-parceiros-na-promocao-do-patrimonio\/\" \/>\n<meta property=\"og:locale\" content=\"pt_PT\" \/>\n<meta property=\"og:type\" content=\"article\" \/>\n<meta property=\"og:title\" content=\"Trem da Vale agrega parceiros na promo\u00e7\u00e3o do patrim\u00f4nio &#8212; Trem da Vale\" \/>\n<meta property=\"og:description\" content=\"H\u00e1 quatro anos trabalhando na preserva\u00e7\u00e3o e difus\u00e3o do patrim\u00f4nio cultural de Ouro Preto, Mariana e regi\u00e3o, o Trem da Vale mobiliza diversas institui\u00e7\u00f5es em a\u00e7\u00f5es voltadas para a comunidade local. Dentre nossos parceiros, figuram institui\u00e7\u00f5es educacionais, como o Instituto Federal de Educa\u00e7\u00e3o Tecnol\u00f3gica &#8211; IFMG e a Universidade Federal &hellip;\" \/>\n<meta property=\"og:url\" content=\"https:\/\/tremdavale.org\/pt\/trem-da-vale-agrega-parceiros-na-promocao-do-patrimonio\/\" \/>\n<meta property=\"og:site_name\" content=\"Trem da Vale\" \/>\n<meta property=\"article:published_time\" content=\"2011-09-12T01:15:00+00:00\" \/>\n<meta property=\"article:modified_time\" content=\"2025-10-10T11:57:00+00:00\" \/>\n<meta name=\"author\" content=\"admin\" \/>\n<meta name=\"twitter:card\" content=\"summary_large_image\" \/>\n<meta name=\"twitter:label1\" content=\"Escrito por\" \/>\n\t<meta name=\"twitter:data1\" content=\"admin\" \/>\n\t<meta name=\"twitter:label2\" content=\"Tempo estimado de leitura\" \/>\n\t<meta name=\"twitter:data2\" content=\"1 minuto\" \/>\n<script type=\"application\/ld+json\" class=\"yoast-schema-graph\">{\"@context\":\"https:\/\/schema.org\",\"@graph\":[{\"@type\":\"WebPage\",\"@id\":\"https:\/\/tremdavale.org\/pt\/trem-da-vale-agrega-parceiros-na-promocao-do-patrimonio\/\",\"url\":\"https:\/\/tremdavale.org\/pt\/trem-da-vale-agrega-parceiros-na-promocao-do-patrimonio\/\",\"name\":\"Trem da Vale agrega parceiros na promo\u00e7\u00e3o do patrim\u00f4nio &#8212; Trem da Vale\",\"isPartOf\":{\"@id\":\"https:\/\/tremdavale.org\/pt\/#website\"},\"datePublished\":\"2011-09-12T01:15:00+00:00\",\"dateModified\":\"2025-10-10T11:57:00+00:00\",\"author\":{\"@id\":\"https:\/\/tremdavale.org\/pt\/#\/schema\/person\/50912137d47426d31329f246d02eaeca\"},\"breadcrumb\":{\"@id\":\"https:\/\/tremdavale.org\/pt\/trem-da-vale-agrega-parceiros-na-promocao-do-patrimonio\/#breadcrumb\"},\"inLanguage\":\"pt-PT\",\"potentialAction\":[{\"@type\":\"ReadAction\",\"target\":[\"https:\/\/tremdavale.org\/pt\/trem-da-vale-agrega-parceiros-na-promocao-do-patrimonio\/\"]}]},{\"@type\":\"BreadcrumbList\",\"@id\":\"https:\/\/tremdavale.org\/pt\/trem-da-vale-agrega-parceiros-na-promocao-do-patrimonio\/#breadcrumb\",\"itemListElement\":[{\"@type\":\"ListItem\",\"position\":1,\"name\":\"In\u00edcio\",\"item\":\"https:\/\/tremdavale.org\/pt\/\"},{\"@type\":\"ListItem\",\"position\":2,\"name\":\"Trem da Vale agrega parceiros na promo\u00e7\u00e3o do patrim\u00f4nio\"}]},{\"@type\":\"WebSite\",\"@id\":\"https:\/\/tremdavale.org\/pt\/#website\",\"url\":\"https:\/\/tremdavale.org\/pt\/\",\"name\":\"Trem da Vale\",\"description\":\"Programa de Educa\u00e7\u00e3o Patrimonial\",\"potentialAction\":[{\"@type\":\"SearchAction\",\"target\":{\"@type\":\"EntryPoint\",\"urlTemplate\":\"https:\/\/tremdavale.org\/pt\/?s={search_term_string}\"},\"query-input\":{\"@type\":\"PropertyValueSpecification\",\"valueRequired\":true,\"valueName\":\"search_term_string\"}}],\"inLanguage\":\"pt-PT\"},{\"@type\":\"Person\",\"@id\":\"https:\/\/tremdavale.org\/pt\/#\/schema\/person\/50912137d47426d31329f246d02eaeca\",\"name\":\"admin\",\"image\":{\"@type\":\"ImageObject\",\"inLanguage\":\"pt-PT\",\"@id\":\"https:\/\/tremdavale.org\/pt\/#\/schema\/person\/image\/\",\"url\":\"https:\/\/secure.gravatar.com\/avatar\/b3564f0fda6ea47959fe96a4217203e79a167568a37409758659bc3ba443b452?s=96&d=mm&r=g\",\"contentUrl\":\"https:\/\/secure.gravatar.com\/avatar\/b3564f0fda6ea47959fe96a4217203e79a167568a37409758659bc3ba443b452?s=96&d=mm&r=g\",\"caption\":\"admin\"},\"sameAs\":[\"https:\/\/tremdavale.org\"],\"url\":\"https:\/\/tremdavale.org\/pt\/author\/admin\/\"}]}<\/script>\n<!-- \/ Yoast SEO plugin. -->","yoast_head_json":{"title":"Trem da Vale agrega parceiros na promo\u00e7\u00e3o do patrim\u00f4nio &#8212; Trem da Vale","robots":{"index":"index","follow":"follow","max-snippet":"max-snippet:-1","max-image-preview":"max-image-preview:large","max-video-preview":"max-video-preview:-1"},"canonical":"https:\/\/tremdavale.org\/pt\/trem-da-vale-agrega-parceiros-na-promocao-do-patrimonio\/","og_locale":"pt_PT","og_type":"article","og_title":"Trem da Vale agrega parceiros na promo\u00e7\u00e3o do patrim\u00f4nio &#8212; Trem da Vale","og_description":"H\u00e1 quatro anos trabalhando na preserva\u00e7\u00e3o e difus\u00e3o do patrim\u00f4nio cultural de Ouro Preto, Mariana e regi\u00e3o, o Trem da Vale mobiliza diversas institui\u00e7\u00f5es em a\u00e7\u00f5es voltadas para a comunidade local. Dentre nossos parceiros, figuram institui\u00e7\u00f5es educacionais, como o Instituto Federal de Educa\u00e7\u00e3o Tecnol\u00f3gica &#8211; IFMG e a Universidade Federal &hellip;","og_url":"https:\/\/tremdavale.org\/pt\/trem-da-vale-agrega-parceiros-na-promocao-do-patrimonio\/","og_site_name":"Trem da Vale","article_published_time":"2011-09-12T01:15:00+00:00","article_modified_time":"2025-10-10T11:57:00+00:00","author":"admin","twitter_card":"summary_large_image","twitter_misc":{"Escrito por":"admin","Tempo estimado de leitura":"1 minuto"},"schema":{"@context":"https:\/\/schema.org","@graph":[{"@type":"WebPage","@id":"https:\/\/tremdavale.org\/pt\/trem-da-vale-agrega-parceiros-na-promocao-do-patrimonio\/","url":"https:\/\/tremdavale.org\/pt\/trem-da-vale-agrega-parceiros-na-promocao-do-patrimonio\/","name":"Trem da Vale agrega parceiros na promo\u00e7\u00e3o do patrim\u00f4nio &#8212; Trem da Vale","isPartOf":{"@id":"https:\/\/tremdavale.org\/pt\/#website"},"datePublished":"2011-09-12T01:15:00+00:00","dateModified":"2025-10-10T11:57:00+00:00","author":{"@id":"https:\/\/tremdavale.org\/pt\/#\/schema\/person\/50912137d47426d31329f246d02eaeca"},"breadcrumb":{"@id":"https:\/\/tremdavale.org\/pt\/trem-da-vale-agrega-parceiros-na-promocao-do-patrimonio\/#breadcrumb"},"inLanguage":"pt-PT","potentialAction":[{"@type":"ReadAction","target":["https:\/\/tremdavale.org\/pt\/trem-da-vale-agrega-parceiros-na-promocao-do-patrimonio\/"]}]},{"@type":"BreadcrumbList","@id":"https:\/\/tremdavale.org\/pt\/trem-da-vale-agrega-parceiros-na-promocao-do-patrimonio\/#breadcrumb","itemListElement":[{"@type":"ListItem","position":1,"name":"In\u00edcio","item":"https:\/\/tremdavale.org\/pt\/"},{"@type":"ListItem","position":2,"name":"Trem da Vale agrega parceiros na promo\u00e7\u00e3o do patrim\u00f4nio"}]},{"@type":"WebSite","@id":"https:\/\/tremdavale.org\/pt\/#website","url":"https:\/\/tremdavale.org\/pt\/","name":"Trem da Vale","description":"Programa de Educa\u00e7\u00e3o Patrimonial","potentialAction":[{"@type":"SearchAction","target":{"@type":"EntryPoint","urlTemplate":"https:\/\/tremdavale.org\/pt\/?s={search_term_string}"},"query-input":{"@type":"PropertyValueSpecification","valueRequired":true,"valueName":"search_term_string"}}],"inLanguage":"pt-PT"},{"@type":"Person","@id":"https:\/\/tremdavale.org\/pt\/#\/schema\/person\/50912137d47426d31329f246d02eaeca","name":"admin","image":{"@type":"ImageObject","inLanguage":"pt-PT","@id":"https:\/\/tremdavale.org\/pt\/#\/schema\/person\/image\/","url":"https:\/\/secure.gravatar.com\/avatar\/b3564f0fda6ea47959fe96a4217203e79a167568a37409758659bc3ba443b452?s=96&d=mm&r=g","contentUrl":"https:\/\/secure.gravatar.com\/avatar\/b3564f0fda6ea47959fe96a4217203e79a167568a37409758659bc3ba443b452?s=96&d=mm&r=g","caption":"admin"},"sameAs":["https:\/\/tremdavale.org"],"url":"https:\/\/tremdavale.org\/pt\/author\/admin\/"}]}},"_links":{"self":[{"href":"https:\/\/tremdavale.org\/pt\/wp-json\/wp\/v2\/posts\/282","targetHints":{"allow":["GET"]}}],"collection":[{"href":"https:\/\/tremdavale.org\/pt\/wp-json\/wp\/v2\/posts"}],"about":[{"href":"https:\/\/tremdavale.org\/pt\/wp-json\/wp\/v2\/types\/post"}],"author":[{"embeddable":true,"href":"https:\/\/tremdavale.org\/pt\/wp-json\/wp\/v2\/users\/1"}],"replies":[{"embeddable":true,"href":"https:\/\/tremdavale.org\/pt\/wp-json\/wp\/v2\/comments?post=282"}],"version-history":[{"count":0,"href":"https:\/\/tremdavale.org\/pt\/wp-json\/wp\/v2\/posts\/282\/revisions"}],"wp:attachment":[{"href":"https:\/\/tremdavale.org\/pt\/wp-json\/wp\/v2\/media?parent=282"}],"wp:term":[{"taxonomy":"category","embeddable":true,"href":"https:\/\/tremdavale.org\/pt\/wp-json\/wp\/v2\/categories?post=282"},{"taxonomy":"post_tag","embeddable":true,"href":"https:\/\/tremdavale.org\/pt\/wp-json\/wp\/v2\/tags?post=282"}],"curies":[{"name":"wp","href":"https:\/\/api.w.org\/{rel}","templated":true}]}}