{"id":283,"date":"2011-09-11T21:28:00","date_gmt":"2011-09-11T21:28:00","guid":{"rendered":"https:\/\/tremdavale.org\/?p=283"},"modified":"2025-10-10T11:57:00","modified_gmt":"2025-10-10T11:57:00","slug":"trem-da-vale-apoia-desfile-beneficente","status":"publish","type":"post","link":"https:\/\/tremdavale.org\/pt\/trem-da-vale-apoia-desfile-beneficente\/","title":{"rendered":"Desfile beneficente no Trem da Vale"},"content":{"rendered":"<p><img loading=\"lazy\" decoding=\"async\" class=\"size-medium\" title=\"desfile-beneficente-cervantes-30-04-10-foto_mariana-marques-105\" src=\"\/wp-content\/uploads\/desfile-beneficente-cervantes-30-04-10-foto_mariana-marques-105-300x200.jpg\" alt=\"Desfile na Tenda Cultural\" width=\"300\" height=\"200\"><\/p>\n<p>Desfile na Tenda Cultural<\/p>\n<p>&nbsp;<\/p>\n<p>No dia 30 de abril a Tenda Cultural da Esta\u00e7\u00e3o de Ouro Preto sediou o desfile de lan\u00e7amento da cole\u00e7\u00e3o Outono\/Inverno 2010, da loja Cervantes.<\/p>\n<p>O desfile foi promovido com intuito &nbsp;beneficente. Al\u00e9m do valor cobrado com a venda de ingressos, foram arrecadados livros diversos.<\/p>\n<p>A renda ser\u00e1 destinada \u00e0 entidade Lareira de Nazar\u00e9 e os livros ser\u00e3o doados \u00e0 Biblioteca Benvinda.<\/p>\n<p>&nbsp;<\/p>\n","protected":false},"excerpt":{"rendered":"<p>Desfile na Tenda Cultural &nbsp; No dia 30 de abril a Tenda Cultural da Esta\u00e7\u00e3o de Ouro Preto sediou o desfile de lan\u00e7amento da cole\u00e7\u00e3o Outono\/Inverno 2010, da loja Cervantes. O desfile foi promovido com intuito &nbsp;beneficente. Al\u00e9m do valor cobrado com a venda de ingressos, foram arrecadados livros diversos. &hellip;<\/p>\n","protected":false},"author":1,"featured_media":529,"comment_status":"open","ping_status":"closed","sticky":false,"template":"","format":"standard","meta":{"footnotes":""},"categories":[3],"tags":[],"class_list":["post-283","post","type-post","status-publish","format-standard","has-post-thumbnail","hentry","category-noticias"],"yoast_head":"<!-- This site is optimized with the Yoast SEO plugin v26.1.1 - https:\/\/yoast.com\/wordpress\/plugins\/seo\/ -->\n<title>Desfile beneficente no Trem da Vale &#8212; Trem da Vale<\/title>\n<meta name=\"robots\" content=\"index, follow, max-snippet:-1, max-image-preview:large, max-video-preview:-1\" \/>\n<link rel=\"canonical\" href=\"https:\/\/tremdavale.org\/pt\/trem-da-vale-apoia-desfile-beneficente\/\" \/>\n<meta property=\"og:locale\" content=\"pt_PT\" \/>\n<meta property=\"og:type\" content=\"article\" \/>\n<meta property=\"og:title\" content=\"Desfile beneficente no Trem da Vale &#8212; Trem da Vale\" \/>\n<meta property=\"og:description\" content=\"Desfile na Tenda Cultural &nbsp; No dia 30 de abril a Tenda Cultural da Esta\u00e7\u00e3o de Ouro Preto sediou o desfile de lan\u00e7amento da cole\u00e7\u00e3o Outono\/Inverno 2010, da loja Cervantes. O desfile foi promovido com intuito &nbsp;beneficente. Al\u00e9m do valor cobrado com a venda de ingressos, foram arrecadados livros diversos. &hellip;\" \/>\n<meta property=\"og:url\" content=\"https:\/\/tremdavale.org\/pt\/trem-da-vale-apoia-desfile-beneficente\/\" \/>\n<meta property=\"og:site_name\" content=\"Trem da Vale\" \/>\n<meta property=\"article:published_time\" content=\"2011-09-11T21:28:00+00:00\" \/>\n<meta property=\"article:modified_time\" content=\"2025-10-10T11:57:00+00:00\" \/>\n<meta property=\"og:image\" content=\"https:\/\/tremdavale.org\/wp-content\/uploads\/desfile-beneficente-cervantes-30-04-10-foto_mariana-marques-105-300x200.jpg\" \/>\n\t<meta property=\"og:image:width\" content=\"300\" \/>\n\t<meta property=\"og:image:height\" content=\"200\" \/>\n\t<meta property=\"og:image:type\" content=\"image\/jpeg\" \/>\n<meta name=\"author\" content=\"admin\" \/>\n<meta name=\"twitter:card\" content=\"summary_large_image\" \/>\n<meta name=\"twitter:label1\" content=\"Escrito por\" \/>\n\t<meta name=\"twitter:data1\" content=\"admin\" \/>\n<script type=\"application\/ld+json\" class=\"yoast-schema-graph\">{\"@context\":\"https:\/\/schema.org\",\"@graph\":[{\"@type\":\"WebPage\",\"@id\":\"https:\/\/tremdavale.org\/pt\/trem-da-vale-apoia-desfile-beneficente\/\",\"url\":\"https:\/\/tremdavale.org\/pt\/trem-da-vale-apoia-desfile-beneficente\/\",\"name\":\"Desfile beneficente no Trem da Vale &#8212; Trem da Vale\",\"isPartOf\":{\"@id\":\"https:\/\/tremdavale.org\/pt\/#website\"},\"primaryImageOfPage\":{\"@id\":\"https:\/\/tremdavale.org\/pt\/trem-da-vale-apoia-desfile-beneficente\/#primaryimage\"},\"image\":{\"@id\":\"https:\/\/tremdavale.org\/pt\/trem-da-vale-apoia-desfile-beneficente\/#primaryimage\"},\"thumbnailUrl\":\"https:\/\/tremdavale.org\/wp-content\/uploads\/desfile-beneficente-cervantes-30-04-10-foto_mariana-marques-105-300x200.jpg\",\"datePublished\":\"2011-09-11T21:28:00+00:00\",\"dateModified\":\"2025-10-10T11:57:00+00:00\",\"author\":{\"@id\":\"https:\/\/tremdavale.org\/pt\/#\/schema\/person\/50912137d47426d31329f246d02eaeca\"},\"breadcrumb\":{\"@id\":\"https:\/\/tremdavale.org\/pt\/trem-da-vale-apoia-desfile-beneficente\/#breadcrumb\"},\"inLanguage\":\"pt-PT\",\"potentialAction\":[{\"@type\":\"ReadAction\",\"target\":[\"https:\/\/tremdavale.org\/pt\/trem-da-vale-apoia-desfile-beneficente\/\"]}]},{\"@type\":\"ImageObject\",\"inLanguage\":\"pt-PT\",\"@id\":\"https:\/\/tremdavale.org\/pt\/trem-da-vale-apoia-desfile-beneficente\/#primaryimage\",\"url\":\"https:\/\/tremdavale.org\/wp-content\/uploads\/desfile-beneficente-cervantes-30-04-10-foto_mariana-marques-105-300x200.jpg\",\"contentUrl\":\"https:\/\/tremdavale.org\/wp-content\/uploads\/desfile-beneficente-cervantes-30-04-10-foto_mariana-marques-105-300x200.jpg\",\"width\":300,\"height\":200},{\"@type\":\"BreadcrumbList\",\"@id\":\"https:\/\/tremdavale.org\/pt\/trem-da-vale-apoia-desfile-beneficente\/#breadcrumb\",\"itemListElement\":[{\"@type\":\"ListItem\",\"position\":1,\"name\":\"In\u00edcio\",\"item\":\"https:\/\/tremdavale.org\/pt\/\"},{\"@type\":\"ListItem\",\"position\":2,\"name\":\"Desfile beneficente no Trem da Vale\"}]},{\"@type\":\"WebSite\",\"@id\":\"https:\/\/tremdavale.org\/pt\/#website\",\"url\":\"https:\/\/tremdavale.org\/pt\/\",\"name\":\"Trem da Vale\",\"description\":\"Programa de Educa\u00e7\u00e3o Patrimonial\",\"potentialAction\":[{\"@type\":\"SearchAction\",\"target\":{\"@type\":\"EntryPoint\",\"urlTemplate\":\"https:\/\/tremdavale.org\/pt\/?s={search_term_string}\"},\"query-input\":{\"@type\":\"PropertyValueSpecification\",\"valueRequired\":true,\"valueName\":\"search_term_string\"}}],\"inLanguage\":\"pt-PT\"},{\"@type\":\"Person\",\"@id\":\"https:\/\/tremdavale.org\/pt\/#\/schema\/person\/50912137d47426d31329f246d02eaeca\",\"name\":\"admin\",\"image\":{\"@type\":\"ImageObject\",\"inLanguage\":\"pt-PT\",\"@id\":\"https:\/\/tremdavale.org\/pt\/#\/schema\/person\/image\/\",\"url\":\"https:\/\/secure.gravatar.com\/avatar\/b3564f0fda6ea47959fe96a4217203e79a167568a37409758659bc3ba443b452?s=96&d=mm&r=g\",\"contentUrl\":\"https:\/\/secure.gravatar.com\/avatar\/b3564f0fda6ea47959fe96a4217203e79a167568a37409758659bc3ba443b452?s=96&d=mm&r=g\",\"caption\":\"admin\"},\"sameAs\":[\"https:\/\/tremdavale.org\"],\"url\":\"https:\/\/tremdavale.org\/pt\/author\/admin\/\"}]}<\/script>\n<!-- \/ Yoast SEO plugin. -->","yoast_head_json":{"title":"Desfile beneficente no Trem da Vale &#8212; Trem da Vale","robots":{"index":"index","follow":"follow","max-snippet":"max-snippet:-1","max-image-preview":"max-image-preview:large","max-video-preview":"max-video-preview:-1"},"canonical":"https:\/\/tremdavale.org\/pt\/trem-da-vale-apoia-desfile-beneficente\/","og_locale":"pt_PT","og_type":"article","og_title":"Desfile beneficente no Trem da Vale &#8212; Trem da Vale","og_description":"Desfile na Tenda Cultural &nbsp; No dia 30 de abril a Tenda Cultural da Esta\u00e7\u00e3o de Ouro Preto sediou o desfile de lan\u00e7amento da cole\u00e7\u00e3o Outono\/Inverno 2010, da loja Cervantes. O desfile foi promovido com intuito &nbsp;beneficente. Al\u00e9m do valor cobrado com a venda de ingressos, foram arrecadados livros diversos. &hellip;","og_url":"https:\/\/tremdavale.org\/pt\/trem-da-vale-apoia-desfile-beneficente\/","og_site_name":"Trem da Vale","article_published_time":"2011-09-11T21:28:00+00:00","article_modified_time":"2025-10-10T11:57:00+00:00","og_image":[{"width":300,"height":200,"url":"https:\/\/tremdavale.org\/wp-content\/uploads\/desfile-beneficente-cervantes-30-04-10-foto_mariana-marques-105-300x200.jpg","type":"image\/jpeg"}],"author":"admin","twitter_card":"summary_large_image","twitter_misc":{"Escrito por":"admin"},"schema":{"@context":"https:\/\/schema.org","@graph":[{"@type":"WebPage","@id":"https:\/\/tremdavale.org\/pt\/trem-da-vale-apoia-desfile-beneficente\/","url":"https:\/\/tremdavale.org\/pt\/trem-da-vale-apoia-desfile-beneficente\/","name":"Desfile beneficente no Trem da Vale &#8212; Trem da Vale","isPartOf":{"@id":"https:\/\/tremdavale.org\/pt\/#website"},"primaryImageOfPage":{"@id":"https:\/\/tremdavale.org\/pt\/trem-da-vale-apoia-desfile-beneficente\/#primaryimage"},"image":{"@id":"https:\/\/tremdavale.org\/pt\/trem-da-vale-apoia-desfile-beneficente\/#primaryimage"},"thumbnailUrl":"https:\/\/tremdavale.org\/wp-content\/uploads\/desfile-beneficente-cervantes-30-04-10-foto_mariana-marques-105-300x200.jpg","datePublished":"2011-09-11T21:28:00+00:00","dateModified":"2025-10-10T11:57:00+00:00","author":{"@id":"https:\/\/tremdavale.org\/pt\/#\/schema\/person\/50912137d47426d31329f246d02eaeca"},"breadcrumb":{"@id":"https:\/\/tremdavale.org\/pt\/trem-da-vale-apoia-desfile-beneficente\/#breadcrumb"},"inLanguage":"pt-PT","potentialAction":[{"@type":"ReadAction","target":["https:\/\/tremdavale.org\/pt\/trem-da-vale-apoia-desfile-beneficente\/"]}]},{"@type":"ImageObject","inLanguage":"pt-PT","@id":"https:\/\/tremdavale.org\/pt\/trem-da-vale-apoia-desfile-beneficente\/#primaryimage","url":"https:\/\/tremdavale.org\/wp-content\/uploads\/desfile-beneficente-cervantes-30-04-10-foto_mariana-marques-105-300x200.jpg","contentUrl":"https:\/\/tremdavale.org\/wp-content\/uploads\/desfile-beneficente-cervantes-30-04-10-foto_mariana-marques-105-300x200.jpg","width":300,"height":200},{"@type":"BreadcrumbList","@id":"https:\/\/tremdavale.org\/pt\/trem-da-vale-apoia-desfile-beneficente\/#breadcrumb","itemListElement":[{"@type":"ListItem","position":1,"name":"In\u00edcio","item":"https:\/\/tremdavale.org\/pt\/"},{"@type":"ListItem","position":2,"name":"Desfile beneficente no Trem da Vale"}]},{"@type":"WebSite","@id":"https:\/\/tremdavale.org\/pt\/#website","url":"https:\/\/tremdavale.org\/pt\/","name":"Trem da Vale","description":"Programa de Educa\u00e7\u00e3o Patrimonial","potentialAction":[{"@type":"SearchAction","target":{"@type":"EntryPoint","urlTemplate":"https:\/\/tremdavale.org\/pt\/?s={search_term_string}"},"query-input":{"@type":"PropertyValueSpecification","valueRequired":true,"valueName":"search_term_string"}}],"inLanguage":"pt-PT"},{"@type":"Person","@id":"https:\/\/tremdavale.org\/pt\/#\/schema\/person\/50912137d47426d31329f246d02eaeca","name":"admin","image":{"@type":"ImageObject","inLanguage":"pt-PT","@id":"https:\/\/tremdavale.org\/pt\/#\/schema\/person\/image\/","url":"https:\/\/secure.gravatar.com\/avatar\/b3564f0fda6ea47959fe96a4217203e79a167568a37409758659bc3ba443b452?s=96&d=mm&r=g","contentUrl":"https:\/\/secure.gravatar.com\/avatar\/b3564f0fda6ea47959fe96a4217203e79a167568a37409758659bc3ba443b452?s=96&d=mm&r=g","caption":"admin"},"sameAs":["https:\/\/tremdavale.org"],"url":"https:\/\/tremdavale.org\/pt\/author\/admin\/"}]}},"_links":{"self":[{"href":"https:\/\/tremdavale.org\/pt\/wp-json\/wp\/v2\/posts\/283","targetHints":{"allow":["GET"]}}],"collection":[{"href":"https:\/\/tremdavale.org\/pt\/wp-json\/wp\/v2\/posts"}],"about":[{"href":"https:\/\/tremdavale.org\/pt\/wp-json\/wp\/v2\/types\/post"}],"author":[{"embeddable":true,"href":"https:\/\/tremdavale.org\/pt\/wp-json\/wp\/v2\/users\/1"}],"replies":[{"embeddable":true,"href":"https:\/\/tremdavale.org\/pt\/wp-json\/wp\/v2\/comments?post=283"}],"version-history":[{"count":0,"href":"https:\/\/tremdavale.org\/pt\/wp-json\/wp\/v2\/posts\/283\/revisions"}],"wp:featuredmedia":[{"embeddable":true,"href":"https:\/\/tremdavale.org\/pt\/wp-json\/wp\/v2\/media\/529"}],"wp:attachment":[{"href":"https:\/\/tremdavale.org\/pt\/wp-json\/wp\/v2\/media?parent=283"}],"wp:term":[{"taxonomy":"category","embeddable":true,"href":"https:\/\/tremdavale.org\/pt\/wp-json\/wp\/v2\/categories?post=283"},{"taxonomy":"post_tag","embeddable":true,"href":"https:\/\/tremdavale.org\/pt\/wp-json\/wp\/v2\/tags?post=283"}],"curies":[{"name":"wp","href":"https:\/\/api.w.org\/{rel}","templated":true}]}}