{"id":284,"date":"2011-09-11T21:22:00","date_gmt":"2011-09-11T21:22:00","guid":{"rendered":"https:\/\/tremdavale.org\/?p=284"},"modified":"2025-10-10T11:57:00","modified_gmt":"2025-10-10T11:57:00","slug":"trem-da-vale-apresenta-a-exposicao-dia-de-fotografia","status":"publish","type":"post","link":"https:\/\/tremdavale.org\/pt\/trem-da-vale-apresenta-a-exposicao-dia-de-fotografia\/","title":{"rendered":"Exposi\u00e7\u00e3o \u201cDia de Fotografia\u201d no Trem da Vale"},"content":{"rendered":"<p><img loading=\"lazy\" decoding=\"async\" class=\"size-medium\" title=\"03-foto-marilene1\" src=\"\/wp-content\/uploads\/03-foto-marilene1-300x200.jpg\" alt=\"Maril\u00eane Marinho\" width=\"300\" height=\"200\"><\/p>\n<p>Fotografia tirada por Maril\u00eane Marinho<\/p>\n<p>&nbsp;<\/p>\n<p>No dia 19 de mar\u00e7o o Trem da Vale inaugura a Exposi\u00e7\u00e3o \u201cDia de Fotografia\u201d, que traz uma s\u00e9rie de fotos documentais sobre Ouro Preto e Mariana.<!--more--><\/p>\n<p>A Exposi\u00e7\u00e3o \u00e9 resultado da oficina fotogr\u00e1fica realizada em dezembro de 2009 como uma das a\u00e7\u00f5es do Vale Registrar, que contou com a participa\u00e7\u00e3o de nove alunos, todos integrantes da equipe do Programa de Educa\u00e7\u00e3o Patrimonial Trem da Vale.<\/p>\n<p>A oficina foi ministrada pelo fot\u00f3grafo Dimas Guedes, e teve como objetivo dar continuidade \u00e0 forma\u00e7\u00e3o dos participantes do 1\u00ba Curso de Fotografia Digital realizado pelo Vale Registrar em dezembro de 2008, visando manter o aprimoramento t\u00e9cnico dos registros fotogr\u00e1ficos produzidos para o Programa.<\/p>\n<p>Al\u00e9m de uma recapitula\u00e7\u00e3o te\u00f3rica sobre t\u00e9cnicas de fotografia, os alunos documentaram, por meio da pr\u00e1tica fotogr\u00e1fica, diversos aspectos das duas cidades. As fotos da exposi\u00e7\u00e3o, selecionadas pelos pr\u00f3prios autores, oferecem diferentes olhares sobre Ouro Preto e Mariana, marcados pela percep\u00e7\u00e3o individual de cada fot\u00f3grafo.<\/p>\n<p>As fotos ficam expostas na plataforma da Esta\u00e7\u00e3o de Ouro Preto entre os dias 19 e 25 de mar\u00e7o. A partir do dia 26, a exposi\u00e7\u00e3o ser\u00e1 levada para Mariana, permanecendo at\u00e9 o dia 31 de mar\u00e7o. N\u00e3o deixe de conferir os trabalhos!<\/p>\n<p>&nbsp;<\/p>\n","protected":false},"excerpt":{"rendered":"<p>Fotografia tirada por Maril\u00eane Marinho &nbsp; No dia 19 de mar\u00e7o o Trem da Vale inaugura a Exposi\u00e7\u00e3o \u201cDia de Fotografia\u201d, que traz uma s\u00e9rie de fotos documentais sobre Ouro Preto e Mariana.<\/p>\n","protected":false},"author":1,"featured_media":530,"comment_status":"open","ping_status":"closed","sticky":false,"template":"","format":"standard","meta":{"footnotes":""},"categories":[3],"tags":[],"class_list":["post-284","post","type-post","status-publish","format-standard","has-post-thumbnail","hentry","category-noticias"],"yoast_head":"<!-- This site is optimized with the Yoast SEO plugin v26.1.1 - https:\/\/yoast.com\/wordpress\/plugins\/seo\/ -->\n<title>Exposi\u00e7\u00e3o \u201cDia de Fotografia\u201d no Trem da Vale &#8212; Trem da Vale<\/title>\n<meta name=\"robots\" content=\"index, follow, max-snippet:-1, max-image-preview:large, max-video-preview:-1\" \/>\n<link rel=\"canonical\" href=\"https:\/\/tremdavale.org\/pt\/trem-da-vale-apresenta-a-exposicao-dia-de-fotografia\/\" \/>\n<meta property=\"og:locale\" content=\"pt_PT\" \/>\n<meta property=\"og:type\" content=\"article\" \/>\n<meta property=\"og:title\" content=\"Exposi\u00e7\u00e3o \u201cDia de Fotografia\u201d no Trem da Vale &#8212; Trem da Vale\" \/>\n<meta property=\"og:description\" content=\"Fotografia tirada por Maril\u00eane Marinho &nbsp; No dia 19 de mar\u00e7o o Trem da Vale inaugura a Exposi\u00e7\u00e3o \u201cDia de Fotografia\u201d, que traz uma s\u00e9rie de fotos documentais sobre Ouro Preto e Mariana.\" \/>\n<meta property=\"og:url\" content=\"https:\/\/tremdavale.org\/pt\/trem-da-vale-apresenta-a-exposicao-dia-de-fotografia\/\" \/>\n<meta property=\"og:site_name\" content=\"Trem da Vale\" \/>\n<meta property=\"article:published_time\" content=\"2011-09-11T21:22:00+00:00\" \/>\n<meta property=\"article:modified_time\" content=\"2025-10-10T11:57:00+00:00\" \/>\n<meta property=\"og:image\" content=\"https:\/\/tremdavale.org\/wp-content\/uploads\/03-foto-marilene1-300x200.jpg\" \/>\n\t<meta property=\"og:image:width\" content=\"300\" \/>\n\t<meta property=\"og:image:height\" content=\"200\" \/>\n\t<meta property=\"og:image:type\" content=\"image\/jpeg\" \/>\n<meta name=\"author\" content=\"admin\" \/>\n<meta name=\"twitter:card\" content=\"summary_large_image\" \/>\n<meta name=\"twitter:label1\" content=\"Escrito por\" \/>\n\t<meta name=\"twitter:data1\" content=\"admin\" \/>\n\t<meta name=\"twitter:label2\" content=\"Tempo estimado de leitura\" \/>\n\t<meta name=\"twitter:data2\" content=\"1 minuto\" \/>\n<script type=\"application\/ld+json\" class=\"yoast-schema-graph\">{\"@context\":\"https:\/\/schema.org\",\"@graph\":[{\"@type\":\"WebPage\",\"@id\":\"https:\/\/tremdavale.org\/pt\/trem-da-vale-apresenta-a-exposicao-dia-de-fotografia\/\",\"url\":\"https:\/\/tremdavale.org\/pt\/trem-da-vale-apresenta-a-exposicao-dia-de-fotografia\/\",\"name\":\"Exposi\u00e7\u00e3o \u201cDia de Fotografia\u201d no Trem da Vale &#8212; Trem da Vale\",\"isPartOf\":{\"@id\":\"https:\/\/tremdavale.org\/pt\/#website\"},\"primaryImageOfPage\":{\"@id\":\"https:\/\/tremdavale.org\/pt\/trem-da-vale-apresenta-a-exposicao-dia-de-fotografia\/#primaryimage\"},\"image\":{\"@id\":\"https:\/\/tremdavale.org\/pt\/trem-da-vale-apresenta-a-exposicao-dia-de-fotografia\/#primaryimage\"},\"thumbnailUrl\":\"https:\/\/tremdavale.org\/wp-content\/uploads\/03-foto-marilene1-300x200.jpg\",\"datePublished\":\"2011-09-11T21:22:00+00:00\",\"dateModified\":\"2025-10-10T11:57:00+00:00\",\"author\":{\"@id\":\"https:\/\/tremdavale.org\/pt\/#\/schema\/person\/50912137d47426d31329f246d02eaeca\"},\"breadcrumb\":{\"@id\":\"https:\/\/tremdavale.org\/pt\/trem-da-vale-apresenta-a-exposicao-dia-de-fotografia\/#breadcrumb\"},\"inLanguage\":\"pt-PT\",\"potentialAction\":[{\"@type\":\"ReadAction\",\"target\":[\"https:\/\/tremdavale.org\/pt\/trem-da-vale-apresenta-a-exposicao-dia-de-fotografia\/\"]}]},{\"@type\":\"ImageObject\",\"inLanguage\":\"pt-PT\",\"@id\":\"https:\/\/tremdavale.org\/pt\/trem-da-vale-apresenta-a-exposicao-dia-de-fotografia\/#primaryimage\",\"url\":\"https:\/\/tremdavale.org\/wp-content\/uploads\/03-foto-marilene1-300x200.jpg\",\"contentUrl\":\"https:\/\/tremdavale.org\/wp-content\/uploads\/03-foto-marilene1-300x200.jpg\",\"width\":300,\"height\":200},{\"@type\":\"BreadcrumbList\",\"@id\":\"https:\/\/tremdavale.org\/pt\/trem-da-vale-apresenta-a-exposicao-dia-de-fotografia\/#breadcrumb\",\"itemListElement\":[{\"@type\":\"ListItem\",\"position\":1,\"name\":\"In\u00edcio\",\"item\":\"https:\/\/tremdavale.org\/pt\/\"},{\"@type\":\"ListItem\",\"position\":2,\"name\":\"Exposi\u00e7\u00e3o \u201cDia de Fotografia\u201d no Trem da Vale\"}]},{\"@type\":\"WebSite\",\"@id\":\"https:\/\/tremdavale.org\/pt\/#website\",\"url\":\"https:\/\/tremdavale.org\/pt\/\",\"name\":\"Trem da Vale\",\"description\":\"Programa de Educa\u00e7\u00e3o Patrimonial\",\"potentialAction\":[{\"@type\":\"SearchAction\",\"target\":{\"@type\":\"EntryPoint\",\"urlTemplate\":\"https:\/\/tremdavale.org\/pt\/?s={search_term_string}\"},\"query-input\":{\"@type\":\"PropertyValueSpecification\",\"valueRequired\":true,\"valueName\":\"search_term_string\"}}],\"inLanguage\":\"pt-PT\"},{\"@type\":\"Person\",\"@id\":\"https:\/\/tremdavale.org\/pt\/#\/schema\/person\/50912137d47426d31329f246d02eaeca\",\"name\":\"admin\",\"image\":{\"@type\":\"ImageObject\",\"inLanguage\":\"pt-PT\",\"@id\":\"https:\/\/tremdavale.org\/pt\/#\/schema\/person\/image\/\",\"url\":\"https:\/\/secure.gravatar.com\/avatar\/b3564f0fda6ea47959fe96a4217203e79a167568a37409758659bc3ba443b452?s=96&d=mm&r=g\",\"contentUrl\":\"https:\/\/secure.gravatar.com\/avatar\/b3564f0fda6ea47959fe96a4217203e79a167568a37409758659bc3ba443b452?s=96&d=mm&r=g\",\"caption\":\"admin\"},\"sameAs\":[\"https:\/\/tremdavale.org\"],\"url\":\"https:\/\/tremdavale.org\/pt\/author\/admin\/\"}]}<\/script>\n<!-- \/ Yoast SEO plugin. -->","yoast_head_json":{"title":"Exposi\u00e7\u00e3o \u201cDia de Fotografia\u201d no Trem da Vale &#8212; Trem da Vale","robots":{"index":"index","follow":"follow","max-snippet":"max-snippet:-1","max-image-preview":"max-image-preview:large","max-video-preview":"max-video-preview:-1"},"canonical":"https:\/\/tremdavale.org\/pt\/trem-da-vale-apresenta-a-exposicao-dia-de-fotografia\/","og_locale":"pt_PT","og_type":"article","og_title":"Exposi\u00e7\u00e3o \u201cDia de Fotografia\u201d no Trem da Vale &#8212; Trem da Vale","og_description":"Fotografia tirada por Maril\u00eane Marinho &nbsp; No dia 19 de mar\u00e7o o Trem da Vale inaugura a Exposi\u00e7\u00e3o \u201cDia de Fotografia\u201d, que traz uma s\u00e9rie de fotos documentais sobre Ouro Preto e Mariana.","og_url":"https:\/\/tremdavale.org\/pt\/trem-da-vale-apresenta-a-exposicao-dia-de-fotografia\/","og_site_name":"Trem da Vale","article_published_time":"2011-09-11T21:22:00+00:00","article_modified_time":"2025-10-10T11:57:00+00:00","og_image":[{"width":300,"height":200,"url":"https:\/\/tremdavale.org\/wp-content\/uploads\/03-foto-marilene1-300x200.jpg","type":"image\/jpeg"}],"author":"admin","twitter_card":"summary_large_image","twitter_misc":{"Escrito por":"admin","Tempo estimado de leitura":"1 minuto"},"schema":{"@context":"https:\/\/schema.org","@graph":[{"@type":"WebPage","@id":"https:\/\/tremdavale.org\/pt\/trem-da-vale-apresenta-a-exposicao-dia-de-fotografia\/","url":"https:\/\/tremdavale.org\/pt\/trem-da-vale-apresenta-a-exposicao-dia-de-fotografia\/","name":"Exposi\u00e7\u00e3o \u201cDia de Fotografia\u201d no Trem da Vale &#8212; Trem da Vale","isPartOf":{"@id":"https:\/\/tremdavale.org\/pt\/#website"},"primaryImageOfPage":{"@id":"https:\/\/tremdavale.org\/pt\/trem-da-vale-apresenta-a-exposicao-dia-de-fotografia\/#primaryimage"},"image":{"@id":"https:\/\/tremdavale.org\/pt\/trem-da-vale-apresenta-a-exposicao-dia-de-fotografia\/#primaryimage"},"thumbnailUrl":"https:\/\/tremdavale.org\/wp-content\/uploads\/03-foto-marilene1-300x200.jpg","datePublished":"2011-09-11T21:22:00+00:00","dateModified":"2025-10-10T11:57:00+00:00","author":{"@id":"https:\/\/tremdavale.org\/pt\/#\/schema\/person\/50912137d47426d31329f246d02eaeca"},"breadcrumb":{"@id":"https:\/\/tremdavale.org\/pt\/trem-da-vale-apresenta-a-exposicao-dia-de-fotografia\/#breadcrumb"},"inLanguage":"pt-PT","potentialAction":[{"@type":"ReadAction","target":["https:\/\/tremdavale.org\/pt\/trem-da-vale-apresenta-a-exposicao-dia-de-fotografia\/"]}]},{"@type":"ImageObject","inLanguage":"pt-PT","@id":"https:\/\/tremdavale.org\/pt\/trem-da-vale-apresenta-a-exposicao-dia-de-fotografia\/#primaryimage","url":"https:\/\/tremdavale.org\/wp-content\/uploads\/03-foto-marilene1-300x200.jpg","contentUrl":"https:\/\/tremdavale.org\/wp-content\/uploads\/03-foto-marilene1-300x200.jpg","width":300,"height":200},{"@type":"BreadcrumbList","@id":"https:\/\/tremdavale.org\/pt\/trem-da-vale-apresenta-a-exposicao-dia-de-fotografia\/#breadcrumb","itemListElement":[{"@type":"ListItem","position":1,"name":"In\u00edcio","item":"https:\/\/tremdavale.org\/pt\/"},{"@type":"ListItem","position":2,"name":"Exposi\u00e7\u00e3o \u201cDia de Fotografia\u201d no Trem da Vale"}]},{"@type":"WebSite","@id":"https:\/\/tremdavale.org\/pt\/#website","url":"https:\/\/tremdavale.org\/pt\/","name":"Trem da Vale","description":"Programa de Educa\u00e7\u00e3o Patrimonial","potentialAction":[{"@type":"SearchAction","target":{"@type":"EntryPoint","urlTemplate":"https:\/\/tremdavale.org\/pt\/?s={search_term_string}"},"query-input":{"@type":"PropertyValueSpecification","valueRequired":true,"valueName":"search_term_string"}}],"inLanguage":"pt-PT"},{"@type":"Person","@id":"https:\/\/tremdavale.org\/pt\/#\/schema\/person\/50912137d47426d31329f246d02eaeca","name":"admin","image":{"@type":"ImageObject","inLanguage":"pt-PT","@id":"https:\/\/tremdavale.org\/pt\/#\/schema\/person\/image\/","url":"https:\/\/secure.gravatar.com\/avatar\/b3564f0fda6ea47959fe96a4217203e79a167568a37409758659bc3ba443b452?s=96&d=mm&r=g","contentUrl":"https:\/\/secure.gravatar.com\/avatar\/b3564f0fda6ea47959fe96a4217203e79a167568a37409758659bc3ba443b452?s=96&d=mm&r=g","caption":"admin"},"sameAs":["https:\/\/tremdavale.org"],"url":"https:\/\/tremdavale.org\/pt\/author\/admin\/"}]}},"_links":{"self":[{"href":"https:\/\/tremdavale.org\/pt\/wp-json\/wp\/v2\/posts\/284","targetHints":{"allow":["GET"]}}],"collection":[{"href":"https:\/\/tremdavale.org\/pt\/wp-json\/wp\/v2\/posts"}],"about":[{"href":"https:\/\/tremdavale.org\/pt\/wp-json\/wp\/v2\/types\/post"}],"author":[{"embeddable":true,"href":"https:\/\/tremdavale.org\/pt\/wp-json\/wp\/v2\/users\/1"}],"replies":[{"embeddable":true,"href":"https:\/\/tremdavale.org\/pt\/wp-json\/wp\/v2\/comments?post=284"}],"version-history":[{"count":0,"href":"https:\/\/tremdavale.org\/pt\/wp-json\/wp\/v2\/posts\/284\/revisions"}],"wp:featuredmedia":[{"embeddable":true,"href":"https:\/\/tremdavale.org\/pt\/wp-json\/wp\/v2\/media\/530"}],"wp:attachment":[{"href":"https:\/\/tremdavale.org\/pt\/wp-json\/wp\/v2\/media?parent=284"}],"wp:term":[{"taxonomy":"category","embeddable":true,"href":"https:\/\/tremdavale.org\/pt\/wp-json\/wp\/v2\/categories?post=284"},{"taxonomy":"post_tag","embeddable":true,"href":"https:\/\/tremdavale.org\/pt\/wp-json\/wp\/v2\/tags?post=284"}],"curies":[{"name":"wp","href":"https:\/\/api.w.org\/{rel}","templated":true}]}}