{"id":285,"date":"2011-09-13T04:38:00","date_gmt":"2011-09-13T04:38:00","guid":{"rendered":"https:\/\/tremdavale.org\/?p=285"},"modified":"2025-10-10T11:57:00","modified_gmt":"2025-10-10T11:57:00","slug":"trem-da-vale-apresenta-sarau-mulheres-na-poesia-brasileira","status":"publish","type":"post","link":"https:\/\/tremdavale.org\/pt\/trem-da-vale-apresenta-sarau-mulheres-na-poesia-brasileira\/","title":{"rendered":"Trem da Vale apresenta Sarau \u201cMulheres na Poesia Brasileira\u201d"},"content":{"rendered":"<p align=\"right\"><em><\/em><\/p>\n<p>&nbsp;<\/p>\n<p><img loading=\"lazy\" decoding=\"async\" class=\"size-full\" title=\"cora_coralina\" src=\"\/wp-content\/uploads\/cora_coralina.jpg\" alt=\"Escritora Cora Coralina\" width=\"200\" height=\"251\"><\/p>\n<p>Cora Coralina, escritora brasileira.<\/p>\n<p>&nbsp;<\/p>\n<p><em>\u201cEu sou aquela mulher que fez a escalada da montanha da vida, removendo pedras e plantando flores\u201d&nbsp;<span style=\"font-style: normal;\">Cora Coralina<!--more--><\/span><\/em><\/p>\n<p><em><\/em><\/p>\n<p>No m\u00eas de maio o Programa Trem da Vale homenageia escritoras brasileiras que trouxeram para a poesia e a literatura a sensibilidade do universo feminino.<\/p>\n<p>No dia 22 haver\u00e1 o Sarau \u201cMulheres na Poesia Brasileira\u201d, que re\u00fane contos, poemas e textos de mulheres que ganharam grande proje\u00e7\u00e3o atrav\u00e9s da literatura, como <em>Cec\u00edlia Meireles<\/em>, <em>Ad\u00e9lia Prado<\/em>, <em>Yeda Prates<\/em>, <em>La\u00eds Corr\u00eaa de Ara\u00fajo<\/em>, <em>Cora Coralina<\/em>, <em>Ana Cristina Cesar<\/em>, <em>Maria Esther Maciel<\/em>, Hilda <em>Hilst e Maria do Carmo Ferreira.<\/em><\/p>\n<p><em><\/em><\/p>\n<p>Ainda dentro do Tema \u201cMulheres na Poesia Brasileira, est\u00e1 aberta uma exposi\u00e7\u00e3o liter\u00e1ria em homenagem a essas grandes autoras, na Biblioteca Infanto-Juvenil da Esta\u00e7\u00e3o de Ouro Preto.<\/p>\n<p>Para aqueles que desejarem declamar durante o Sarau, a Biblioteca Infato-Juvenil preparou um <em>Card\u00e1pio Liter\u00e1rio<\/em> com sugest\u00f5es de textos e poesias de escritoras brasileiras, bem como trechos de m\u00fasicas de cantoras e compositoras consagradas. A atividade visa promover um espa\u00e7o de arte e cultura que estimule a leitura e a aprecia\u00e7\u00e3o musical.<\/p>\n<p>O Sarau acontecer\u00e1 na Tenda Cultural da Esta\u00e7\u00e3o de Ouro Preto, \u00e0s 17h. Todos s\u00e3o convidados a declamar, criar, recitar, cantar, ouvir, ler e interpretar poesias.<\/p>\n<p>&nbsp;<\/p>\n","protected":false},"excerpt":{"rendered":"<p>&nbsp; Cora Coralina, escritora brasileira. &nbsp; \u201cEu sou aquela mulher que fez a escalada da montanha da vida, removendo pedras e plantando flores\u201d&nbsp;Cora Coralina<\/p>\n","protected":false},"author":1,"featured_media":531,"comment_status":"open","ping_status":"closed","sticky":false,"template":"","format":"standard","meta":{"footnotes":""},"categories":[3],"tags":[],"class_list":["post-285","post","type-post","status-publish","format-standard","has-post-thumbnail","hentry","category-noticias"],"yoast_head":"<!-- This site is optimized with the Yoast SEO plugin v26.1.1 - https:\/\/yoast.com\/wordpress\/plugins\/seo\/ -->\n<title>Trem da Vale apresenta Sarau \u201cMulheres na Poesia Brasileira\u201d &#8212; Trem da Vale<\/title>\n<meta name=\"robots\" content=\"index, follow, max-snippet:-1, max-image-preview:large, max-video-preview:-1\" \/>\n<link rel=\"canonical\" href=\"https:\/\/tremdavale.org\/pt\/trem-da-vale-apresenta-sarau-mulheres-na-poesia-brasileira\/\" \/>\n<meta property=\"og:locale\" content=\"pt_PT\" \/>\n<meta property=\"og:type\" content=\"article\" \/>\n<meta property=\"og:title\" content=\"Trem da Vale apresenta Sarau \u201cMulheres na Poesia Brasileira\u201d &#8212; Trem da Vale\" \/>\n<meta property=\"og:description\" content=\"&nbsp; Cora Coralina, escritora brasileira. &nbsp; \u201cEu sou aquela mulher que fez a escalada da montanha da vida, removendo pedras e plantando flores\u201d&nbsp;Cora Coralina\" \/>\n<meta property=\"og:url\" content=\"https:\/\/tremdavale.org\/pt\/trem-da-vale-apresenta-sarau-mulheres-na-poesia-brasileira\/\" \/>\n<meta property=\"og:site_name\" content=\"Trem da Vale\" \/>\n<meta property=\"article:published_time\" content=\"2011-09-13T04:38:00+00:00\" \/>\n<meta property=\"article:modified_time\" content=\"2025-10-10T11:57:00+00:00\" \/>\n<meta property=\"og:image\" content=\"https:\/\/tremdavale.org\/wp-content\/uploads\/cora_coralina.jpg\" \/>\n\t<meta property=\"og:image:width\" content=\"200\" \/>\n\t<meta property=\"og:image:height\" content=\"251\" \/>\n\t<meta property=\"og:image:type\" content=\"image\/jpeg\" \/>\n<meta name=\"author\" content=\"admin\" \/>\n<meta name=\"twitter:card\" content=\"summary_large_image\" \/>\n<meta name=\"twitter:label1\" content=\"Escrito por\" \/>\n\t<meta name=\"twitter:data1\" content=\"admin\" \/>\n\t<meta name=\"twitter:label2\" content=\"Tempo estimado de leitura\" \/>\n\t<meta name=\"twitter:data2\" content=\"1 minuto\" \/>\n<script type=\"application\/ld+json\" class=\"yoast-schema-graph\">{\"@context\":\"https:\/\/schema.org\",\"@graph\":[{\"@type\":\"WebPage\",\"@id\":\"https:\/\/tremdavale.org\/pt\/trem-da-vale-apresenta-sarau-mulheres-na-poesia-brasileira\/\",\"url\":\"https:\/\/tremdavale.org\/pt\/trem-da-vale-apresenta-sarau-mulheres-na-poesia-brasileira\/\",\"name\":\"Trem da Vale apresenta Sarau \u201cMulheres na Poesia Brasileira\u201d &#8212; Trem da Vale\",\"isPartOf\":{\"@id\":\"https:\/\/tremdavale.org\/pt\/#website\"},\"primaryImageOfPage\":{\"@id\":\"https:\/\/tremdavale.org\/pt\/trem-da-vale-apresenta-sarau-mulheres-na-poesia-brasileira\/#primaryimage\"},\"image\":{\"@id\":\"https:\/\/tremdavale.org\/pt\/trem-da-vale-apresenta-sarau-mulheres-na-poesia-brasileira\/#primaryimage\"},\"thumbnailUrl\":\"https:\/\/tremdavale.org\/wp-content\/uploads\/cora_coralina.jpg\",\"datePublished\":\"2011-09-13T04:38:00+00:00\",\"dateModified\":\"2025-10-10T11:57:00+00:00\",\"author\":{\"@id\":\"https:\/\/tremdavale.org\/pt\/#\/schema\/person\/50912137d47426d31329f246d02eaeca\"},\"breadcrumb\":{\"@id\":\"https:\/\/tremdavale.org\/pt\/trem-da-vale-apresenta-sarau-mulheres-na-poesia-brasileira\/#breadcrumb\"},\"inLanguage\":\"pt-PT\",\"potentialAction\":[{\"@type\":\"ReadAction\",\"target\":[\"https:\/\/tremdavale.org\/pt\/trem-da-vale-apresenta-sarau-mulheres-na-poesia-brasileira\/\"]}]},{\"@type\":\"ImageObject\",\"inLanguage\":\"pt-PT\",\"@id\":\"https:\/\/tremdavale.org\/pt\/trem-da-vale-apresenta-sarau-mulheres-na-poesia-brasileira\/#primaryimage\",\"url\":\"https:\/\/tremdavale.org\/wp-content\/uploads\/cora_coralina.jpg\",\"contentUrl\":\"https:\/\/tremdavale.org\/wp-content\/uploads\/cora_coralina.jpg\",\"width\":200,\"height\":251},{\"@type\":\"BreadcrumbList\",\"@id\":\"https:\/\/tremdavale.org\/pt\/trem-da-vale-apresenta-sarau-mulheres-na-poesia-brasileira\/#breadcrumb\",\"itemListElement\":[{\"@type\":\"ListItem\",\"position\":1,\"name\":\"In\u00edcio\",\"item\":\"https:\/\/tremdavale.org\/pt\/\"},{\"@type\":\"ListItem\",\"position\":2,\"name\":\"Trem da Vale apresenta Sarau \u201cMulheres na Poesia Brasileira\u201d\"}]},{\"@type\":\"WebSite\",\"@id\":\"https:\/\/tremdavale.org\/pt\/#website\",\"url\":\"https:\/\/tremdavale.org\/pt\/\",\"name\":\"Trem da Vale\",\"description\":\"Programa de Educa\u00e7\u00e3o Patrimonial\",\"potentialAction\":[{\"@type\":\"SearchAction\",\"target\":{\"@type\":\"EntryPoint\",\"urlTemplate\":\"https:\/\/tremdavale.org\/pt\/?s={search_term_string}\"},\"query-input\":{\"@type\":\"PropertyValueSpecification\",\"valueRequired\":true,\"valueName\":\"search_term_string\"}}],\"inLanguage\":\"pt-PT\"},{\"@type\":\"Person\",\"@id\":\"https:\/\/tremdavale.org\/pt\/#\/schema\/person\/50912137d47426d31329f246d02eaeca\",\"name\":\"admin\",\"image\":{\"@type\":\"ImageObject\",\"inLanguage\":\"pt-PT\",\"@id\":\"https:\/\/tremdavale.org\/pt\/#\/schema\/person\/image\/\",\"url\":\"https:\/\/secure.gravatar.com\/avatar\/b3564f0fda6ea47959fe96a4217203e79a167568a37409758659bc3ba443b452?s=96&d=mm&r=g\",\"contentUrl\":\"https:\/\/secure.gravatar.com\/avatar\/b3564f0fda6ea47959fe96a4217203e79a167568a37409758659bc3ba443b452?s=96&d=mm&r=g\",\"caption\":\"admin\"},\"sameAs\":[\"https:\/\/tremdavale.org\"],\"url\":\"https:\/\/tremdavale.org\/pt\/author\/admin\/\"}]}<\/script>\n<!-- \/ Yoast SEO plugin. -->","yoast_head_json":{"title":"Trem da Vale apresenta Sarau \u201cMulheres na Poesia Brasileira\u201d &#8212; Trem da Vale","robots":{"index":"index","follow":"follow","max-snippet":"max-snippet:-1","max-image-preview":"max-image-preview:large","max-video-preview":"max-video-preview:-1"},"canonical":"https:\/\/tremdavale.org\/pt\/trem-da-vale-apresenta-sarau-mulheres-na-poesia-brasileira\/","og_locale":"pt_PT","og_type":"article","og_title":"Trem da Vale apresenta Sarau \u201cMulheres na Poesia Brasileira\u201d &#8212; Trem da Vale","og_description":"&nbsp; Cora Coralina, escritora brasileira. &nbsp; \u201cEu sou aquela mulher que fez a escalada da montanha da vida, removendo pedras e plantando flores\u201d&nbsp;Cora Coralina","og_url":"https:\/\/tremdavale.org\/pt\/trem-da-vale-apresenta-sarau-mulheres-na-poesia-brasileira\/","og_site_name":"Trem da Vale","article_published_time":"2011-09-13T04:38:00+00:00","article_modified_time":"2025-10-10T11:57:00+00:00","og_image":[{"width":200,"height":251,"url":"https:\/\/tremdavale.org\/wp-content\/uploads\/cora_coralina.jpg","type":"image\/jpeg"}],"author":"admin","twitter_card":"summary_large_image","twitter_misc":{"Escrito por":"admin","Tempo estimado de leitura":"1 minuto"},"schema":{"@context":"https:\/\/schema.org","@graph":[{"@type":"WebPage","@id":"https:\/\/tremdavale.org\/pt\/trem-da-vale-apresenta-sarau-mulheres-na-poesia-brasileira\/","url":"https:\/\/tremdavale.org\/pt\/trem-da-vale-apresenta-sarau-mulheres-na-poesia-brasileira\/","name":"Trem da Vale apresenta Sarau \u201cMulheres na Poesia Brasileira\u201d &#8212; Trem da Vale","isPartOf":{"@id":"https:\/\/tremdavale.org\/pt\/#website"},"primaryImageOfPage":{"@id":"https:\/\/tremdavale.org\/pt\/trem-da-vale-apresenta-sarau-mulheres-na-poesia-brasileira\/#primaryimage"},"image":{"@id":"https:\/\/tremdavale.org\/pt\/trem-da-vale-apresenta-sarau-mulheres-na-poesia-brasileira\/#primaryimage"},"thumbnailUrl":"https:\/\/tremdavale.org\/wp-content\/uploads\/cora_coralina.jpg","datePublished":"2011-09-13T04:38:00+00:00","dateModified":"2025-10-10T11:57:00+00:00","author":{"@id":"https:\/\/tremdavale.org\/pt\/#\/schema\/person\/50912137d47426d31329f246d02eaeca"},"breadcrumb":{"@id":"https:\/\/tremdavale.org\/pt\/trem-da-vale-apresenta-sarau-mulheres-na-poesia-brasileira\/#breadcrumb"},"inLanguage":"pt-PT","potentialAction":[{"@type":"ReadAction","target":["https:\/\/tremdavale.org\/pt\/trem-da-vale-apresenta-sarau-mulheres-na-poesia-brasileira\/"]}]},{"@type":"ImageObject","inLanguage":"pt-PT","@id":"https:\/\/tremdavale.org\/pt\/trem-da-vale-apresenta-sarau-mulheres-na-poesia-brasileira\/#primaryimage","url":"https:\/\/tremdavale.org\/wp-content\/uploads\/cora_coralina.jpg","contentUrl":"https:\/\/tremdavale.org\/wp-content\/uploads\/cora_coralina.jpg","width":200,"height":251},{"@type":"BreadcrumbList","@id":"https:\/\/tremdavale.org\/pt\/trem-da-vale-apresenta-sarau-mulheres-na-poesia-brasileira\/#breadcrumb","itemListElement":[{"@type":"ListItem","position":1,"name":"In\u00edcio","item":"https:\/\/tremdavale.org\/pt\/"},{"@type":"ListItem","position":2,"name":"Trem da Vale apresenta Sarau \u201cMulheres na Poesia Brasileira\u201d"}]},{"@type":"WebSite","@id":"https:\/\/tremdavale.org\/pt\/#website","url":"https:\/\/tremdavale.org\/pt\/","name":"Trem da Vale","description":"Programa de Educa\u00e7\u00e3o Patrimonial","potentialAction":[{"@type":"SearchAction","target":{"@type":"EntryPoint","urlTemplate":"https:\/\/tremdavale.org\/pt\/?s={search_term_string}"},"query-input":{"@type":"PropertyValueSpecification","valueRequired":true,"valueName":"search_term_string"}}],"inLanguage":"pt-PT"},{"@type":"Person","@id":"https:\/\/tremdavale.org\/pt\/#\/schema\/person\/50912137d47426d31329f246d02eaeca","name":"admin","image":{"@type":"ImageObject","inLanguage":"pt-PT","@id":"https:\/\/tremdavale.org\/pt\/#\/schema\/person\/image\/","url":"https:\/\/secure.gravatar.com\/avatar\/b3564f0fda6ea47959fe96a4217203e79a167568a37409758659bc3ba443b452?s=96&d=mm&r=g","contentUrl":"https:\/\/secure.gravatar.com\/avatar\/b3564f0fda6ea47959fe96a4217203e79a167568a37409758659bc3ba443b452?s=96&d=mm&r=g","caption":"admin"},"sameAs":["https:\/\/tremdavale.org"],"url":"https:\/\/tremdavale.org\/pt\/author\/admin\/"}]}},"_links":{"self":[{"href":"https:\/\/tremdavale.org\/pt\/wp-json\/wp\/v2\/posts\/285","targetHints":{"allow":["GET"]}}],"collection":[{"href":"https:\/\/tremdavale.org\/pt\/wp-json\/wp\/v2\/posts"}],"about":[{"href":"https:\/\/tremdavale.org\/pt\/wp-json\/wp\/v2\/types\/post"}],"author":[{"embeddable":true,"href":"https:\/\/tremdavale.org\/pt\/wp-json\/wp\/v2\/users\/1"}],"replies":[{"embeddable":true,"href":"https:\/\/tremdavale.org\/pt\/wp-json\/wp\/v2\/comments?post=285"}],"version-history":[{"count":0,"href":"https:\/\/tremdavale.org\/pt\/wp-json\/wp\/v2\/posts\/285\/revisions"}],"wp:featuredmedia":[{"embeddable":true,"href":"https:\/\/tremdavale.org\/pt\/wp-json\/wp\/v2\/media\/531"}],"wp:attachment":[{"href":"https:\/\/tremdavale.org\/pt\/wp-json\/wp\/v2\/media?parent=285"}],"wp:term":[{"taxonomy":"category","embeddable":true,"href":"https:\/\/tremdavale.org\/pt\/wp-json\/wp\/v2\/categories?post=285"},{"taxonomy":"post_tag","embeddable":true,"href":"https:\/\/tremdavale.org\/pt\/wp-json\/wp\/v2\/tags?post=285"}],"curies":[{"name":"wp","href":"https:\/\/api.w.org\/{rel}","templated":true}]}}